{"id":525277,"date":"2021-01-06T19:15:28","date_gmt":"2021-01-06T22:15:28","guid":{"rendered":"https:\/\/bahiaeconomica.com.br\/wp\/beta\/?p=525277"},"modified":"2021-01-06T18:45:27","modified_gmt":"2021-01-06T21:45:27","slug":"fiocruz-deve-pedir-uso-emergencial-da-vacina-de-oxford-ate-sexta","status":"publish","type":"post","link":"https:\/\/bahiaeconomica.com.br\/wp\/2021\/01\/06\/fiocruz-deve-pedir-uso-emergencial-da-vacina-de-oxford-ate-sexta\/","title":{"rendered":"FIOCRUZ DEVE PEDIR USO EMERGENCIAL DA VACINA DE OXFORD AT\u00c9 SEXTA"},"content":{"rendered":"<p>O governador do Piau\u00ed e coordenador do tema da vacina no F\u00f3rum dos Governadores, Wellington Dias (PT), afirmou que a Funda\u00e7\u00e3o<!--more--> Oswaldo Cruz (Fiocruz) far\u00e1 o pedido de uso emergencial da vacina de Oxford contra a covid-19 \u00e0 Ag\u00eancia Nacional de Vigil\u00e2ncia Sanit\u00e1ria (Anvisa) at\u00e9 a pr\u00f3xima sexta-feira (8). O imunizante \u00e9 desenvolvido pela AstraZeneca em parceria com a Universidade de Oxford.<\/p>\n<p>Como o prazo da Anvisa para avaliar uso emergencial de vacinas \u00e9 de at\u00e9 dez dias, a expectativa \u00e9 que a autoriza\u00e7\u00e3o para esse tipo de aplica\u00e7\u00e3o pela Fiocruz saia at\u00e9 18 de janeiro. Entre tr\u00eas possibilidades de datas do Minist\u00e9rio da Sa\u00fade para iniciar a imuniza\u00e7\u00e3o nacional contra o novo coronav\u00edrus, a mais otimista veria a partida dada em 20 de janeiro.<\/p>\n<p>Em reuni\u00e3o de Dias, que tamb\u00e9m ocupa a presid\u00eancia do Cons\u00f3rcio do Nordeste, com representantes da Fiocruz e da AstraZeneca nesta quarta-feira (6), o piauiense ouviu a confirma\u00e7\u00e3o de que a biofarmac\u00eautica entregar\u00e1, ainda em janeiro, 2 milh\u00f5es de doses prontas da vacina fabricadas na \u00cdndia. Al\u00e9m delas, o petista relatou que o laborat\u00f3rio brasileiro receber\u00e1, j\u00e1 a partir de janeiro, o princ\u00edpio ativo do imunizante para produzi-lo em sua f\u00e1brica no Rio de Janeiro (RJ).<\/p>\n","protected":false},"excerpt":{"rendered":"<p>O governador do Piau\u00ed e coordenador do tema da vacina no F\u00f3rum dos Governadores, Wellington Dias (PT), afirmou que a Funda\u00e7\u00e3o<\/p>\n","protected":false},"author":1,"featured_media":498407,"comment_status":"closed","ping_status":"closed","sticky":false,"template":"","format":"standard","meta":[],"categories":[14,3],"tags":[],"acf":[],"yoast_head":"<!-- This site is optimized with the Yoast SEO plugin v20.8 - https:\/\/yoast.com\/wordpress\/plugins\/seo\/ -->\n<title>FIOCRUZ DEVE PEDIR USO EMERGENCIAL DA VACINA DE OXFORD AT\u00c9 SEXTA - Bahia Economica<\/title>\n<meta name=\"description\" content=\"O maior portal de Economia da Bahia DESTAQUE DO DIA, ECONOMIA \/ POL\u00cdTICA Bahia Economica\" \/>\n<meta name=\"robots\" content=\"index, follow, max-snippet:-1, max-image-preview:large, max-video-preview:-1\" \/>\n<link rel=\"canonical\" href=\"https:\/\/bahiaeconomica.com.br\/wp\/2021\/01\/06\/fiocruz-deve-pedir-uso-emergencial-da-vacina-de-oxford-ate-sexta\/\" \/>\n<meta property=\"og:locale\" content=\"pt_BR\" \/>\n<meta property=\"og:type\" content=\"article\" \/>\n<meta property=\"og:title\" content=\"FIOCRUZ DEVE PEDIR USO EMERGENCIAL DA VACINA DE OXFORD AT\u00c9 SEXTA - Bahia Economica\" \/>\n<meta property=\"og:description\" content=\"O maior portal de Economia da Bahia DESTAQUE DO DIA, ECONOMIA \/ POL\u00cdTICA Bahia Economica\" \/>\n<meta property=\"og:url\" content=\"https:\/\/bahiaeconomica.com.br\/wp\/2021\/01\/06\/fiocruz-deve-pedir-uso-emergencial-da-vacina-de-oxford-ate-sexta\/\" \/>\n<meta property=\"og:site_name\" content=\"Bahia Economica\" \/>\n<meta property=\"article:publisher\" content=\"https:\/\/www.facebook.com\/bahiaeconomica\" \/>\n<meta property=\"article:published_time\" content=\"2021-01-06T22:15:28+00:00\" \/>\n<meta property=\"article:modified_time\" content=\"2021-01-06T21:45:27+00:00\" \/>\n<meta property=\"og:image\" content=\"https:\/\/bahiaeconomica.com.br\/wp\/wp-content\/uploads\/2020\/10\/30_09_2020_Vacinacao-nas-estacoes_Fot-Bruno-Concha_Secom_Pms-2-500.jpg\" \/>\n\t<meta property=\"og:image:width\" content=\"500\" \/>\n\t<meta property=\"og:image:height\" content=\"300\" \/>\n\t<meta property=\"og:image:type\" content=\"image\/jpeg\" \/>\n<meta name=\"author\" content=\"admin\" \/>\n<meta name=\"twitter:card\" content=\"summary_large_image\" \/>\n<meta name=\"twitter:label1\" content=\"Escrito por\" \/>\n\t<meta name=\"twitter:data1\" content=\"admin\" \/>\n\t<meta name=\"twitter:label2\" content=\"Est. tempo de leitura\" \/>\n\t<meta name=\"twitter:data2\" content=\"1 minuto\" \/>\n<script type=\"application\/ld+json\" class=\"yoast-schema-graph\">{\"@context\":\"https:\/\/schema.org\",\"@graph\":[{\"@type\":\"Article\",\"@id\":\"https:\/\/bahiaeconomica.com.br\/wp\/2021\/01\/06\/fiocruz-deve-pedir-uso-emergencial-da-vacina-de-oxford-ate-sexta\/#article\",\"isPartOf\":{\"@id\":\"https:\/\/bahiaeconomica.com.br\/wp\/2021\/01\/06\/fiocruz-deve-pedir-uso-emergencial-da-vacina-de-oxford-ate-sexta\/\"},\"author\":{\"name\":\"admin\",\"@id\":\"https:\/\/bahiaeconomica.com.br\/wp\/#\/schema\/person\/cb1ab5ba96ad3d9390805381c76284ec\"},\"headline\":\"FIOCRUZ DEVE PEDIR USO EMERGENCIAL DA VACINA DE OXFORD AT\u00c9 SEXTA\",\"datePublished\":\"2021-01-06T22:15:28+00:00\",\"dateModified\":\"2021-01-06T21:45:27+00:00\",\"mainEntityOfPage\":{\"@id\":\"https:\/\/bahiaeconomica.com.br\/wp\/2021\/01\/06\/fiocruz-deve-pedir-uso-emergencial-da-vacina-de-oxford-ate-sexta\/\"},\"wordCount\":227,\"publisher\":{\"@id\":\"https:\/\/bahiaeconomica.com.br\/wp\/#organization\"},\"articleSection\":[\"DESTAQUE DO DIA\",\"ECONOMIA \/ POL\u00cdTICA\"],\"inLanguage\":\"pt-BR\"},{\"@type\":\"WebPage\",\"@id\":\"https:\/\/bahiaeconomica.com.br\/wp\/2021\/01\/06\/fiocruz-deve-pedir-uso-emergencial-da-vacina-de-oxford-ate-sexta\/\",\"url\":\"https:\/\/bahiaeconomica.com.br\/wp\/2021\/01\/06\/fiocruz-deve-pedir-uso-emergencial-da-vacina-de-oxford-ate-sexta\/\",\"name\":\"FIOCRUZ DEVE PEDIR USO EMERGENCIAL DA VACINA DE OXFORD AT\u00c9 SEXTA - Bahia Economica\",\"isPartOf\":{\"@id\":\"https:\/\/bahiaeconomica.com.br\/wp\/#website\"},\"datePublished\":\"2021-01-06T22:15:28+00:00\",\"dateModified\":\"2021-01-06T21:45:27+00:00\",\"description\":\"O maior portal de Economia da Bahia DESTAQUE DO DIA, ECONOMIA \/ POL\u00cdTICA Bahia Economica\",\"breadcrumb\":{\"@id\":\"https:\/\/bahiaeconomica.com.br\/wp\/2021\/01\/06\/fiocruz-deve-pedir-uso-emergencial-da-vacina-de-oxford-ate-sexta\/#breadcrumb\"},\"inLanguage\":\"pt-BR\",\"potentialAction\":[{\"@type\":\"ReadAction\",\"target\":[\"https:\/\/bahiaeconomica.com.br\/wp\/2021\/01\/06\/fiocruz-deve-pedir-uso-emergencial-da-vacina-de-oxford-ate-sexta\/\"]}]},{\"@type\":\"BreadcrumbList\",\"@id\":\"https:\/\/bahiaeconomica.com.br\/wp\/2021\/01\/06\/fiocruz-deve-pedir-uso-emergencial-da-vacina-de-oxford-ate-sexta\/#breadcrumb\",\"itemListElement\":[{\"@type\":\"ListItem\",\"position\":1,\"name\":\"In\u00edcio\",\"item\":\"https:\/\/bahiaeconomica.com.br\/wp\/\"},{\"@type\":\"ListItem\",\"position\":2,\"name\":\"FIOCRUZ DEVE PEDIR USO EMERGENCIAL DA VACINA DE OXFORD AT\u00c9 SEXTA\"}]},{\"@type\":\"WebSite\",\"@id\":\"https:\/\/bahiaeconomica.com.br\/wp\/#website\",\"url\":\"https:\/\/bahiaeconomica.com.br\/wp\/\",\"name\":\"Bahia Economica\",\"description\":\"O maior portal de Economia da Bahia\",\"publisher\":{\"@id\":\"https:\/\/bahiaeconomica.com.br\/wp\/#organization\"},\"potentialAction\":[{\"@type\":\"SearchAction\",\"target\":{\"@type\":\"EntryPoint\",\"urlTemplate\":\"https:\/\/bahiaeconomica.com.br\/wp\/?s={search_term_string}\"},\"query-input\":\"required name=search_term_string\"}],\"inLanguage\":\"pt-BR\"},{\"@type\":\"Organization\",\"@id\":\"https:\/\/bahiaeconomica.com.br\/wp\/#organization\",\"name\":\"Bahia Econ\u00f4mica\",\"url\":\"https:\/\/bahiaeconomica.com.br\/wp\/\",\"logo\":{\"@type\":\"ImageObject\",\"inLanguage\":\"pt-BR\",\"@id\":\"https:\/\/bahiaeconomica.com.br\/wp\/#\/schema\/logo\/image\/\",\"url\":\"https:\/\/bahiaeconomica.com.br\/wp\/wp-content\/uploads\/2020\/12\/cropped-BE.png\",\"contentUrl\":\"https:\/\/bahiaeconomica.com.br\/wp\/wp-content\/uploads\/2020\/12\/cropped-BE.png\",\"width\":512,\"height\":512,\"caption\":\"Bahia Econ\u00f4mica\"},\"image\":{\"@id\":\"https:\/\/bahiaeconomica.com.br\/wp\/#\/schema\/logo\/image\/\"},\"sameAs\":[\"https:\/\/www.facebook.com\/bahiaeconomica\"]},{\"@type\":\"Person\",\"@id\":\"https:\/\/bahiaeconomica.com.br\/wp\/#\/schema\/person\/cb1ab5ba96ad3d9390805381c76284ec\",\"name\":\"admin\",\"url\":\"https:\/\/bahiaeconomica.com.br\/wp\/author\/admin\/\"}]}<\/script>\n<!-- \/ Yoast SEO plugin. -->","yoast_head_json":{"title":"FIOCRUZ DEVE PEDIR USO EMERGENCIAL DA VACINA DE OXFORD AT\u00c9 SEXTA - Bahia Economica","description":"O maior portal de Economia da Bahia DESTAQUE DO DIA, ECONOMIA \/ POL\u00cdTICA Bahia Economica","robots":{"index":"index","follow":"follow","max-snippet":"max-snippet:-1","max-image-preview":"max-image-preview:large","max-video-preview":"max-video-preview:-1"},"canonical":"https:\/\/bahiaeconomica.com.br\/wp\/2021\/01\/06\/fiocruz-deve-pedir-uso-emergencial-da-vacina-de-oxford-ate-sexta\/","og_locale":"pt_BR","og_type":"article","og_title":"FIOCRUZ DEVE PEDIR USO EMERGENCIAL DA VACINA DE OXFORD AT\u00c9 SEXTA - Bahia Economica","og_description":"O maior portal de Economia da Bahia DESTAQUE DO DIA, ECONOMIA \/ POL\u00cdTICA Bahia Economica","og_url":"https:\/\/bahiaeconomica.com.br\/wp\/2021\/01\/06\/fiocruz-deve-pedir-uso-emergencial-da-vacina-de-oxford-ate-sexta\/","og_site_name":"Bahia Economica","article_publisher":"https:\/\/www.facebook.com\/bahiaeconomica","article_published_time":"2021-01-06T22:15:28+00:00","article_modified_time":"2021-01-06T21:45:27+00:00","og_image":[{"width":500,"height":300,"url":"https:\/\/bahiaeconomica.com.br\/wp\/wp-content\/uploads\/2020\/10\/30_09_2020_Vacinacao-nas-estacoes_Fot-Bruno-Concha_Secom_Pms-2-500.jpg","type":"image\/jpeg"}],"author":"admin","twitter_card":"summary_large_image","twitter_misc":{"Escrito por":"admin","Est. tempo de leitura":"1 minuto"},"schema":{"@context":"https:\/\/schema.org","@graph":[{"@type":"Article","@id":"https:\/\/bahiaeconomica.com.br\/wp\/2021\/01\/06\/fiocruz-deve-pedir-uso-emergencial-da-vacina-de-oxford-ate-sexta\/#article","isPartOf":{"@id":"https:\/\/bahiaeconomica.com.br\/wp\/2021\/01\/06\/fiocruz-deve-pedir-uso-emergencial-da-vacina-de-oxford-ate-sexta\/"},"author":{"name":"admin","@id":"https:\/\/bahiaeconomica.com.br\/wp\/#\/schema\/person\/cb1ab5ba96ad3d9390805381c76284ec"},"headline":"FIOCRUZ DEVE PEDIR USO EMERGENCIAL DA VACINA DE OXFORD AT\u00c9 SEXTA","datePublished":"2021-01-06T22:15:28+00:00","dateModified":"2021-01-06T21:45:27+00:00","mainEntityOfPage":{"@id":"https:\/\/bahiaeconomica.com.br\/wp\/2021\/01\/06\/fiocruz-deve-pedir-uso-emergencial-da-vacina-de-oxford-ate-sexta\/"},"wordCount":227,"publisher":{"@id":"https:\/\/bahiaeconomica.com.br\/wp\/#organization"},"articleSection":["DESTAQUE DO DIA","ECONOMIA \/ POL\u00cdTICA"],"inLanguage":"pt-BR"},{"@type":"WebPage","@id":"https:\/\/bahiaeconomica.com.br\/wp\/2021\/01\/06\/fiocruz-deve-pedir-uso-emergencial-da-vacina-de-oxford-ate-sexta\/","url":"https:\/\/bahiaeconomica.com.br\/wp\/2021\/01\/06\/fiocruz-deve-pedir-uso-emergencial-da-vacina-de-oxford-ate-sexta\/","name":"FIOCRUZ DEVE PEDIR USO EMERGENCIAL DA VACINA DE OXFORD AT\u00c9 SEXTA - Bahia Economica","isPartOf":{"@id":"https:\/\/bahiaeconomica.com.br\/wp\/#website"},"datePublished":"2021-01-06T22:15:28+00:00","dateModified":"2021-01-06T21:45:27+00:00","description":"O maior portal de Economia da Bahia DESTAQUE DO DIA, ECONOMIA \/ POL\u00cdTICA Bahia Economica","breadcrumb":{"@id":"https:\/\/bahiaeconomica.com.br\/wp\/2021\/01\/06\/fiocruz-deve-pedir-uso-emergencial-da-vacina-de-oxford-ate-sexta\/#breadcrumb"},"inLanguage":"pt-BR","potentialAction":[{"@type":"ReadAction","target":["https:\/\/bahiaeconomica.com.br\/wp\/2021\/01\/06\/fiocruz-deve-pedir-uso-emergencial-da-vacina-de-oxford-ate-sexta\/"]}]},{"@type":"BreadcrumbList","@id":"https:\/\/bahiaeconomica.com.br\/wp\/2021\/01\/06\/fiocruz-deve-pedir-uso-emergencial-da-vacina-de-oxford-ate-sexta\/#breadcrumb","itemListElement":[{"@type":"ListItem","position":1,"name":"In\u00edcio","item":"https:\/\/bahiaeconomica.com.br\/wp\/"},{"@type":"ListItem","position":2,"name":"FIOCRUZ DEVE PEDIR USO EMERGENCIAL DA VACINA DE OXFORD AT\u00c9 SEXTA"}]},{"@type":"WebSite","@id":"https:\/\/bahiaeconomica.com.br\/wp\/#website","url":"https:\/\/bahiaeconomica.com.br\/wp\/","name":"Bahia Economica","description":"O maior portal de Economia da Bahia","publisher":{"@id":"https:\/\/bahiaeconomica.com.br\/wp\/#organization"},"potentialAction":[{"@type":"SearchAction","target":{"@type":"EntryPoint","urlTemplate":"https:\/\/bahiaeconomica.com.br\/wp\/?s={search_term_string}"},"query-input":"required name=search_term_string"}],"inLanguage":"pt-BR"},{"@type":"Organization","@id":"https:\/\/bahiaeconomica.com.br\/wp\/#organization","name":"Bahia Econ\u00f4mica","url":"https:\/\/bahiaeconomica.com.br\/wp\/","logo":{"@type":"ImageObject","inLanguage":"pt-BR","@id":"https:\/\/bahiaeconomica.com.br\/wp\/#\/schema\/logo\/image\/","url":"https:\/\/bahiaeconomica.com.br\/wp\/wp-content\/uploads\/2020\/12\/cropped-BE.png","contentUrl":"https:\/\/bahiaeconomica.com.br\/wp\/wp-content\/uploads\/2020\/12\/cropped-BE.png","width":512,"height":512,"caption":"Bahia Econ\u00f4mica"},"image":{"@id":"https:\/\/bahiaeconomica.com.br\/wp\/#\/schema\/logo\/image\/"},"sameAs":["https:\/\/www.facebook.com\/bahiaeconomica"]},{"@type":"Person","@id":"https:\/\/bahiaeconomica.com.br\/wp\/#\/schema\/person\/cb1ab5ba96ad3d9390805381c76284ec","name":"admin","url":"https:\/\/bahiaeconomica.com.br\/wp\/author\/admin\/"}]}},"views":6,"_links":{"self":[{"href":"https:\/\/bahiaeconomica.com.br\/wp\/wp-json\/wp\/v2\/posts\/525277"}],"collection":[{"href":"https:\/\/bahiaeconomica.com.br\/wp\/wp-json\/wp\/v2\/posts"}],"about":[{"href":"https:\/\/bahiaeconomica.com.br\/wp\/wp-json\/wp\/v2\/types\/post"}],"author":[{"embeddable":true,"href":"https:\/\/bahiaeconomica.com.br\/wp\/wp-json\/wp\/v2\/users\/1"}],"replies":[{"embeddable":true,"href":"https:\/\/bahiaeconomica.com.br\/wp\/wp-json\/wp\/v2\/comments?post=525277"}],"version-history":[{"count":1,"href":"https:\/\/bahiaeconomica.com.br\/wp\/wp-json\/wp\/v2\/posts\/525277\/revisions"}],"predecessor-version":[{"id":525279,"href":"https:\/\/bahiaeconomica.com.br\/wp\/wp-json\/wp\/v2\/posts\/525277\/revisions\/525279"}],"wp:featuredmedia":[{"embeddable":true,"href":"https:\/\/bahiaeconomica.com.br\/wp\/wp-json\/wp\/v2\/media\/498407"}],"wp:attachment":[{"href":"https:\/\/bahiaeconomica.com.br\/wp\/wp-json\/wp\/v2\/media?parent=525277"}],"wp:term":[{"taxonomy":"category","embeddable":true,"href":"https:\/\/bahiaeconomica.com.br\/wp\/wp-json\/wp\/v2\/categories?post=525277"},{"taxonomy":"post_tag","embeddable":true,"href":"https:\/\/bahiaeconomica.com.br\/wp\/wp-json\/wp\/v2\/tags?post=525277"}],"curies":[{"name":"wp","href":"https:\/\/api.w.org\/{rel}","templated":true}]}}