{"id":523602,"date":"2020-12-30T15:54:22","date_gmt":"2020-12-30T18:54:22","guid":{"rendered":"https:\/\/bahiaeconomica.com.br\/wp\/beta\/?p=523602"},"modified":"2020-12-30T15:54:22","modified_gmt":"2020-12-30T18:54:22","slug":"fiscalizacao-da-prefeitura-sera-intensificada-durante-o-reveillon-para-coibir-aglomeracoes","status":"publish","type":"post","link":"https:\/\/bahiaeconomica.com.br\/wp\/2020\/12\/30\/fiscalizacao-da-prefeitura-sera-intensificada-durante-o-reveillon-para-coibir-aglomeracoes\/","title":{"rendered":"FISCALIZA\u00c7\u00c3O DA PREFEITURA SER\u00c1 INTENSIFICADA DURANTE O R\u00c9VEILLON PARA COIBIR AGLOMERA\u00c7\u00d5ES"},"content":{"rendered":"<p>Para evitar a propaga\u00e7\u00e3o da Covid-19 em Salvador durante as comemora\u00e7\u00f5es de R\u00e9veillon ser\u00e1 organizada pela prefeitura uma opera\u00e7\u00e3o especial<!--more--> em diversos pontos da cidade para coibir aglomera\u00e7\u00f5es e assegurar o cumprimento dos protocolos sanit\u00e1rios de combate ao coronav\u00edrus.<\/p>\n<p>Cerca de 100 agentes da Guarda Civil Municipal (GCM) estar\u00e3o na Barra, Com\u00e9rcio, Rio Vermelho, Piat\u00e3 e Itapu\u00e3, para garantir o ordenamento nos locais. Al\u00e9m disso, a a\u00e7\u00e3o contar\u00e1 com viaturas, motocicletas e aux\u00edlio de um drone.<\/p>\n<p>\u201cHaver\u00e1 uma grande opera\u00e7\u00e3o na Barra e no Com\u00e9rcio, onde, a partir das 17h do dia 31 de dezembro, ser\u00e1 feito o controle de acesso ao tr\u00e2nsito por parte da Transalvador. Especificamente na Barra, a GCM utilizar\u00e1 gradis e tapumes para interdi\u00e7\u00e3o dos pedestres no cal\u00e7ad\u00e3o e na praia. As a\u00e7\u00f5es ser\u00e3o finalizadas no primeiro dia do ano, \u00e0s 6h\u201d, explica o diretor de Seguran\u00e7a Urbana e Preven\u00e7\u00e3o \u00e0 Viol\u00eancia, Maur\u00edcio Lima.<\/p>\n<p>Ainda na Barra, Secretaria Municipal de Desenvolvimento e Urbanismo (Sedur) fiscalizar\u00e1 o funcionamento do com\u00e9rcio. Bares e restaurante poder\u00e3o funcionar no dia 31 at\u00e9 as 17h. \u201cNo local e em outros bairros da cidade tamb\u00e9m iremos observar se os estabelecimentos estar\u00e3o obedecendo \u00e0s regras de distanciamento m\u00ednimo das mesas, se h\u00e1 dispensers de alcool em gel, tapetes sanitizantes, entre outras medidas protetivas\u201d, assegura o coordenador de fiscaliza\u00e7\u00e3o da Sedur, Everaldo Freitas.<\/p>\n<p>Fiscais da Secretaria Municipal de Ordem P\u00fablica (Semop) estar\u00e3o nas \u00e1reas onde haver\u00e1 queima de fogos de artif\u00edcio na cidade, as localidades n\u00e3o foram divulgadas para evitar aglomera\u00e7\u00f5es.<\/p>\n<p>Tamb\u00e9m ser\u00e3o disponibilizados 100 prepostos para a fiscaliza\u00e7\u00e3o do ordenamento do com\u00e9rcio de rua, com o objetivo de coibir qualquer tipo de atividade irregular. Al\u00e9m disso, fiscais de polui\u00e7\u00e3o sonora atuar\u00e3o com uma for\u00e7a-tarefa refor\u00e7ada. Na faixa litor\u00e2nea, a Semop disponibilizar\u00e1 salva-vidas no trecho que corresponde do Jardim de Alah at\u00e9 Ipitanga.<\/p>\n<p>Equipes da Superintend\u00eancia de Tr\u00e2nsito de Salvador (Transalvador) estar\u00e3o monitorando os locais de grande movimenta\u00e7\u00e3o de entrada e sa\u00edda da cidade, como a rodovi\u00e1ria, no sistema ferry-boat, feira de S\u00e3o Joaquim e avenida Lu\u00eds Viana Filho .Os agentes tamb\u00e9m acompanhar\u00e3o o tr\u00e1fego 24h durante todo o per\u00edodo, por meio das c\u00e2meras de videomonitoramento, auxiliando as equipes que estar\u00e3o em rondas. As blitze de Lei Seca tamb\u00e9m ser\u00e3o realizadas durante o dia e madrugada.<\/p>\n<p>Foto: Ilustrativa<\/p>\n","protected":false},"excerpt":{"rendered":"<p>Para evitar a propaga\u00e7\u00e3o da Covid-19 em Salvador durante as comemora\u00e7\u00f5es de R\u00e9veillon ser\u00e1 organizada pela prefeitura uma opera\u00e7\u00e3o especial<\/p>\n","protected":false},"author":1,"featured_media":523608,"comment_status":"closed","ping_status":"closed","sticky":false,"template":"","format":"standard","meta":[],"categories":[3],"tags":[],"acf":[],"yoast_head":"<!-- This site is optimized with the Yoast SEO plugin v20.8 - https:\/\/yoast.com\/wordpress\/plugins\/seo\/ -->\n<title>FISCALIZA\u00c7\u00c3O DA PREFEITURA SER\u00c1 INTENSIFICADA DURANTE O R\u00c9VEILLON PARA COIBIR AGLOMERA\u00c7\u00d5ES - Bahia Economica<\/title>\n<meta name=\"description\" content=\"O maior portal de Economia da Bahia ECONOMIA \/ POL\u00cdTICA Bahia Economica\" \/>\n<meta name=\"robots\" content=\"index, follow, max-snippet:-1, max-image-preview:large, max-video-preview:-1\" \/>\n<link rel=\"canonical\" href=\"https:\/\/bahiaeconomica.com.br\/wp\/2020\/12\/30\/fiscalizacao-da-prefeitura-sera-intensificada-durante-o-reveillon-para-coibir-aglomeracoes\/\" \/>\n<meta property=\"og:locale\" content=\"pt_BR\" \/>\n<meta property=\"og:type\" content=\"article\" \/>\n<meta property=\"og:title\" content=\"FISCALIZA\u00c7\u00c3O DA PREFEITURA SER\u00c1 INTENSIFICADA DURANTE O R\u00c9VEILLON PARA COIBIR AGLOMERA\u00c7\u00d5ES - Bahia Economica\" \/>\n<meta property=\"og:description\" content=\"O maior portal de Economia da Bahia ECONOMIA \/ POL\u00cdTICA Bahia Economica\" \/>\n<meta property=\"og:url\" content=\"https:\/\/bahiaeconomica.com.br\/wp\/2020\/12\/30\/fiscalizacao-da-prefeitura-sera-intensificada-durante-o-reveillon-para-coibir-aglomeracoes\/\" \/>\n<meta property=\"og:site_name\" content=\"Bahia Economica\" \/>\n<meta property=\"article:publisher\" content=\"https:\/\/www.facebook.com\/bahiaeconomica\" \/>\n<meta property=\"article:published_time\" content=\"2020-12-30T18:54:22+00:00\" \/>\n<meta property=\"og:image\" content=\"https:\/\/bahiaeconomica.com.br\/wp\/wp-content\/uploads\/2020\/12\/100005mesmo-com-covid-19-festas-na-bahia-vendem-ingressos-para-o-reveillon-3.jpg\" \/>\n\t<meta property=\"og:image:width\" content=\"1000\" \/>\n\t<meta property=\"og:image:height\" content=\"541\" \/>\n\t<meta property=\"og:image:type\" content=\"image\/jpeg\" \/>\n<meta name=\"author\" content=\"admin\" \/>\n<meta name=\"twitter:card\" content=\"summary_large_image\" \/>\n<meta name=\"twitter:label1\" content=\"Escrito por\" \/>\n\t<meta name=\"twitter:data1\" content=\"admin\" \/>\n\t<meta name=\"twitter:label2\" content=\"Est. tempo de leitura\" \/>\n\t<meta name=\"twitter:data2\" content=\"2 minutos\" \/>\n<script type=\"application\/ld+json\" class=\"yoast-schema-graph\">{\"@context\":\"https:\/\/schema.org\",\"@graph\":[{\"@type\":\"Article\",\"@id\":\"https:\/\/bahiaeconomica.com.br\/wp\/2020\/12\/30\/fiscalizacao-da-prefeitura-sera-intensificada-durante-o-reveillon-para-coibir-aglomeracoes\/#article\",\"isPartOf\":{\"@id\":\"https:\/\/bahiaeconomica.com.br\/wp\/2020\/12\/30\/fiscalizacao-da-prefeitura-sera-intensificada-durante-o-reveillon-para-coibir-aglomeracoes\/\"},\"author\":{\"name\":\"admin\",\"@id\":\"https:\/\/bahiaeconomica.com.br\/wp\/#\/schema\/person\/cb1ab5ba96ad3d9390805381c76284ec\"},\"headline\":\"FISCALIZA\u00c7\u00c3O DA PREFEITURA SER\u00c1 INTENSIFICADA DURANTE O R\u00c9VEILLON PARA COIBIR AGLOMERA\u00c7\u00d5ES\",\"datePublished\":\"2020-12-30T18:54:22+00:00\",\"dateModified\":\"2020-12-30T18:54:22+00:00\",\"mainEntityOfPage\":{\"@id\":\"https:\/\/bahiaeconomica.com.br\/wp\/2020\/12\/30\/fiscalizacao-da-prefeitura-sera-intensificada-durante-o-reveillon-para-coibir-aglomeracoes\/\"},\"wordCount\":444,\"publisher\":{\"@id\":\"https:\/\/bahiaeconomica.com.br\/wp\/#organization\"},\"articleSection\":[\"ECONOMIA \/ POL\u00cdTICA\"],\"inLanguage\":\"pt-BR\"},{\"@type\":\"WebPage\",\"@id\":\"https:\/\/bahiaeconomica.com.br\/wp\/2020\/12\/30\/fiscalizacao-da-prefeitura-sera-intensificada-durante-o-reveillon-para-coibir-aglomeracoes\/\",\"url\":\"https:\/\/bahiaeconomica.com.br\/wp\/2020\/12\/30\/fiscalizacao-da-prefeitura-sera-intensificada-durante-o-reveillon-para-coibir-aglomeracoes\/\",\"name\":\"FISCALIZA\u00c7\u00c3O DA PREFEITURA SER\u00c1 INTENSIFICADA DURANTE O R\u00c9VEILLON PARA COIBIR AGLOMERA\u00c7\u00d5ES - Bahia Economica\",\"isPartOf\":{\"@id\":\"https:\/\/bahiaeconomica.com.br\/wp\/#website\"},\"datePublished\":\"2020-12-30T18:54:22+00:00\",\"dateModified\":\"2020-12-30T18:54:22+00:00\",\"description\":\"O maior portal de Economia da Bahia ECONOMIA \/ POL\u00cdTICA Bahia Economica\",\"breadcrumb\":{\"@id\":\"https:\/\/bahiaeconomica.com.br\/wp\/2020\/12\/30\/fiscalizacao-da-prefeitura-sera-intensificada-durante-o-reveillon-para-coibir-aglomeracoes\/#breadcrumb\"},\"inLanguage\":\"pt-BR\",\"potentialAction\":[{\"@type\":\"ReadAction\",\"target\":[\"https:\/\/bahiaeconomica.com.br\/wp\/2020\/12\/30\/fiscalizacao-da-prefeitura-sera-intensificada-durante-o-reveillon-para-coibir-aglomeracoes\/\"]}]},{\"@type\":\"BreadcrumbList\",\"@id\":\"https:\/\/bahiaeconomica.com.br\/wp\/2020\/12\/30\/fiscalizacao-da-prefeitura-sera-intensificada-durante-o-reveillon-para-coibir-aglomeracoes\/#breadcrumb\",\"itemListElement\":[{\"@type\":\"ListItem\",\"position\":1,\"name\":\"In\u00edcio\",\"item\":\"https:\/\/bahiaeconomica.com.br\/wp\/\"},{\"@type\":\"ListItem\",\"position\":2,\"name\":\"FISCALIZA\u00c7\u00c3O DA PREFEITURA SER\u00c1 INTENSIFICADA DURANTE O R\u00c9VEILLON PARA COIBIR AGLOMERA\u00c7\u00d5ES\"}]},{\"@type\":\"WebSite\",\"@id\":\"https:\/\/bahiaeconomica.com.br\/wp\/#website\",\"url\":\"https:\/\/bahiaeconomica.com.br\/wp\/\",\"name\":\"Bahia Economica\",\"description\":\"O maior portal de Economia da Bahia\",\"publisher\":{\"@id\":\"https:\/\/bahiaeconomica.com.br\/wp\/#organization\"},\"potentialAction\":[{\"@type\":\"SearchAction\",\"target\":{\"@type\":\"EntryPoint\",\"urlTemplate\":\"https:\/\/bahiaeconomica.com.br\/wp\/?s={search_term_string}\"},\"query-input\":\"required name=search_term_string\"}],\"inLanguage\":\"pt-BR\"},{\"@type\":\"Organization\",\"@id\":\"https:\/\/bahiaeconomica.com.br\/wp\/#organization\",\"name\":\"Bahia Econ\u00f4mica\",\"url\":\"https:\/\/bahiaeconomica.com.br\/wp\/\",\"logo\":{\"@type\":\"ImageObject\",\"inLanguage\":\"pt-BR\",\"@id\":\"https:\/\/bahiaeconomica.com.br\/wp\/#\/schema\/logo\/image\/\",\"url\":\"https:\/\/bahiaeconomica.com.br\/wp\/wp-content\/uploads\/2020\/12\/cropped-BE.png\",\"contentUrl\":\"https:\/\/bahiaeconomica.com.br\/wp\/wp-content\/uploads\/2020\/12\/cropped-BE.png\",\"width\":512,\"height\":512,\"caption\":\"Bahia Econ\u00f4mica\"},\"image\":{\"@id\":\"https:\/\/bahiaeconomica.com.br\/wp\/#\/schema\/logo\/image\/\"},\"sameAs\":[\"https:\/\/www.facebook.com\/bahiaeconomica\"]},{\"@type\":\"Person\",\"@id\":\"https:\/\/bahiaeconomica.com.br\/wp\/#\/schema\/person\/cb1ab5ba96ad3d9390805381c76284ec\",\"name\":\"admin\",\"url\":\"https:\/\/bahiaeconomica.com.br\/wp\/author\/admin\/\"}]}<\/script>\n<!-- \/ Yoast SEO plugin. -->","yoast_head_json":{"title":"FISCALIZA\u00c7\u00c3O DA PREFEITURA SER\u00c1 INTENSIFICADA DURANTE O R\u00c9VEILLON PARA COIBIR AGLOMERA\u00c7\u00d5ES - Bahia Economica","description":"O maior portal de Economia da Bahia ECONOMIA \/ POL\u00cdTICA Bahia Economica","robots":{"index":"index","follow":"follow","max-snippet":"max-snippet:-1","max-image-preview":"max-image-preview:large","max-video-preview":"max-video-preview:-1"},"canonical":"https:\/\/bahiaeconomica.com.br\/wp\/2020\/12\/30\/fiscalizacao-da-prefeitura-sera-intensificada-durante-o-reveillon-para-coibir-aglomeracoes\/","og_locale":"pt_BR","og_type":"article","og_title":"FISCALIZA\u00c7\u00c3O DA PREFEITURA SER\u00c1 INTENSIFICADA DURANTE O R\u00c9VEILLON PARA COIBIR AGLOMERA\u00c7\u00d5ES - Bahia Economica","og_description":"O maior portal de Economia da Bahia ECONOMIA \/ POL\u00cdTICA Bahia Economica","og_url":"https:\/\/bahiaeconomica.com.br\/wp\/2020\/12\/30\/fiscalizacao-da-prefeitura-sera-intensificada-durante-o-reveillon-para-coibir-aglomeracoes\/","og_site_name":"Bahia Economica","article_publisher":"https:\/\/www.facebook.com\/bahiaeconomica","article_published_time":"2020-12-30T18:54:22+00:00","og_image":[{"width":1000,"height":541,"url":"https:\/\/bahiaeconomica.com.br\/wp\/wp-content\/uploads\/2020\/12\/100005mesmo-com-covid-19-festas-na-bahia-vendem-ingressos-para-o-reveillon-3.jpg","type":"image\/jpeg"}],"author":"admin","twitter_card":"summary_large_image","twitter_misc":{"Escrito por":"admin","Est. tempo de leitura":"2 minutos"},"schema":{"@context":"https:\/\/schema.org","@graph":[{"@type":"Article","@id":"https:\/\/bahiaeconomica.com.br\/wp\/2020\/12\/30\/fiscalizacao-da-prefeitura-sera-intensificada-durante-o-reveillon-para-coibir-aglomeracoes\/#article","isPartOf":{"@id":"https:\/\/bahiaeconomica.com.br\/wp\/2020\/12\/30\/fiscalizacao-da-prefeitura-sera-intensificada-durante-o-reveillon-para-coibir-aglomeracoes\/"},"author":{"name":"admin","@id":"https:\/\/bahiaeconomica.com.br\/wp\/#\/schema\/person\/cb1ab5ba96ad3d9390805381c76284ec"},"headline":"FISCALIZA\u00c7\u00c3O DA PREFEITURA SER\u00c1 INTENSIFICADA DURANTE O R\u00c9VEILLON PARA COIBIR AGLOMERA\u00c7\u00d5ES","datePublished":"2020-12-30T18:54:22+00:00","dateModified":"2020-12-30T18:54:22+00:00","mainEntityOfPage":{"@id":"https:\/\/bahiaeconomica.com.br\/wp\/2020\/12\/30\/fiscalizacao-da-prefeitura-sera-intensificada-durante-o-reveillon-para-coibir-aglomeracoes\/"},"wordCount":444,"publisher":{"@id":"https:\/\/bahiaeconomica.com.br\/wp\/#organization"},"articleSection":["ECONOMIA \/ POL\u00cdTICA"],"inLanguage":"pt-BR"},{"@type":"WebPage","@id":"https:\/\/bahiaeconomica.com.br\/wp\/2020\/12\/30\/fiscalizacao-da-prefeitura-sera-intensificada-durante-o-reveillon-para-coibir-aglomeracoes\/","url":"https:\/\/bahiaeconomica.com.br\/wp\/2020\/12\/30\/fiscalizacao-da-prefeitura-sera-intensificada-durante-o-reveillon-para-coibir-aglomeracoes\/","name":"FISCALIZA\u00c7\u00c3O DA PREFEITURA SER\u00c1 INTENSIFICADA DURANTE O R\u00c9VEILLON PARA COIBIR AGLOMERA\u00c7\u00d5ES - Bahia Economica","isPartOf":{"@id":"https:\/\/bahiaeconomica.com.br\/wp\/#website"},"datePublished":"2020-12-30T18:54:22+00:00","dateModified":"2020-12-30T18:54:22+00:00","description":"O maior portal de Economia da Bahia ECONOMIA \/ POL\u00cdTICA Bahia Economica","breadcrumb":{"@id":"https:\/\/bahiaeconomica.com.br\/wp\/2020\/12\/30\/fiscalizacao-da-prefeitura-sera-intensificada-durante-o-reveillon-para-coibir-aglomeracoes\/#breadcrumb"},"inLanguage":"pt-BR","potentialAction":[{"@type":"ReadAction","target":["https:\/\/bahiaeconomica.com.br\/wp\/2020\/12\/30\/fiscalizacao-da-prefeitura-sera-intensificada-durante-o-reveillon-para-coibir-aglomeracoes\/"]}]},{"@type":"BreadcrumbList","@id":"https:\/\/bahiaeconomica.com.br\/wp\/2020\/12\/30\/fiscalizacao-da-prefeitura-sera-intensificada-durante-o-reveillon-para-coibir-aglomeracoes\/#breadcrumb","itemListElement":[{"@type":"ListItem","position":1,"name":"In\u00edcio","item":"https:\/\/bahiaeconomica.com.br\/wp\/"},{"@type":"ListItem","position":2,"name":"FISCALIZA\u00c7\u00c3O DA PREFEITURA SER\u00c1 INTENSIFICADA DURANTE O R\u00c9VEILLON PARA COIBIR AGLOMERA\u00c7\u00d5ES"}]},{"@type":"WebSite","@id":"https:\/\/bahiaeconomica.com.br\/wp\/#website","url":"https:\/\/bahiaeconomica.com.br\/wp\/","name":"Bahia Economica","description":"O maior portal de Economia da Bahia","publisher":{"@id":"https:\/\/bahiaeconomica.com.br\/wp\/#organization"},"potentialAction":[{"@type":"SearchAction","target":{"@type":"EntryPoint","urlTemplate":"https:\/\/bahiaeconomica.com.br\/wp\/?s={search_term_string}"},"query-input":"required name=search_term_string"}],"inLanguage":"pt-BR"},{"@type":"Organization","@id":"https:\/\/bahiaeconomica.com.br\/wp\/#organization","name":"Bahia Econ\u00f4mica","url":"https:\/\/bahiaeconomica.com.br\/wp\/","logo":{"@type":"ImageObject","inLanguage":"pt-BR","@id":"https:\/\/bahiaeconomica.com.br\/wp\/#\/schema\/logo\/image\/","url":"https:\/\/bahiaeconomica.com.br\/wp\/wp-content\/uploads\/2020\/12\/cropped-BE.png","contentUrl":"https:\/\/bahiaeconomica.com.br\/wp\/wp-content\/uploads\/2020\/12\/cropped-BE.png","width":512,"height":512,"caption":"Bahia Econ\u00f4mica"},"image":{"@id":"https:\/\/bahiaeconomica.com.br\/wp\/#\/schema\/logo\/image\/"},"sameAs":["https:\/\/www.facebook.com\/bahiaeconomica"]},{"@type":"Person","@id":"https:\/\/bahiaeconomica.com.br\/wp\/#\/schema\/person\/cb1ab5ba96ad3d9390805381c76284ec","name":"admin","url":"https:\/\/bahiaeconomica.com.br\/wp\/author\/admin\/"}]}},"views":1,"_links":{"self":[{"href":"https:\/\/bahiaeconomica.com.br\/wp\/wp-json\/wp\/v2\/posts\/523602"}],"collection":[{"href":"https:\/\/bahiaeconomica.com.br\/wp\/wp-json\/wp\/v2\/posts"}],"about":[{"href":"https:\/\/bahiaeconomica.com.br\/wp\/wp-json\/wp\/v2\/types\/post"}],"author":[{"embeddable":true,"href":"https:\/\/bahiaeconomica.com.br\/wp\/wp-json\/wp\/v2\/users\/1"}],"replies":[{"embeddable":true,"href":"https:\/\/bahiaeconomica.com.br\/wp\/wp-json\/wp\/v2\/comments?post=523602"}],"version-history":[{"count":1,"href":"https:\/\/bahiaeconomica.com.br\/wp\/wp-json\/wp\/v2\/posts\/523602\/revisions"}],"predecessor-version":[{"id":523609,"href":"https:\/\/bahiaeconomica.com.br\/wp\/wp-json\/wp\/v2\/posts\/523602\/revisions\/523609"}],"wp:featuredmedia":[{"embeddable":true,"href":"https:\/\/bahiaeconomica.com.br\/wp\/wp-json\/wp\/v2\/media\/523608"}],"wp:attachment":[{"href":"https:\/\/bahiaeconomica.com.br\/wp\/wp-json\/wp\/v2\/media?parent=523602"}],"wp:term":[{"taxonomy":"category","embeddable":true,"href":"https:\/\/bahiaeconomica.com.br\/wp\/wp-json\/wp\/v2\/categories?post=523602"},{"taxonomy":"post_tag","embeddable":true,"href":"https:\/\/bahiaeconomica.com.br\/wp\/wp-json\/wp\/v2\/tags?post=523602"}],"curies":[{"name":"wp","href":"https:\/\/api.w.org\/{rel}","templated":true}]}}