{"id":523532,"date":"2020-12-30T13:00:12","date_gmt":"2020-12-30T16:00:12","guid":{"rendered":"https:\/\/bahiaeconomica.com.br\/wp\/beta\/?p=523532"},"modified":"2020-12-30T13:20:05","modified_gmt":"2020-12-30T16:20:05","slug":"rui-costa-comemora-decisao-da-justica-de-suspender-eventos-em-porto-seguro","status":"publish","type":"post","link":"https:\/\/bahiaeconomica.com.br\/wp\/2020\/12\/30\/rui-costa-comemora-decisao-da-justica-de-suspender-eventos-em-porto-seguro\/","title":{"rendered":"RUI COSTA COMEMORA DECIS\u00c3O DA JUSTI\u00c7A DE SUSPENDER EVENTOS EM PORTO SEGURO"},"content":{"rendered":"<p>O governador Rui Costa (PT) usou suas redes sociais, para comemorar a decis\u00e3o da desembargadora do Tribunal de Justi\u00e7a da Bahia (TJ-BA) Cinthya Maria Pina Resende, que suspendeu <!--more-->a efic\u00e1cia da decis\u00e3o do juiz plantonista da Comarca de Porto Seguro que autorizou da realiza\u00e7\u00e3o de eventos festivos de fim de ano na cidade no sul da Bahia. Para Rui, foi uma &#8220;decis\u00e3o sensata da Justi\u00e7a, que coloca a sa\u00fade em 1\u00b0 lugar&#8221;. &#8220;N\u00e3o vai ter festa de R\u00e9veillon em Porto Seguro pq seria um risco \u00e0 vida das pessoas. Aproveito para lembrar: independentemente da data e quantidade de pessoas, festas e shows est\u00e3o proibidos nos 417 munic\u00edpios baianos&#8221;, disse o governador.<\/p>\n<p>Rui j\u00e1 havia se manifestado contra a libera\u00e7\u00e3o dos eventos no munic\u00edpio, afirmando que &#8220;n\u00e3o se pode colocar em risco a vida das pessoas em nome de 4 festas privadas em Porto Seguro&#8221;. Ele aproveitou ainda para parabenizar a Procuradoria Geral do Estado (PGE) pela atua\u00e7\u00e3o no caso. A PGE recorreu da decis\u00e3o da Comarca de Porto Seguro. &#8220;Responsabilidade e sensatez s\u00e3o palavras de ordem neste momento em que enfrentamos a segunda onda da pandemia na Bahia&#8221;, completou.<\/p>\n<p>Foto: divulga\u00e7\u00e3o<\/p>\n","protected":false},"excerpt":{"rendered":"<p>O governador Rui Costa (PT) usou suas redes sociais, para comemorar a decis\u00e3o da desembargadora do Tribunal de Justi\u00e7a da Bahia (TJ-BA) Cinthya Maria Pina Resende, que suspendeu<\/p>\n","protected":false},"author":1,"featured_media":495370,"comment_status":"closed","ping_status":"closed","sticky":false,"template":"","format":"standard","meta":[],"categories":[3],"tags":[],"acf":[],"yoast_head":"<!-- This site is optimized with the Yoast SEO plugin v20.8 - https:\/\/yoast.com\/wordpress\/plugins\/seo\/ -->\n<title>RUI COSTA COMEMORA DECIS\u00c3O DA JUSTI\u00c7A DE SUSPENDER EVENTOS EM PORTO SEGURO - Bahia Economica<\/title>\n<meta name=\"description\" content=\"O maior portal de Economia da Bahia ECONOMIA \/ POL\u00cdTICA Bahia Economica\" \/>\n<meta name=\"robots\" content=\"index, follow, max-snippet:-1, max-image-preview:large, max-video-preview:-1\" \/>\n<link rel=\"canonical\" href=\"https:\/\/bahiaeconomica.com.br\/wp\/2020\/12\/30\/rui-costa-comemora-decisao-da-justica-de-suspender-eventos-em-porto-seguro\/\" \/>\n<meta property=\"og:locale\" content=\"pt_BR\" \/>\n<meta property=\"og:type\" content=\"article\" \/>\n<meta property=\"og:title\" content=\"RUI COSTA COMEMORA DECIS\u00c3O DA JUSTI\u00c7A DE SUSPENDER EVENTOS EM PORTO SEGURO - Bahia Economica\" \/>\n<meta property=\"og:description\" content=\"O maior portal de Economia da Bahia ECONOMIA \/ POL\u00cdTICA Bahia Economica\" \/>\n<meta property=\"og:url\" content=\"https:\/\/bahiaeconomica.com.br\/wp\/2020\/12\/30\/rui-costa-comemora-decisao-da-justica-de-suspender-eventos-em-porto-seguro\/\" \/>\n<meta property=\"og:site_name\" content=\"Bahia Economica\" \/>\n<meta property=\"article:publisher\" content=\"https:\/\/www.facebook.com\/bahiaeconomica\" \/>\n<meta property=\"article:published_time\" content=\"2020-12-30T16:00:12+00:00\" \/>\n<meta property=\"article:modified_time\" content=\"2020-12-30T16:20:05+00:00\" \/>\n<meta property=\"og:image\" content=\"https:\/\/bahiaeconomica.com.br\/wp\/wp-content\/uploads\/2020\/09\/RUICOSTA770500.jpg\" \/>\n\t<meta property=\"og:image:width\" content=\"500\" \/>\n\t<meta property=\"og:image:height\" content=\"307\" \/>\n\t<meta property=\"og:image:type\" content=\"image\/jpeg\" \/>\n<meta name=\"author\" content=\"admin\" \/>\n<meta name=\"twitter:card\" content=\"summary_large_image\" \/>\n<meta name=\"twitter:label1\" content=\"Escrito por\" \/>\n\t<meta name=\"twitter:data1\" content=\"admin\" \/>\n\t<meta name=\"twitter:label2\" content=\"Est. tempo de leitura\" \/>\n\t<meta name=\"twitter:data2\" content=\"1 minuto\" \/>\n<script type=\"application\/ld+json\" class=\"yoast-schema-graph\">{\"@context\":\"https:\/\/schema.org\",\"@graph\":[{\"@type\":\"Article\",\"@id\":\"https:\/\/bahiaeconomica.com.br\/wp\/2020\/12\/30\/rui-costa-comemora-decisao-da-justica-de-suspender-eventos-em-porto-seguro\/#article\",\"isPartOf\":{\"@id\":\"https:\/\/bahiaeconomica.com.br\/wp\/2020\/12\/30\/rui-costa-comemora-decisao-da-justica-de-suspender-eventos-em-porto-seguro\/\"},\"author\":{\"name\":\"admin\",\"@id\":\"https:\/\/bahiaeconomica.com.br\/wp\/#\/schema\/person\/cb1ab5ba96ad3d9390805381c76284ec\"},\"headline\":\"RUI COSTA COMEMORA DECIS\u00c3O DA JUSTI\u00c7A DE SUSPENDER EVENTOS EM PORTO SEGURO\",\"datePublished\":\"2020-12-30T16:00:12+00:00\",\"dateModified\":\"2020-12-30T16:20:05+00:00\",\"mainEntityOfPage\":{\"@id\":\"https:\/\/bahiaeconomica.com.br\/wp\/2020\/12\/30\/rui-costa-comemora-decisao-da-justica-de-suspender-eventos-em-porto-seguro\/\"},\"wordCount\":220,\"publisher\":{\"@id\":\"https:\/\/bahiaeconomica.com.br\/wp\/#organization\"},\"articleSection\":[\"ECONOMIA \/ POL\u00cdTICA\"],\"inLanguage\":\"pt-BR\"},{\"@type\":\"WebPage\",\"@id\":\"https:\/\/bahiaeconomica.com.br\/wp\/2020\/12\/30\/rui-costa-comemora-decisao-da-justica-de-suspender-eventos-em-porto-seguro\/\",\"url\":\"https:\/\/bahiaeconomica.com.br\/wp\/2020\/12\/30\/rui-costa-comemora-decisao-da-justica-de-suspender-eventos-em-porto-seguro\/\",\"name\":\"RUI COSTA COMEMORA DECIS\u00c3O DA JUSTI\u00c7A DE SUSPENDER EVENTOS EM PORTO SEGURO - Bahia Economica\",\"isPartOf\":{\"@id\":\"https:\/\/bahiaeconomica.com.br\/wp\/#website\"},\"datePublished\":\"2020-12-30T16:00:12+00:00\",\"dateModified\":\"2020-12-30T16:20:05+00:00\",\"description\":\"O maior portal de Economia da Bahia ECONOMIA \/ POL\u00cdTICA Bahia Economica\",\"breadcrumb\":{\"@id\":\"https:\/\/bahiaeconomica.com.br\/wp\/2020\/12\/30\/rui-costa-comemora-decisao-da-justica-de-suspender-eventos-em-porto-seguro\/#breadcrumb\"},\"inLanguage\":\"pt-BR\",\"potentialAction\":[{\"@type\":\"ReadAction\",\"target\":[\"https:\/\/bahiaeconomica.com.br\/wp\/2020\/12\/30\/rui-costa-comemora-decisao-da-justica-de-suspender-eventos-em-porto-seguro\/\"]}]},{\"@type\":\"BreadcrumbList\",\"@id\":\"https:\/\/bahiaeconomica.com.br\/wp\/2020\/12\/30\/rui-costa-comemora-decisao-da-justica-de-suspender-eventos-em-porto-seguro\/#breadcrumb\",\"itemListElement\":[{\"@type\":\"ListItem\",\"position\":1,\"name\":\"In\u00edcio\",\"item\":\"https:\/\/bahiaeconomica.com.br\/wp\/\"},{\"@type\":\"ListItem\",\"position\":2,\"name\":\"RUI COSTA COMEMORA DECIS\u00c3O DA JUSTI\u00c7A DE SUSPENDER EVENTOS EM PORTO SEGURO\"}]},{\"@type\":\"WebSite\",\"@id\":\"https:\/\/bahiaeconomica.com.br\/wp\/#website\",\"url\":\"https:\/\/bahiaeconomica.com.br\/wp\/\",\"name\":\"Bahia Economica\",\"description\":\"O maior portal de Economia da Bahia\",\"publisher\":{\"@id\":\"https:\/\/bahiaeconomica.com.br\/wp\/#organization\"},\"potentialAction\":[{\"@type\":\"SearchAction\",\"target\":{\"@type\":\"EntryPoint\",\"urlTemplate\":\"https:\/\/bahiaeconomica.com.br\/wp\/?s={search_term_string}\"},\"query-input\":\"required name=search_term_string\"}],\"inLanguage\":\"pt-BR\"},{\"@type\":\"Organization\",\"@id\":\"https:\/\/bahiaeconomica.com.br\/wp\/#organization\",\"name\":\"Bahia Econ\u00f4mica\",\"url\":\"https:\/\/bahiaeconomica.com.br\/wp\/\",\"logo\":{\"@type\":\"ImageObject\",\"inLanguage\":\"pt-BR\",\"@id\":\"https:\/\/bahiaeconomica.com.br\/wp\/#\/schema\/logo\/image\/\",\"url\":\"https:\/\/bahiaeconomica.com.br\/wp\/wp-content\/uploads\/2020\/12\/cropped-BE.png\",\"contentUrl\":\"https:\/\/bahiaeconomica.com.br\/wp\/wp-content\/uploads\/2020\/12\/cropped-BE.png\",\"width\":512,\"height\":512,\"caption\":\"Bahia Econ\u00f4mica\"},\"image\":{\"@id\":\"https:\/\/bahiaeconomica.com.br\/wp\/#\/schema\/logo\/image\/\"},\"sameAs\":[\"https:\/\/www.facebook.com\/bahiaeconomica\"]},{\"@type\":\"Person\",\"@id\":\"https:\/\/bahiaeconomica.com.br\/wp\/#\/schema\/person\/cb1ab5ba96ad3d9390805381c76284ec\",\"name\":\"admin\",\"url\":\"https:\/\/bahiaeconomica.com.br\/wp\/author\/admin\/\"}]}<\/script>\n<!-- \/ Yoast SEO plugin. -->","yoast_head_json":{"title":"RUI COSTA COMEMORA DECIS\u00c3O DA JUSTI\u00c7A DE SUSPENDER EVENTOS EM PORTO SEGURO - Bahia Economica","description":"O maior portal de Economia da Bahia ECONOMIA \/ POL\u00cdTICA Bahia Economica","robots":{"index":"index","follow":"follow","max-snippet":"max-snippet:-1","max-image-preview":"max-image-preview:large","max-video-preview":"max-video-preview:-1"},"canonical":"https:\/\/bahiaeconomica.com.br\/wp\/2020\/12\/30\/rui-costa-comemora-decisao-da-justica-de-suspender-eventos-em-porto-seguro\/","og_locale":"pt_BR","og_type":"article","og_title":"RUI COSTA COMEMORA DECIS\u00c3O DA JUSTI\u00c7A DE SUSPENDER EVENTOS EM PORTO SEGURO - Bahia Economica","og_description":"O maior portal de Economia da Bahia ECONOMIA \/ POL\u00cdTICA Bahia Economica","og_url":"https:\/\/bahiaeconomica.com.br\/wp\/2020\/12\/30\/rui-costa-comemora-decisao-da-justica-de-suspender-eventos-em-porto-seguro\/","og_site_name":"Bahia Economica","article_publisher":"https:\/\/www.facebook.com\/bahiaeconomica","article_published_time":"2020-12-30T16:00:12+00:00","article_modified_time":"2020-12-30T16:20:05+00:00","og_image":[{"width":500,"height":307,"url":"https:\/\/bahiaeconomica.com.br\/wp\/wp-content\/uploads\/2020\/09\/RUICOSTA770500.jpg","type":"image\/jpeg"}],"author":"admin","twitter_card":"summary_large_image","twitter_misc":{"Escrito por":"admin","Est. tempo de leitura":"1 minuto"},"schema":{"@context":"https:\/\/schema.org","@graph":[{"@type":"Article","@id":"https:\/\/bahiaeconomica.com.br\/wp\/2020\/12\/30\/rui-costa-comemora-decisao-da-justica-de-suspender-eventos-em-porto-seguro\/#article","isPartOf":{"@id":"https:\/\/bahiaeconomica.com.br\/wp\/2020\/12\/30\/rui-costa-comemora-decisao-da-justica-de-suspender-eventos-em-porto-seguro\/"},"author":{"name":"admin","@id":"https:\/\/bahiaeconomica.com.br\/wp\/#\/schema\/person\/cb1ab5ba96ad3d9390805381c76284ec"},"headline":"RUI COSTA COMEMORA DECIS\u00c3O DA JUSTI\u00c7A DE SUSPENDER EVENTOS EM PORTO SEGURO","datePublished":"2020-12-30T16:00:12+00:00","dateModified":"2020-12-30T16:20:05+00:00","mainEntityOfPage":{"@id":"https:\/\/bahiaeconomica.com.br\/wp\/2020\/12\/30\/rui-costa-comemora-decisao-da-justica-de-suspender-eventos-em-porto-seguro\/"},"wordCount":220,"publisher":{"@id":"https:\/\/bahiaeconomica.com.br\/wp\/#organization"},"articleSection":["ECONOMIA \/ POL\u00cdTICA"],"inLanguage":"pt-BR"},{"@type":"WebPage","@id":"https:\/\/bahiaeconomica.com.br\/wp\/2020\/12\/30\/rui-costa-comemora-decisao-da-justica-de-suspender-eventos-em-porto-seguro\/","url":"https:\/\/bahiaeconomica.com.br\/wp\/2020\/12\/30\/rui-costa-comemora-decisao-da-justica-de-suspender-eventos-em-porto-seguro\/","name":"RUI COSTA COMEMORA DECIS\u00c3O DA JUSTI\u00c7A DE SUSPENDER EVENTOS EM PORTO SEGURO - Bahia Economica","isPartOf":{"@id":"https:\/\/bahiaeconomica.com.br\/wp\/#website"},"datePublished":"2020-12-30T16:00:12+00:00","dateModified":"2020-12-30T16:20:05+00:00","description":"O maior portal de Economia da Bahia ECONOMIA \/ POL\u00cdTICA Bahia Economica","breadcrumb":{"@id":"https:\/\/bahiaeconomica.com.br\/wp\/2020\/12\/30\/rui-costa-comemora-decisao-da-justica-de-suspender-eventos-em-porto-seguro\/#breadcrumb"},"inLanguage":"pt-BR","potentialAction":[{"@type":"ReadAction","target":["https:\/\/bahiaeconomica.com.br\/wp\/2020\/12\/30\/rui-costa-comemora-decisao-da-justica-de-suspender-eventos-em-porto-seguro\/"]}]},{"@type":"BreadcrumbList","@id":"https:\/\/bahiaeconomica.com.br\/wp\/2020\/12\/30\/rui-costa-comemora-decisao-da-justica-de-suspender-eventos-em-porto-seguro\/#breadcrumb","itemListElement":[{"@type":"ListItem","position":1,"name":"In\u00edcio","item":"https:\/\/bahiaeconomica.com.br\/wp\/"},{"@type":"ListItem","position":2,"name":"RUI COSTA COMEMORA DECIS\u00c3O DA JUSTI\u00c7A DE SUSPENDER EVENTOS EM PORTO SEGURO"}]},{"@type":"WebSite","@id":"https:\/\/bahiaeconomica.com.br\/wp\/#website","url":"https:\/\/bahiaeconomica.com.br\/wp\/","name":"Bahia Economica","description":"O maior portal de Economia da Bahia","publisher":{"@id":"https:\/\/bahiaeconomica.com.br\/wp\/#organization"},"potentialAction":[{"@type":"SearchAction","target":{"@type":"EntryPoint","urlTemplate":"https:\/\/bahiaeconomica.com.br\/wp\/?s={search_term_string}"},"query-input":"required name=search_term_string"}],"inLanguage":"pt-BR"},{"@type":"Organization","@id":"https:\/\/bahiaeconomica.com.br\/wp\/#organization","name":"Bahia Econ\u00f4mica","url":"https:\/\/bahiaeconomica.com.br\/wp\/","logo":{"@type":"ImageObject","inLanguage":"pt-BR","@id":"https:\/\/bahiaeconomica.com.br\/wp\/#\/schema\/logo\/image\/","url":"https:\/\/bahiaeconomica.com.br\/wp\/wp-content\/uploads\/2020\/12\/cropped-BE.png","contentUrl":"https:\/\/bahiaeconomica.com.br\/wp\/wp-content\/uploads\/2020\/12\/cropped-BE.png","width":512,"height":512,"caption":"Bahia Econ\u00f4mica"},"image":{"@id":"https:\/\/bahiaeconomica.com.br\/wp\/#\/schema\/logo\/image\/"},"sameAs":["https:\/\/www.facebook.com\/bahiaeconomica"]},{"@type":"Person","@id":"https:\/\/bahiaeconomica.com.br\/wp\/#\/schema\/person\/cb1ab5ba96ad3d9390805381c76284ec","name":"admin","url":"https:\/\/bahiaeconomica.com.br\/wp\/author\/admin\/"}]}},"views":2,"_links":{"self":[{"href":"https:\/\/bahiaeconomica.com.br\/wp\/wp-json\/wp\/v2\/posts\/523532"}],"collection":[{"href":"https:\/\/bahiaeconomica.com.br\/wp\/wp-json\/wp\/v2\/posts"}],"about":[{"href":"https:\/\/bahiaeconomica.com.br\/wp\/wp-json\/wp\/v2\/types\/post"}],"author":[{"embeddable":true,"href":"https:\/\/bahiaeconomica.com.br\/wp\/wp-json\/wp\/v2\/users\/1"}],"replies":[{"embeddable":true,"href":"https:\/\/bahiaeconomica.com.br\/wp\/wp-json\/wp\/v2\/comments?post=523532"}],"version-history":[{"count":1,"href":"https:\/\/bahiaeconomica.com.br\/wp\/wp-json\/wp\/v2\/posts\/523532\/revisions"}],"predecessor-version":[{"id":523534,"href":"https:\/\/bahiaeconomica.com.br\/wp\/wp-json\/wp\/v2\/posts\/523532\/revisions\/523534"}],"wp:featuredmedia":[{"embeddable":true,"href":"https:\/\/bahiaeconomica.com.br\/wp\/wp-json\/wp\/v2\/media\/495370"}],"wp:attachment":[{"href":"https:\/\/bahiaeconomica.com.br\/wp\/wp-json\/wp\/v2\/media?parent=523532"}],"wp:term":[{"taxonomy":"category","embeddable":true,"href":"https:\/\/bahiaeconomica.com.br\/wp\/wp-json\/wp\/v2\/categories?post=523532"},{"taxonomy":"post_tag","embeddable":true,"href":"https:\/\/bahiaeconomica.com.br\/wp\/wp-json\/wp\/v2\/tags?post=523532"}],"curies":[{"name":"wp","href":"https:\/\/api.w.org\/{rel}","templated":true}]}}