{"id":523434,"date":"2020-12-30T09:00:24","date_gmt":"2020-12-30T12:00:24","guid":{"rendered":"https:\/\/bahiaeconomica.com.br\/wp\/beta\/?p=523434"},"modified":"2020-12-30T09:01:30","modified_gmt":"2020-12-30T12:01:30","slug":"governo-prorroga-prazo-para-pagamento-de-auxilio-ao-setor-cultural","status":"publish","type":"post","link":"https:\/\/bahiaeconomica.com.br\/wp\/2020\/12\/30\/governo-prorroga-prazo-para-pagamento-de-auxilio-ao-setor-cultural\/","title":{"rendered":"GOVERNO PRORROGA PRAZO PARA PAGAMENTO DE AUX\u00cdLIO CULTURAL"},"content":{"rendered":"<p>O presidente Jair Bolsonaro editou hoje (29) medida provis\u00f3ria (MP) que prorroga o prazo da utiliza\u00e7\u00e3o do aux\u00edlio emergencial da Lei Aldir Blanc para 2021. A MP autoriza o pagamento <!--more-->do benef\u00edcio com os recursos j\u00e1 aprovados em 2020 e destinados ao cumprimento da lei, mas que ainda n\u00e3o tenham sido utilizados. \u201c[&#8230;] a MP, al\u00e9m de n\u00e3o representar aumento dos gastos p\u00fablicos, busca conferir maior seguran\u00e7a ao trabalhador e \u00e0 trabalhadora da cultura e maior efetividade \u00e0 Lei Aldir Blanc, assegurando a continuidade das a\u00e7\u00f5es emergenciais, a manuten\u00e7\u00e3o do apoio aos benefici\u00e1rios e a efetividade do socorro ao setor cultural\u201d, afirmou a Presid\u00eancia da Rep\u00fablica, em nota. O presidente anunciou a medida atrav\u00e9s do seu perfil no twitter.<\/p>\n<p>A Lei Aldir Blanc, originada da MP 986\/2020 e promulgada pelo Congresso em agosto, prev\u00ea o repasse de R$ 3 bilh\u00f5es de recursos federais para a\u00e7\u00f5es emergenciais do setor cultural em estados e munic\u00edpios. A aplica\u00e7\u00e3o dos recursos est\u00e1 limitada aos valores liberados pelo governo federal. Caso prefeitos e governadores queiram aumentar o valor dos benef\u00edcios repassados, dever\u00e3o fazer a complementa\u00e7\u00e3o com recursos pr\u00f3prios. A Lei n\u00ba 14.017\/2020, que instituiu o aux\u00edlio financeiro, foi chamada de Lei Aldir Blanc em homenagem ao escritor e compositor de 73 anos que morreu ap\u00f3s contrair covid-19, em maio, no Rio de Janeiro. O texto da lei prev\u00ea o pagamento de tr\u00eas parcelas de um aux\u00edlio emergencial de R$ 600 mensais para os trabalhadores da \u00e1rea cultural.<\/p>\n<p>Est\u00e1 previsto ainda o pagamento de subs\u00eddio para manuten\u00e7\u00e3o de espa\u00e7os art\u00edsticos e culturais, microempresas e pequenas empresas culturais, cooperativas e organiza\u00e7\u00f5es comunit\u00e1rias. Esse subs\u00eddio mensal ter\u00e1 valor entre R$ 3 mil e R$ 10 mil, de acordo com crit\u00e9rios estabelecidos pelos gestores locais.<\/p>\n<p>Foto: divulga\u00e7\u00e3o<\/p>\n","protected":false},"excerpt":{"rendered":"<p>O presidente Jair Bolsonaro editou hoje (29) medida provis\u00f3ria (MP) que prorroga o prazo da utiliza\u00e7\u00e3o do aux\u00edlio emergencial da Lei Aldir Blanc para 2021. A MP autoriza o pagamento<\/p>\n","protected":false},"author":1,"featured_media":458495,"comment_status":"closed","ping_status":"closed","sticky":false,"template":"","format":"standard","meta":[],"categories":[14,3],"tags":[],"acf":[],"yoast_head":"<!-- This site is optimized with the Yoast SEO plugin v20.8 - https:\/\/yoast.com\/wordpress\/plugins\/seo\/ -->\n<title>GOVERNO PRORROGA PRAZO PARA PAGAMENTO DE AUX\u00cdLIO CULTURAL - Bahia Economica<\/title>\n<meta name=\"description\" content=\"O maior portal de Economia da Bahia DESTAQUE DO DIA, ECONOMIA \/ POL\u00cdTICA Bahia Economica\" \/>\n<meta name=\"robots\" content=\"index, follow, max-snippet:-1, max-image-preview:large, max-video-preview:-1\" \/>\n<link rel=\"canonical\" href=\"https:\/\/bahiaeconomica.com.br\/wp\/2020\/12\/30\/governo-prorroga-prazo-para-pagamento-de-auxilio-ao-setor-cultural\/\" \/>\n<meta property=\"og:locale\" content=\"pt_BR\" \/>\n<meta property=\"og:type\" content=\"article\" \/>\n<meta property=\"og:title\" content=\"GOVERNO PRORROGA PRAZO PARA PAGAMENTO DE AUX\u00cdLIO CULTURAL - Bahia Economica\" \/>\n<meta property=\"og:description\" content=\"O maior portal de Economia da Bahia DESTAQUE DO DIA, ECONOMIA \/ POL\u00cdTICA Bahia Economica\" \/>\n<meta property=\"og:url\" content=\"https:\/\/bahiaeconomica.com.br\/wp\/2020\/12\/30\/governo-prorroga-prazo-para-pagamento-de-auxilio-ao-setor-cultural\/\" \/>\n<meta property=\"og:site_name\" content=\"Bahia Economica\" \/>\n<meta property=\"article:publisher\" content=\"https:\/\/www.facebook.com\/bahiaeconomica\" \/>\n<meta property=\"article:published_time\" content=\"2020-12-30T12:00:24+00:00\" \/>\n<meta property=\"article:modified_time\" content=\"2020-12-30T12:01:30+00:00\" \/>\n<meta property=\"og:image\" content=\"https:\/\/bahiaeconomica.com.br\/wp\/wp-content\/uploads\/2020\/05\/22_08_2019_Caravana-de-Incluso-Cultural_Foto_Jefferson-Peixoto_Secom_Pms-1.jpg\" \/>\n\t<meta property=\"og:image:width\" content=\"500\" \/>\n\t<meta property=\"og:image:height\" content=\"300\" \/>\n\t<meta property=\"og:image:type\" content=\"image\/jpeg\" \/>\n<meta name=\"author\" content=\"admin\" \/>\n<meta name=\"twitter:card\" content=\"summary_large_image\" \/>\n<meta name=\"twitter:label1\" content=\"Escrito por\" \/>\n\t<meta name=\"twitter:data1\" content=\"admin\" \/>\n\t<meta name=\"twitter:label2\" content=\"Est. tempo de leitura\" \/>\n\t<meta name=\"twitter:data2\" content=\"2 minutos\" \/>\n<script type=\"application\/ld+json\" class=\"yoast-schema-graph\">{\"@context\":\"https:\/\/schema.org\",\"@graph\":[{\"@type\":\"Article\",\"@id\":\"https:\/\/bahiaeconomica.com.br\/wp\/2020\/12\/30\/governo-prorroga-prazo-para-pagamento-de-auxilio-ao-setor-cultural\/#article\",\"isPartOf\":{\"@id\":\"https:\/\/bahiaeconomica.com.br\/wp\/2020\/12\/30\/governo-prorroga-prazo-para-pagamento-de-auxilio-ao-setor-cultural\/\"},\"author\":{\"name\":\"admin\",\"@id\":\"https:\/\/bahiaeconomica.com.br\/wp\/#\/schema\/person\/cb1ab5ba96ad3d9390805381c76284ec\"},\"headline\":\"GOVERNO PRORROGA PRAZO PARA PAGAMENTO DE AUX\u00cdLIO CULTURAL\",\"datePublished\":\"2020-12-30T12:00:24+00:00\",\"dateModified\":\"2020-12-30T12:01:30+00:00\",\"mainEntityOfPage\":{\"@id\":\"https:\/\/bahiaeconomica.com.br\/wp\/2020\/12\/30\/governo-prorroga-prazo-para-pagamento-de-auxilio-ao-setor-cultural\/\"},\"wordCount\":320,\"publisher\":{\"@id\":\"https:\/\/bahiaeconomica.com.br\/wp\/#organization\"},\"articleSection\":[\"DESTAQUE DO DIA\",\"ECONOMIA \/ POL\u00cdTICA\"],\"inLanguage\":\"pt-BR\"},{\"@type\":\"WebPage\",\"@id\":\"https:\/\/bahiaeconomica.com.br\/wp\/2020\/12\/30\/governo-prorroga-prazo-para-pagamento-de-auxilio-ao-setor-cultural\/\",\"url\":\"https:\/\/bahiaeconomica.com.br\/wp\/2020\/12\/30\/governo-prorroga-prazo-para-pagamento-de-auxilio-ao-setor-cultural\/\",\"name\":\"GOVERNO PRORROGA PRAZO PARA PAGAMENTO DE AUX\u00cdLIO CULTURAL - Bahia Economica\",\"isPartOf\":{\"@id\":\"https:\/\/bahiaeconomica.com.br\/wp\/#website\"},\"datePublished\":\"2020-12-30T12:00:24+00:00\",\"dateModified\":\"2020-12-30T12:01:30+00:00\",\"description\":\"O maior portal de Economia da Bahia DESTAQUE DO DIA, ECONOMIA \/ POL\u00cdTICA Bahia Economica\",\"breadcrumb\":{\"@id\":\"https:\/\/bahiaeconomica.com.br\/wp\/2020\/12\/30\/governo-prorroga-prazo-para-pagamento-de-auxilio-ao-setor-cultural\/#breadcrumb\"},\"inLanguage\":\"pt-BR\",\"potentialAction\":[{\"@type\":\"ReadAction\",\"target\":[\"https:\/\/bahiaeconomica.com.br\/wp\/2020\/12\/30\/governo-prorroga-prazo-para-pagamento-de-auxilio-ao-setor-cultural\/\"]}]},{\"@type\":\"BreadcrumbList\",\"@id\":\"https:\/\/bahiaeconomica.com.br\/wp\/2020\/12\/30\/governo-prorroga-prazo-para-pagamento-de-auxilio-ao-setor-cultural\/#breadcrumb\",\"itemListElement\":[{\"@type\":\"ListItem\",\"position\":1,\"name\":\"In\u00edcio\",\"item\":\"https:\/\/bahiaeconomica.com.br\/wp\/\"},{\"@type\":\"ListItem\",\"position\":2,\"name\":\"GOVERNO PRORROGA PRAZO PARA PAGAMENTO DE AUX\u00cdLIO CULTURAL\"}]},{\"@type\":\"WebSite\",\"@id\":\"https:\/\/bahiaeconomica.com.br\/wp\/#website\",\"url\":\"https:\/\/bahiaeconomica.com.br\/wp\/\",\"name\":\"Bahia Economica\",\"description\":\"O maior portal de Economia da Bahia\",\"publisher\":{\"@id\":\"https:\/\/bahiaeconomica.com.br\/wp\/#organization\"},\"potentialAction\":[{\"@type\":\"SearchAction\",\"target\":{\"@type\":\"EntryPoint\",\"urlTemplate\":\"https:\/\/bahiaeconomica.com.br\/wp\/?s={search_term_string}\"},\"query-input\":\"required name=search_term_string\"}],\"inLanguage\":\"pt-BR\"},{\"@type\":\"Organization\",\"@id\":\"https:\/\/bahiaeconomica.com.br\/wp\/#organization\",\"name\":\"Bahia Econ\u00f4mica\",\"url\":\"https:\/\/bahiaeconomica.com.br\/wp\/\",\"logo\":{\"@type\":\"ImageObject\",\"inLanguage\":\"pt-BR\",\"@id\":\"https:\/\/bahiaeconomica.com.br\/wp\/#\/schema\/logo\/image\/\",\"url\":\"https:\/\/bahiaeconomica.com.br\/wp\/wp-content\/uploads\/2020\/12\/cropped-BE.png\",\"contentUrl\":\"https:\/\/bahiaeconomica.com.br\/wp\/wp-content\/uploads\/2020\/12\/cropped-BE.png\",\"width\":512,\"height\":512,\"caption\":\"Bahia Econ\u00f4mica\"},\"image\":{\"@id\":\"https:\/\/bahiaeconomica.com.br\/wp\/#\/schema\/logo\/image\/\"},\"sameAs\":[\"https:\/\/www.facebook.com\/bahiaeconomica\"]},{\"@type\":\"Person\",\"@id\":\"https:\/\/bahiaeconomica.com.br\/wp\/#\/schema\/person\/cb1ab5ba96ad3d9390805381c76284ec\",\"name\":\"admin\",\"url\":\"https:\/\/bahiaeconomica.com.br\/wp\/author\/admin\/\"}]}<\/script>\n<!-- \/ Yoast SEO plugin. -->","yoast_head_json":{"title":"GOVERNO PRORROGA PRAZO PARA PAGAMENTO DE AUX\u00cdLIO CULTURAL - Bahia Economica","description":"O maior portal de Economia da Bahia DESTAQUE DO DIA, ECONOMIA \/ POL\u00cdTICA Bahia Economica","robots":{"index":"index","follow":"follow","max-snippet":"max-snippet:-1","max-image-preview":"max-image-preview:large","max-video-preview":"max-video-preview:-1"},"canonical":"https:\/\/bahiaeconomica.com.br\/wp\/2020\/12\/30\/governo-prorroga-prazo-para-pagamento-de-auxilio-ao-setor-cultural\/","og_locale":"pt_BR","og_type":"article","og_title":"GOVERNO PRORROGA PRAZO PARA PAGAMENTO DE AUX\u00cdLIO CULTURAL - Bahia Economica","og_description":"O maior portal de Economia da Bahia DESTAQUE DO DIA, ECONOMIA \/ POL\u00cdTICA Bahia Economica","og_url":"https:\/\/bahiaeconomica.com.br\/wp\/2020\/12\/30\/governo-prorroga-prazo-para-pagamento-de-auxilio-ao-setor-cultural\/","og_site_name":"Bahia Economica","article_publisher":"https:\/\/www.facebook.com\/bahiaeconomica","article_published_time":"2020-12-30T12:00:24+00:00","article_modified_time":"2020-12-30T12:01:30+00:00","og_image":[{"width":500,"height":300,"url":"https:\/\/bahiaeconomica.com.br\/wp\/wp-content\/uploads\/2020\/05\/22_08_2019_Caravana-de-Incluso-Cultural_Foto_Jefferson-Peixoto_Secom_Pms-1.jpg","type":"image\/jpeg"}],"author":"admin","twitter_card":"summary_large_image","twitter_misc":{"Escrito por":"admin","Est. tempo de leitura":"2 minutos"},"schema":{"@context":"https:\/\/schema.org","@graph":[{"@type":"Article","@id":"https:\/\/bahiaeconomica.com.br\/wp\/2020\/12\/30\/governo-prorroga-prazo-para-pagamento-de-auxilio-ao-setor-cultural\/#article","isPartOf":{"@id":"https:\/\/bahiaeconomica.com.br\/wp\/2020\/12\/30\/governo-prorroga-prazo-para-pagamento-de-auxilio-ao-setor-cultural\/"},"author":{"name":"admin","@id":"https:\/\/bahiaeconomica.com.br\/wp\/#\/schema\/person\/cb1ab5ba96ad3d9390805381c76284ec"},"headline":"GOVERNO PRORROGA PRAZO PARA PAGAMENTO DE AUX\u00cdLIO CULTURAL","datePublished":"2020-12-30T12:00:24+00:00","dateModified":"2020-12-30T12:01:30+00:00","mainEntityOfPage":{"@id":"https:\/\/bahiaeconomica.com.br\/wp\/2020\/12\/30\/governo-prorroga-prazo-para-pagamento-de-auxilio-ao-setor-cultural\/"},"wordCount":320,"publisher":{"@id":"https:\/\/bahiaeconomica.com.br\/wp\/#organization"},"articleSection":["DESTAQUE DO DIA","ECONOMIA \/ POL\u00cdTICA"],"inLanguage":"pt-BR"},{"@type":"WebPage","@id":"https:\/\/bahiaeconomica.com.br\/wp\/2020\/12\/30\/governo-prorroga-prazo-para-pagamento-de-auxilio-ao-setor-cultural\/","url":"https:\/\/bahiaeconomica.com.br\/wp\/2020\/12\/30\/governo-prorroga-prazo-para-pagamento-de-auxilio-ao-setor-cultural\/","name":"GOVERNO PRORROGA PRAZO PARA PAGAMENTO DE AUX\u00cdLIO CULTURAL - Bahia Economica","isPartOf":{"@id":"https:\/\/bahiaeconomica.com.br\/wp\/#website"},"datePublished":"2020-12-30T12:00:24+00:00","dateModified":"2020-12-30T12:01:30+00:00","description":"O maior portal de Economia da Bahia DESTAQUE DO DIA, ECONOMIA \/ POL\u00cdTICA Bahia Economica","breadcrumb":{"@id":"https:\/\/bahiaeconomica.com.br\/wp\/2020\/12\/30\/governo-prorroga-prazo-para-pagamento-de-auxilio-ao-setor-cultural\/#breadcrumb"},"inLanguage":"pt-BR","potentialAction":[{"@type":"ReadAction","target":["https:\/\/bahiaeconomica.com.br\/wp\/2020\/12\/30\/governo-prorroga-prazo-para-pagamento-de-auxilio-ao-setor-cultural\/"]}]},{"@type":"BreadcrumbList","@id":"https:\/\/bahiaeconomica.com.br\/wp\/2020\/12\/30\/governo-prorroga-prazo-para-pagamento-de-auxilio-ao-setor-cultural\/#breadcrumb","itemListElement":[{"@type":"ListItem","position":1,"name":"In\u00edcio","item":"https:\/\/bahiaeconomica.com.br\/wp\/"},{"@type":"ListItem","position":2,"name":"GOVERNO PRORROGA PRAZO PARA PAGAMENTO DE AUX\u00cdLIO CULTURAL"}]},{"@type":"WebSite","@id":"https:\/\/bahiaeconomica.com.br\/wp\/#website","url":"https:\/\/bahiaeconomica.com.br\/wp\/","name":"Bahia Economica","description":"O maior portal de Economia da Bahia","publisher":{"@id":"https:\/\/bahiaeconomica.com.br\/wp\/#organization"},"potentialAction":[{"@type":"SearchAction","target":{"@type":"EntryPoint","urlTemplate":"https:\/\/bahiaeconomica.com.br\/wp\/?s={search_term_string}"},"query-input":"required name=search_term_string"}],"inLanguage":"pt-BR"},{"@type":"Organization","@id":"https:\/\/bahiaeconomica.com.br\/wp\/#organization","name":"Bahia Econ\u00f4mica","url":"https:\/\/bahiaeconomica.com.br\/wp\/","logo":{"@type":"ImageObject","inLanguage":"pt-BR","@id":"https:\/\/bahiaeconomica.com.br\/wp\/#\/schema\/logo\/image\/","url":"https:\/\/bahiaeconomica.com.br\/wp\/wp-content\/uploads\/2020\/12\/cropped-BE.png","contentUrl":"https:\/\/bahiaeconomica.com.br\/wp\/wp-content\/uploads\/2020\/12\/cropped-BE.png","width":512,"height":512,"caption":"Bahia Econ\u00f4mica"},"image":{"@id":"https:\/\/bahiaeconomica.com.br\/wp\/#\/schema\/logo\/image\/"},"sameAs":["https:\/\/www.facebook.com\/bahiaeconomica"]},{"@type":"Person","@id":"https:\/\/bahiaeconomica.com.br\/wp\/#\/schema\/person\/cb1ab5ba96ad3d9390805381c76284ec","name":"admin","url":"https:\/\/bahiaeconomica.com.br\/wp\/author\/admin\/"}]}},"views":9,"_links":{"self":[{"href":"https:\/\/bahiaeconomica.com.br\/wp\/wp-json\/wp\/v2\/posts\/523434"}],"collection":[{"href":"https:\/\/bahiaeconomica.com.br\/wp\/wp-json\/wp\/v2\/posts"}],"about":[{"href":"https:\/\/bahiaeconomica.com.br\/wp\/wp-json\/wp\/v2\/types\/post"}],"author":[{"embeddable":true,"href":"https:\/\/bahiaeconomica.com.br\/wp\/wp-json\/wp\/v2\/users\/1"}],"replies":[{"embeddable":true,"href":"https:\/\/bahiaeconomica.com.br\/wp\/wp-json\/wp\/v2\/comments?post=523434"}],"version-history":[{"count":2,"href":"https:\/\/bahiaeconomica.com.br\/wp\/wp-json\/wp\/v2\/posts\/523434\/revisions"}],"predecessor-version":[{"id":523437,"href":"https:\/\/bahiaeconomica.com.br\/wp\/wp-json\/wp\/v2\/posts\/523434\/revisions\/523437"}],"wp:featuredmedia":[{"embeddable":true,"href":"https:\/\/bahiaeconomica.com.br\/wp\/wp-json\/wp\/v2\/media\/458495"}],"wp:attachment":[{"href":"https:\/\/bahiaeconomica.com.br\/wp\/wp-json\/wp\/v2\/media?parent=523434"}],"wp:term":[{"taxonomy":"category","embeddable":true,"href":"https:\/\/bahiaeconomica.com.br\/wp\/wp-json\/wp\/v2\/categories?post=523434"},{"taxonomy":"post_tag","embeddable":true,"href":"https:\/\/bahiaeconomica.com.br\/wp\/wp-json\/wp\/v2\/tags?post=523434"}],"curies":[{"name":"wp","href":"https:\/\/api.w.org\/{rel}","templated":true}]}}