{"id":523188,"date":"2020-12-29T11:59:54","date_gmt":"2020-12-29T14:59:54","guid":{"rendered":"https:\/\/bahiaeconomica.com.br\/wp\/beta\/?p=523188"},"modified":"2020-12-29T12:06:58","modified_gmt":"2020-12-29T15:06:58","slug":"fabrica-textil-investe-r-28-milhoes-em-unidade-em-santo-antonio-de-jesus","status":"publish","type":"post","link":"https:\/\/bahiaeconomica.com.br\/wp\/2020\/12\/29\/fabrica-textil-investe-r-28-milhoes-em-unidade-em-santo-antonio-de-jesus\/","title":{"rendered":"F\u00c1BRICA T\u00caXTIL INVESTE R$ 2,8 MILH\u00d5ES EM UNIDADE EM SANTO ANT\u00d4NIO DE JESUS"},"content":{"rendered":"<p>Com investimentos de R$ 2,8 milh\u00f5es, a ind\u00fastria t\u00eaxtil Dubahia vai ampliar sua f\u00e1brica, instalada em Santo Ant\u00f4nio de Jesus. <!--more-->A empresa, que fornece mat\u00e9ria prima para ind\u00fastria cal\u00e7adista, assinou protocolo de inten\u00e7\u00f5es com o Governo do Estado, por meio da Secretaria de Desenvolvimento Econ\u00f4mico (SDE), na segunda-feira (28). A companhia passar\u00e1 a produzir palmilhas e beneficiar\u00e1 coura\u00e7as, al\u00e9m de aumentar a produ\u00e7\u00e3o atual de tecidos dublados (processo de colagem entre tecidos diversos ou espumas), espumas em PU, tecidos sem dublar e dublagem a termoponto. A empresa vai manter os 46 empregos diretos e criar 17 novos.<\/p>\n<p>\u201cO setor de cal\u00e7ados e componentes \u00e9 um dos maiores empregadores da ind\u00fastria, fora da Regi\u00e3o Metropolitana. Estamos assinando protocolo com uma empresa fornecedora de mat\u00e9ria prima e \u00e9 importante dizer que temos aqui todas as etapas de produ\u00e7\u00e3o do segmento. As empresas t\u00eam inovado, investido em novos produtos e tecnologias para atender \u00e0s demandas do mercado\u201d, declara o vice-governador Jo\u00e3o Le\u00e3o, secret\u00e1rio da pasta.<\/p>\n<p>\u201cAs crescentes demandas do setor e a necessidade de otimiza\u00e7\u00e3o da log\u00edstica de materiais que comp\u00f5em a cadeia de fornecimento foram essenciais para o start deste projeto. Poderemos atender com mais precis\u00e3o os pedidos, al\u00e9m de contribuir definitivamente para o crescimento de uma cadeia produtiva t\u00e3o importante, como a cal\u00e7adista\u201d, afirma o gerente operacional da Dubahia, Andr\u00e9 Dutra de Mattos.<\/p>\n<p>&nbsp;<\/p>\n<p>Foto: Divulga\u00e7\u00e3o<\/p>\n","protected":false},"excerpt":{"rendered":"<p>Com investimentos de R$ 2,8 milh\u00f5es, a ind\u00fastria t\u00eaxtil Dubahia vai ampliar sua f\u00e1brica, instalada em Santo Ant\u00f4nio de Jesus.<\/p>\n","protected":false},"author":1,"featured_media":523190,"comment_status":"closed","ping_status":"closed","sticky":false,"template":"","format":"standard","meta":[],"categories":[7,3],"tags":[],"acf":[],"yoast_head":"<!-- This site is optimized with the Yoast SEO plugin v20.8 - https:\/\/yoast.com\/wordpress\/plugins\/seo\/ -->\n<title>F\u00c1BRICA T\u00caXTIL INVESTE R$ 2,8 MILH\u00d5ES EM UNIDADE EM SANTO ANT\u00d4NIO DE JESUS - Bahia Economica<\/title>\n<meta name=\"description\" content=\"O maior portal de Economia da Bahia BAHIA INVEST, ECONOMIA \/ POL\u00cdTICA Bahia Economica\" \/>\n<meta name=\"robots\" content=\"index, follow, max-snippet:-1, max-image-preview:large, max-video-preview:-1\" \/>\n<link rel=\"canonical\" href=\"https:\/\/bahiaeconomica.com.br\/wp\/2020\/12\/29\/fabrica-textil-investe-r-28-milhoes-em-unidade-em-santo-antonio-de-jesus\/\" \/>\n<meta property=\"og:locale\" content=\"pt_BR\" \/>\n<meta property=\"og:type\" content=\"article\" \/>\n<meta property=\"og:title\" content=\"F\u00c1BRICA T\u00caXTIL INVESTE R$ 2,8 MILH\u00d5ES EM UNIDADE EM SANTO ANT\u00d4NIO DE JESUS - Bahia Economica\" \/>\n<meta property=\"og:description\" content=\"O maior portal de Economia da Bahia BAHIA INVEST, ECONOMIA \/ POL\u00cdTICA Bahia Economica\" \/>\n<meta property=\"og:url\" content=\"https:\/\/bahiaeconomica.com.br\/wp\/2020\/12\/29\/fabrica-textil-investe-r-28-milhoes-em-unidade-em-santo-antonio-de-jesus\/\" \/>\n<meta property=\"og:site_name\" content=\"Bahia Economica\" \/>\n<meta property=\"article:publisher\" content=\"https:\/\/www.facebook.com\/bahiaeconomica\" \/>\n<meta property=\"article:published_time\" content=\"2020-12-29T14:59:54+00:00\" \/>\n<meta property=\"article:modified_time\" content=\"2020-12-29T15:06:58+00:00\" \/>\n<meta property=\"og:image\" content=\"https:\/\/bahiaeconomica.com.br\/wp\/wp-content\/uploads\/2020\/12\/fabrica.jpg\" \/>\n\t<meta property=\"og:image:width\" content=\"500\" \/>\n\t<meta property=\"og:image:height\" content=\"300\" \/>\n\t<meta property=\"og:image:type\" content=\"image\/jpeg\" \/>\n<meta name=\"author\" content=\"admin\" \/>\n<meta name=\"twitter:card\" content=\"summary_large_image\" \/>\n<meta name=\"twitter:label1\" content=\"Escrito por\" \/>\n\t<meta name=\"twitter:data1\" content=\"admin\" \/>\n\t<meta name=\"twitter:label2\" content=\"Est. tempo de leitura\" \/>\n\t<meta name=\"twitter:data2\" content=\"1 minuto\" \/>\n<script type=\"application\/ld+json\" class=\"yoast-schema-graph\">{\"@context\":\"https:\/\/schema.org\",\"@graph\":[{\"@type\":\"Article\",\"@id\":\"https:\/\/bahiaeconomica.com.br\/wp\/2020\/12\/29\/fabrica-textil-investe-r-28-milhoes-em-unidade-em-santo-antonio-de-jesus\/#article\",\"isPartOf\":{\"@id\":\"https:\/\/bahiaeconomica.com.br\/wp\/2020\/12\/29\/fabrica-textil-investe-r-28-milhoes-em-unidade-em-santo-antonio-de-jesus\/\"},\"author\":{\"name\":\"admin\",\"@id\":\"https:\/\/bahiaeconomica.com.br\/wp\/#\/schema\/person\/cb1ab5ba96ad3d9390805381c76284ec\"},\"headline\":\"F\u00c1BRICA T\u00caXTIL INVESTE R$ 2,8 MILH\u00d5ES EM UNIDADE EM SANTO ANT\u00d4NIO DE JESUS\",\"datePublished\":\"2020-12-29T14:59:54+00:00\",\"dateModified\":\"2020-12-29T15:06:58+00:00\",\"mainEntityOfPage\":{\"@id\":\"https:\/\/bahiaeconomica.com.br\/wp\/2020\/12\/29\/fabrica-textil-investe-r-28-milhoes-em-unidade-em-santo-antonio-de-jesus\/\"},\"wordCount\":265,\"publisher\":{\"@id\":\"https:\/\/bahiaeconomica.com.br\/wp\/#organization\"},\"articleSection\":[\"BAHIA INVEST\",\"ECONOMIA \/ POL\u00cdTICA\"],\"inLanguage\":\"pt-BR\"},{\"@type\":\"WebPage\",\"@id\":\"https:\/\/bahiaeconomica.com.br\/wp\/2020\/12\/29\/fabrica-textil-investe-r-28-milhoes-em-unidade-em-santo-antonio-de-jesus\/\",\"url\":\"https:\/\/bahiaeconomica.com.br\/wp\/2020\/12\/29\/fabrica-textil-investe-r-28-milhoes-em-unidade-em-santo-antonio-de-jesus\/\",\"name\":\"F\u00c1BRICA T\u00caXTIL INVESTE R$ 2,8 MILH\u00d5ES EM UNIDADE EM SANTO ANT\u00d4NIO DE JESUS - Bahia Economica\",\"isPartOf\":{\"@id\":\"https:\/\/bahiaeconomica.com.br\/wp\/#website\"},\"datePublished\":\"2020-12-29T14:59:54+00:00\",\"dateModified\":\"2020-12-29T15:06:58+00:00\",\"description\":\"O maior portal de Economia da Bahia BAHIA INVEST, ECONOMIA \/ POL\u00cdTICA Bahia Economica\",\"breadcrumb\":{\"@id\":\"https:\/\/bahiaeconomica.com.br\/wp\/2020\/12\/29\/fabrica-textil-investe-r-28-milhoes-em-unidade-em-santo-antonio-de-jesus\/#breadcrumb\"},\"inLanguage\":\"pt-BR\",\"potentialAction\":[{\"@type\":\"ReadAction\",\"target\":[\"https:\/\/bahiaeconomica.com.br\/wp\/2020\/12\/29\/fabrica-textil-investe-r-28-milhoes-em-unidade-em-santo-antonio-de-jesus\/\"]}]},{\"@type\":\"BreadcrumbList\",\"@id\":\"https:\/\/bahiaeconomica.com.br\/wp\/2020\/12\/29\/fabrica-textil-investe-r-28-milhoes-em-unidade-em-santo-antonio-de-jesus\/#breadcrumb\",\"itemListElement\":[{\"@type\":\"ListItem\",\"position\":1,\"name\":\"In\u00edcio\",\"item\":\"https:\/\/bahiaeconomica.com.br\/wp\/\"},{\"@type\":\"ListItem\",\"position\":2,\"name\":\"F\u00c1BRICA T\u00caXTIL INVESTE R$ 2,8 MILH\u00d5ES EM UNIDADE EM SANTO ANT\u00d4NIO DE JESUS\"}]},{\"@type\":\"WebSite\",\"@id\":\"https:\/\/bahiaeconomica.com.br\/wp\/#website\",\"url\":\"https:\/\/bahiaeconomica.com.br\/wp\/\",\"name\":\"Bahia Economica\",\"description\":\"O maior portal de Economia da Bahia\",\"publisher\":{\"@id\":\"https:\/\/bahiaeconomica.com.br\/wp\/#organization\"},\"potentialAction\":[{\"@type\":\"SearchAction\",\"target\":{\"@type\":\"EntryPoint\",\"urlTemplate\":\"https:\/\/bahiaeconomica.com.br\/wp\/?s={search_term_string}\"},\"query-input\":\"required name=search_term_string\"}],\"inLanguage\":\"pt-BR\"},{\"@type\":\"Organization\",\"@id\":\"https:\/\/bahiaeconomica.com.br\/wp\/#organization\",\"name\":\"Bahia Econ\u00f4mica\",\"url\":\"https:\/\/bahiaeconomica.com.br\/wp\/\",\"logo\":{\"@type\":\"ImageObject\",\"inLanguage\":\"pt-BR\",\"@id\":\"https:\/\/bahiaeconomica.com.br\/wp\/#\/schema\/logo\/image\/\",\"url\":\"https:\/\/bahiaeconomica.com.br\/wp\/wp-content\/uploads\/2020\/12\/cropped-BE.png\",\"contentUrl\":\"https:\/\/bahiaeconomica.com.br\/wp\/wp-content\/uploads\/2020\/12\/cropped-BE.png\",\"width\":512,\"height\":512,\"caption\":\"Bahia Econ\u00f4mica\"},\"image\":{\"@id\":\"https:\/\/bahiaeconomica.com.br\/wp\/#\/schema\/logo\/image\/\"},\"sameAs\":[\"https:\/\/www.facebook.com\/bahiaeconomica\"]},{\"@type\":\"Person\",\"@id\":\"https:\/\/bahiaeconomica.com.br\/wp\/#\/schema\/person\/cb1ab5ba96ad3d9390805381c76284ec\",\"name\":\"admin\",\"url\":\"https:\/\/bahiaeconomica.com.br\/wp\/author\/admin\/\"}]}<\/script>\n<!-- \/ Yoast SEO plugin. -->","yoast_head_json":{"title":"F\u00c1BRICA T\u00caXTIL INVESTE R$ 2,8 MILH\u00d5ES EM UNIDADE EM SANTO ANT\u00d4NIO DE JESUS - Bahia Economica","description":"O maior portal de Economia da Bahia BAHIA INVEST, ECONOMIA \/ POL\u00cdTICA Bahia Economica","robots":{"index":"index","follow":"follow","max-snippet":"max-snippet:-1","max-image-preview":"max-image-preview:large","max-video-preview":"max-video-preview:-1"},"canonical":"https:\/\/bahiaeconomica.com.br\/wp\/2020\/12\/29\/fabrica-textil-investe-r-28-milhoes-em-unidade-em-santo-antonio-de-jesus\/","og_locale":"pt_BR","og_type":"article","og_title":"F\u00c1BRICA T\u00caXTIL INVESTE R$ 2,8 MILH\u00d5ES EM UNIDADE EM SANTO ANT\u00d4NIO DE JESUS - Bahia Economica","og_description":"O maior portal de Economia da Bahia BAHIA INVEST, ECONOMIA \/ POL\u00cdTICA Bahia Economica","og_url":"https:\/\/bahiaeconomica.com.br\/wp\/2020\/12\/29\/fabrica-textil-investe-r-28-milhoes-em-unidade-em-santo-antonio-de-jesus\/","og_site_name":"Bahia Economica","article_publisher":"https:\/\/www.facebook.com\/bahiaeconomica","article_published_time":"2020-12-29T14:59:54+00:00","article_modified_time":"2020-12-29T15:06:58+00:00","og_image":[{"width":500,"height":300,"url":"https:\/\/bahiaeconomica.com.br\/wp\/wp-content\/uploads\/2020\/12\/fabrica.jpg","type":"image\/jpeg"}],"author":"admin","twitter_card":"summary_large_image","twitter_misc":{"Escrito por":"admin","Est. tempo de leitura":"1 minuto"},"schema":{"@context":"https:\/\/schema.org","@graph":[{"@type":"Article","@id":"https:\/\/bahiaeconomica.com.br\/wp\/2020\/12\/29\/fabrica-textil-investe-r-28-milhoes-em-unidade-em-santo-antonio-de-jesus\/#article","isPartOf":{"@id":"https:\/\/bahiaeconomica.com.br\/wp\/2020\/12\/29\/fabrica-textil-investe-r-28-milhoes-em-unidade-em-santo-antonio-de-jesus\/"},"author":{"name":"admin","@id":"https:\/\/bahiaeconomica.com.br\/wp\/#\/schema\/person\/cb1ab5ba96ad3d9390805381c76284ec"},"headline":"F\u00c1BRICA T\u00caXTIL INVESTE R$ 2,8 MILH\u00d5ES EM UNIDADE EM SANTO ANT\u00d4NIO DE JESUS","datePublished":"2020-12-29T14:59:54+00:00","dateModified":"2020-12-29T15:06:58+00:00","mainEntityOfPage":{"@id":"https:\/\/bahiaeconomica.com.br\/wp\/2020\/12\/29\/fabrica-textil-investe-r-28-milhoes-em-unidade-em-santo-antonio-de-jesus\/"},"wordCount":265,"publisher":{"@id":"https:\/\/bahiaeconomica.com.br\/wp\/#organization"},"articleSection":["BAHIA INVEST","ECONOMIA \/ POL\u00cdTICA"],"inLanguage":"pt-BR"},{"@type":"WebPage","@id":"https:\/\/bahiaeconomica.com.br\/wp\/2020\/12\/29\/fabrica-textil-investe-r-28-milhoes-em-unidade-em-santo-antonio-de-jesus\/","url":"https:\/\/bahiaeconomica.com.br\/wp\/2020\/12\/29\/fabrica-textil-investe-r-28-milhoes-em-unidade-em-santo-antonio-de-jesus\/","name":"F\u00c1BRICA T\u00caXTIL INVESTE R$ 2,8 MILH\u00d5ES EM UNIDADE EM SANTO ANT\u00d4NIO DE JESUS - Bahia Economica","isPartOf":{"@id":"https:\/\/bahiaeconomica.com.br\/wp\/#website"},"datePublished":"2020-12-29T14:59:54+00:00","dateModified":"2020-12-29T15:06:58+00:00","description":"O maior portal de Economia da Bahia BAHIA INVEST, ECONOMIA \/ POL\u00cdTICA Bahia Economica","breadcrumb":{"@id":"https:\/\/bahiaeconomica.com.br\/wp\/2020\/12\/29\/fabrica-textil-investe-r-28-milhoes-em-unidade-em-santo-antonio-de-jesus\/#breadcrumb"},"inLanguage":"pt-BR","potentialAction":[{"@type":"ReadAction","target":["https:\/\/bahiaeconomica.com.br\/wp\/2020\/12\/29\/fabrica-textil-investe-r-28-milhoes-em-unidade-em-santo-antonio-de-jesus\/"]}]},{"@type":"BreadcrumbList","@id":"https:\/\/bahiaeconomica.com.br\/wp\/2020\/12\/29\/fabrica-textil-investe-r-28-milhoes-em-unidade-em-santo-antonio-de-jesus\/#breadcrumb","itemListElement":[{"@type":"ListItem","position":1,"name":"In\u00edcio","item":"https:\/\/bahiaeconomica.com.br\/wp\/"},{"@type":"ListItem","position":2,"name":"F\u00c1BRICA T\u00caXTIL INVESTE R$ 2,8 MILH\u00d5ES EM UNIDADE EM SANTO ANT\u00d4NIO DE JESUS"}]},{"@type":"WebSite","@id":"https:\/\/bahiaeconomica.com.br\/wp\/#website","url":"https:\/\/bahiaeconomica.com.br\/wp\/","name":"Bahia Economica","description":"O maior portal de Economia da Bahia","publisher":{"@id":"https:\/\/bahiaeconomica.com.br\/wp\/#organization"},"potentialAction":[{"@type":"SearchAction","target":{"@type":"EntryPoint","urlTemplate":"https:\/\/bahiaeconomica.com.br\/wp\/?s={search_term_string}"},"query-input":"required name=search_term_string"}],"inLanguage":"pt-BR"},{"@type":"Organization","@id":"https:\/\/bahiaeconomica.com.br\/wp\/#organization","name":"Bahia Econ\u00f4mica","url":"https:\/\/bahiaeconomica.com.br\/wp\/","logo":{"@type":"ImageObject","inLanguage":"pt-BR","@id":"https:\/\/bahiaeconomica.com.br\/wp\/#\/schema\/logo\/image\/","url":"https:\/\/bahiaeconomica.com.br\/wp\/wp-content\/uploads\/2020\/12\/cropped-BE.png","contentUrl":"https:\/\/bahiaeconomica.com.br\/wp\/wp-content\/uploads\/2020\/12\/cropped-BE.png","width":512,"height":512,"caption":"Bahia Econ\u00f4mica"},"image":{"@id":"https:\/\/bahiaeconomica.com.br\/wp\/#\/schema\/logo\/image\/"},"sameAs":["https:\/\/www.facebook.com\/bahiaeconomica"]},{"@type":"Person","@id":"https:\/\/bahiaeconomica.com.br\/wp\/#\/schema\/person\/cb1ab5ba96ad3d9390805381c76284ec","name":"admin","url":"https:\/\/bahiaeconomica.com.br\/wp\/author\/admin\/"}]}},"views":130,"_links":{"self":[{"href":"https:\/\/bahiaeconomica.com.br\/wp\/wp-json\/wp\/v2\/posts\/523188"}],"collection":[{"href":"https:\/\/bahiaeconomica.com.br\/wp\/wp-json\/wp\/v2\/posts"}],"about":[{"href":"https:\/\/bahiaeconomica.com.br\/wp\/wp-json\/wp\/v2\/types\/post"}],"author":[{"embeddable":true,"href":"https:\/\/bahiaeconomica.com.br\/wp\/wp-json\/wp\/v2\/users\/1"}],"replies":[{"embeddable":true,"href":"https:\/\/bahiaeconomica.com.br\/wp\/wp-json\/wp\/v2\/comments?post=523188"}],"version-history":[{"count":1,"href":"https:\/\/bahiaeconomica.com.br\/wp\/wp-json\/wp\/v2\/posts\/523188\/revisions"}],"predecessor-version":[{"id":523191,"href":"https:\/\/bahiaeconomica.com.br\/wp\/wp-json\/wp\/v2\/posts\/523188\/revisions\/523191"}],"wp:featuredmedia":[{"embeddable":true,"href":"https:\/\/bahiaeconomica.com.br\/wp\/wp-json\/wp\/v2\/media\/523190"}],"wp:attachment":[{"href":"https:\/\/bahiaeconomica.com.br\/wp\/wp-json\/wp\/v2\/media?parent=523188"}],"wp:term":[{"taxonomy":"category","embeddable":true,"href":"https:\/\/bahiaeconomica.com.br\/wp\/wp-json\/wp\/v2\/categories?post=523188"},{"taxonomy":"post_tag","embeddable":true,"href":"https:\/\/bahiaeconomica.com.br\/wp\/wp-json\/wp\/v2\/tags?post=523188"}],"curies":[{"name":"wp","href":"https:\/\/api.w.org\/{rel}","templated":true}]}}