{"id":521941,"date":"2020-12-23T11:13:07","date_gmt":"2020-12-23T14:13:07","guid":{"rendered":"https:\/\/bahiaeconomica.com.br\/wp\/beta\/?p=521941"},"modified":"2020-12-23T11:13:07","modified_gmt":"2020-12-23T14:13:07","slug":"bahia-pensa-em-reintegrar-meia-ramirez-fla-traz-nova-acusacao","status":"publish","type":"post","link":"https:\/\/bahiaeconomica.com.br\/wp\/2020\/12\/23\/bahia-pensa-em-reintegrar-meia-ramirez-fla-traz-nova-acusacao\/","title":{"rendered":"BAHIA PENSA EM REINTEGRAR MEIA RAM\u00cdREZ; FLA TRAZ NOVA ACUSA\u00c7\u00c3O"},"content":{"rendered":"<p>O Bahia trabalha com a possibilidade de reintegrar \u00cdndio Ram\u00edrez. Dentro do clube, lideran\u00e7as como o auxiliar t\u00e9cnico Cl\u00e1udio Prates acreditam fortemente na palavra do jogador de que <!--more-->n\u00e3o teria utilizado nenhum termo racista para ofender Gerson. O colombiano alega ter dito \u201cvamos jogar s\u00e9rio\u201d e n\u00e3o \u201ccala a boca, negro\u201d, como relatou o flamenguista em entrevista ap\u00f3s o jogo. O atleta do Esquadr\u00e3o diz que pode ter havido uma \u201ccompreens\u00e3o errada\u201d.<\/p>\n<p>Em contato com o A Tarde, o Bahia, por meio da assessoria de imprensa, revelou na ter\u00e7a-feira, 22, que a possibilidade de reintegra\u00e7\u00e3o \u00e9 real, por\u00e9m isso deve acontecer \u201cmediante algumas condi\u00e7\u00f5es\u201d, que n\u00e3o foram detalhadas. Por enquanto, o clube mant\u00e9m a posi\u00e7\u00e3o de que o jogador est\u00e1 afastado. O jogo do pr\u00f3ximo domingo, contra o Internacional, n\u00e3o deve ter a presen\u00e7a do meia.<\/p>\n<p>Entretanto, surgiu um fato novo que pode mudar a concep\u00e7\u00e3o do Bahia. Tamb\u00e9m na ter\u00e7a, o vice-presidente jur\u00eddico do Flamengo, Rodrigo Dunshee, afirmou que especialistas do Instituto de Educa\u00e7\u00e3o de Surdos (INES) determinaram, a partir de leitura labial, que \u00cdndio Ram\u00edrez disse para Bruno Henrique: \u201cvoc\u00ea fala muito, seu negro\u201d. Ainda assim, o A Tarde apurou que, mesmo que a agress\u00e3o se confirme, o Tricolor n\u00e3o deve rescindir o contrato com o atleta.<\/p>\n<p>A discuss\u00e3o ocorreu aos 20 minutos do segundo tempo, 13 minutos depois do embate entre Gerson e \u00cdndio Ramirez. Naquele momento, o Flamengo perdia por 3 a 2 e Bruno Henrique se irritou por achar que o jogador Tricolor estava fazendo \u201ccera\u201d. Ao site Globoesporte.com, Bruno Henrique afirmou n\u00e3o ter ouvido a ofensa.<\/p>\n<p>Durante a manh\u00e3, o Bahia tinha recebido imagens das discuss\u00f5es que ocorreram durante a partida. O v\u00eddeo abrange do minuto 6:22 at\u00e9 o 8:00. Por\u00e9m, a Rede Globo esclareceu: \u201cN\u00e3o foram captadas outras imagens do momento exato em que a ofensa teria acontecido, que permitam apurar o que foi dito pelo atleta. Ressaltamos que as imagens est\u00e3o sendo concedidas exclusivamente para a apura\u00e7\u00e3o do incidente supostamente ocorrido, n\u00e3o sendo permitida qualquer outra utiliza\u00e7\u00e3o\u201d. O Esquadr\u00e3o tamb\u00e9m lembrou, em nota, que n\u00e3o teve acesso a nenhum laudo t\u00e9cnico sobre a apura\u00e7\u00e3o do caso.<\/p>\n<p>\u201cAl\u00e9m disso, [o Bahia] lamenta que um jogo de futebol tenha transcorrido em clima t\u00e3o agressivo de todas as partes, que, al\u00e9m da den\u00fancia de racismo, protagonizaram desrespeitos m\u00fatuos, agressividades e xenofobia\u201d, escreveu o clube, em nota. A xenofobia em quest\u00e3o teria sido proferida contra o pr\u00f3prio Ram\u00edrez, segundo contou o presidente Guilherme Bellintani \u00e0 Folha de S\u00e3o Paulo \u2013 baseado no relato do jogador. Segundo o gestor, \u00cdndio alega ter sido chamado de \u201cgringo de merda\u201d. A ofensa teria vindo de Bruno Henrique. Na mesma entrevista, Bellintani disse que, caso se concretize a atitude racista de Ram\u00edrez, isso vai \u201dmanchar a hist\u00f3ria do Bahia\u201d.<\/p>\n<p>De acordo com o advogado especializado em Direito Desportivo, Ot\u00e1vio Freire, \u201cessa prova serve como ind\u00edcio para a investiga\u00e7\u00e3o. O procurador do STJD (Superior Tribunal de Justi\u00e7a Desportiva) dever\u00e1 solicitar per\u00edcia e pode, sim, usar como prova\u201d. Na \u00e1rea criminal, por\u00e9m, isso vai depender de algumas quest\u00f5es, segundo a advogada Daniela Portugal. \u201cN\u00e3o h\u00e1 um rol taxativo dos meios de prova no C\u00f3digo de Processo Penal. Nesse caso, o valor probat\u00f3rio que ser\u00e1 conferido \u00e0 leitura labial no respectivo processo depender\u00e1 dos debates travados ao longo da pr\u00f3pria persecu\u00e7\u00e3o penal, obedecidos o contradit\u00f3rio, a ampla defesa e o devido processo legal\u201d, pondera a especialista.<\/p>\n<p>Institucional<\/p>\n<p>Desde que o caso veio \u00e0 tona, Bellintani tem deixado claro que ele, como homem branco, n\u00e3o tomar\u00e1 a decis\u00e3o de rescindir o contrato com o atleta ou mant\u00ea-lo no clube. Isso caber\u00e1 \u00e0s lideran\u00e7as negras com quem a diretoria tem conversado nos \u00faltimos dias. Isso porque algumas pessoas s\u00e3o favor\u00e1veis a cortar v\u00ednculos de vez com um atleta capaz de cometer tal inj\u00faria \u2013 se \u00e9 que ela aconteceu \u2013 e outras s\u00e3o da linha de que permanecer no Bahia pode fazer com que o ser humano Ram\u00edrez seja instru\u00eddo sobre esses temas e se torne uma pessoa melhor.<\/p>\n<p>A medida demonstra o trabalho institucional que faz o Bahia para combater o racismo no esporte. De acordo com apura\u00e7\u00e3o do A Tarde, nesta quarta, 23, o clube coloca o projeto \u2018Dedo na ferida\u2019 como obrigat\u00f3rio para os atletas. A a\u00e7\u00e3o tem como objetivo atentar a pr\u00f3pria institui\u00e7\u00e3o para as formas de racismo que s\u00e3o colocadas internamente. O principal exemplo disso \u00e9 o fato de que n\u00e3o h\u00e1 nenhum diretor ou gerente negro no clube e s\u00e3o menos de 25% do Conselho Deliberativo tricolor.<\/p>\n<p>Al\u00e9m disso, a diretoria do Esquadr\u00e3o tamb\u00e9m tem trabalhado no sentido de revisar contratos para incluir cl\u00e1usulas antirracistas e vem atuando, junto \u00e0 Confedera\u00e7\u00e3o Brasileira de Futebol (CBF), para que a pauta seja inclu\u00edda e aprofundada no \u00e2mbito das competi\u00e7\u00f5es nacionais. Bellintani tem repetido em entrevistas que, caso o epis\u00f3dio se confirme, seria lament\u00e1vel. Por\u00e9m, considera melhor que tenha sido no Bahia, que \u00e9 um clube \u201crazoavelmente bem preparado para lidar com o assunto\u201d. Ele completa: \u201cTemos que evoluir bastante ainda, mas estamos bem preparados\u201d.<\/p>\n<p>Primeiro passo<\/p>\n<p>Nesta quarta, o t\u00e9cnico Dado Cavalcanti, recentemente efetivado ap\u00f3s a demiss\u00e3o de Mano Menezes no \u00faltimo domingo, comandar\u00e1 o sua primeira atividade com o elenco principal do Bahia, na Cidade Tricolor. Dado j\u00e1 \u00e9 conhecido do clube, por ter feito parte da equipe de aspirantes em 2019 e no in\u00edcio de 2020. No cargo, ele levou o Bahia \u00e0 semifinal do Brasileir\u00e3o de aspirantes e foi pe\u00e7a importante na campanha do t\u00edtulo estadual \u2013 Roger Machado ficou respons\u00e1vel na fase final, mas Dado foi quem estruturou o time. A miss\u00e3o desta vez ser\u00e1 dif\u00edcil. O Esquadr\u00e3o profissional n\u00e3o vence h\u00e1 cinco partidas no Brasileiro, e tem a pior defesa da competi\u00e7\u00e3o. S\u00e3o 46 gols sofridos em 26 jogos. Com 28 pontos, o clube ocupa a 16\u00aa coloca\u00e7\u00e3o. A pontua\u00e7\u00e3o \u00e9 a mesma do Vasco, 17\u00ba, que abre a zona de rebaixamento.<\/p>\n<p>Foto: divulga\u00e7\u00e3o<\/p>\n","protected":false},"excerpt":{"rendered":"<p>O Bahia trabalha com a possibilidade de reintegrar \u00cdndio Ram\u00edrez. Dentro do clube, lideran\u00e7as como o auxiliar t\u00e9cnico Cl\u00e1udio Prates acreditam fortemente na palavra do jogador de que<\/p>\n","protected":false},"author":1,"featured_media":521943,"comment_status":"closed","ping_status":"closed","sticky":false,"template":"","format":"standard","meta":[],"categories":[14,3],"tags":[],"acf":[],"yoast_head":"<!-- This site is optimized with the Yoast SEO plugin v20.8 - https:\/\/yoast.com\/wordpress\/plugins\/seo\/ -->\n<title>BAHIA PENSA EM REINTEGRAR MEIA RAM\u00cdREZ; FLA TRAZ NOVA ACUSA\u00c7\u00c3O - Bahia Economica<\/title>\n<meta name=\"description\" content=\"O maior portal de Economia da Bahia DESTAQUE DO DIA, ECONOMIA \/ POL\u00cdTICA Bahia Economica\" \/>\n<meta name=\"robots\" content=\"index, follow, max-snippet:-1, max-image-preview:large, max-video-preview:-1\" \/>\n<link rel=\"canonical\" href=\"https:\/\/bahiaeconomica.com.br\/wp\/2020\/12\/23\/bahia-pensa-em-reintegrar-meia-ramirez-fla-traz-nova-acusacao\/\" \/>\n<meta property=\"og:locale\" content=\"pt_BR\" \/>\n<meta property=\"og:type\" content=\"article\" \/>\n<meta property=\"og:title\" content=\"BAHIA PENSA EM REINTEGRAR MEIA RAM\u00cdREZ; FLA TRAZ NOVA ACUSA\u00c7\u00c3O - Bahia Economica\" \/>\n<meta property=\"og:description\" content=\"O maior portal de Economia da Bahia DESTAQUE DO DIA, ECONOMIA \/ POL\u00cdTICA Bahia Economica\" \/>\n<meta property=\"og:url\" content=\"https:\/\/bahiaeconomica.com.br\/wp\/2020\/12\/23\/bahia-pensa-em-reintegrar-meia-ramirez-fla-traz-nova-acusacao\/\" \/>\n<meta property=\"og:site_name\" content=\"Bahia Economica\" \/>\n<meta property=\"article:publisher\" content=\"https:\/\/www.facebook.com\/bahiaeconomica\" \/>\n<meta property=\"article:published_time\" content=\"2020-12-23T14:13:07+00:00\" \/>\n<meta property=\"og:image\" content=\"https:\/\/bahiaeconomica.com.br\/wp\/wp-content\/uploads\/2020\/12\/750_ramirez_202012230100597.jpg\" \/>\n\t<meta property=\"og:image:width\" content=\"750\" \/>\n\t<meta property=\"og:image:height\" content=\"563\" \/>\n\t<meta property=\"og:image:type\" content=\"image\/jpeg\" \/>\n<meta name=\"author\" content=\"admin\" \/>\n<meta name=\"twitter:card\" content=\"summary_large_image\" \/>\n<meta name=\"twitter:label1\" content=\"Escrito por\" \/>\n\t<meta name=\"twitter:data1\" content=\"admin\" \/>\n\t<meta name=\"twitter:label2\" content=\"Est. tempo de leitura\" \/>\n\t<meta name=\"twitter:data2\" content=\"5 minutos\" \/>\n<script type=\"application\/ld+json\" class=\"yoast-schema-graph\">{\"@context\":\"https:\/\/schema.org\",\"@graph\":[{\"@type\":\"Article\",\"@id\":\"https:\/\/bahiaeconomica.com.br\/wp\/2020\/12\/23\/bahia-pensa-em-reintegrar-meia-ramirez-fla-traz-nova-acusacao\/#article\",\"isPartOf\":{\"@id\":\"https:\/\/bahiaeconomica.com.br\/wp\/2020\/12\/23\/bahia-pensa-em-reintegrar-meia-ramirez-fla-traz-nova-acusacao\/\"},\"author\":{\"name\":\"admin\",\"@id\":\"https:\/\/bahiaeconomica.com.br\/wp\/#\/schema\/person\/cb1ab5ba96ad3d9390805381c76284ec\"},\"headline\":\"BAHIA PENSA EM REINTEGRAR MEIA RAM\u00cdREZ; FLA TRAZ NOVA ACUSA\u00c7\u00c3O\",\"datePublished\":\"2020-12-23T14:13:07+00:00\",\"dateModified\":\"2020-12-23T14:13:07+00:00\",\"mainEntityOfPage\":{\"@id\":\"https:\/\/bahiaeconomica.com.br\/wp\/2020\/12\/23\/bahia-pensa-em-reintegrar-meia-ramirez-fla-traz-nova-acusacao\/\"},\"wordCount\":1073,\"publisher\":{\"@id\":\"https:\/\/bahiaeconomica.com.br\/wp\/#organization\"},\"articleSection\":[\"DESTAQUE DO DIA\",\"ECONOMIA \/ POL\u00cdTICA\"],\"inLanguage\":\"pt-BR\"},{\"@type\":\"WebPage\",\"@id\":\"https:\/\/bahiaeconomica.com.br\/wp\/2020\/12\/23\/bahia-pensa-em-reintegrar-meia-ramirez-fla-traz-nova-acusacao\/\",\"url\":\"https:\/\/bahiaeconomica.com.br\/wp\/2020\/12\/23\/bahia-pensa-em-reintegrar-meia-ramirez-fla-traz-nova-acusacao\/\",\"name\":\"BAHIA PENSA EM REINTEGRAR MEIA RAM\u00cdREZ; FLA TRAZ NOVA ACUSA\u00c7\u00c3O - Bahia Economica\",\"isPartOf\":{\"@id\":\"https:\/\/bahiaeconomica.com.br\/wp\/#website\"},\"datePublished\":\"2020-12-23T14:13:07+00:00\",\"dateModified\":\"2020-12-23T14:13:07+00:00\",\"description\":\"O maior portal de Economia da Bahia DESTAQUE DO DIA, ECONOMIA \/ POL\u00cdTICA Bahia Economica\",\"breadcrumb\":{\"@id\":\"https:\/\/bahiaeconomica.com.br\/wp\/2020\/12\/23\/bahia-pensa-em-reintegrar-meia-ramirez-fla-traz-nova-acusacao\/#breadcrumb\"},\"inLanguage\":\"pt-BR\",\"potentialAction\":[{\"@type\":\"ReadAction\",\"target\":[\"https:\/\/bahiaeconomica.com.br\/wp\/2020\/12\/23\/bahia-pensa-em-reintegrar-meia-ramirez-fla-traz-nova-acusacao\/\"]}]},{\"@type\":\"BreadcrumbList\",\"@id\":\"https:\/\/bahiaeconomica.com.br\/wp\/2020\/12\/23\/bahia-pensa-em-reintegrar-meia-ramirez-fla-traz-nova-acusacao\/#breadcrumb\",\"itemListElement\":[{\"@type\":\"ListItem\",\"position\":1,\"name\":\"In\u00edcio\",\"item\":\"https:\/\/bahiaeconomica.com.br\/wp\/\"},{\"@type\":\"ListItem\",\"position\":2,\"name\":\"BAHIA PENSA EM REINTEGRAR MEIA RAM\u00cdREZ; FLA TRAZ NOVA ACUSA\u00c7\u00c3O\"}]},{\"@type\":\"WebSite\",\"@id\":\"https:\/\/bahiaeconomica.com.br\/wp\/#website\",\"url\":\"https:\/\/bahiaeconomica.com.br\/wp\/\",\"name\":\"Bahia Economica\",\"description\":\"O maior portal de Economia da Bahia\",\"publisher\":{\"@id\":\"https:\/\/bahiaeconomica.com.br\/wp\/#organization\"},\"potentialAction\":[{\"@type\":\"SearchAction\",\"target\":{\"@type\":\"EntryPoint\",\"urlTemplate\":\"https:\/\/bahiaeconomica.com.br\/wp\/?s={search_term_string}\"},\"query-input\":\"required name=search_term_string\"}],\"inLanguage\":\"pt-BR\"},{\"@type\":\"Organization\",\"@id\":\"https:\/\/bahiaeconomica.com.br\/wp\/#organization\",\"name\":\"Bahia Econ\u00f4mica\",\"url\":\"https:\/\/bahiaeconomica.com.br\/wp\/\",\"logo\":{\"@type\":\"ImageObject\",\"inLanguage\":\"pt-BR\",\"@id\":\"https:\/\/bahiaeconomica.com.br\/wp\/#\/schema\/logo\/image\/\",\"url\":\"https:\/\/bahiaeconomica.com.br\/wp\/wp-content\/uploads\/2020\/12\/cropped-BE.png\",\"contentUrl\":\"https:\/\/bahiaeconomica.com.br\/wp\/wp-content\/uploads\/2020\/12\/cropped-BE.png\",\"width\":512,\"height\":512,\"caption\":\"Bahia Econ\u00f4mica\"},\"image\":{\"@id\":\"https:\/\/bahiaeconomica.com.br\/wp\/#\/schema\/logo\/image\/\"},\"sameAs\":[\"https:\/\/www.facebook.com\/bahiaeconomica\"]},{\"@type\":\"Person\",\"@id\":\"https:\/\/bahiaeconomica.com.br\/wp\/#\/schema\/person\/cb1ab5ba96ad3d9390805381c76284ec\",\"name\":\"admin\",\"url\":\"https:\/\/bahiaeconomica.com.br\/wp\/author\/admin\/\"}]}<\/script>\n<!-- \/ Yoast SEO plugin. -->","yoast_head_json":{"title":"BAHIA PENSA EM REINTEGRAR MEIA RAM\u00cdREZ; FLA TRAZ NOVA ACUSA\u00c7\u00c3O - Bahia Economica","description":"O maior portal de Economia da Bahia DESTAQUE DO DIA, ECONOMIA \/ POL\u00cdTICA Bahia Economica","robots":{"index":"index","follow":"follow","max-snippet":"max-snippet:-1","max-image-preview":"max-image-preview:large","max-video-preview":"max-video-preview:-1"},"canonical":"https:\/\/bahiaeconomica.com.br\/wp\/2020\/12\/23\/bahia-pensa-em-reintegrar-meia-ramirez-fla-traz-nova-acusacao\/","og_locale":"pt_BR","og_type":"article","og_title":"BAHIA PENSA EM REINTEGRAR MEIA RAM\u00cdREZ; FLA TRAZ NOVA ACUSA\u00c7\u00c3O - Bahia Economica","og_description":"O maior portal de Economia da Bahia DESTAQUE DO DIA, ECONOMIA \/ POL\u00cdTICA Bahia Economica","og_url":"https:\/\/bahiaeconomica.com.br\/wp\/2020\/12\/23\/bahia-pensa-em-reintegrar-meia-ramirez-fla-traz-nova-acusacao\/","og_site_name":"Bahia Economica","article_publisher":"https:\/\/www.facebook.com\/bahiaeconomica","article_published_time":"2020-12-23T14:13:07+00:00","og_image":[{"width":750,"height":563,"url":"https:\/\/bahiaeconomica.com.br\/wp\/wp-content\/uploads\/2020\/12\/750_ramirez_202012230100597.jpg","type":"image\/jpeg"}],"author":"admin","twitter_card":"summary_large_image","twitter_misc":{"Escrito por":"admin","Est. tempo de leitura":"5 minutos"},"schema":{"@context":"https:\/\/schema.org","@graph":[{"@type":"Article","@id":"https:\/\/bahiaeconomica.com.br\/wp\/2020\/12\/23\/bahia-pensa-em-reintegrar-meia-ramirez-fla-traz-nova-acusacao\/#article","isPartOf":{"@id":"https:\/\/bahiaeconomica.com.br\/wp\/2020\/12\/23\/bahia-pensa-em-reintegrar-meia-ramirez-fla-traz-nova-acusacao\/"},"author":{"name":"admin","@id":"https:\/\/bahiaeconomica.com.br\/wp\/#\/schema\/person\/cb1ab5ba96ad3d9390805381c76284ec"},"headline":"BAHIA PENSA EM REINTEGRAR MEIA RAM\u00cdREZ; FLA TRAZ NOVA ACUSA\u00c7\u00c3O","datePublished":"2020-12-23T14:13:07+00:00","dateModified":"2020-12-23T14:13:07+00:00","mainEntityOfPage":{"@id":"https:\/\/bahiaeconomica.com.br\/wp\/2020\/12\/23\/bahia-pensa-em-reintegrar-meia-ramirez-fla-traz-nova-acusacao\/"},"wordCount":1073,"publisher":{"@id":"https:\/\/bahiaeconomica.com.br\/wp\/#organization"},"articleSection":["DESTAQUE DO DIA","ECONOMIA \/ POL\u00cdTICA"],"inLanguage":"pt-BR"},{"@type":"WebPage","@id":"https:\/\/bahiaeconomica.com.br\/wp\/2020\/12\/23\/bahia-pensa-em-reintegrar-meia-ramirez-fla-traz-nova-acusacao\/","url":"https:\/\/bahiaeconomica.com.br\/wp\/2020\/12\/23\/bahia-pensa-em-reintegrar-meia-ramirez-fla-traz-nova-acusacao\/","name":"BAHIA PENSA EM REINTEGRAR MEIA RAM\u00cdREZ; FLA TRAZ NOVA ACUSA\u00c7\u00c3O - Bahia Economica","isPartOf":{"@id":"https:\/\/bahiaeconomica.com.br\/wp\/#website"},"datePublished":"2020-12-23T14:13:07+00:00","dateModified":"2020-12-23T14:13:07+00:00","description":"O maior portal de Economia da Bahia DESTAQUE DO DIA, ECONOMIA \/ POL\u00cdTICA Bahia Economica","breadcrumb":{"@id":"https:\/\/bahiaeconomica.com.br\/wp\/2020\/12\/23\/bahia-pensa-em-reintegrar-meia-ramirez-fla-traz-nova-acusacao\/#breadcrumb"},"inLanguage":"pt-BR","potentialAction":[{"@type":"ReadAction","target":["https:\/\/bahiaeconomica.com.br\/wp\/2020\/12\/23\/bahia-pensa-em-reintegrar-meia-ramirez-fla-traz-nova-acusacao\/"]}]},{"@type":"BreadcrumbList","@id":"https:\/\/bahiaeconomica.com.br\/wp\/2020\/12\/23\/bahia-pensa-em-reintegrar-meia-ramirez-fla-traz-nova-acusacao\/#breadcrumb","itemListElement":[{"@type":"ListItem","position":1,"name":"In\u00edcio","item":"https:\/\/bahiaeconomica.com.br\/wp\/"},{"@type":"ListItem","position":2,"name":"BAHIA PENSA EM REINTEGRAR MEIA RAM\u00cdREZ; FLA TRAZ NOVA ACUSA\u00c7\u00c3O"}]},{"@type":"WebSite","@id":"https:\/\/bahiaeconomica.com.br\/wp\/#website","url":"https:\/\/bahiaeconomica.com.br\/wp\/","name":"Bahia Economica","description":"O maior portal de Economia da Bahia","publisher":{"@id":"https:\/\/bahiaeconomica.com.br\/wp\/#organization"},"potentialAction":[{"@type":"SearchAction","target":{"@type":"EntryPoint","urlTemplate":"https:\/\/bahiaeconomica.com.br\/wp\/?s={search_term_string}"},"query-input":"required name=search_term_string"}],"inLanguage":"pt-BR"},{"@type":"Organization","@id":"https:\/\/bahiaeconomica.com.br\/wp\/#organization","name":"Bahia Econ\u00f4mica","url":"https:\/\/bahiaeconomica.com.br\/wp\/","logo":{"@type":"ImageObject","inLanguage":"pt-BR","@id":"https:\/\/bahiaeconomica.com.br\/wp\/#\/schema\/logo\/image\/","url":"https:\/\/bahiaeconomica.com.br\/wp\/wp-content\/uploads\/2020\/12\/cropped-BE.png","contentUrl":"https:\/\/bahiaeconomica.com.br\/wp\/wp-content\/uploads\/2020\/12\/cropped-BE.png","width":512,"height":512,"caption":"Bahia Econ\u00f4mica"},"image":{"@id":"https:\/\/bahiaeconomica.com.br\/wp\/#\/schema\/logo\/image\/"},"sameAs":["https:\/\/www.facebook.com\/bahiaeconomica"]},{"@type":"Person","@id":"https:\/\/bahiaeconomica.com.br\/wp\/#\/schema\/person\/cb1ab5ba96ad3d9390805381c76284ec","name":"admin","url":"https:\/\/bahiaeconomica.com.br\/wp\/author\/admin\/"}]}},"views":1,"_links":{"self":[{"href":"https:\/\/bahiaeconomica.com.br\/wp\/wp-json\/wp\/v2\/posts\/521941"}],"collection":[{"href":"https:\/\/bahiaeconomica.com.br\/wp\/wp-json\/wp\/v2\/posts"}],"about":[{"href":"https:\/\/bahiaeconomica.com.br\/wp\/wp-json\/wp\/v2\/types\/post"}],"author":[{"embeddable":true,"href":"https:\/\/bahiaeconomica.com.br\/wp\/wp-json\/wp\/v2\/users\/1"}],"replies":[{"embeddable":true,"href":"https:\/\/bahiaeconomica.com.br\/wp\/wp-json\/wp\/v2\/comments?post=521941"}],"version-history":[{"count":1,"href":"https:\/\/bahiaeconomica.com.br\/wp\/wp-json\/wp\/v2\/posts\/521941\/revisions"}],"predecessor-version":[{"id":521944,"href":"https:\/\/bahiaeconomica.com.br\/wp\/wp-json\/wp\/v2\/posts\/521941\/revisions\/521944"}],"wp:featuredmedia":[{"embeddable":true,"href":"https:\/\/bahiaeconomica.com.br\/wp\/wp-json\/wp\/v2\/media\/521943"}],"wp:attachment":[{"href":"https:\/\/bahiaeconomica.com.br\/wp\/wp-json\/wp\/v2\/media?parent=521941"}],"wp:term":[{"taxonomy":"category","embeddable":true,"href":"https:\/\/bahiaeconomica.com.br\/wp\/wp-json\/wp\/v2\/categories?post=521941"},{"taxonomy":"post_tag","embeddable":true,"href":"https:\/\/bahiaeconomica.com.br\/wp\/wp-json\/wp\/v2\/tags?post=521941"}],"curies":[{"name":"wp","href":"https:\/\/api.w.org\/{rel}","templated":true}]}}