{"id":519889,"date":"2020-12-16T07:51:29","date_gmt":"2020-12-16T10:51:29","guid":{"rendered":"https:\/\/bahiaeconomica.com.br\/wp\/beta\/?p=519889"},"modified":"2020-12-16T07:51:29","modified_gmt":"2020-12-16T10:51:29","slug":"maia-tenta-manter-esquerda-ao-seu-lado-para-eleicao-na-camara","status":"publish","type":"post","link":"https:\/\/bahiaeconomica.com.br\/wp\/2020\/12\/16\/maia-tenta-manter-esquerda-ao-seu-lado-para-eleicao-na-camara\/","title":{"rendered":"MAIA TENTA MANTER ESQUERDA AO SEU LADO PARA ELEI\u00c7\u00c3O NA C\u00c2MARA"},"content":{"rendered":"<p>Para barrar o flerte entre o deputado Arthur Lira (PP-AL) e a oposi\u00e7\u00e3o, o presidente da C\u00e2mara, Rodrigo Maia (DEM-RJ), reuniu os partidos de esquerda nesta ter\u00e7a-feira (15) com<!--more--> o objetivo de evitar dissid\u00eancias que possam fortalecer a candidatura do nome apoiado pelo presidente Jair Bolsonaro (sem partido). Maia convidou para uma conversa na resid\u00eancia oficial da C\u00e2mara l\u00edderes e dirigentes de PT, PSB, PDT e PC do B. Tamb\u00e9m estiveram presentes os dois nomes apoiados por Maia: o deputado Aguinaldo Ribeiro (PP-PB), l\u00edder da Maioria, e Baleia Rossi (SP), presidente do MDB.<\/p>\n<p>A reuni\u00e3o ocorreu ap\u00f3s um encontro entre partidos de oposi\u00e7\u00e3o na qual, apesar de n\u00e3o ter sido batido o martelo sobre apoio definitivo a quem for indicado por Maia, ficou decidido que a esquerda vai se esfor\u00e7ar para aderir ao mesmo bloco e respaldar a mesma candidatura. Alguns partidos j\u00e1 recha\u00e7aram oficialmente a possibilidade de apoiar Lira ou outro nome apoiado por Bolsonaro.<\/p>\n<p>\u00c9 o caso do PSB, cujo diret\u00f3rio nacional emitiu, na sexta-feira (11), resolu\u00e7\u00e3o orientando a bancada a n\u00e3o votar no l\u00edder do centr\u00e3o ou em qualquer outro candidato que tenha o aval do Pal\u00e1cio do Planalto. No entanto, h\u00e1 integrantes da sigla que querem apoiar Lira. Nesta ter\u00e7a, ao deixar o encontro na resid\u00eancia oficial da C\u00e2mara, o presidente do PSB, Carlos Siqueira, defendeu a uni\u00e3o dos partidos de esquerda e centro-esquerda com o bloco de Maia para encontrar um nome de consenso que consiga \u201cderrotar o candidato oficial do presidente Jair Bolsonaro\u201d.<\/p>\n<p>\u201cO nome \u00e9 o que melhor unir, eu disse a ele [a Maia]\u201d, afirmou Siqueira. \u201cEu n\u00e3o tenho prefer\u00eancia pessoal porque n\u00e3o se trata de pessoas, se trata de uma posi\u00e7\u00e3o pol\u00edtica.\u201d. Siqueira afirmou ainda estar tentando convencer integrantes do partido que j\u00e1 sinalizaram apoio a Lira a seguir a orienta\u00e7\u00e3o do partido e votar no candidato de Maia. \u201cEvidentemente, como o voto \u00e9 secreto, a gente n\u00e3o pode controlar o voto de ningu\u00e9m. Mas o PSB vai para o bloco em que estiverem os partidos de esquerda e centro-esquerda e vai votar no candidato que seja contra o candidato oficial do Pal\u00e1cio do Planalto\u201d, ressaltou.<\/p>\n<p>O ex-ministro Ciro Gomes (PDT), candidato \u00e0 Presid\u00eancia em 2018, tamb\u00e9m afirmou que a inten\u00e7\u00e3o da esquerda \u00e9 construir uma alternativa para barrar o nome de Bolsonaro. \u201cO que n\u00f3s podemos fazer, minoria que somos, \u00e9 exponencializar nossa for\u00e7a pelo di\u00e1logo pol\u00edtico com outras for\u00e7as que tenham conosco pontos de afinidade\u201d, afirmou. O PDT, afirmou Ciro, deve se esfor\u00e7ar para conter \u201cos danos\u201d \u201cnessa agenda antipovo, antinacional e antiliberdades democr\u00e1ticas que representam o governo Bolsonaro&#8221;.<\/p>\n<p>Na avalia\u00e7\u00e3o de Ciro, criou-se \u201cuma esp\u00e9cie de clima de j\u00e1 ganhou da candidatura mais vinculada ao Bolsonaro\u201d que \u201cdesestabilizou um pouco psicologicamente\u201d os partidos alinhados a Maia. \u201cN\u00f3s precisamos restaurar essa psicologia para mostrar o que \u00e9 evidente, que o jogo ainda est\u00e1 sendo jogado. Ele n\u00e3o est\u00e1 definido. E o gesto que n\u00f3s formos capaz de produzir aqui vai reequilibrar esse jogo, com certeza\u201d, ressaltou.<\/p>\n<p>PT e PC do B tamb\u00e9m sinalizaram inten\u00e7\u00e3o de apoiar o candidato de Maia. Apesar do discurso de uni\u00e3o, h\u00e1 pelo menos um partido com a inten\u00e7\u00e3o de lan\u00e7ar nome pr\u00f3prio no primeiro turno da disputa. O PSOL insiste na candidatura de oposi\u00e7\u00e3o por divergir da agenda econ\u00f4mica de Maia, embora n\u00e3o descarte compor um bloco e ter independ\u00eancia na candidatura nessa etapa inicial da corrida pela sucess\u00e3o.<\/p>\n<p>Nos bastidores, integrantes da esquerda criticam a postura do PSOL e avaliam que n\u00e3o vale a pena ter uma vota\u00e7\u00e3o inexpressiva apenas para marcar posi\u00e7\u00e3o em vez de compor um bloco que possa efetivamente derrotar o candidato de Bolsonaro. Nesta ter\u00e7a, Maia concedeu entrevista coletiva e contemporizou a decis\u00e3o da sigla de lan\u00e7ar candidatura independente. \u201cNaturalmente, o hist\u00f3rico do PSOL faz com que eles trabalhem com nome pr\u00f3prio\u201d, disse.<\/p>\n<p>Depois de v\u00e1rios adiamentos, a defini\u00e7\u00e3o do nome de Maia deve sair at\u00e9 esta quinta-feira (17). O deputado minimizou a demora. \u201cA elei\u00e7\u00e3o \u00e9 em fevereiro\u201d, disse. \u201cN\u00e3o acho ruim o presidente da Rep\u00fablica estar falando sozinho neste momento sobre a C\u00e2mara dos Deputados.\u201d. Maia disse n\u00e3o ter pressa em fechar um nome e afirmou que isso pode ajudar a atrair mais partidos e apoio em torno de seu bloco. \u201cAs decis\u00f5es, quando s\u00e3o coletivas, quando n\u00e3o s\u00e3o a imposi\u00e7\u00e3o de ningu\u00e9m, que s\u00e3o a constru\u00e7\u00e3o de uma agenda m\u00ednima, que garanta a independ\u00eancia da C\u00e2mara, \u00e0s vezes vai atrasar o nome.\u201d<\/p>\n<p>\u201cEstou confiante de que a C\u00e2mara no dia 2 de fevereiro continua independente, livre de qualquer institui\u00e7\u00e3o e de uma agenda atrasada, retr\u00f3grada e que n\u00e3o vai levar o Brasil a lugar nenhum\u201d, afirmou. Na oposi\u00e7\u00e3o, a avalia\u00e7\u00e3o tamb\u00e9m \u00e9 de que a demora pode fortalecer a candidatura do escolhido, em vez de prejudicar. Segundo l\u00edderes partid\u00e1rios, com um nome pactuado entre os partidos n\u00e3o haveria risco t\u00e3o grande de cis\u00e3o no bloco de apoio de Maia.<\/p>\n<p>Um novo encontro entre l\u00edderes e dirigentes de partidos de esquerda est\u00e1 previsto para esta quarta-feira (16). Entre Aguinaldo Ribeiro e Baleira Rossi, h\u00e1 uma tend\u00eancia maior em apoiar Ribeiro. Ele, por sua vez, \u00e9 do PP, mesmo partido de Lira, e portanto n\u00e3o tem respaldo do PP para se candidatar. O bloco de Maia \u00e9 formado por seis partidos (PSL, MDB, PSDB, DEM, Cidadania e PV), que re\u00fanem 159 deputados. No entanto, calcula-se que apenas metade da bancada do PSL esteja alinhada a esse grupo. O restante, aliados de Bolsonaro, deve apoiar Lira.<\/p>\n<p>Al\u00e9m do PP, a campanha de Lira afirma ter votos de PL, PSD, Solidariedade, Avante, PSC, PTB, PROS e Patriota. Juntos, eles somam 170 deputados. Mas tamb\u00e9m contam com dissidentes da oposi\u00e7\u00e3o e do PSL. O voto \u00e9 secreto. Por isso, a ades\u00e3o de partidos a blocos n\u00e3o significa a garantia de votos. S\u00e3o necess\u00e1rios 257 do total de 513 para eleger, em fevereiro, quem comandar\u00e1 os deputados pelos pr\u00f3ximos dois anos.<\/p>\n<p>Foto: divulga\u00e7\u00e3o<\/p>\n","protected":false},"excerpt":{"rendered":"<p>Para barrar o flerte entre o deputado Arthur Lira (PP-AL) e a oposi\u00e7\u00e3o, o presidente da C\u00e2mara, Rodrigo Maia (DEM-RJ), reuniu os partidos de esquerda nesta ter\u00e7a-feira (15) com<\/p>\n","protected":false},"author":1,"featured_media":514520,"comment_status":"closed","ping_status":"closed","sticky":false,"template":"","format":"standard","meta":[],"categories":[14,3],"tags":[],"acf":[],"yoast_head":"<!-- This site is optimized with the Yoast SEO plugin v20.8 - https:\/\/yoast.com\/wordpress\/plugins\/seo\/ -->\n<title>MAIA TENTA MANTER ESQUERDA AO SEU LADO PARA ELEI\u00c7\u00c3O NA C\u00c2MARA - Bahia Economica<\/title>\n<meta name=\"description\" content=\"O maior portal de Economia da Bahia DESTAQUE DO DIA, ECONOMIA \/ POL\u00cdTICA Bahia Economica\" \/>\n<meta name=\"robots\" content=\"index, follow, max-snippet:-1, max-image-preview:large, max-video-preview:-1\" \/>\n<link rel=\"canonical\" href=\"https:\/\/bahiaeconomica.com.br\/wp\/2020\/12\/16\/maia-tenta-manter-esquerda-ao-seu-lado-para-eleicao-na-camara\/\" \/>\n<meta property=\"og:locale\" content=\"pt_BR\" \/>\n<meta property=\"og:type\" content=\"article\" \/>\n<meta property=\"og:title\" content=\"MAIA TENTA MANTER ESQUERDA AO SEU LADO PARA ELEI\u00c7\u00c3O NA C\u00c2MARA - Bahia Economica\" \/>\n<meta property=\"og:description\" content=\"O maior portal de Economia da Bahia DESTAQUE DO DIA, ECONOMIA \/ POL\u00cdTICA Bahia Economica\" \/>\n<meta property=\"og:url\" content=\"https:\/\/bahiaeconomica.com.br\/wp\/2020\/12\/16\/maia-tenta-manter-esquerda-ao-seu-lado-para-eleicao-na-camara\/\" \/>\n<meta property=\"og:site_name\" content=\"Bahia Economica\" \/>\n<meta property=\"article:publisher\" content=\"https:\/\/www.facebook.com\/bahiaeconomica\" \/>\n<meta property=\"article:published_time\" content=\"2020-12-16T10:51:29+00:00\" \/>\n<meta property=\"og:image\" content=\"https:\/\/bahiaeconomica.com.br\/wp\/wp-content\/uploads\/2020\/11\/10-09-2020_posse_fux_stf1-4.jpg\" \/>\n\t<meta property=\"og:image:width\" content=\"770\" \/>\n\t<meta property=\"og:image:height\" content=\"474\" \/>\n\t<meta property=\"og:image:type\" content=\"image\/jpeg\" \/>\n<meta name=\"author\" content=\"admin\" \/>\n<meta name=\"twitter:card\" content=\"summary_large_image\" \/>\n<meta name=\"twitter:label1\" content=\"Escrito por\" \/>\n\t<meta name=\"twitter:data1\" content=\"admin\" \/>\n\t<meta name=\"twitter:label2\" content=\"Est. tempo de leitura\" \/>\n\t<meta name=\"twitter:data2\" content=\"5 minutos\" \/>\n<script type=\"application\/ld+json\" class=\"yoast-schema-graph\">{\"@context\":\"https:\/\/schema.org\",\"@graph\":[{\"@type\":\"Article\",\"@id\":\"https:\/\/bahiaeconomica.com.br\/wp\/2020\/12\/16\/maia-tenta-manter-esquerda-ao-seu-lado-para-eleicao-na-camara\/#article\",\"isPartOf\":{\"@id\":\"https:\/\/bahiaeconomica.com.br\/wp\/2020\/12\/16\/maia-tenta-manter-esquerda-ao-seu-lado-para-eleicao-na-camara\/\"},\"author\":{\"name\":\"admin\",\"@id\":\"https:\/\/bahiaeconomica.com.br\/wp\/#\/schema\/person\/cb1ab5ba96ad3d9390805381c76284ec\"},\"headline\":\"MAIA TENTA MANTER ESQUERDA AO SEU LADO PARA ELEI\u00c7\u00c3O NA C\u00c2MARA\",\"datePublished\":\"2020-12-16T10:51:29+00:00\",\"dateModified\":\"2020-12-16T10:51:29+00:00\",\"mainEntityOfPage\":{\"@id\":\"https:\/\/bahiaeconomica.com.br\/wp\/2020\/12\/16\/maia-tenta-manter-esquerda-ao-seu-lado-para-eleicao-na-camara\/\"},\"wordCount\":1083,\"publisher\":{\"@id\":\"https:\/\/bahiaeconomica.com.br\/wp\/#organization\"},\"articleSection\":[\"DESTAQUE DO DIA\",\"ECONOMIA \/ POL\u00cdTICA\"],\"inLanguage\":\"pt-BR\"},{\"@type\":\"WebPage\",\"@id\":\"https:\/\/bahiaeconomica.com.br\/wp\/2020\/12\/16\/maia-tenta-manter-esquerda-ao-seu-lado-para-eleicao-na-camara\/\",\"url\":\"https:\/\/bahiaeconomica.com.br\/wp\/2020\/12\/16\/maia-tenta-manter-esquerda-ao-seu-lado-para-eleicao-na-camara\/\",\"name\":\"MAIA TENTA MANTER ESQUERDA AO SEU LADO PARA ELEI\u00c7\u00c3O NA C\u00c2MARA - Bahia Economica\",\"isPartOf\":{\"@id\":\"https:\/\/bahiaeconomica.com.br\/wp\/#website\"},\"datePublished\":\"2020-12-16T10:51:29+00:00\",\"dateModified\":\"2020-12-16T10:51:29+00:00\",\"description\":\"O maior portal de Economia da Bahia DESTAQUE DO DIA, ECONOMIA \/ POL\u00cdTICA Bahia Economica\",\"breadcrumb\":{\"@id\":\"https:\/\/bahiaeconomica.com.br\/wp\/2020\/12\/16\/maia-tenta-manter-esquerda-ao-seu-lado-para-eleicao-na-camara\/#breadcrumb\"},\"inLanguage\":\"pt-BR\",\"potentialAction\":[{\"@type\":\"ReadAction\",\"target\":[\"https:\/\/bahiaeconomica.com.br\/wp\/2020\/12\/16\/maia-tenta-manter-esquerda-ao-seu-lado-para-eleicao-na-camara\/\"]}]},{\"@type\":\"BreadcrumbList\",\"@id\":\"https:\/\/bahiaeconomica.com.br\/wp\/2020\/12\/16\/maia-tenta-manter-esquerda-ao-seu-lado-para-eleicao-na-camara\/#breadcrumb\",\"itemListElement\":[{\"@type\":\"ListItem\",\"position\":1,\"name\":\"In\u00edcio\",\"item\":\"https:\/\/bahiaeconomica.com.br\/wp\/\"},{\"@type\":\"ListItem\",\"position\":2,\"name\":\"MAIA TENTA MANTER ESQUERDA AO SEU LADO PARA ELEI\u00c7\u00c3O NA C\u00c2MARA\"}]},{\"@type\":\"WebSite\",\"@id\":\"https:\/\/bahiaeconomica.com.br\/wp\/#website\",\"url\":\"https:\/\/bahiaeconomica.com.br\/wp\/\",\"name\":\"Bahia Economica\",\"description\":\"O maior portal de Economia da Bahia\",\"publisher\":{\"@id\":\"https:\/\/bahiaeconomica.com.br\/wp\/#organization\"},\"potentialAction\":[{\"@type\":\"SearchAction\",\"target\":{\"@type\":\"EntryPoint\",\"urlTemplate\":\"https:\/\/bahiaeconomica.com.br\/wp\/?s={search_term_string}\"},\"query-input\":\"required name=search_term_string\"}],\"inLanguage\":\"pt-BR\"},{\"@type\":\"Organization\",\"@id\":\"https:\/\/bahiaeconomica.com.br\/wp\/#organization\",\"name\":\"Bahia Econ\u00f4mica\",\"url\":\"https:\/\/bahiaeconomica.com.br\/wp\/\",\"logo\":{\"@type\":\"ImageObject\",\"inLanguage\":\"pt-BR\",\"@id\":\"https:\/\/bahiaeconomica.com.br\/wp\/#\/schema\/logo\/image\/\",\"url\":\"https:\/\/bahiaeconomica.com.br\/wp\/wp-content\/uploads\/2020\/12\/cropped-BE.png\",\"contentUrl\":\"https:\/\/bahiaeconomica.com.br\/wp\/wp-content\/uploads\/2020\/12\/cropped-BE.png\",\"width\":512,\"height\":512,\"caption\":\"Bahia Econ\u00f4mica\"},\"image\":{\"@id\":\"https:\/\/bahiaeconomica.com.br\/wp\/#\/schema\/logo\/image\/\"},\"sameAs\":[\"https:\/\/www.facebook.com\/bahiaeconomica\"]},{\"@type\":\"Person\",\"@id\":\"https:\/\/bahiaeconomica.com.br\/wp\/#\/schema\/person\/cb1ab5ba96ad3d9390805381c76284ec\",\"name\":\"admin\",\"url\":\"https:\/\/bahiaeconomica.com.br\/wp\/author\/admin\/\"}]}<\/script>\n<!-- \/ Yoast SEO plugin. -->","yoast_head_json":{"title":"MAIA TENTA MANTER ESQUERDA AO SEU LADO PARA ELEI\u00c7\u00c3O NA C\u00c2MARA - Bahia Economica","description":"O maior portal de Economia da Bahia DESTAQUE DO DIA, ECONOMIA \/ POL\u00cdTICA Bahia Economica","robots":{"index":"index","follow":"follow","max-snippet":"max-snippet:-1","max-image-preview":"max-image-preview:large","max-video-preview":"max-video-preview:-1"},"canonical":"https:\/\/bahiaeconomica.com.br\/wp\/2020\/12\/16\/maia-tenta-manter-esquerda-ao-seu-lado-para-eleicao-na-camara\/","og_locale":"pt_BR","og_type":"article","og_title":"MAIA TENTA MANTER ESQUERDA AO SEU LADO PARA ELEI\u00c7\u00c3O NA C\u00c2MARA - Bahia Economica","og_description":"O maior portal de Economia da Bahia DESTAQUE DO DIA, ECONOMIA \/ POL\u00cdTICA Bahia Economica","og_url":"https:\/\/bahiaeconomica.com.br\/wp\/2020\/12\/16\/maia-tenta-manter-esquerda-ao-seu-lado-para-eleicao-na-camara\/","og_site_name":"Bahia Economica","article_publisher":"https:\/\/www.facebook.com\/bahiaeconomica","article_published_time":"2020-12-16T10:51:29+00:00","og_image":[{"width":770,"height":474,"url":"https:\/\/bahiaeconomica.com.br\/wp\/wp-content\/uploads\/2020\/11\/10-09-2020_posse_fux_stf1-4.jpg","type":"image\/jpeg"}],"author":"admin","twitter_card":"summary_large_image","twitter_misc":{"Escrito por":"admin","Est. tempo de leitura":"5 minutos"},"schema":{"@context":"https:\/\/schema.org","@graph":[{"@type":"Article","@id":"https:\/\/bahiaeconomica.com.br\/wp\/2020\/12\/16\/maia-tenta-manter-esquerda-ao-seu-lado-para-eleicao-na-camara\/#article","isPartOf":{"@id":"https:\/\/bahiaeconomica.com.br\/wp\/2020\/12\/16\/maia-tenta-manter-esquerda-ao-seu-lado-para-eleicao-na-camara\/"},"author":{"name":"admin","@id":"https:\/\/bahiaeconomica.com.br\/wp\/#\/schema\/person\/cb1ab5ba96ad3d9390805381c76284ec"},"headline":"MAIA TENTA MANTER ESQUERDA AO SEU LADO PARA ELEI\u00c7\u00c3O NA C\u00c2MARA","datePublished":"2020-12-16T10:51:29+00:00","dateModified":"2020-12-16T10:51:29+00:00","mainEntityOfPage":{"@id":"https:\/\/bahiaeconomica.com.br\/wp\/2020\/12\/16\/maia-tenta-manter-esquerda-ao-seu-lado-para-eleicao-na-camara\/"},"wordCount":1083,"publisher":{"@id":"https:\/\/bahiaeconomica.com.br\/wp\/#organization"},"articleSection":["DESTAQUE DO DIA","ECONOMIA \/ POL\u00cdTICA"],"inLanguage":"pt-BR"},{"@type":"WebPage","@id":"https:\/\/bahiaeconomica.com.br\/wp\/2020\/12\/16\/maia-tenta-manter-esquerda-ao-seu-lado-para-eleicao-na-camara\/","url":"https:\/\/bahiaeconomica.com.br\/wp\/2020\/12\/16\/maia-tenta-manter-esquerda-ao-seu-lado-para-eleicao-na-camara\/","name":"MAIA TENTA MANTER ESQUERDA AO SEU LADO PARA ELEI\u00c7\u00c3O NA C\u00c2MARA - Bahia Economica","isPartOf":{"@id":"https:\/\/bahiaeconomica.com.br\/wp\/#website"},"datePublished":"2020-12-16T10:51:29+00:00","dateModified":"2020-12-16T10:51:29+00:00","description":"O maior portal de Economia da Bahia DESTAQUE DO DIA, ECONOMIA \/ POL\u00cdTICA Bahia Economica","breadcrumb":{"@id":"https:\/\/bahiaeconomica.com.br\/wp\/2020\/12\/16\/maia-tenta-manter-esquerda-ao-seu-lado-para-eleicao-na-camara\/#breadcrumb"},"inLanguage":"pt-BR","potentialAction":[{"@type":"ReadAction","target":["https:\/\/bahiaeconomica.com.br\/wp\/2020\/12\/16\/maia-tenta-manter-esquerda-ao-seu-lado-para-eleicao-na-camara\/"]}]},{"@type":"BreadcrumbList","@id":"https:\/\/bahiaeconomica.com.br\/wp\/2020\/12\/16\/maia-tenta-manter-esquerda-ao-seu-lado-para-eleicao-na-camara\/#breadcrumb","itemListElement":[{"@type":"ListItem","position":1,"name":"In\u00edcio","item":"https:\/\/bahiaeconomica.com.br\/wp\/"},{"@type":"ListItem","position":2,"name":"MAIA TENTA MANTER ESQUERDA AO SEU LADO PARA ELEI\u00c7\u00c3O NA C\u00c2MARA"}]},{"@type":"WebSite","@id":"https:\/\/bahiaeconomica.com.br\/wp\/#website","url":"https:\/\/bahiaeconomica.com.br\/wp\/","name":"Bahia Economica","description":"O maior portal de Economia da Bahia","publisher":{"@id":"https:\/\/bahiaeconomica.com.br\/wp\/#organization"},"potentialAction":[{"@type":"SearchAction","target":{"@type":"EntryPoint","urlTemplate":"https:\/\/bahiaeconomica.com.br\/wp\/?s={search_term_string}"},"query-input":"required name=search_term_string"}],"inLanguage":"pt-BR"},{"@type":"Organization","@id":"https:\/\/bahiaeconomica.com.br\/wp\/#organization","name":"Bahia Econ\u00f4mica","url":"https:\/\/bahiaeconomica.com.br\/wp\/","logo":{"@type":"ImageObject","inLanguage":"pt-BR","@id":"https:\/\/bahiaeconomica.com.br\/wp\/#\/schema\/logo\/image\/","url":"https:\/\/bahiaeconomica.com.br\/wp\/wp-content\/uploads\/2020\/12\/cropped-BE.png","contentUrl":"https:\/\/bahiaeconomica.com.br\/wp\/wp-content\/uploads\/2020\/12\/cropped-BE.png","width":512,"height":512,"caption":"Bahia Econ\u00f4mica"},"image":{"@id":"https:\/\/bahiaeconomica.com.br\/wp\/#\/schema\/logo\/image\/"},"sameAs":["https:\/\/www.facebook.com\/bahiaeconomica"]},{"@type":"Person","@id":"https:\/\/bahiaeconomica.com.br\/wp\/#\/schema\/person\/cb1ab5ba96ad3d9390805381c76284ec","name":"admin","url":"https:\/\/bahiaeconomica.com.br\/wp\/author\/admin\/"}]}},"views":6,"_links":{"self":[{"href":"https:\/\/bahiaeconomica.com.br\/wp\/wp-json\/wp\/v2\/posts\/519889"}],"collection":[{"href":"https:\/\/bahiaeconomica.com.br\/wp\/wp-json\/wp\/v2\/posts"}],"about":[{"href":"https:\/\/bahiaeconomica.com.br\/wp\/wp-json\/wp\/v2\/types\/post"}],"author":[{"embeddable":true,"href":"https:\/\/bahiaeconomica.com.br\/wp\/wp-json\/wp\/v2\/users\/1"}],"replies":[{"embeddable":true,"href":"https:\/\/bahiaeconomica.com.br\/wp\/wp-json\/wp\/v2\/comments?post=519889"}],"version-history":[{"count":1,"href":"https:\/\/bahiaeconomica.com.br\/wp\/wp-json\/wp\/v2\/posts\/519889\/revisions"}],"predecessor-version":[{"id":519891,"href":"https:\/\/bahiaeconomica.com.br\/wp\/wp-json\/wp\/v2\/posts\/519889\/revisions\/519891"}],"wp:featuredmedia":[{"embeddable":true,"href":"https:\/\/bahiaeconomica.com.br\/wp\/wp-json\/wp\/v2\/media\/514520"}],"wp:attachment":[{"href":"https:\/\/bahiaeconomica.com.br\/wp\/wp-json\/wp\/v2\/media?parent=519889"}],"wp:term":[{"taxonomy":"category","embeddable":true,"href":"https:\/\/bahiaeconomica.com.br\/wp\/wp-json\/wp\/v2\/categories?post=519889"},{"taxonomy":"post_tag","embeddable":true,"href":"https:\/\/bahiaeconomica.com.br\/wp\/wp-json\/wp\/v2\/tags?post=519889"}],"curies":[{"name":"wp","href":"https:\/\/api.w.org\/{rel}","templated":true}]}}