{"id":519618,"date":"2020-12-15T14:20:29","date_gmt":"2020-12-15T17:20:29","guid":{"rendered":"https:\/\/bahiaeconomica.com.br\/wp\/beta\/?p=519618"},"modified":"2020-12-15T14:11:13","modified_gmt":"2020-12-15T17:11:13","slug":"indice-geral-de-precos-varia-197-em-dezembro","status":"publish","type":"post","link":"https:\/\/bahiaeconomica.com.br\/wp\/2020\/12\/15\/indice-geral-de-precos-varia-197-em-dezembro\/","title":{"rendered":"\u00cdNDICE GERAL DE PRE\u00c7OS VARIA 1,97% EM DEZEMBRO"},"content":{"rendered":"<p>O \u00cdndice Geral de Pre\u00e7os &#8211; 10 (IGP-10) variou 1,97% em dezembro. No m\u00eas anterior, o \u00edndice havia apresentado taxa de 3,51%. De janeiro e dezembro de 2020, o<!--more--> \u00edndice acumulou alta de 24,16%. Em dezembro de 2019, o \u00edndice subira 1,69% no m\u00eas e acumulava eleva\u00e7\u00e3o de 6,39% em 12 meses. &#8220;O IGP-10 \u00e9 a primeira vers\u00e3o do \u00edndice geral a fechar o ano calend\u00e1rio, para o qual acumulou alta de 24,16%.<\/p>\n<p>A principal contribui\u00e7\u00e3o partiu do IPA que subiu 33,05% em 2020. Entre os tr\u00eas grupos que dividem o \u00edndice ao produtor por est\u00e1gios de processamento, o destaque coube \u00e0s mat\u00e9rias-primas brutas que subiram 64,17% e responderam por 61% do resultado do IPA. J\u00e1 o IPC fechou o ano com alta de 4,72%, acima da meta de infla\u00e7\u00e3o. O grupo alimenta\u00e7\u00e3o, que subiu 13,29% no ano, respondeu por 52% da infla\u00e7\u00e3o ao consumidor. Por fim, o INCC subiu 8,50% em 2020. O destaque ficou por conta do materiais, equipamentos e servi\u00e7os, cujos os pre\u00e7os avan\u00e7aram 15,34% no ano&#8221;, afirma Andr\u00e9 Braz, Coordenador dos \u00cdndices de Pre\u00e7os.<\/p>\n<p>O \u00cdndice de Pre\u00e7os ao Produtor Amplo (IPA) variou 2,27% em dezembro. No m\u00eas anterior, o \u00edndice havia registrado taxa de 4,59%. Na an\u00e1lise por est\u00e1gios de processamento, os pre\u00e7os dos Bens Finais variaram de 2,94% em novembro para 2,46% em dezembro. A principal contribui\u00e7\u00e3o para este resultado partiu do subgrupo alimentos in natura, cuja taxa passou de 10,85% para 7,50%. O \u00edndice relativo a Bens Finais (ex), que exclui os subgrupos alimentos in natura e combust\u00edveis para o consumo, variou 1,99% em dezembro. No m\u00eas anterior, a taxa havia sido 2,31%.<\/p>\n<p>A taxa do grupo Bens Intermedi\u00e1rios variou de 4,23% em novembro para 2,66% em dezembro. A principal contribui\u00e7\u00e3o para este movimento partiu do subgrupo materiais e componentes para a manufatura, cuja taxa passou de 4,69% para 2,53%. O \u00edndice de Bens Intermedi\u00e1rios (ex), obtido ap\u00f3s a exclus\u00e3o do subgrupo combust\u00edveis e lubrificantes para a produ\u00e7\u00e3o, variou 2,57% em dezembro, ante 4,31% no m\u00eas anterior.<\/p>\n<p>O \u00edndice do grupo Mat\u00e9rias-Primas Brutas passou de 6,19% em novembro para 1,80% em dezembro. As principais contribui\u00e7\u00f5es para este recuo partiram dos seguintes itens: soja em gr\u00e3o (13,87% para 0,07%), milho em gr\u00e3o (20,85% para 7,22%) e mandioca\/aipim (12,73% para -1,68%). Em sentido ascendente, os movimentos mais relevantes ocorreram nos itens min\u00e9rio de ferro (-1,40% para -0,17%), caf\u00e9 em gr\u00e3o (-1,85% para 6,97%) e aves (4,70% para 6,86%).<\/p>\n<p>O \u00cdndice de Pre\u00e7os ao Consumidor (IPC) subiu 1,27% em dezembro. Em novembro, o \u00edndice havia apresentado taxa de 0,55%. Sete das oito classes de despesa componentes do \u00edndice registraram acr\u00e9scimo em suas taxas de varia\u00e7\u00e3o, com destaque para o grupo Educa\u00e7\u00e3o, Leitura e Recrea\u00e7\u00e3o (0,40% para 4,50%). Nesta classe de despesa, vale citar o comportamento do item passagem a\u00e9rea, cuja taxa passou de 3,03% para 36,45%.<\/p>\n<p>Tamb\u00e9m apresentaram acr\u00e9scimo em suas taxas de varia\u00e7\u00e3o os grupos Habita\u00e7\u00e3o (0,25% para 1,21%), Alimenta\u00e7\u00e3o (1,54% para 1,95%), Transportes (0,66% para 0,93%), Despesas Diversas (-0,04% para 0,17%), Comunica\u00e7\u00e3o (0,06% para 0,13%) e Sa\u00fade e Cuidados Pessoais (0,08% para 0,11%). Nestas classes de despesa, as maiores influ\u00eancias partiram dos seguintes itens: tarifa de eletricidade residencial (-0,04% para 4,36%), frutas (0,09% para 2,02%), gasolina (1,28% para 1,79%), cigarros (-1,00% para 0,00%), mensalidade para TV por assinatura (-0,21% para 0,50%) e medicamentos em geral (-0,02% para 0,19%).<\/p>\n<p>Em contrapartida, apenas o grupo Vestu\u00e1rio (0,27% para -0,23%) apresentou decr\u00e9scimo em sua taxa de varia\u00e7\u00e3o. A principal contribui\u00e7\u00e3o para este movimento partiu do item roupas, cuja taxa passou de 0,23% para -0,31%. O \u00cdndice Nacional de Custo da Constru\u00e7\u00e3o (INCC) variou 1,12% em dezembro. No m\u00eas anterior a taxa subira 1,51%. Os tr\u00eas grupos componentes do INCC registraram as seguintes varia\u00e7\u00f5es na passagem de novembro para dezembro: Materiais e Equipamentos (3,47% para 2,49%), Servi\u00e7os (0,57% para 0,54%) e M\u00e3o de Obra (0,24% para 0,18%).<\/p>\n<p>Foto: divulga\u00e7\u00e3o<\/p>\n","protected":false},"excerpt":{"rendered":"<p>O \u00cdndice Geral de Pre\u00e7os &#8211; 10 (IGP-10) variou 1,97% em dezembro. No m\u00eas anterior, o \u00edndice havia apresentado taxa de 3,51%. De janeiro e dezembro de 2020, o<\/p>\n","protected":false},"author":1,"featured_media":499365,"comment_status":"closed","ping_status":"closed","sticky":false,"template":"","format":"standard","meta":[],"categories":[14,3],"tags":[],"acf":[],"yoast_head":"<!-- This site is optimized with the Yoast SEO plugin v20.8 - https:\/\/yoast.com\/wordpress\/plugins\/seo\/ -->\n<title>\u00cdNDICE GERAL DE PRE\u00c7OS VARIA 1,97% EM DEZEMBRO - Bahia Economica<\/title>\n<meta name=\"description\" content=\"O maior portal de Economia da Bahia DESTAQUE DO DIA, ECONOMIA \/ POL\u00cdTICA Bahia Economica\" \/>\n<meta name=\"robots\" content=\"index, follow, max-snippet:-1, max-image-preview:large, max-video-preview:-1\" \/>\n<link rel=\"canonical\" href=\"https:\/\/bahiaeconomica.com.br\/wp\/2020\/12\/15\/indice-geral-de-precos-varia-197-em-dezembro\/\" \/>\n<meta property=\"og:locale\" content=\"pt_BR\" \/>\n<meta property=\"og:type\" content=\"article\" \/>\n<meta property=\"og:title\" content=\"\u00cdNDICE GERAL DE PRE\u00c7OS VARIA 1,97% EM DEZEMBRO - Bahia Economica\" \/>\n<meta property=\"og:description\" content=\"O maior portal de Economia da Bahia DESTAQUE DO DIA, ECONOMIA \/ POL\u00cdTICA Bahia Economica\" \/>\n<meta property=\"og:url\" content=\"https:\/\/bahiaeconomica.com.br\/wp\/2020\/12\/15\/indice-geral-de-precos-varia-197-em-dezembro\/\" \/>\n<meta property=\"og:site_name\" content=\"Bahia Economica\" \/>\n<meta property=\"article:publisher\" content=\"https:\/\/www.facebook.com\/bahiaeconomica\" \/>\n<meta property=\"article:published_time\" content=\"2020-12-15T17:20:29+00:00\" \/>\n<meta property=\"article:modified_time\" content=\"2020-12-15T17:11:13+00:00\" \/>\n<meta property=\"og:image\" content=\"https:\/\/bahiaeconomica.com.br\/wp\/wp-content\/uploads\/2020\/10\/img1-Precos-de-eletrodomesticos-podem-variar-14329.jpg\" \/>\n\t<meta property=\"og:image:width\" content=\"500\" \/>\n\t<meta property=\"og:image:height\" content=\"333\" \/>\n\t<meta property=\"og:image:type\" content=\"image\/jpeg\" \/>\n<meta name=\"author\" content=\"admin\" \/>\n<meta name=\"twitter:card\" content=\"summary_large_image\" \/>\n<meta name=\"twitter:label1\" content=\"Escrito por\" \/>\n\t<meta name=\"twitter:data1\" content=\"admin\" \/>\n\t<meta name=\"twitter:label2\" content=\"Est. tempo de leitura\" \/>\n\t<meta name=\"twitter:data2\" content=\"3 minutos\" \/>\n<script type=\"application\/ld+json\" class=\"yoast-schema-graph\">{\"@context\":\"https:\/\/schema.org\",\"@graph\":[{\"@type\":\"Article\",\"@id\":\"https:\/\/bahiaeconomica.com.br\/wp\/2020\/12\/15\/indice-geral-de-precos-varia-197-em-dezembro\/#article\",\"isPartOf\":{\"@id\":\"https:\/\/bahiaeconomica.com.br\/wp\/2020\/12\/15\/indice-geral-de-precos-varia-197-em-dezembro\/\"},\"author\":{\"name\":\"admin\",\"@id\":\"https:\/\/bahiaeconomica.com.br\/wp\/#\/schema\/person\/cb1ab5ba96ad3d9390805381c76284ec\"},\"headline\":\"\u00cdNDICE GERAL DE PRE\u00c7OS VARIA 1,97% EM DEZEMBRO\",\"datePublished\":\"2020-12-15T17:20:29+00:00\",\"dateModified\":\"2020-12-15T17:11:13+00:00\",\"mainEntityOfPage\":{\"@id\":\"https:\/\/bahiaeconomica.com.br\/wp\/2020\/12\/15\/indice-geral-de-precos-varia-197-em-dezembro\/\"},\"wordCount\":634,\"publisher\":{\"@id\":\"https:\/\/bahiaeconomica.com.br\/wp\/#organization\"},\"articleSection\":[\"DESTAQUE DO DIA\",\"ECONOMIA \/ POL\u00cdTICA\"],\"inLanguage\":\"pt-BR\"},{\"@type\":\"WebPage\",\"@id\":\"https:\/\/bahiaeconomica.com.br\/wp\/2020\/12\/15\/indice-geral-de-precos-varia-197-em-dezembro\/\",\"url\":\"https:\/\/bahiaeconomica.com.br\/wp\/2020\/12\/15\/indice-geral-de-precos-varia-197-em-dezembro\/\",\"name\":\"\u00cdNDICE GERAL DE PRE\u00c7OS VARIA 1,97% EM DEZEMBRO - Bahia Economica\",\"isPartOf\":{\"@id\":\"https:\/\/bahiaeconomica.com.br\/wp\/#website\"},\"datePublished\":\"2020-12-15T17:20:29+00:00\",\"dateModified\":\"2020-12-15T17:11:13+00:00\",\"description\":\"O maior portal de Economia da Bahia DESTAQUE DO DIA, ECONOMIA \/ POL\u00cdTICA Bahia Economica\",\"breadcrumb\":{\"@id\":\"https:\/\/bahiaeconomica.com.br\/wp\/2020\/12\/15\/indice-geral-de-precos-varia-197-em-dezembro\/#breadcrumb\"},\"inLanguage\":\"pt-BR\",\"potentialAction\":[{\"@type\":\"ReadAction\",\"target\":[\"https:\/\/bahiaeconomica.com.br\/wp\/2020\/12\/15\/indice-geral-de-precos-varia-197-em-dezembro\/\"]}]},{\"@type\":\"BreadcrumbList\",\"@id\":\"https:\/\/bahiaeconomica.com.br\/wp\/2020\/12\/15\/indice-geral-de-precos-varia-197-em-dezembro\/#breadcrumb\",\"itemListElement\":[{\"@type\":\"ListItem\",\"position\":1,\"name\":\"In\u00edcio\",\"item\":\"https:\/\/bahiaeconomica.com.br\/wp\/\"},{\"@type\":\"ListItem\",\"position\":2,\"name\":\"\u00cdNDICE GERAL DE PRE\u00c7OS VARIA 1,97% EM DEZEMBRO\"}]},{\"@type\":\"WebSite\",\"@id\":\"https:\/\/bahiaeconomica.com.br\/wp\/#website\",\"url\":\"https:\/\/bahiaeconomica.com.br\/wp\/\",\"name\":\"Bahia Economica\",\"description\":\"O maior portal de Economia da Bahia\",\"publisher\":{\"@id\":\"https:\/\/bahiaeconomica.com.br\/wp\/#organization\"},\"potentialAction\":[{\"@type\":\"SearchAction\",\"target\":{\"@type\":\"EntryPoint\",\"urlTemplate\":\"https:\/\/bahiaeconomica.com.br\/wp\/?s={search_term_string}\"},\"query-input\":\"required name=search_term_string\"}],\"inLanguage\":\"pt-BR\"},{\"@type\":\"Organization\",\"@id\":\"https:\/\/bahiaeconomica.com.br\/wp\/#organization\",\"name\":\"Bahia Econ\u00f4mica\",\"url\":\"https:\/\/bahiaeconomica.com.br\/wp\/\",\"logo\":{\"@type\":\"ImageObject\",\"inLanguage\":\"pt-BR\",\"@id\":\"https:\/\/bahiaeconomica.com.br\/wp\/#\/schema\/logo\/image\/\",\"url\":\"https:\/\/bahiaeconomica.com.br\/wp\/wp-content\/uploads\/2020\/12\/cropped-BE.png\",\"contentUrl\":\"https:\/\/bahiaeconomica.com.br\/wp\/wp-content\/uploads\/2020\/12\/cropped-BE.png\",\"width\":512,\"height\":512,\"caption\":\"Bahia Econ\u00f4mica\"},\"image\":{\"@id\":\"https:\/\/bahiaeconomica.com.br\/wp\/#\/schema\/logo\/image\/\"},\"sameAs\":[\"https:\/\/www.facebook.com\/bahiaeconomica\"]},{\"@type\":\"Person\",\"@id\":\"https:\/\/bahiaeconomica.com.br\/wp\/#\/schema\/person\/cb1ab5ba96ad3d9390805381c76284ec\",\"name\":\"admin\",\"url\":\"https:\/\/bahiaeconomica.com.br\/wp\/author\/admin\/\"}]}<\/script>\n<!-- \/ Yoast SEO plugin. -->","yoast_head_json":{"title":"\u00cdNDICE GERAL DE PRE\u00c7OS VARIA 1,97% EM DEZEMBRO - Bahia Economica","description":"O maior portal de Economia da Bahia DESTAQUE DO DIA, ECONOMIA \/ POL\u00cdTICA Bahia Economica","robots":{"index":"index","follow":"follow","max-snippet":"max-snippet:-1","max-image-preview":"max-image-preview:large","max-video-preview":"max-video-preview:-1"},"canonical":"https:\/\/bahiaeconomica.com.br\/wp\/2020\/12\/15\/indice-geral-de-precos-varia-197-em-dezembro\/","og_locale":"pt_BR","og_type":"article","og_title":"\u00cdNDICE GERAL DE PRE\u00c7OS VARIA 1,97% EM DEZEMBRO - Bahia Economica","og_description":"O maior portal de Economia da Bahia DESTAQUE DO DIA, ECONOMIA \/ POL\u00cdTICA Bahia Economica","og_url":"https:\/\/bahiaeconomica.com.br\/wp\/2020\/12\/15\/indice-geral-de-precos-varia-197-em-dezembro\/","og_site_name":"Bahia Economica","article_publisher":"https:\/\/www.facebook.com\/bahiaeconomica","article_published_time":"2020-12-15T17:20:29+00:00","article_modified_time":"2020-12-15T17:11:13+00:00","og_image":[{"width":500,"height":333,"url":"https:\/\/bahiaeconomica.com.br\/wp\/wp-content\/uploads\/2020\/10\/img1-Precos-de-eletrodomesticos-podem-variar-14329.jpg","type":"image\/jpeg"}],"author":"admin","twitter_card":"summary_large_image","twitter_misc":{"Escrito por":"admin","Est. tempo de leitura":"3 minutos"},"schema":{"@context":"https:\/\/schema.org","@graph":[{"@type":"Article","@id":"https:\/\/bahiaeconomica.com.br\/wp\/2020\/12\/15\/indice-geral-de-precos-varia-197-em-dezembro\/#article","isPartOf":{"@id":"https:\/\/bahiaeconomica.com.br\/wp\/2020\/12\/15\/indice-geral-de-precos-varia-197-em-dezembro\/"},"author":{"name":"admin","@id":"https:\/\/bahiaeconomica.com.br\/wp\/#\/schema\/person\/cb1ab5ba96ad3d9390805381c76284ec"},"headline":"\u00cdNDICE GERAL DE PRE\u00c7OS VARIA 1,97% EM DEZEMBRO","datePublished":"2020-12-15T17:20:29+00:00","dateModified":"2020-12-15T17:11:13+00:00","mainEntityOfPage":{"@id":"https:\/\/bahiaeconomica.com.br\/wp\/2020\/12\/15\/indice-geral-de-precos-varia-197-em-dezembro\/"},"wordCount":634,"publisher":{"@id":"https:\/\/bahiaeconomica.com.br\/wp\/#organization"},"articleSection":["DESTAQUE DO DIA","ECONOMIA \/ POL\u00cdTICA"],"inLanguage":"pt-BR"},{"@type":"WebPage","@id":"https:\/\/bahiaeconomica.com.br\/wp\/2020\/12\/15\/indice-geral-de-precos-varia-197-em-dezembro\/","url":"https:\/\/bahiaeconomica.com.br\/wp\/2020\/12\/15\/indice-geral-de-precos-varia-197-em-dezembro\/","name":"\u00cdNDICE GERAL DE PRE\u00c7OS VARIA 1,97% EM DEZEMBRO - Bahia Economica","isPartOf":{"@id":"https:\/\/bahiaeconomica.com.br\/wp\/#website"},"datePublished":"2020-12-15T17:20:29+00:00","dateModified":"2020-12-15T17:11:13+00:00","description":"O maior portal de Economia da Bahia DESTAQUE DO DIA, ECONOMIA \/ POL\u00cdTICA Bahia Economica","breadcrumb":{"@id":"https:\/\/bahiaeconomica.com.br\/wp\/2020\/12\/15\/indice-geral-de-precos-varia-197-em-dezembro\/#breadcrumb"},"inLanguage":"pt-BR","potentialAction":[{"@type":"ReadAction","target":["https:\/\/bahiaeconomica.com.br\/wp\/2020\/12\/15\/indice-geral-de-precos-varia-197-em-dezembro\/"]}]},{"@type":"BreadcrumbList","@id":"https:\/\/bahiaeconomica.com.br\/wp\/2020\/12\/15\/indice-geral-de-precos-varia-197-em-dezembro\/#breadcrumb","itemListElement":[{"@type":"ListItem","position":1,"name":"In\u00edcio","item":"https:\/\/bahiaeconomica.com.br\/wp\/"},{"@type":"ListItem","position":2,"name":"\u00cdNDICE GERAL DE PRE\u00c7OS VARIA 1,97% EM DEZEMBRO"}]},{"@type":"WebSite","@id":"https:\/\/bahiaeconomica.com.br\/wp\/#website","url":"https:\/\/bahiaeconomica.com.br\/wp\/","name":"Bahia Economica","description":"O maior portal de Economia da Bahia","publisher":{"@id":"https:\/\/bahiaeconomica.com.br\/wp\/#organization"},"potentialAction":[{"@type":"SearchAction","target":{"@type":"EntryPoint","urlTemplate":"https:\/\/bahiaeconomica.com.br\/wp\/?s={search_term_string}"},"query-input":"required name=search_term_string"}],"inLanguage":"pt-BR"},{"@type":"Organization","@id":"https:\/\/bahiaeconomica.com.br\/wp\/#organization","name":"Bahia Econ\u00f4mica","url":"https:\/\/bahiaeconomica.com.br\/wp\/","logo":{"@type":"ImageObject","inLanguage":"pt-BR","@id":"https:\/\/bahiaeconomica.com.br\/wp\/#\/schema\/logo\/image\/","url":"https:\/\/bahiaeconomica.com.br\/wp\/wp-content\/uploads\/2020\/12\/cropped-BE.png","contentUrl":"https:\/\/bahiaeconomica.com.br\/wp\/wp-content\/uploads\/2020\/12\/cropped-BE.png","width":512,"height":512,"caption":"Bahia Econ\u00f4mica"},"image":{"@id":"https:\/\/bahiaeconomica.com.br\/wp\/#\/schema\/logo\/image\/"},"sameAs":["https:\/\/www.facebook.com\/bahiaeconomica"]},{"@type":"Person","@id":"https:\/\/bahiaeconomica.com.br\/wp\/#\/schema\/person\/cb1ab5ba96ad3d9390805381c76284ec","name":"admin","url":"https:\/\/bahiaeconomica.com.br\/wp\/author\/admin\/"}]}},"views":1,"_links":{"self":[{"href":"https:\/\/bahiaeconomica.com.br\/wp\/wp-json\/wp\/v2\/posts\/519618"}],"collection":[{"href":"https:\/\/bahiaeconomica.com.br\/wp\/wp-json\/wp\/v2\/posts"}],"about":[{"href":"https:\/\/bahiaeconomica.com.br\/wp\/wp-json\/wp\/v2\/types\/post"}],"author":[{"embeddable":true,"href":"https:\/\/bahiaeconomica.com.br\/wp\/wp-json\/wp\/v2\/users\/1"}],"replies":[{"embeddable":true,"href":"https:\/\/bahiaeconomica.com.br\/wp\/wp-json\/wp\/v2\/comments?post=519618"}],"version-history":[{"count":1,"href":"https:\/\/bahiaeconomica.com.br\/wp\/wp-json\/wp\/v2\/posts\/519618\/revisions"}],"predecessor-version":[{"id":519620,"href":"https:\/\/bahiaeconomica.com.br\/wp\/wp-json\/wp\/v2\/posts\/519618\/revisions\/519620"}],"wp:featuredmedia":[{"embeddable":true,"href":"https:\/\/bahiaeconomica.com.br\/wp\/wp-json\/wp\/v2\/media\/499365"}],"wp:attachment":[{"href":"https:\/\/bahiaeconomica.com.br\/wp\/wp-json\/wp\/v2\/media?parent=519618"}],"wp:term":[{"taxonomy":"category","embeddable":true,"href":"https:\/\/bahiaeconomica.com.br\/wp\/wp-json\/wp\/v2\/categories?post=519618"},{"taxonomy":"post_tag","embeddable":true,"href":"https:\/\/bahiaeconomica.com.br\/wp\/wp-json\/wp\/v2\/tags?post=519618"}],"curies":[{"name":"wp","href":"https:\/\/api.w.org\/{rel}","templated":true}]}}