{"id":519558,"date":"2020-12-15T09:21:27","date_gmt":"2020-12-15T12:21:27","guid":{"rendered":"https:\/\/bahiaeconomica.com.br\/wp\/beta\/?p=519558"},"modified":"2020-12-15T09:21:27","modified_gmt":"2020-12-15T12:21:27","slug":"prefeitura-deve-anunciar-novas-medidas-para-os-bares-do-rio-vermelho-e-de-itapua-hoje","status":"publish","type":"post","link":"https:\/\/bahiaeconomica.com.br\/wp\/2020\/12\/15\/prefeitura-deve-anunciar-novas-medidas-para-os-bares-do-rio-vermelho-e-de-itapua-hoje\/","title":{"rendered":"PREFEITURA DEVE ANUNCIAR NOVAS MEDIDAS PARA OS BARES DO RIO VERMELHO E DE ITAPU\u00c3 HOJE"},"content":{"rendered":"<p>Ap\u00f3s o primeiro final de semana de suspens\u00e3o das atividades dos bares e restaurantes a partir das 17h, nos bairros do Rio Vermelho e Itapu\u00e3, o prefeito ACM Neto informou que j\u00e1 destacou <!--more-->um grupo de trabalho para pensar alternativas aos protocolos de funcionamento dos estabelecimentos. A declara\u00e7\u00e3o foi dada ontem (14), ap\u00f3s reuni\u00e3o com o vereador Claudio Tinoco, o vereador eleito Daniel Alves e representantes da Associa\u00e7\u00e3o Brasileira de Bares e Restaurantes (Abrasel) para discutir alternativas ao fechamento de bares e restaurantes em Salvador.<\/p>\n<p>\u201cEu entendo que o melhor caminho \u00e9 o do di\u00e1logo institucional, e como fruto dessa boa conversa que tivemos aqui, j\u00e1 determinei ao secret\u00e1rio de Desenvolvimento Urbano, S\u00e9rgio Guanabara que coordene uma reuni\u00e3o para avaliar as medidas e ajustes, sobretudo no Rio Vermelho e Itapu\u00e3\u201d, afirma Neto. \u201cO mais importante \u00e9 n\u00e3o permitir a volta das aglomera\u00e7\u00f5es, mas com seguran\u00e7a, regras, protocolos e trabalho lado a lado, e espero que nos pr\u00f3ximos dias possamos chegar a novas conclus\u00f5es e at\u00e9 quarta-feira fazer o an\u00fancio de como ficar\u00e1 o final de semana nesses dois bairros\u201d, conclui.<\/p>\n<p>Daniel Alves, que \u00e9 ex-presidente da Abrasel, foi procurado para mediar o di\u00e1logo com a Prefeitura e se prontificou a ajudar na elabora\u00e7\u00e3o de um plano de medidas que possam priorizar a sa\u00fade da popula\u00e7\u00e3o sem prejudicar a economia. O vereador eleito considera importante intensificar o di\u00e1logo com o poder p\u00fablico para que os resultados de novos protocolos possam conter as aglomera\u00e7\u00f5es, sem impactar negativamente na atividade econ\u00f4mica do munic\u00edpio.\u00a0 \u201cO prefeito ACM Neto foi muito receptivo para dialogar sobre os protocolos de funcionamento dos bares e restaurantes, pois todos n\u00f3s entendemos que s\u00f3 a uni\u00e3o entre o setor, o poder p\u00fablico e a popula\u00e7\u00e3o poder\u00e1 permitir a volta das atividades com as restri\u00e7\u00f5es adequadas e ao mesmo tempo evitar aquelas cenas de aglomera\u00e7\u00e3o que vimos nas \u00faltimas semanas\u201d, disse.<\/p>\n<p>Foto : Divulga\u00e7\u00e3o<\/p>\n","protected":false},"excerpt":{"rendered":"<p>Ap\u00f3s o primeiro final de semana de suspens\u00e3o das atividades dos bares e restaurantes a partir das 17h, nos bairros do Rio Vermelho e Itapu\u00e3, o prefeito ACM Neto informou que j\u00e1 destacou<\/p>\n","protected":false},"author":1,"featured_media":485647,"comment_status":"closed","ping_status":"closed","sticky":false,"template":"","format":"standard","meta":[],"categories":[3],"tags":[],"acf":[],"yoast_head":"<!-- This site is optimized with the Yoast SEO plugin v20.8 - https:\/\/yoast.com\/wordpress\/plugins\/seo\/ -->\n<title>PREFEITURA DEVE ANUNCIAR NOVAS MEDIDAS PARA OS BARES DO RIO VERMELHO E DE ITAPU\u00c3 HOJE - Bahia Economica<\/title>\n<meta name=\"description\" content=\"O maior portal de Economia da Bahia ECONOMIA \/ POL\u00cdTICA Bahia Economica\" \/>\n<meta name=\"robots\" content=\"index, follow, max-snippet:-1, max-image-preview:large, max-video-preview:-1\" \/>\n<link rel=\"canonical\" href=\"https:\/\/bahiaeconomica.com.br\/wp\/2020\/12\/15\/prefeitura-deve-anunciar-novas-medidas-para-os-bares-do-rio-vermelho-e-de-itapua-hoje\/\" \/>\n<meta property=\"og:locale\" content=\"pt_BR\" \/>\n<meta property=\"og:type\" content=\"article\" \/>\n<meta property=\"og:title\" content=\"PREFEITURA DEVE ANUNCIAR NOVAS MEDIDAS PARA OS BARES DO RIO VERMELHO E DE ITAPU\u00c3 HOJE - Bahia Economica\" \/>\n<meta property=\"og:description\" content=\"O maior portal de Economia da Bahia ECONOMIA \/ POL\u00cdTICA Bahia Economica\" \/>\n<meta property=\"og:url\" content=\"https:\/\/bahiaeconomica.com.br\/wp\/2020\/12\/15\/prefeitura-deve-anunciar-novas-medidas-para-os-bares-do-rio-vermelho-e-de-itapua-hoje\/\" \/>\n<meta property=\"og:site_name\" content=\"Bahia Economica\" \/>\n<meta property=\"article:publisher\" content=\"https:\/\/www.facebook.com\/bahiaeconomica\" \/>\n<meta property=\"article:published_time\" content=\"2020-12-15T12:21:27+00:00\" \/>\n<meta property=\"og:image\" content=\"https:\/\/bahiaeconomica.com.br\/wp\/wp-content\/uploads\/2020\/08\/Bares-e-restaurantes-Foto-Bruno-Concha_Secom_Pms-3-1.jpg\" \/>\n\t<meta property=\"og:image:width\" content=\"770\" \/>\n\t<meta property=\"og:image:height\" content=\"474\" \/>\n\t<meta property=\"og:image:type\" content=\"image\/jpeg\" \/>\n<meta name=\"author\" content=\"admin\" \/>\n<meta name=\"twitter:card\" content=\"summary_large_image\" \/>\n<meta name=\"twitter:label1\" content=\"Escrito por\" \/>\n\t<meta name=\"twitter:data1\" content=\"admin\" \/>\n\t<meta name=\"twitter:label2\" content=\"Est. tempo de leitura\" \/>\n\t<meta name=\"twitter:data2\" content=\"2 minutos\" \/>\n<script type=\"application\/ld+json\" class=\"yoast-schema-graph\">{\"@context\":\"https:\/\/schema.org\",\"@graph\":[{\"@type\":\"Article\",\"@id\":\"https:\/\/bahiaeconomica.com.br\/wp\/2020\/12\/15\/prefeitura-deve-anunciar-novas-medidas-para-os-bares-do-rio-vermelho-e-de-itapua-hoje\/#article\",\"isPartOf\":{\"@id\":\"https:\/\/bahiaeconomica.com.br\/wp\/2020\/12\/15\/prefeitura-deve-anunciar-novas-medidas-para-os-bares-do-rio-vermelho-e-de-itapua-hoje\/\"},\"author\":{\"name\":\"admin\",\"@id\":\"https:\/\/bahiaeconomica.com.br\/wp\/#\/schema\/person\/cb1ab5ba96ad3d9390805381c76284ec\"},\"headline\":\"PREFEITURA DEVE ANUNCIAR NOVAS MEDIDAS PARA OS BARES DO RIO VERMELHO E DE ITAPU\u00c3 HOJE\",\"datePublished\":\"2020-12-15T12:21:27+00:00\",\"dateModified\":\"2020-12-15T12:21:27+00:00\",\"mainEntityOfPage\":{\"@id\":\"https:\/\/bahiaeconomica.com.br\/wp\/2020\/12\/15\/prefeitura-deve-anunciar-novas-medidas-para-os-bares-do-rio-vermelho-e-de-itapua-hoje\/\"},\"wordCount\":355,\"publisher\":{\"@id\":\"https:\/\/bahiaeconomica.com.br\/wp\/#organization\"},\"articleSection\":[\"ECONOMIA \/ POL\u00cdTICA\"],\"inLanguage\":\"pt-BR\"},{\"@type\":\"WebPage\",\"@id\":\"https:\/\/bahiaeconomica.com.br\/wp\/2020\/12\/15\/prefeitura-deve-anunciar-novas-medidas-para-os-bares-do-rio-vermelho-e-de-itapua-hoje\/\",\"url\":\"https:\/\/bahiaeconomica.com.br\/wp\/2020\/12\/15\/prefeitura-deve-anunciar-novas-medidas-para-os-bares-do-rio-vermelho-e-de-itapua-hoje\/\",\"name\":\"PREFEITURA DEVE ANUNCIAR NOVAS MEDIDAS PARA OS BARES DO RIO VERMELHO E DE ITAPU\u00c3 HOJE - Bahia Economica\",\"isPartOf\":{\"@id\":\"https:\/\/bahiaeconomica.com.br\/wp\/#website\"},\"datePublished\":\"2020-12-15T12:21:27+00:00\",\"dateModified\":\"2020-12-15T12:21:27+00:00\",\"description\":\"O maior portal de Economia da Bahia ECONOMIA \/ POL\u00cdTICA Bahia Economica\",\"breadcrumb\":{\"@id\":\"https:\/\/bahiaeconomica.com.br\/wp\/2020\/12\/15\/prefeitura-deve-anunciar-novas-medidas-para-os-bares-do-rio-vermelho-e-de-itapua-hoje\/#breadcrumb\"},\"inLanguage\":\"pt-BR\",\"potentialAction\":[{\"@type\":\"ReadAction\",\"target\":[\"https:\/\/bahiaeconomica.com.br\/wp\/2020\/12\/15\/prefeitura-deve-anunciar-novas-medidas-para-os-bares-do-rio-vermelho-e-de-itapua-hoje\/\"]}]},{\"@type\":\"BreadcrumbList\",\"@id\":\"https:\/\/bahiaeconomica.com.br\/wp\/2020\/12\/15\/prefeitura-deve-anunciar-novas-medidas-para-os-bares-do-rio-vermelho-e-de-itapua-hoje\/#breadcrumb\",\"itemListElement\":[{\"@type\":\"ListItem\",\"position\":1,\"name\":\"In\u00edcio\",\"item\":\"https:\/\/bahiaeconomica.com.br\/wp\/\"},{\"@type\":\"ListItem\",\"position\":2,\"name\":\"PREFEITURA DEVE ANUNCIAR NOVAS MEDIDAS PARA OS BARES DO RIO VERMELHO E DE ITAPU\u00c3 HOJE\"}]},{\"@type\":\"WebSite\",\"@id\":\"https:\/\/bahiaeconomica.com.br\/wp\/#website\",\"url\":\"https:\/\/bahiaeconomica.com.br\/wp\/\",\"name\":\"Bahia Economica\",\"description\":\"O maior portal de Economia da Bahia\",\"publisher\":{\"@id\":\"https:\/\/bahiaeconomica.com.br\/wp\/#organization\"},\"potentialAction\":[{\"@type\":\"SearchAction\",\"target\":{\"@type\":\"EntryPoint\",\"urlTemplate\":\"https:\/\/bahiaeconomica.com.br\/wp\/?s={search_term_string}\"},\"query-input\":\"required name=search_term_string\"}],\"inLanguage\":\"pt-BR\"},{\"@type\":\"Organization\",\"@id\":\"https:\/\/bahiaeconomica.com.br\/wp\/#organization\",\"name\":\"Bahia Econ\u00f4mica\",\"url\":\"https:\/\/bahiaeconomica.com.br\/wp\/\",\"logo\":{\"@type\":\"ImageObject\",\"inLanguage\":\"pt-BR\",\"@id\":\"https:\/\/bahiaeconomica.com.br\/wp\/#\/schema\/logo\/image\/\",\"url\":\"https:\/\/bahiaeconomica.com.br\/wp\/wp-content\/uploads\/2020\/12\/cropped-BE.png\",\"contentUrl\":\"https:\/\/bahiaeconomica.com.br\/wp\/wp-content\/uploads\/2020\/12\/cropped-BE.png\",\"width\":512,\"height\":512,\"caption\":\"Bahia Econ\u00f4mica\"},\"image\":{\"@id\":\"https:\/\/bahiaeconomica.com.br\/wp\/#\/schema\/logo\/image\/\"},\"sameAs\":[\"https:\/\/www.facebook.com\/bahiaeconomica\"]},{\"@type\":\"Person\",\"@id\":\"https:\/\/bahiaeconomica.com.br\/wp\/#\/schema\/person\/cb1ab5ba96ad3d9390805381c76284ec\",\"name\":\"admin\",\"url\":\"https:\/\/bahiaeconomica.com.br\/wp\/author\/admin\/\"}]}<\/script>\n<!-- \/ Yoast SEO plugin. -->","yoast_head_json":{"title":"PREFEITURA DEVE ANUNCIAR NOVAS MEDIDAS PARA OS BARES DO RIO VERMELHO E DE ITAPU\u00c3 HOJE - Bahia Economica","description":"O maior portal de Economia da Bahia ECONOMIA \/ POL\u00cdTICA Bahia Economica","robots":{"index":"index","follow":"follow","max-snippet":"max-snippet:-1","max-image-preview":"max-image-preview:large","max-video-preview":"max-video-preview:-1"},"canonical":"https:\/\/bahiaeconomica.com.br\/wp\/2020\/12\/15\/prefeitura-deve-anunciar-novas-medidas-para-os-bares-do-rio-vermelho-e-de-itapua-hoje\/","og_locale":"pt_BR","og_type":"article","og_title":"PREFEITURA DEVE ANUNCIAR NOVAS MEDIDAS PARA OS BARES DO RIO VERMELHO E DE ITAPU\u00c3 HOJE - Bahia Economica","og_description":"O maior portal de Economia da Bahia ECONOMIA \/ POL\u00cdTICA Bahia Economica","og_url":"https:\/\/bahiaeconomica.com.br\/wp\/2020\/12\/15\/prefeitura-deve-anunciar-novas-medidas-para-os-bares-do-rio-vermelho-e-de-itapua-hoje\/","og_site_name":"Bahia Economica","article_publisher":"https:\/\/www.facebook.com\/bahiaeconomica","article_published_time":"2020-12-15T12:21:27+00:00","og_image":[{"width":770,"height":474,"url":"https:\/\/bahiaeconomica.com.br\/wp\/wp-content\/uploads\/2020\/08\/Bares-e-restaurantes-Foto-Bruno-Concha_Secom_Pms-3-1.jpg","type":"image\/jpeg"}],"author":"admin","twitter_card":"summary_large_image","twitter_misc":{"Escrito por":"admin","Est. tempo de leitura":"2 minutos"},"schema":{"@context":"https:\/\/schema.org","@graph":[{"@type":"Article","@id":"https:\/\/bahiaeconomica.com.br\/wp\/2020\/12\/15\/prefeitura-deve-anunciar-novas-medidas-para-os-bares-do-rio-vermelho-e-de-itapua-hoje\/#article","isPartOf":{"@id":"https:\/\/bahiaeconomica.com.br\/wp\/2020\/12\/15\/prefeitura-deve-anunciar-novas-medidas-para-os-bares-do-rio-vermelho-e-de-itapua-hoje\/"},"author":{"name":"admin","@id":"https:\/\/bahiaeconomica.com.br\/wp\/#\/schema\/person\/cb1ab5ba96ad3d9390805381c76284ec"},"headline":"PREFEITURA DEVE ANUNCIAR NOVAS MEDIDAS PARA OS BARES DO RIO VERMELHO E DE ITAPU\u00c3 HOJE","datePublished":"2020-12-15T12:21:27+00:00","dateModified":"2020-12-15T12:21:27+00:00","mainEntityOfPage":{"@id":"https:\/\/bahiaeconomica.com.br\/wp\/2020\/12\/15\/prefeitura-deve-anunciar-novas-medidas-para-os-bares-do-rio-vermelho-e-de-itapua-hoje\/"},"wordCount":355,"publisher":{"@id":"https:\/\/bahiaeconomica.com.br\/wp\/#organization"},"articleSection":["ECONOMIA \/ POL\u00cdTICA"],"inLanguage":"pt-BR"},{"@type":"WebPage","@id":"https:\/\/bahiaeconomica.com.br\/wp\/2020\/12\/15\/prefeitura-deve-anunciar-novas-medidas-para-os-bares-do-rio-vermelho-e-de-itapua-hoje\/","url":"https:\/\/bahiaeconomica.com.br\/wp\/2020\/12\/15\/prefeitura-deve-anunciar-novas-medidas-para-os-bares-do-rio-vermelho-e-de-itapua-hoje\/","name":"PREFEITURA DEVE ANUNCIAR NOVAS MEDIDAS PARA OS BARES DO RIO VERMELHO E DE ITAPU\u00c3 HOJE - Bahia Economica","isPartOf":{"@id":"https:\/\/bahiaeconomica.com.br\/wp\/#website"},"datePublished":"2020-12-15T12:21:27+00:00","dateModified":"2020-12-15T12:21:27+00:00","description":"O maior portal de Economia da Bahia ECONOMIA \/ POL\u00cdTICA Bahia Economica","breadcrumb":{"@id":"https:\/\/bahiaeconomica.com.br\/wp\/2020\/12\/15\/prefeitura-deve-anunciar-novas-medidas-para-os-bares-do-rio-vermelho-e-de-itapua-hoje\/#breadcrumb"},"inLanguage":"pt-BR","potentialAction":[{"@type":"ReadAction","target":["https:\/\/bahiaeconomica.com.br\/wp\/2020\/12\/15\/prefeitura-deve-anunciar-novas-medidas-para-os-bares-do-rio-vermelho-e-de-itapua-hoje\/"]}]},{"@type":"BreadcrumbList","@id":"https:\/\/bahiaeconomica.com.br\/wp\/2020\/12\/15\/prefeitura-deve-anunciar-novas-medidas-para-os-bares-do-rio-vermelho-e-de-itapua-hoje\/#breadcrumb","itemListElement":[{"@type":"ListItem","position":1,"name":"In\u00edcio","item":"https:\/\/bahiaeconomica.com.br\/wp\/"},{"@type":"ListItem","position":2,"name":"PREFEITURA DEVE ANUNCIAR NOVAS MEDIDAS PARA OS BARES DO RIO VERMELHO E DE ITAPU\u00c3 HOJE"}]},{"@type":"WebSite","@id":"https:\/\/bahiaeconomica.com.br\/wp\/#website","url":"https:\/\/bahiaeconomica.com.br\/wp\/","name":"Bahia Economica","description":"O maior portal de Economia da Bahia","publisher":{"@id":"https:\/\/bahiaeconomica.com.br\/wp\/#organization"},"potentialAction":[{"@type":"SearchAction","target":{"@type":"EntryPoint","urlTemplate":"https:\/\/bahiaeconomica.com.br\/wp\/?s={search_term_string}"},"query-input":"required name=search_term_string"}],"inLanguage":"pt-BR"},{"@type":"Organization","@id":"https:\/\/bahiaeconomica.com.br\/wp\/#organization","name":"Bahia Econ\u00f4mica","url":"https:\/\/bahiaeconomica.com.br\/wp\/","logo":{"@type":"ImageObject","inLanguage":"pt-BR","@id":"https:\/\/bahiaeconomica.com.br\/wp\/#\/schema\/logo\/image\/","url":"https:\/\/bahiaeconomica.com.br\/wp\/wp-content\/uploads\/2020\/12\/cropped-BE.png","contentUrl":"https:\/\/bahiaeconomica.com.br\/wp\/wp-content\/uploads\/2020\/12\/cropped-BE.png","width":512,"height":512,"caption":"Bahia Econ\u00f4mica"},"image":{"@id":"https:\/\/bahiaeconomica.com.br\/wp\/#\/schema\/logo\/image\/"},"sameAs":["https:\/\/www.facebook.com\/bahiaeconomica"]},{"@type":"Person","@id":"https:\/\/bahiaeconomica.com.br\/wp\/#\/schema\/person\/cb1ab5ba96ad3d9390805381c76284ec","name":"admin","url":"https:\/\/bahiaeconomica.com.br\/wp\/author\/admin\/"}]}},"views":3,"_links":{"self":[{"href":"https:\/\/bahiaeconomica.com.br\/wp\/wp-json\/wp\/v2\/posts\/519558"}],"collection":[{"href":"https:\/\/bahiaeconomica.com.br\/wp\/wp-json\/wp\/v2\/posts"}],"about":[{"href":"https:\/\/bahiaeconomica.com.br\/wp\/wp-json\/wp\/v2\/types\/post"}],"author":[{"embeddable":true,"href":"https:\/\/bahiaeconomica.com.br\/wp\/wp-json\/wp\/v2\/users\/1"}],"replies":[{"embeddable":true,"href":"https:\/\/bahiaeconomica.com.br\/wp\/wp-json\/wp\/v2\/comments?post=519558"}],"version-history":[{"count":1,"href":"https:\/\/bahiaeconomica.com.br\/wp\/wp-json\/wp\/v2\/posts\/519558\/revisions"}],"predecessor-version":[{"id":519560,"href":"https:\/\/bahiaeconomica.com.br\/wp\/wp-json\/wp\/v2\/posts\/519558\/revisions\/519560"}],"wp:featuredmedia":[{"embeddable":true,"href":"https:\/\/bahiaeconomica.com.br\/wp\/wp-json\/wp\/v2\/media\/485647"}],"wp:attachment":[{"href":"https:\/\/bahiaeconomica.com.br\/wp\/wp-json\/wp\/v2\/media?parent=519558"}],"wp:term":[{"taxonomy":"category","embeddable":true,"href":"https:\/\/bahiaeconomica.com.br\/wp\/wp-json\/wp\/v2\/categories?post=519558"},{"taxonomy":"post_tag","embeddable":true,"href":"https:\/\/bahiaeconomica.com.br\/wp\/wp-json\/wp\/v2\/tags?post=519558"}],"curies":[{"name":"wp","href":"https:\/\/api.w.org\/{rel}","templated":true}]}}