{"id":515866,"date":"2020-12-02T16:25:05","date_gmt":"2020-12-02T19:25:05","guid":{"rendered":"https:\/\/bahiaeconomica.com.br\/wp\/beta\/?p=515866"},"modified":"2020-12-02T17:27:06","modified_gmt":"2020-12-02T20:27:06","slug":"scream-salvador-evento-da-industria-criativa-comeca-sabado-4","status":"publish","type":"post","link":"https:\/\/bahiaeconomica.com.br\/wp\/2020\/12\/02\/scream-salvador-evento-da-industria-criativa-comeca-sabado-4\/","title":{"rendered":"SCREAM SALVADOR: EVENTO DA IND\u00daSTRIA CRIATIVA COME\u00c7A SEXTA"},"content":{"rendered":"<p>Neste fim de semana, a capital baiana sedia um dos maiores eventos da ind\u00fastria criativa realizados no Nordeste: o Scream \u2013 Salvador Creativity and <!--more-->Media Festival. O evento ser\u00e1 realizado na capital baiana pela terceira vez e, nesta edi\u00e7\u00e3o, ser\u00e1 totalmente on-line, abordando o tema &#8220;Chega de Normal&#8221;. O evento \u00e9 realizado pela Associa\u00e7\u00e3o Baiana do Mercado Publicit\u00e1rio (ABMP), em parceria com a Empresa Salvador Turismo (Saltur).<\/p>\n<p>As inscri\u00e7\u00f5es s\u00e3o ilimitadas, abertas para todo o Brasil e podem ser efetuadas at\u00e9 o dia 5 de dezembro. Para participar, os interessados devem acessar o site <a href=\"https:\/\/www.screamfestival.com.br\/\">www. screamfestival. com. br<\/a>. Esta edi\u00e7\u00e3o o p\u00fablico vai poder contar com 48 horas de evento, tr\u00eas salas com palestras e mais de 100 palestrantes.<\/p>\n<p>&#8220;Mais uma vez Salvador mostra que tem sangue criativo e entusiasmo para fazer a diferen\u00e7a. Vamos realizar o maior evento de criatividade e m\u00eddia do Nordeste. O Scream 2020 est\u00e1 com uma programa\u00e7\u00e3o especial e com abordagens pertinentes \u00e0 atualidade. Tenho certeza que ser\u00e1, mais uma vez, surpreendente&#8221;, afirma o presidente da Saltur, Isaac Edington.<\/p>\n<p>Projeto &#8211; O festival \u00e9 conhecido por ser o maior evento de criatividade e m\u00eddia do Nordeste, pois conta com uma grade de palestrantes com nomes reconhecidos nacionalmente e nomes internacionais in\u00e9ditos. Tendo comportamento e diversidade como princ\u00edpios, as trilhas tem\u00e1ticas deste ano foram definidas em empreendedorismo focado, inova\u00e7\u00e3o aplicada, cidades \u2013 a melhor inven\u00e7\u00e3o da humanidade, cultura e voca\u00e7\u00e3o.<\/p>\n<p>Como nas duas edi\u00e7\u00f5es anteriores, o palco das palestras ficar\u00e1 no Centro Hist\u00f3rico de Salvador, mantendo a raiz e valores culturais do projeto que evidencia a capital baiana como celeiro criativo.<\/p>\n<p>_Foto Max Haack_Ag Haack<\/p>\n","protected":false},"excerpt":{"rendered":"<p>Neste fim de semana, a capital baiana sedia um dos maiores eventos da ind\u00fastria criativa realizados no Nordeste: o Scream \u2013 Salvador Creativity and<\/p>\n","protected":false},"author":1,"featured_media":515868,"comment_status":"closed","ping_status":"closed","sticky":false,"template":"","format":"standard","meta":[],"categories":[14,3],"tags":[],"acf":[],"yoast_head":"<!-- This site is optimized with the Yoast SEO plugin v20.8 - https:\/\/yoast.com\/wordpress\/plugins\/seo\/ -->\n<title>SCREAM SALVADOR: EVENTO DA IND\u00daSTRIA CRIATIVA COME\u00c7A SEXTA - Bahia Economica<\/title>\n<meta name=\"description\" content=\"O maior portal de Economia da Bahia DESTAQUE DO DIA, ECONOMIA \/ POL\u00cdTICA Bahia Economica\" \/>\n<meta name=\"robots\" content=\"index, follow, max-snippet:-1, max-image-preview:large, max-video-preview:-1\" \/>\n<link rel=\"canonical\" href=\"https:\/\/bahiaeconomica.com.br\/wp\/2020\/12\/02\/scream-salvador-evento-da-industria-criativa-comeca-sabado-4\/\" \/>\n<meta property=\"og:locale\" content=\"pt_BR\" \/>\n<meta property=\"og:type\" content=\"article\" \/>\n<meta property=\"og:title\" content=\"SCREAM SALVADOR: EVENTO DA IND\u00daSTRIA CRIATIVA COME\u00c7A SEXTA - Bahia Economica\" \/>\n<meta property=\"og:description\" content=\"O maior portal de Economia da Bahia DESTAQUE DO DIA, ECONOMIA \/ POL\u00cdTICA Bahia Economica\" \/>\n<meta property=\"og:url\" content=\"https:\/\/bahiaeconomica.com.br\/wp\/2020\/12\/02\/scream-salvador-evento-da-industria-criativa-comeca-sabado-4\/\" \/>\n<meta property=\"og:site_name\" content=\"Bahia Economica\" \/>\n<meta property=\"article:publisher\" content=\"https:\/\/www.facebook.com\/bahiaeconomica\" \/>\n<meta property=\"article:published_time\" content=\"2020-12-02T19:25:05+00:00\" \/>\n<meta property=\"article:modified_time\" content=\"2020-12-02T20:27:06+00:00\" \/>\n<meta property=\"og:image\" content=\"https:\/\/bahiaeconomica.com.br\/wp\/wp-content\/uploads\/2020\/12\/scream_alo_alo_bahia.jpg\" \/>\n\t<meta property=\"og:image:width\" content=\"500\" \/>\n\t<meta property=\"og:image:height\" content=\"300\" \/>\n\t<meta property=\"og:image:type\" content=\"image\/jpeg\" \/>\n<meta name=\"author\" content=\"admin\" \/>\n<meta name=\"twitter:card\" content=\"summary_large_image\" \/>\n<meta name=\"twitter:label1\" content=\"Escrito por\" \/>\n\t<meta name=\"twitter:data1\" content=\"admin\" \/>\n\t<meta name=\"twitter:label2\" content=\"Est. tempo de leitura\" \/>\n\t<meta name=\"twitter:data2\" content=\"1 minuto\" \/>\n<script type=\"application\/ld+json\" class=\"yoast-schema-graph\">{\"@context\":\"https:\/\/schema.org\",\"@graph\":[{\"@type\":\"Article\",\"@id\":\"https:\/\/bahiaeconomica.com.br\/wp\/2020\/12\/02\/scream-salvador-evento-da-industria-criativa-comeca-sabado-4\/#article\",\"isPartOf\":{\"@id\":\"https:\/\/bahiaeconomica.com.br\/wp\/2020\/12\/02\/scream-salvador-evento-da-industria-criativa-comeca-sabado-4\/\"},\"author\":{\"name\":\"admin\",\"@id\":\"https:\/\/bahiaeconomica.com.br\/wp\/#\/schema\/person\/cb1ab5ba96ad3d9390805381c76284ec\"},\"headline\":\"SCREAM SALVADOR: EVENTO DA IND\u00daSTRIA CRIATIVA COME\u00c7A SEXTA\",\"datePublished\":\"2020-12-02T19:25:05+00:00\",\"dateModified\":\"2020-12-02T20:27:06+00:00\",\"mainEntityOfPage\":{\"@id\":\"https:\/\/bahiaeconomica.com.br\/wp\/2020\/12\/02\/scream-salvador-evento-da-industria-criativa-comeca-sabado-4\/\"},\"wordCount\":292,\"publisher\":{\"@id\":\"https:\/\/bahiaeconomica.com.br\/wp\/#organization\"},\"articleSection\":[\"DESTAQUE DO DIA\",\"ECONOMIA \/ POL\u00cdTICA\"],\"inLanguage\":\"pt-BR\"},{\"@type\":\"WebPage\",\"@id\":\"https:\/\/bahiaeconomica.com.br\/wp\/2020\/12\/02\/scream-salvador-evento-da-industria-criativa-comeca-sabado-4\/\",\"url\":\"https:\/\/bahiaeconomica.com.br\/wp\/2020\/12\/02\/scream-salvador-evento-da-industria-criativa-comeca-sabado-4\/\",\"name\":\"SCREAM SALVADOR: EVENTO DA IND\u00daSTRIA CRIATIVA COME\u00c7A SEXTA - Bahia Economica\",\"isPartOf\":{\"@id\":\"https:\/\/bahiaeconomica.com.br\/wp\/#website\"},\"datePublished\":\"2020-12-02T19:25:05+00:00\",\"dateModified\":\"2020-12-02T20:27:06+00:00\",\"description\":\"O maior portal de Economia da Bahia DESTAQUE DO DIA, ECONOMIA \/ POL\u00cdTICA Bahia Economica\",\"breadcrumb\":{\"@id\":\"https:\/\/bahiaeconomica.com.br\/wp\/2020\/12\/02\/scream-salvador-evento-da-industria-criativa-comeca-sabado-4\/#breadcrumb\"},\"inLanguage\":\"pt-BR\",\"potentialAction\":[{\"@type\":\"ReadAction\",\"target\":[\"https:\/\/bahiaeconomica.com.br\/wp\/2020\/12\/02\/scream-salvador-evento-da-industria-criativa-comeca-sabado-4\/\"]}]},{\"@type\":\"BreadcrumbList\",\"@id\":\"https:\/\/bahiaeconomica.com.br\/wp\/2020\/12\/02\/scream-salvador-evento-da-industria-criativa-comeca-sabado-4\/#breadcrumb\",\"itemListElement\":[{\"@type\":\"ListItem\",\"position\":1,\"name\":\"In\u00edcio\",\"item\":\"https:\/\/bahiaeconomica.com.br\/wp\/\"},{\"@type\":\"ListItem\",\"position\":2,\"name\":\"SCREAM SALVADOR: EVENTO DA IND\u00daSTRIA CRIATIVA COME\u00c7A SEXTA\"}]},{\"@type\":\"WebSite\",\"@id\":\"https:\/\/bahiaeconomica.com.br\/wp\/#website\",\"url\":\"https:\/\/bahiaeconomica.com.br\/wp\/\",\"name\":\"Bahia Economica\",\"description\":\"O maior portal de Economia da Bahia\",\"publisher\":{\"@id\":\"https:\/\/bahiaeconomica.com.br\/wp\/#organization\"},\"potentialAction\":[{\"@type\":\"SearchAction\",\"target\":{\"@type\":\"EntryPoint\",\"urlTemplate\":\"https:\/\/bahiaeconomica.com.br\/wp\/?s={search_term_string}\"},\"query-input\":\"required name=search_term_string\"}],\"inLanguage\":\"pt-BR\"},{\"@type\":\"Organization\",\"@id\":\"https:\/\/bahiaeconomica.com.br\/wp\/#organization\",\"name\":\"Bahia Econ\u00f4mica\",\"url\":\"https:\/\/bahiaeconomica.com.br\/wp\/\",\"logo\":{\"@type\":\"ImageObject\",\"inLanguage\":\"pt-BR\",\"@id\":\"https:\/\/bahiaeconomica.com.br\/wp\/#\/schema\/logo\/image\/\",\"url\":\"https:\/\/bahiaeconomica.com.br\/wp\/wp-content\/uploads\/2020\/12\/cropped-BE.png\",\"contentUrl\":\"https:\/\/bahiaeconomica.com.br\/wp\/wp-content\/uploads\/2020\/12\/cropped-BE.png\",\"width\":512,\"height\":512,\"caption\":\"Bahia Econ\u00f4mica\"},\"image\":{\"@id\":\"https:\/\/bahiaeconomica.com.br\/wp\/#\/schema\/logo\/image\/\"},\"sameAs\":[\"https:\/\/www.facebook.com\/bahiaeconomica\"]},{\"@type\":\"Person\",\"@id\":\"https:\/\/bahiaeconomica.com.br\/wp\/#\/schema\/person\/cb1ab5ba96ad3d9390805381c76284ec\",\"name\":\"admin\",\"url\":\"https:\/\/bahiaeconomica.com.br\/wp\/author\/admin\/\"}]}<\/script>\n<!-- \/ Yoast SEO plugin. -->","yoast_head_json":{"title":"SCREAM SALVADOR: EVENTO DA IND\u00daSTRIA CRIATIVA COME\u00c7A SEXTA - Bahia Economica","description":"O maior portal de Economia da Bahia DESTAQUE DO DIA, ECONOMIA \/ POL\u00cdTICA Bahia Economica","robots":{"index":"index","follow":"follow","max-snippet":"max-snippet:-1","max-image-preview":"max-image-preview:large","max-video-preview":"max-video-preview:-1"},"canonical":"https:\/\/bahiaeconomica.com.br\/wp\/2020\/12\/02\/scream-salvador-evento-da-industria-criativa-comeca-sabado-4\/","og_locale":"pt_BR","og_type":"article","og_title":"SCREAM SALVADOR: EVENTO DA IND\u00daSTRIA CRIATIVA COME\u00c7A SEXTA - Bahia Economica","og_description":"O maior portal de Economia da Bahia DESTAQUE DO DIA, ECONOMIA \/ POL\u00cdTICA Bahia Economica","og_url":"https:\/\/bahiaeconomica.com.br\/wp\/2020\/12\/02\/scream-salvador-evento-da-industria-criativa-comeca-sabado-4\/","og_site_name":"Bahia Economica","article_publisher":"https:\/\/www.facebook.com\/bahiaeconomica","article_published_time":"2020-12-02T19:25:05+00:00","article_modified_time":"2020-12-02T20:27:06+00:00","og_image":[{"width":500,"height":300,"url":"https:\/\/bahiaeconomica.com.br\/wp\/wp-content\/uploads\/2020\/12\/scream_alo_alo_bahia.jpg","type":"image\/jpeg"}],"author":"admin","twitter_card":"summary_large_image","twitter_misc":{"Escrito por":"admin","Est. tempo de leitura":"1 minuto"},"schema":{"@context":"https:\/\/schema.org","@graph":[{"@type":"Article","@id":"https:\/\/bahiaeconomica.com.br\/wp\/2020\/12\/02\/scream-salvador-evento-da-industria-criativa-comeca-sabado-4\/#article","isPartOf":{"@id":"https:\/\/bahiaeconomica.com.br\/wp\/2020\/12\/02\/scream-salvador-evento-da-industria-criativa-comeca-sabado-4\/"},"author":{"name":"admin","@id":"https:\/\/bahiaeconomica.com.br\/wp\/#\/schema\/person\/cb1ab5ba96ad3d9390805381c76284ec"},"headline":"SCREAM SALVADOR: EVENTO DA IND\u00daSTRIA CRIATIVA COME\u00c7A SEXTA","datePublished":"2020-12-02T19:25:05+00:00","dateModified":"2020-12-02T20:27:06+00:00","mainEntityOfPage":{"@id":"https:\/\/bahiaeconomica.com.br\/wp\/2020\/12\/02\/scream-salvador-evento-da-industria-criativa-comeca-sabado-4\/"},"wordCount":292,"publisher":{"@id":"https:\/\/bahiaeconomica.com.br\/wp\/#organization"},"articleSection":["DESTAQUE DO DIA","ECONOMIA \/ POL\u00cdTICA"],"inLanguage":"pt-BR"},{"@type":"WebPage","@id":"https:\/\/bahiaeconomica.com.br\/wp\/2020\/12\/02\/scream-salvador-evento-da-industria-criativa-comeca-sabado-4\/","url":"https:\/\/bahiaeconomica.com.br\/wp\/2020\/12\/02\/scream-salvador-evento-da-industria-criativa-comeca-sabado-4\/","name":"SCREAM SALVADOR: EVENTO DA IND\u00daSTRIA CRIATIVA COME\u00c7A SEXTA - Bahia Economica","isPartOf":{"@id":"https:\/\/bahiaeconomica.com.br\/wp\/#website"},"datePublished":"2020-12-02T19:25:05+00:00","dateModified":"2020-12-02T20:27:06+00:00","description":"O maior portal de Economia da Bahia DESTAQUE DO DIA, ECONOMIA \/ POL\u00cdTICA Bahia Economica","breadcrumb":{"@id":"https:\/\/bahiaeconomica.com.br\/wp\/2020\/12\/02\/scream-salvador-evento-da-industria-criativa-comeca-sabado-4\/#breadcrumb"},"inLanguage":"pt-BR","potentialAction":[{"@type":"ReadAction","target":["https:\/\/bahiaeconomica.com.br\/wp\/2020\/12\/02\/scream-salvador-evento-da-industria-criativa-comeca-sabado-4\/"]}]},{"@type":"BreadcrumbList","@id":"https:\/\/bahiaeconomica.com.br\/wp\/2020\/12\/02\/scream-salvador-evento-da-industria-criativa-comeca-sabado-4\/#breadcrumb","itemListElement":[{"@type":"ListItem","position":1,"name":"In\u00edcio","item":"https:\/\/bahiaeconomica.com.br\/wp\/"},{"@type":"ListItem","position":2,"name":"SCREAM SALVADOR: EVENTO DA IND\u00daSTRIA CRIATIVA COME\u00c7A SEXTA"}]},{"@type":"WebSite","@id":"https:\/\/bahiaeconomica.com.br\/wp\/#website","url":"https:\/\/bahiaeconomica.com.br\/wp\/","name":"Bahia Economica","description":"O maior portal de Economia da Bahia","publisher":{"@id":"https:\/\/bahiaeconomica.com.br\/wp\/#organization"},"potentialAction":[{"@type":"SearchAction","target":{"@type":"EntryPoint","urlTemplate":"https:\/\/bahiaeconomica.com.br\/wp\/?s={search_term_string}"},"query-input":"required name=search_term_string"}],"inLanguage":"pt-BR"},{"@type":"Organization","@id":"https:\/\/bahiaeconomica.com.br\/wp\/#organization","name":"Bahia Econ\u00f4mica","url":"https:\/\/bahiaeconomica.com.br\/wp\/","logo":{"@type":"ImageObject","inLanguage":"pt-BR","@id":"https:\/\/bahiaeconomica.com.br\/wp\/#\/schema\/logo\/image\/","url":"https:\/\/bahiaeconomica.com.br\/wp\/wp-content\/uploads\/2020\/12\/cropped-BE.png","contentUrl":"https:\/\/bahiaeconomica.com.br\/wp\/wp-content\/uploads\/2020\/12\/cropped-BE.png","width":512,"height":512,"caption":"Bahia Econ\u00f4mica"},"image":{"@id":"https:\/\/bahiaeconomica.com.br\/wp\/#\/schema\/logo\/image\/"},"sameAs":["https:\/\/www.facebook.com\/bahiaeconomica"]},{"@type":"Person","@id":"https:\/\/bahiaeconomica.com.br\/wp\/#\/schema\/person\/cb1ab5ba96ad3d9390805381c76284ec","name":"admin","url":"https:\/\/bahiaeconomica.com.br\/wp\/author\/admin\/"}]}},"views":1,"_links":{"self":[{"href":"https:\/\/bahiaeconomica.com.br\/wp\/wp-json\/wp\/v2\/posts\/515866"}],"collection":[{"href":"https:\/\/bahiaeconomica.com.br\/wp\/wp-json\/wp\/v2\/posts"}],"about":[{"href":"https:\/\/bahiaeconomica.com.br\/wp\/wp-json\/wp\/v2\/types\/post"}],"author":[{"embeddable":true,"href":"https:\/\/bahiaeconomica.com.br\/wp\/wp-json\/wp\/v2\/users\/1"}],"replies":[{"embeddable":true,"href":"https:\/\/bahiaeconomica.com.br\/wp\/wp-json\/wp\/v2\/comments?post=515866"}],"version-history":[{"count":4,"href":"https:\/\/bahiaeconomica.com.br\/wp\/wp-json\/wp\/v2\/posts\/515866\/revisions"}],"predecessor-version":[{"id":515908,"href":"https:\/\/bahiaeconomica.com.br\/wp\/wp-json\/wp\/v2\/posts\/515866\/revisions\/515908"}],"wp:featuredmedia":[{"embeddable":true,"href":"https:\/\/bahiaeconomica.com.br\/wp\/wp-json\/wp\/v2\/media\/515868"}],"wp:attachment":[{"href":"https:\/\/bahiaeconomica.com.br\/wp\/wp-json\/wp\/v2\/media?parent=515866"}],"wp:term":[{"taxonomy":"category","embeddable":true,"href":"https:\/\/bahiaeconomica.com.br\/wp\/wp-json\/wp\/v2\/categories?post=515866"},{"taxonomy":"post_tag","embeddable":true,"href":"https:\/\/bahiaeconomica.com.br\/wp\/wp-json\/wp\/v2\/tags?post=515866"}],"curies":[{"name":"wp","href":"https:\/\/api.w.org\/{rel}","templated":true}]}}