{"id":515579,"date":"2020-12-02T07:06:09","date_gmt":"2020-12-02T10:06:09","guid":{"rendered":"https:\/\/bahiaeconomica.com.br\/wp\/beta\/?p=515579"},"modified":"2020-12-02T07:06:09","modified_gmt":"2020-12-02T10:06:09","slug":"bahia-atinge-a-maior-taxa-de-transmissao-desde-julho","status":"publish","type":"post","link":"https:\/\/bahiaeconomica.com.br\/wp\/2020\/12\/02\/bahia-atinge-a-maior-taxa-de-transmissao-desde-julho\/","title":{"rendered":"BAHIA ATINGE A MAIOR TAXA DE TRANSMISS\u00c3O DESDE JULHO"},"content":{"rendered":"<p>A taxa de transmiss\u00e3o da covid-19 na Bahia n\u00e3o para de crescer e j\u00e1 \u00e9 a maior desde julho. Na ter\u00e7a-feira (1), dois dias ap\u00f3s o 2\u00ba turno das elei\u00e7\u00f5es, o ritmo de cont\u00e1gio (Rt) da <!--more-->Bahia era de 1,28, mesmo n\u00famero alcan\u00e7ado no dia 3 de julho de 2020, de acordo com o Observat\u00f3rio de S\u00edndromes Respirat\u00f3rias da Universidade Federal da Para\u00edba (UFPB), Isso significa que, atualmente, cada grupo de 100 pessoas contaminadas tem o potencial de transmitir o v\u00edrus para outros 128 baianos.<\/p>\n<p>De acordo com os cientistas, o c\u00e1lculo dessa taxa \u00e9 complexo e leva em conta o n\u00famero e grau de novas infec\u00e7\u00f5es em um determinado tempo. O \u00edndice serve para mostrar a qu\u00e3o contagiosa \u00e9 a covid-19. Se o Rt for menor que 1, \u00e9 um ind\u00edcio de que os n\u00edveis de cont\u00e1gio da doen\u00e7a est\u00e3o caindo. Igual a 1 indica estabilidade e maior do que 1 mostra que cada indiv\u00edduo infeccioso causa, em m\u00e9dia, mais do que uma nova infec\u00e7\u00e3o, representando crescimento da propaga\u00e7\u00e3o da doen\u00e7a numa popula\u00e7\u00e3o, como \u00e9 o caso atual da Bahia.<\/p>\n<p>Para Matheus Todt, infectologista da S.O.S. Vida, o que vivemos s\u00f3 n\u00e3o \u00e9 chamado de segunda onda, pois nunca nos livramos de uma primeira. \u201cN\u00f3s passamos um m\u00eas com essa taxa menor do que 1, mas nunca em um n\u00edvel baixo. Esse aumento agora j\u00e1 era esperado e a tend\u00eancia \u00e9 termos um aumento expressivo no n\u00famero de casos nas pr\u00f3ximas semanas. O panorama \u00e9 cr\u00edtico e est\u00e1 subvalorizado pelas autoridades\u201d, disse o doutor.<\/p>\n<p>J\u00e1 o cientista de dados Angelo Loula, professor da Universidade Estadual de Feira de Santana (Uefs) e membro do portal Geocovid-19, explicou que seu grupo projetou para dezembro o acr\u00e9scimo de mais 100 mil casos da doen\u00e7a na Bahia, caso seja mantida essa tend\u00eancia de alta. \u201cH\u00e1 uma curva acentuada de subida. E isso vai refletir no aumento da ocupa\u00e7\u00e3o nos leitos de UTI e no n\u00famero de mortes.\u00a0 \u00c9 a din\u00e2mica da doen\u00e7a: as pessoas s\u00e3o infectadas, precisam do hospital, v\u00e3o para a UTI e podem chegar a \u00f3bito\u201d, recordou.<\/p>\n<p>Foto: divulga\u00e7\u00e3o<\/p>\n","protected":false},"excerpt":{"rendered":"<p>A taxa de transmiss\u00e3o da covid-19 na Bahia n\u00e3o para de crescer e j\u00e1 \u00e9 a maior desde julho. Na ter\u00e7a-feira (1), dois dias ap\u00f3s o 2\u00ba turno das elei\u00e7\u00f5es, o ritmo de cont\u00e1gio (Rt) da<\/p>\n","protected":false},"author":1,"featured_media":515584,"comment_status":"closed","ping_status":"closed","sticky":false,"template":"","format":"standard","meta":[],"categories":[14,3],"tags":[],"acf":[],"yoast_head":"<!-- This site is optimized with the Yoast SEO plugin v20.8 - https:\/\/yoast.com\/wordpress\/plugins\/seo\/ -->\n<title>BAHIA ATINGE A MAIOR TAXA DE TRANSMISS\u00c3O DESDE JULHO - Bahia Economica<\/title>\n<meta name=\"description\" content=\"O maior portal de Economia da Bahia DESTAQUE DO DIA, ECONOMIA \/ POL\u00cdTICA Bahia Economica\" \/>\n<meta name=\"robots\" content=\"index, follow, max-snippet:-1, max-image-preview:large, max-video-preview:-1\" \/>\n<link rel=\"canonical\" href=\"https:\/\/bahiaeconomica.com.br\/wp\/2020\/12\/02\/bahia-atinge-a-maior-taxa-de-transmissao-desde-julho\/\" \/>\n<meta property=\"og:locale\" content=\"pt_BR\" \/>\n<meta property=\"og:type\" content=\"article\" \/>\n<meta property=\"og:title\" content=\"BAHIA ATINGE A MAIOR TAXA DE TRANSMISS\u00c3O DESDE JULHO - Bahia Economica\" \/>\n<meta property=\"og:description\" content=\"O maior portal de Economia da Bahia DESTAQUE DO DIA, ECONOMIA \/ POL\u00cdTICA Bahia Economica\" \/>\n<meta property=\"og:url\" content=\"https:\/\/bahiaeconomica.com.br\/wp\/2020\/12\/02\/bahia-atinge-a-maior-taxa-de-transmissao-desde-julho\/\" \/>\n<meta property=\"og:site_name\" content=\"Bahia Economica\" \/>\n<meta property=\"article:publisher\" content=\"https:\/\/www.facebook.com\/bahiaeconomica\" \/>\n<meta property=\"article:published_time\" content=\"2020-12-02T10:06:09+00:00\" \/>\n<meta property=\"og:image\" content=\"https:\/\/bahiaeconomica.com.br\/wp\/wp-content\/uploads\/2020\/12\/csm_Aglomeracao_na_eleicao_e4c5f391f9.jpeg\" \/>\n\t<meta property=\"og:image:width\" content=\"940\" \/>\n\t<meta property=\"og:image:height\" content=\"627\" \/>\n\t<meta property=\"og:image:type\" content=\"image\/jpeg\" \/>\n<meta name=\"author\" content=\"admin\" \/>\n<meta name=\"twitter:card\" content=\"summary_large_image\" \/>\n<meta name=\"twitter:label1\" content=\"Escrito por\" \/>\n\t<meta name=\"twitter:data1\" content=\"admin\" \/>\n\t<meta name=\"twitter:label2\" content=\"Est. tempo de leitura\" \/>\n\t<meta name=\"twitter:data2\" content=\"2 minutos\" \/>\n<script type=\"application\/ld+json\" class=\"yoast-schema-graph\">{\"@context\":\"https:\/\/schema.org\",\"@graph\":[{\"@type\":\"Article\",\"@id\":\"https:\/\/bahiaeconomica.com.br\/wp\/2020\/12\/02\/bahia-atinge-a-maior-taxa-de-transmissao-desde-julho\/#article\",\"isPartOf\":{\"@id\":\"https:\/\/bahiaeconomica.com.br\/wp\/2020\/12\/02\/bahia-atinge-a-maior-taxa-de-transmissao-desde-julho\/\"},\"author\":{\"name\":\"admin\",\"@id\":\"https:\/\/bahiaeconomica.com.br\/wp\/#\/schema\/person\/cb1ab5ba96ad3d9390805381c76284ec\"},\"headline\":\"BAHIA ATINGE A MAIOR TAXA DE TRANSMISS\u00c3O DESDE JULHO\",\"datePublished\":\"2020-12-02T10:06:09+00:00\",\"dateModified\":\"2020-12-02T10:06:09+00:00\",\"mainEntityOfPage\":{\"@id\":\"https:\/\/bahiaeconomica.com.br\/wp\/2020\/12\/02\/bahia-atinge-a-maior-taxa-de-transmissao-desde-julho\/\"},\"wordCount\":385,\"publisher\":{\"@id\":\"https:\/\/bahiaeconomica.com.br\/wp\/#organization\"},\"articleSection\":[\"DESTAQUE DO DIA\",\"ECONOMIA \/ POL\u00cdTICA\"],\"inLanguage\":\"pt-BR\"},{\"@type\":\"WebPage\",\"@id\":\"https:\/\/bahiaeconomica.com.br\/wp\/2020\/12\/02\/bahia-atinge-a-maior-taxa-de-transmissao-desde-julho\/\",\"url\":\"https:\/\/bahiaeconomica.com.br\/wp\/2020\/12\/02\/bahia-atinge-a-maior-taxa-de-transmissao-desde-julho\/\",\"name\":\"BAHIA ATINGE A MAIOR TAXA DE TRANSMISS\u00c3O DESDE JULHO - Bahia Economica\",\"isPartOf\":{\"@id\":\"https:\/\/bahiaeconomica.com.br\/wp\/#website\"},\"datePublished\":\"2020-12-02T10:06:09+00:00\",\"dateModified\":\"2020-12-02T10:06:09+00:00\",\"description\":\"O maior portal de Economia da Bahia DESTAQUE DO DIA, ECONOMIA \/ POL\u00cdTICA Bahia Economica\",\"breadcrumb\":{\"@id\":\"https:\/\/bahiaeconomica.com.br\/wp\/2020\/12\/02\/bahia-atinge-a-maior-taxa-de-transmissao-desde-julho\/#breadcrumb\"},\"inLanguage\":\"pt-BR\",\"potentialAction\":[{\"@type\":\"ReadAction\",\"target\":[\"https:\/\/bahiaeconomica.com.br\/wp\/2020\/12\/02\/bahia-atinge-a-maior-taxa-de-transmissao-desde-julho\/\"]}]},{\"@type\":\"BreadcrumbList\",\"@id\":\"https:\/\/bahiaeconomica.com.br\/wp\/2020\/12\/02\/bahia-atinge-a-maior-taxa-de-transmissao-desde-julho\/#breadcrumb\",\"itemListElement\":[{\"@type\":\"ListItem\",\"position\":1,\"name\":\"In\u00edcio\",\"item\":\"https:\/\/bahiaeconomica.com.br\/wp\/\"},{\"@type\":\"ListItem\",\"position\":2,\"name\":\"BAHIA ATINGE A MAIOR TAXA DE TRANSMISS\u00c3O DESDE JULHO\"}]},{\"@type\":\"WebSite\",\"@id\":\"https:\/\/bahiaeconomica.com.br\/wp\/#website\",\"url\":\"https:\/\/bahiaeconomica.com.br\/wp\/\",\"name\":\"Bahia Economica\",\"description\":\"O maior portal de Economia da Bahia\",\"publisher\":{\"@id\":\"https:\/\/bahiaeconomica.com.br\/wp\/#organization\"},\"potentialAction\":[{\"@type\":\"SearchAction\",\"target\":{\"@type\":\"EntryPoint\",\"urlTemplate\":\"https:\/\/bahiaeconomica.com.br\/wp\/?s={search_term_string}\"},\"query-input\":\"required name=search_term_string\"}],\"inLanguage\":\"pt-BR\"},{\"@type\":\"Organization\",\"@id\":\"https:\/\/bahiaeconomica.com.br\/wp\/#organization\",\"name\":\"Bahia Econ\u00f4mica\",\"url\":\"https:\/\/bahiaeconomica.com.br\/wp\/\",\"logo\":{\"@type\":\"ImageObject\",\"inLanguage\":\"pt-BR\",\"@id\":\"https:\/\/bahiaeconomica.com.br\/wp\/#\/schema\/logo\/image\/\",\"url\":\"https:\/\/bahiaeconomica.com.br\/wp\/wp-content\/uploads\/2020\/12\/cropped-BE.png\",\"contentUrl\":\"https:\/\/bahiaeconomica.com.br\/wp\/wp-content\/uploads\/2020\/12\/cropped-BE.png\",\"width\":512,\"height\":512,\"caption\":\"Bahia Econ\u00f4mica\"},\"image\":{\"@id\":\"https:\/\/bahiaeconomica.com.br\/wp\/#\/schema\/logo\/image\/\"},\"sameAs\":[\"https:\/\/www.facebook.com\/bahiaeconomica\"]},{\"@type\":\"Person\",\"@id\":\"https:\/\/bahiaeconomica.com.br\/wp\/#\/schema\/person\/cb1ab5ba96ad3d9390805381c76284ec\",\"name\":\"admin\",\"url\":\"https:\/\/bahiaeconomica.com.br\/wp\/author\/admin\/\"}]}<\/script>\n<!-- \/ Yoast SEO plugin. -->","yoast_head_json":{"title":"BAHIA ATINGE A MAIOR TAXA DE TRANSMISS\u00c3O DESDE JULHO - Bahia Economica","description":"O maior portal de Economia da Bahia DESTAQUE DO DIA, ECONOMIA \/ POL\u00cdTICA Bahia Economica","robots":{"index":"index","follow":"follow","max-snippet":"max-snippet:-1","max-image-preview":"max-image-preview:large","max-video-preview":"max-video-preview:-1"},"canonical":"https:\/\/bahiaeconomica.com.br\/wp\/2020\/12\/02\/bahia-atinge-a-maior-taxa-de-transmissao-desde-julho\/","og_locale":"pt_BR","og_type":"article","og_title":"BAHIA ATINGE A MAIOR TAXA DE TRANSMISS\u00c3O DESDE JULHO - Bahia Economica","og_description":"O maior portal de Economia da Bahia DESTAQUE DO DIA, ECONOMIA \/ POL\u00cdTICA Bahia Economica","og_url":"https:\/\/bahiaeconomica.com.br\/wp\/2020\/12\/02\/bahia-atinge-a-maior-taxa-de-transmissao-desde-julho\/","og_site_name":"Bahia Economica","article_publisher":"https:\/\/www.facebook.com\/bahiaeconomica","article_published_time":"2020-12-02T10:06:09+00:00","og_image":[{"width":940,"height":627,"url":"https:\/\/bahiaeconomica.com.br\/wp\/wp-content\/uploads\/2020\/12\/csm_Aglomeracao_na_eleicao_e4c5f391f9.jpeg","type":"image\/jpeg"}],"author":"admin","twitter_card":"summary_large_image","twitter_misc":{"Escrito por":"admin","Est. tempo de leitura":"2 minutos"},"schema":{"@context":"https:\/\/schema.org","@graph":[{"@type":"Article","@id":"https:\/\/bahiaeconomica.com.br\/wp\/2020\/12\/02\/bahia-atinge-a-maior-taxa-de-transmissao-desde-julho\/#article","isPartOf":{"@id":"https:\/\/bahiaeconomica.com.br\/wp\/2020\/12\/02\/bahia-atinge-a-maior-taxa-de-transmissao-desde-julho\/"},"author":{"name":"admin","@id":"https:\/\/bahiaeconomica.com.br\/wp\/#\/schema\/person\/cb1ab5ba96ad3d9390805381c76284ec"},"headline":"BAHIA ATINGE A MAIOR TAXA DE TRANSMISS\u00c3O DESDE JULHO","datePublished":"2020-12-02T10:06:09+00:00","dateModified":"2020-12-02T10:06:09+00:00","mainEntityOfPage":{"@id":"https:\/\/bahiaeconomica.com.br\/wp\/2020\/12\/02\/bahia-atinge-a-maior-taxa-de-transmissao-desde-julho\/"},"wordCount":385,"publisher":{"@id":"https:\/\/bahiaeconomica.com.br\/wp\/#organization"},"articleSection":["DESTAQUE DO DIA","ECONOMIA \/ POL\u00cdTICA"],"inLanguage":"pt-BR"},{"@type":"WebPage","@id":"https:\/\/bahiaeconomica.com.br\/wp\/2020\/12\/02\/bahia-atinge-a-maior-taxa-de-transmissao-desde-julho\/","url":"https:\/\/bahiaeconomica.com.br\/wp\/2020\/12\/02\/bahia-atinge-a-maior-taxa-de-transmissao-desde-julho\/","name":"BAHIA ATINGE A MAIOR TAXA DE TRANSMISS\u00c3O DESDE JULHO - Bahia Economica","isPartOf":{"@id":"https:\/\/bahiaeconomica.com.br\/wp\/#website"},"datePublished":"2020-12-02T10:06:09+00:00","dateModified":"2020-12-02T10:06:09+00:00","description":"O maior portal de Economia da Bahia DESTAQUE DO DIA, ECONOMIA \/ POL\u00cdTICA Bahia Economica","breadcrumb":{"@id":"https:\/\/bahiaeconomica.com.br\/wp\/2020\/12\/02\/bahia-atinge-a-maior-taxa-de-transmissao-desde-julho\/#breadcrumb"},"inLanguage":"pt-BR","potentialAction":[{"@type":"ReadAction","target":["https:\/\/bahiaeconomica.com.br\/wp\/2020\/12\/02\/bahia-atinge-a-maior-taxa-de-transmissao-desde-julho\/"]}]},{"@type":"BreadcrumbList","@id":"https:\/\/bahiaeconomica.com.br\/wp\/2020\/12\/02\/bahia-atinge-a-maior-taxa-de-transmissao-desde-julho\/#breadcrumb","itemListElement":[{"@type":"ListItem","position":1,"name":"In\u00edcio","item":"https:\/\/bahiaeconomica.com.br\/wp\/"},{"@type":"ListItem","position":2,"name":"BAHIA ATINGE A MAIOR TAXA DE TRANSMISS\u00c3O DESDE JULHO"}]},{"@type":"WebSite","@id":"https:\/\/bahiaeconomica.com.br\/wp\/#website","url":"https:\/\/bahiaeconomica.com.br\/wp\/","name":"Bahia Economica","description":"O maior portal de Economia da Bahia","publisher":{"@id":"https:\/\/bahiaeconomica.com.br\/wp\/#organization"},"potentialAction":[{"@type":"SearchAction","target":{"@type":"EntryPoint","urlTemplate":"https:\/\/bahiaeconomica.com.br\/wp\/?s={search_term_string}"},"query-input":"required name=search_term_string"}],"inLanguage":"pt-BR"},{"@type":"Organization","@id":"https:\/\/bahiaeconomica.com.br\/wp\/#organization","name":"Bahia Econ\u00f4mica","url":"https:\/\/bahiaeconomica.com.br\/wp\/","logo":{"@type":"ImageObject","inLanguage":"pt-BR","@id":"https:\/\/bahiaeconomica.com.br\/wp\/#\/schema\/logo\/image\/","url":"https:\/\/bahiaeconomica.com.br\/wp\/wp-content\/uploads\/2020\/12\/cropped-BE.png","contentUrl":"https:\/\/bahiaeconomica.com.br\/wp\/wp-content\/uploads\/2020\/12\/cropped-BE.png","width":512,"height":512,"caption":"Bahia Econ\u00f4mica"},"image":{"@id":"https:\/\/bahiaeconomica.com.br\/wp\/#\/schema\/logo\/image\/"},"sameAs":["https:\/\/www.facebook.com\/bahiaeconomica"]},{"@type":"Person","@id":"https:\/\/bahiaeconomica.com.br\/wp\/#\/schema\/person\/cb1ab5ba96ad3d9390805381c76284ec","name":"admin","url":"https:\/\/bahiaeconomica.com.br\/wp\/author\/admin\/"}]}},"views":2,"_links":{"self":[{"href":"https:\/\/bahiaeconomica.com.br\/wp\/wp-json\/wp\/v2\/posts\/515579"}],"collection":[{"href":"https:\/\/bahiaeconomica.com.br\/wp\/wp-json\/wp\/v2\/posts"}],"about":[{"href":"https:\/\/bahiaeconomica.com.br\/wp\/wp-json\/wp\/v2\/types\/post"}],"author":[{"embeddable":true,"href":"https:\/\/bahiaeconomica.com.br\/wp\/wp-json\/wp\/v2\/users\/1"}],"replies":[{"embeddable":true,"href":"https:\/\/bahiaeconomica.com.br\/wp\/wp-json\/wp\/v2\/comments?post=515579"}],"version-history":[{"count":1,"href":"https:\/\/bahiaeconomica.com.br\/wp\/wp-json\/wp\/v2\/posts\/515579\/revisions"}],"predecessor-version":[{"id":515585,"href":"https:\/\/bahiaeconomica.com.br\/wp\/wp-json\/wp\/v2\/posts\/515579\/revisions\/515585"}],"wp:featuredmedia":[{"embeddable":true,"href":"https:\/\/bahiaeconomica.com.br\/wp\/wp-json\/wp\/v2\/media\/515584"}],"wp:attachment":[{"href":"https:\/\/bahiaeconomica.com.br\/wp\/wp-json\/wp\/v2\/media?parent=515579"}],"wp:term":[{"taxonomy":"category","embeddable":true,"href":"https:\/\/bahiaeconomica.com.br\/wp\/wp-json\/wp\/v2\/categories?post=515579"},{"taxonomy":"post_tag","embeddable":true,"href":"https:\/\/bahiaeconomica.com.br\/wp\/wp-json\/wp\/v2\/tags?post=515579"}],"curies":[{"name":"wp","href":"https:\/\/api.w.org\/{rel}","templated":true}]}}