{"id":515448,"date":"2020-12-01T14:50:23","date_gmt":"2020-12-01T17:50:23","guid":{"rendered":"https:\/\/bahiaeconomica.com.br\/wp\/beta\/?p=515448"},"modified":"2020-12-01T16:45:54","modified_gmt":"2020-12-01T19:45:54","slug":"salvador-mantem-media-de-voos-no-verao-e-espera-ampliar-numero-de-viagens","status":"publish","type":"post","link":"https:\/\/bahiaeconomica.com.br\/wp\/2020\/12\/01\/salvador-mantem-media-de-voos-no-verao-e-espera-ampliar-numero-de-viagens\/","title":{"rendered":"SALVADOR MANT\u00c9M M\u00c9DIA DE VOOS NO VER\u00c3O E ESPERA AMPLIAR  VIAGENS"},"content":{"rendered":"<p>Salvador ter\u00e1 voos diretos para 33 cidades durante dezembro e janeiro, alta temporada de viagens. Esse n\u00famero \u00e9 a soma das 30 rotas regulares que saem da cidade com tr\u00eas <!--more-->de temporada que funcionar\u00e3o no per\u00edodo. \u00c9 a mesma quantidade de voos que estava dispon\u00edvel no ver\u00e3o passado, seguno o Salvador Bahia Airport. Cuiab\u00e1 e Uberl\u00e2ndia s\u00e3o os mais recentes destinos a entrarem para a lista de op\u00e7\u00f5es para a alta temporada. Ambas as rotas ser\u00e3o operadas pela Azul Linhas A\u00e9reas, que tamb\u00e9m ter\u00e1 como destinos de ver\u00e3o as cidades de Porto Alegre, Curitiba, Goi\u00e2nia, Vit\u00f3ria, Bras\u00edlia, S\u00e3o Paulo \u2013 Congonhas e Ribeir\u00e3o Preto.\u00a0 A companhia ainda vai aumentar o n\u00famero de frequ\u00eancias para Recife, Belo Horizonte, Porto Seguro, Campinas e dar in\u00edcio a viagens regulares para o Rio de Janeiro (Santos Dumont) e para Ilh\u00e9us.<\/p>\n<p>J\u00e1 a GOL ofertar\u00e1 voos para 25 destinos a partir de Salvador durante a alta temporada. Estar\u00e1 dispon\u00edvel uma rota sazonal para Curitiba. Dos 24 destinos regulares comercializados pela companhia, haver\u00e1 refor\u00e7o em 20 deles: Rio de Janeiro (Gale\u00e3o); Rio de Janeiro (Santos Dumont); S\u00e3o Paulo (Guarulhos); S\u00e3o Paulo (Congonhas); Belo Horizonte, Porto Alegre, Teresina, Palmas, Goi\u00e2nia, Fortaleza, Bras\u00edlia, Vit\u00f3ria, Aracaju, Vit\u00f3ria da Conquista, Campinas, Recife, Macei\u00f3, S\u00e3o Lu\u00eds, Natal e Jo\u00e3o Pessoa.<\/p>\n<p>\u201cEm mais um ver\u00e3o, mostramos como o nosso aeroporto \u00e9 atrativo para as companhias a\u00e9reas. Isso se deve n\u00e3o s\u00f3 \u00e0 for\u00e7a do destino e a todos os protocolos de seguran\u00e7a adotados pelo trade tur\u00edstico local, mas, tamb\u00e9m, \u00e0 infraestrutura moderna dispon\u00edvel a partir das obras realizadas pelo Salvador Bahia Airport. As diversas possibilidades de conex\u00e3o que existem a partir daqui tamb\u00e9m contribuem para o resultado positivo\u201d, apontou Marc Gordien, diretor comercial da Concession\u00e1ria. Na alta temporada 2020\/2021, o Aeroporto receber\u00e1 sete destinos que n\u00e3o foram contemplados no ano anterior: Cuiab\u00e1, Uberl\u00e2ndia, Ribeir\u00e3o Preto, S\u00e3o Lu\u00eds, Palmas, Teresina e Morro de S\u00e3o Paulo.<\/p>\n<p>Voos internacionais<\/p>\n<p>O m\u00eas de dezembro ser\u00e1 marcado pela retomada de tr\u00eas voos internacionais para Salvador, todos com duas frequ\u00eancias semanais.\u00a0 No dia 16, a Air Europa d\u00e1 in\u00edcio \u00e0s viagens para Madri. A partir do dia 19, a Aerol\u00edneas Argentinas volta a voar para Buenos Aires. A low cost JetSmart retoma a rota Salvador &#8211; Santiago em 30 dezembro. A TAP, que desde setembro voa duas vezes por semana para Lisboa, adicionar\u00e1 uma terceira frequ\u00eancia entre os dias 15 de dezembro e 10 de janeiro.<\/p>\n<p>Antes de comprar uma passagem internacional o passageiro deve verificar junto \u00e0 companhia a\u00e9rea ou ag\u00eancia de viagens quais s\u00e3o os crit\u00e9rios para adentrar o pa\u00eds de destino. Alguns pa\u00edses est\u00e3o permitindo o acesso para turismo com a condi\u00e7\u00e3o de que o visitante apresente um teste do tipo RT-PCR com resultado negativo. J\u00e1 outros s\u00f3 liberam a entrada de cidad\u00e3os ou de estrangeiros que tenham v\u00ednculo familiar ou de neg\u00f3cios.<\/p>\n<p>Foto: divulga\u00e7\u00e3o<\/p>\n","protected":false},"excerpt":{"rendered":"<p>Salvador ter\u00e1 voos diretos para 33 cidades durante dezembro e janeiro, alta temporada de viagens. Esse n\u00famero \u00e9 a soma das 30 rotas regulares que saem da cidade com tr\u00eas<\/p>\n","protected":false},"author":1,"featured_media":489392,"comment_status":"closed","ping_status":"closed","sticky":false,"template":"","format":"standard","meta":[],"categories":[14,3],"tags":[],"acf":[],"yoast_head":"<!-- This site is optimized with the Yoast SEO plugin v20.8 - https:\/\/yoast.com\/wordpress\/plugins\/seo\/ -->\n<title>SALVADOR MANT\u00c9M M\u00c9DIA DE VOOS NO VER\u00c3O E ESPERA AMPLIAR VIAGENS - Bahia Economica<\/title>\n<meta name=\"description\" content=\"O maior portal de Economia da Bahia DESTAQUE DO DIA, ECONOMIA \/ POL\u00cdTICA Bahia Economica\" \/>\n<meta name=\"robots\" content=\"index, follow, max-snippet:-1, max-image-preview:large, max-video-preview:-1\" \/>\n<link rel=\"canonical\" href=\"https:\/\/bahiaeconomica.com.br\/wp\/2020\/12\/01\/salvador-mantem-media-de-voos-no-verao-e-espera-ampliar-numero-de-viagens\/\" \/>\n<meta property=\"og:locale\" content=\"pt_BR\" \/>\n<meta property=\"og:type\" content=\"article\" \/>\n<meta property=\"og:title\" content=\"SALVADOR MANT\u00c9M M\u00c9DIA DE VOOS NO VER\u00c3O E ESPERA AMPLIAR VIAGENS - Bahia Economica\" \/>\n<meta property=\"og:description\" content=\"O maior portal de Economia da Bahia DESTAQUE DO DIA, ECONOMIA \/ POL\u00cdTICA Bahia Economica\" \/>\n<meta property=\"og:url\" content=\"https:\/\/bahiaeconomica.com.br\/wp\/2020\/12\/01\/salvador-mantem-media-de-voos-no-verao-e-espera-ampliar-numero-de-viagens\/\" \/>\n<meta property=\"og:site_name\" content=\"Bahia Economica\" \/>\n<meta property=\"article:publisher\" content=\"https:\/\/www.facebook.com\/bahiaeconomica\" \/>\n<meta property=\"article:published_time\" content=\"2020-12-01T17:50:23+00:00\" \/>\n<meta property=\"article:modified_time\" content=\"2020-12-01T19:45:54+00:00\" \/>\n<meta property=\"og:image\" content=\"https:\/\/bahiaeconomica.com.br\/wp\/wp-content\/uploads\/2020\/08\/aeroporto.jpg\" \/>\n\t<meta property=\"og:image:width\" content=\"500\" \/>\n\t<meta property=\"og:image:height\" content=\"300\" \/>\n\t<meta property=\"og:image:type\" content=\"image\/jpeg\" \/>\n<meta name=\"author\" content=\"admin\" \/>\n<meta name=\"twitter:card\" content=\"summary_large_image\" \/>\n<meta name=\"twitter:label1\" content=\"Escrito por\" \/>\n\t<meta name=\"twitter:data1\" content=\"admin\" \/>\n\t<meta name=\"twitter:label2\" content=\"Est. tempo de leitura\" \/>\n\t<meta name=\"twitter:data2\" content=\"3 minutos\" \/>\n<script type=\"application\/ld+json\" class=\"yoast-schema-graph\">{\"@context\":\"https:\/\/schema.org\",\"@graph\":[{\"@type\":\"Article\",\"@id\":\"https:\/\/bahiaeconomica.com.br\/wp\/2020\/12\/01\/salvador-mantem-media-de-voos-no-verao-e-espera-ampliar-numero-de-viagens\/#article\",\"isPartOf\":{\"@id\":\"https:\/\/bahiaeconomica.com.br\/wp\/2020\/12\/01\/salvador-mantem-media-de-voos-no-verao-e-espera-ampliar-numero-de-viagens\/\"},\"author\":{\"name\":\"admin\",\"@id\":\"https:\/\/bahiaeconomica.com.br\/wp\/#\/schema\/person\/cb1ab5ba96ad3d9390805381c76284ec\"},\"headline\":\"SALVADOR MANT\u00c9M M\u00c9DIA DE VOOS NO VER\u00c3O E ESPERA AMPLIAR VIAGENS\",\"datePublished\":\"2020-12-01T17:50:23+00:00\",\"dateModified\":\"2020-12-01T19:45:54+00:00\",\"mainEntityOfPage\":{\"@id\":\"https:\/\/bahiaeconomica.com.br\/wp\/2020\/12\/01\/salvador-mantem-media-de-voos-no-verao-e-espera-ampliar-numero-de-viagens\/\"},\"wordCount\":535,\"publisher\":{\"@id\":\"https:\/\/bahiaeconomica.com.br\/wp\/#organization\"},\"articleSection\":[\"DESTAQUE DO DIA\",\"ECONOMIA \/ POL\u00cdTICA\"],\"inLanguage\":\"pt-BR\"},{\"@type\":\"WebPage\",\"@id\":\"https:\/\/bahiaeconomica.com.br\/wp\/2020\/12\/01\/salvador-mantem-media-de-voos-no-verao-e-espera-ampliar-numero-de-viagens\/\",\"url\":\"https:\/\/bahiaeconomica.com.br\/wp\/2020\/12\/01\/salvador-mantem-media-de-voos-no-verao-e-espera-ampliar-numero-de-viagens\/\",\"name\":\"SALVADOR MANT\u00c9M M\u00c9DIA DE VOOS NO VER\u00c3O E ESPERA AMPLIAR VIAGENS - Bahia Economica\",\"isPartOf\":{\"@id\":\"https:\/\/bahiaeconomica.com.br\/wp\/#website\"},\"datePublished\":\"2020-12-01T17:50:23+00:00\",\"dateModified\":\"2020-12-01T19:45:54+00:00\",\"description\":\"O maior portal de Economia da Bahia DESTAQUE DO DIA, ECONOMIA \/ POL\u00cdTICA Bahia Economica\",\"breadcrumb\":{\"@id\":\"https:\/\/bahiaeconomica.com.br\/wp\/2020\/12\/01\/salvador-mantem-media-de-voos-no-verao-e-espera-ampliar-numero-de-viagens\/#breadcrumb\"},\"inLanguage\":\"pt-BR\",\"potentialAction\":[{\"@type\":\"ReadAction\",\"target\":[\"https:\/\/bahiaeconomica.com.br\/wp\/2020\/12\/01\/salvador-mantem-media-de-voos-no-verao-e-espera-ampliar-numero-de-viagens\/\"]}]},{\"@type\":\"BreadcrumbList\",\"@id\":\"https:\/\/bahiaeconomica.com.br\/wp\/2020\/12\/01\/salvador-mantem-media-de-voos-no-verao-e-espera-ampliar-numero-de-viagens\/#breadcrumb\",\"itemListElement\":[{\"@type\":\"ListItem\",\"position\":1,\"name\":\"In\u00edcio\",\"item\":\"https:\/\/bahiaeconomica.com.br\/wp\/\"},{\"@type\":\"ListItem\",\"position\":2,\"name\":\"SALVADOR MANT\u00c9M M\u00c9DIA DE VOOS NO VER\u00c3O E ESPERA AMPLIAR VIAGENS\"}]},{\"@type\":\"WebSite\",\"@id\":\"https:\/\/bahiaeconomica.com.br\/wp\/#website\",\"url\":\"https:\/\/bahiaeconomica.com.br\/wp\/\",\"name\":\"Bahia Economica\",\"description\":\"O maior portal de Economia da Bahia\",\"publisher\":{\"@id\":\"https:\/\/bahiaeconomica.com.br\/wp\/#organization\"},\"potentialAction\":[{\"@type\":\"SearchAction\",\"target\":{\"@type\":\"EntryPoint\",\"urlTemplate\":\"https:\/\/bahiaeconomica.com.br\/wp\/?s={search_term_string}\"},\"query-input\":\"required name=search_term_string\"}],\"inLanguage\":\"pt-BR\"},{\"@type\":\"Organization\",\"@id\":\"https:\/\/bahiaeconomica.com.br\/wp\/#organization\",\"name\":\"Bahia Econ\u00f4mica\",\"url\":\"https:\/\/bahiaeconomica.com.br\/wp\/\",\"logo\":{\"@type\":\"ImageObject\",\"inLanguage\":\"pt-BR\",\"@id\":\"https:\/\/bahiaeconomica.com.br\/wp\/#\/schema\/logo\/image\/\",\"url\":\"https:\/\/bahiaeconomica.com.br\/wp\/wp-content\/uploads\/2020\/12\/cropped-BE.png\",\"contentUrl\":\"https:\/\/bahiaeconomica.com.br\/wp\/wp-content\/uploads\/2020\/12\/cropped-BE.png\",\"width\":512,\"height\":512,\"caption\":\"Bahia Econ\u00f4mica\"},\"image\":{\"@id\":\"https:\/\/bahiaeconomica.com.br\/wp\/#\/schema\/logo\/image\/\"},\"sameAs\":[\"https:\/\/www.facebook.com\/bahiaeconomica\"]},{\"@type\":\"Person\",\"@id\":\"https:\/\/bahiaeconomica.com.br\/wp\/#\/schema\/person\/cb1ab5ba96ad3d9390805381c76284ec\",\"name\":\"admin\",\"url\":\"https:\/\/bahiaeconomica.com.br\/wp\/author\/admin\/\"}]}<\/script>\n<!-- \/ Yoast SEO plugin. -->","yoast_head_json":{"title":"SALVADOR MANT\u00c9M M\u00c9DIA DE VOOS NO VER\u00c3O E ESPERA AMPLIAR VIAGENS - Bahia Economica","description":"O maior portal de Economia da Bahia DESTAQUE DO DIA, ECONOMIA \/ POL\u00cdTICA Bahia Economica","robots":{"index":"index","follow":"follow","max-snippet":"max-snippet:-1","max-image-preview":"max-image-preview:large","max-video-preview":"max-video-preview:-1"},"canonical":"https:\/\/bahiaeconomica.com.br\/wp\/2020\/12\/01\/salvador-mantem-media-de-voos-no-verao-e-espera-ampliar-numero-de-viagens\/","og_locale":"pt_BR","og_type":"article","og_title":"SALVADOR MANT\u00c9M M\u00c9DIA DE VOOS NO VER\u00c3O E ESPERA AMPLIAR VIAGENS - Bahia Economica","og_description":"O maior portal de Economia da Bahia DESTAQUE DO DIA, ECONOMIA \/ POL\u00cdTICA Bahia Economica","og_url":"https:\/\/bahiaeconomica.com.br\/wp\/2020\/12\/01\/salvador-mantem-media-de-voos-no-verao-e-espera-ampliar-numero-de-viagens\/","og_site_name":"Bahia Economica","article_publisher":"https:\/\/www.facebook.com\/bahiaeconomica","article_published_time":"2020-12-01T17:50:23+00:00","article_modified_time":"2020-12-01T19:45:54+00:00","og_image":[{"width":500,"height":300,"url":"https:\/\/bahiaeconomica.com.br\/wp\/wp-content\/uploads\/2020\/08\/aeroporto.jpg","type":"image\/jpeg"}],"author":"admin","twitter_card":"summary_large_image","twitter_misc":{"Escrito por":"admin","Est. tempo de leitura":"3 minutos"},"schema":{"@context":"https:\/\/schema.org","@graph":[{"@type":"Article","@id":"https:\/\/bahiaeconomica.com.br\/wp\/2020\/12\/01\/salvador-mantem-media-de-voos-no-verao-e-espera-ampliar-numero-de-viagens\/#article","isPartOf":{"@id":"https:\/\/bahiaeconomica.com.br\/wp\/2020\/12\/01\/salvador-mantem-media-de-voos-no-verao-e-espera-ampliar-numero-de-viagens\/"},"author":{"name":"admin","@id":"https:\/\/bahiaeconomica.com.br\/wp\/#\/schema\/person\/cb1ab5ba96ad3d9390805381c76284ec"},"headline":"SALVADOR MANT\u00c9M M\u00c9DIA DE VOOS NO VER\u00c3O E ESPERA AMPLIAR VIAGENS","datePublished":"2020-12-01T17:50:23+00:00","dateModified":"2020-12-01T19:45:54+00:00","mainEntityOfPage":{"@id":"https:\/\/bahiaeconomica.com.br\/wp\/2020\/12\/01\/salvador-mantem-media-de-voos-no-verao-e-espera-ampliar-numero-de-viagens\/"},"wordCount":535,"publisher":{"@id":"https:\/\/bahiaeconomica.com.br\/wp\/#organization"},"articleSection":["DESTAQUE DO DIA","ECONOMIA \/ POL\u00cdTICA"],"inLanguage":"pt-BR"},{"@type":"WebPage","@id":"https:\/\/bahiaeconomica.com.br\/wp\/2020\/12\/01\/salvador-mantem-media-de-voos-no-verao-e-espera-ampliar-numero-de-viagens\/","url":"https:\/\/bahiaeconomica.com.br\/wp\/2020\/12\/01\/salvador-mantem-media-de-voos-no-verao-e-espera-ampliar-numero-de-viagens\/","name":"SALVADOR MANT\u00c9M M\u00c9DIA DE VOOS NO VER\u00c3O E ESPERA AMPLIAR VIAGENS - Bahia Economica","isPartOf":{"@id":"https:\/\/bahiaeconomica.com.br\/wp\/#website"},"datePublished":"2020-12-01T17:50:23+00:00","dateModified":"2020-12-01T19:45:54+00:00","description":"O maior portal de Economia da Bahia DESTAQUE DO DIA, ECONOMIA \/ POL\u00cdTICA Bahia Economica","breadcrumb":{"@id":"https:\/\/bahiaeconomica.com.br\/wp\/2020\/12\/01\/salvador-mantem-media-de-voos-no-verao-e-espera-ampliar-numero-de-viagens\/#breadcrumb"},"inLanguage":"pt-BR","potentialAction":[{"@type":"ReadAction","target":["https:\/\/bahiaeconomica.com.br\/wp\/2020\/12\/01\/salvador-mantem-media-de-voos-no-verao-e-espera-ampliar-numero-de-viagens\/"]}]},{"@type":"BreadcrumbList","@id":"https:\/\/bahiaeconomica.com.br\/wp\/2020\/12\/01\/salvador-mantem-media-de-voos-no-verao-e-espera-ampliar-numero-de-viagens\/#breadcrumb","itemListElement":[{"@type":"ListItem","position":1,"name":"In\u00edcio","item":"https:\/\/bahiaeconomica.com.br\/wp\/"},{"@type":"ListItem","position":2,"name":"SALVADOR MANT\u00c9M M\u00c9DIA DE VOOS NO VER\u00c3O E ESPERA AMPLIAR VIAGENS"}]},{"@type":"WebSite","@id":"https:\/\/bahiaeconomica.com.br\/wp\/#website","url":"https:\/\/bahiaeconomica.com.br\/wp\/","name":"Bahia Economica","description":"O maior portal de Economia da Bahia","publisher":{"@id":"https:\/\/bahiaeconomica.com.br\/wp\/#organization"},"potentialAction":[{"@type":"SearchAction","target":{"@type":"EntryPoint","urlTemplate":"https:\/\/bahiaeconomica.com.br\/wp\/?s={search_term_string}"},"query-input":"required name=search_term_string"}],"inLanguage":"pt-BR"},{"@type":"Organization","@id":"https:\/\/bahiaeconomica.com.br\/wp\/#organization","name":"Bahia Econ\u00f4mica","url":"https:\/\/bahiaeconomica.com.br\/wp\/","logo":{"@type":"ImageObject","inLanguage":"pt-BR","@id":"https:\/\/bahiaeconomica.com.br\/wp\/#\/schema\/logo\/image\/","url":"https:\/\/bahiaeconomica.com.br\/wp\/wp-content\/uploads\/2020\/12\/cropped-BE.png","contentUrl":"https:\/\/bahiaeconomica.com.br\/wp\/wp-content\/uploads\/2020\/12\/cropped-BE.png","width":512,"height":512,"caption":"Bahia Econ\u00f4mica"},"image":{"@id":"https:\/\/bahiaeconomica.com.br\/wp\/#\/schema\/logo\/image\/"},"sameAs":["https:\/\/www.facebook.com\/bahiaeconomica"]},{"@type":"Person","@id":"https:\/\/bahiaeconomica.com.br\/wp\/#\/schema\/person\/cb1ab5ba96ad3d9390805381c76284ec","name":"admin","url":"https:\/\/bahiaeconomica.com.br\/wp\/author\/admin\/"}]}},"views":1,"_links":{"self":[{"href":"https:\/\/bahiaeconomica.com.br\/wp\/wp-json\/wp\/v2\/posts\/515448"}],"collection":[{"href":"https:\/\/bahiaeconomica.com.br\/wp\/wp-json\/wp\/v2\/posts"}],"about":[{"href":"https:\/\/bahiaeconomica.com.br\/wp\/wp-json\/wp\/v2\/types\/post"}],"author":[{"embeddable":true,"href":"https:\/\/bahiaeconomica.com.br\/wp\/wp-json\/wp\/v2\/users\/1"}],"replies":[{"embeddable":true,"href":"https:\/\/bahiaeconomica.com.br\/wp\/wp-json\/wp\/v2\/comments?post=515448"}],"version-history":[{"count":2,"href":"https:\/\/bahiaeconomica.com.br\/wp\/wp-json\/wp\/v2\/posts\/515448\/revisions"}],"predecessor-version":[{"id":515506,"href":"https:\/\/bahiaeconomica.com.br\/wp\/wp-json\/wp\/v2\/posts\/515448\/revisions\/515506"}],"wp:featuredmedia":[{"embeddable":true,"href":"https:\/\/bahiaeconomica.com.br\/wp\/wp-json\/wp\/v2\/media\/489392"}],"wp:attachment":[{"href":"https:\/\/bahiaeconomica.com.br\/wp\/wp-json\/wp\/v2\/media?parent=515448"}],"wp:term":[{"taxonomy":"category","embeddable":true,"href":"https:\/\/bahiaeconomica.com.br\/wp\/wp-json\/wp\/v2\/categories?post=515448"},{"taxonomy":"post_tag","embeddable":true,"href":"https:\/\/bahiaeconomica.com.br\/wp\/wp-json\/wp\/v2\/tags?post=515448"}],"curies":[{"name":"wp","href":"https:\/\/api.w.org\/{rel}","templated":true}]}}