{"id":512367,"date":"2020-11-23T09:00:31","date_gmt":"2020-11-23T12:00:31","guid":{"rendered":"https:\/\/bahiaeconomica.com.br\/wp\/beta\/?p=512367"},"modified":"2020-11-23T09:13:57","modified_gmt":"2020-11-23T12:13:57","slug":"segundo-pior-visitante-da-serie-b-vitoria-encara-o-nautico","status":"publish","type":"post","link":"https:\/\/bahiaeconomica.com.br\/wp\/2020\/11\/23\/segundo-pior-visitante-da-serie-b-vitoria-encara-o-nautico\/","title":{"rendered":"SEGUNDO PIOR VISITANTE DA S\u00c9RIE B, VIT\u00d3RIA ENCARA O N\u00c1UTICO"},"content":{"rendered":"<p>Apenas dois times ainda n\u00e3o venceram fora de casa nesta S\u00e9rie B do Campeonato Brasileiro: Oeste e Vit\u00f3ria. Esse \u00e9 um dos motivos de ambos estarem mal no torneio. A equipe <!--more-->paulista amarga a lanterna, com apenas 11 pontos, tr\u00eas empates e sete derrotas como visitante. O Le\u00e3o \u00e9 o primeiro time fora da zona de rebaixamento, em 16\u00ba lugar, soma 25 pontos, lamentou seis empates e perdeu quatro partidas longe de Salvador.<\/p>\n<p>Acabar com esse jejum \u00e9 de suma import\u00e2ncia para o atual momento do Vit\u00f3ria. A miss\u00e3o tentar\u00e1 ser cumprida no est\u00e1dio dos Aflitos, no Recife, onde o rubro-negro enfrenta o N\u00e1utico, na quarta-feira (25), \u00e0s 19h. Advers\u00e1rio direto na luta contra o rebaixamento, o time pernambucano est\u00e1 apenas uma posi\u00e7\u00e3o abaixo do baiano, em 17\u00ba lugar, com 20 pontos. A equipe comandada por Eduardo Barroca n\u00e3o corre risco de entrar no grupo da degola nesta rodada, mas vencer o N\u00e1utico significaria abrir oito pontos de vantagem contra o rival. A equipe pernambucana n\u00e3o vence h\u00e1 cinco rodadas. O \u00faltimo triunfo foi contra o Oeste, ainda no primeiro turno, na 17\u00aa rodada, na Arena Barueri. Como mandante, o jejum \u00e9 ainda maior. A comemora\u00e7\u00e3o mais recente do Timbu no est\u00e1dio dos Aflitos foi h\u00e1 mais de dois meses, 3&#215;1 contra o Botafogo-SP, na 9\u00aa rodada.<\/p>\n<p>A partida contra o N\u00e1utico dar\u00e1 in\u00edcio a uma sequ\u00eancia intensa com intervalo de apenas dois dias entre os jogos. Depois de encarar a equipe pernambucana na quarta-feira, no Recife, o Vit\u00f3ria voltar\u00e1 a campo j\u00e1 no s\u00e1bado (28) para enfrentar o CRB, no Barrad\u00e3o. No dia 1\u00ba de dezembro, uma ter\u00e7a-feira, \u00e9 a vez de jogar contra o Paran\u00e1, no est\u00e1dio Durival de Britto. No dia 4, uma sexta-feira, o rubro-negro recebe o Confian\u00e7a, em Salvador.<\/p>\n<p>\u201cA gente agora vai entrar numa sequ\u00eancia muito grande de jogos. N\u00e3o tem ningu\u00e9m satisfeito com nosso momento. Mas cabe \u00e0 gente ter racionalidade para tentar encontrar as solu\u00e7\u00f5es e fazer desse processo de evolu\u00e7\u00e3o algo que a gente consiga colocar em pr\u00e1tica&#8221;, afirmou o t\u00e9cnico Eduardo Barroca, que n\u00e3o poder\u00e1 contar com o volante Lucas C\u00e2ndido diante do N\u00e1utico.<\/p>\n<p>O jogador, que substituiu Fernando Neto durante o empate sem gols com a Ponte Preta, na \u00faltima sexta-feira (20), no Barrad\u00e3o, levou o terceiro cart\u00e3o amarelo e est\u00e1 suspenso. O elenco rubro-negro aprimorou passes e finaliza\u00e7\u00f5es com cruzamentos no treinamento de domingo (22). O lateral direito Leandro Silva e o atacante Ca\u00edque Souza est\u00e3o em fase final de transi\u00e7\u00e3o. J\u00e1 o atacante Ewandro apenas a iniciou, ap\u00f3s ser liberado pelos m\u00e9dicos. Os jogadores voltam a treinar na Toca do Le\u00e3o na manh\u00e3 desta segunda-feira (23), quando o lateral direito Van, recuperado de contus\u00e3o, deve ser integrado ao grupo outra vez. A delega\u00e7\u00e3o viaja na tarde de ter\u00e7a-feira (24) para Recife.<\/p>\n<p>Let\u00edcia Martins\/ECVit\u00f3ria<\/p>\n","protected":false},"excerpt":{"rendered":"<p>Apenas dois times ainda n\u00e3o venceram fora de casa nesta S\u00e9rie B do Campeonato Brasileiro: Oeste e Vit\u00f3ria. Esse \u00e9 um dos motivos de ambos estarem mal no torneio. A equipe<\/p>\n","protected":false},"author":1,"featured_media":512369,"comment_status":"closed","ping_status":"closed","sticky":false,"template":"","format":"standard","meta":[],"categories":[14,3],"tags":[],"acf":[],"yoast_head":"<!-- This site is optimized with the Yoast SEO plugin v20.8 - https:\/\/yoast.com\/wordpress\/plugins\/seo\/ -->\n<title>SEGUNDO PIOR VISITANTE DA S\u00c9RIE B, VIT\u00d3RIA ENCARA O N\u00c1UTICO - Bahia Economica<\/title>\n<meta name=\"description\" content=\"O maior portal de Economia da Bahia DESTAQUE DO DIA, ECONOMIA \/ POL\u00cdTICA Bahia Economica\" \/>\n<meta name=\"robots\" content=\"index, follow, max-snippet:-1, max-image-preview:large, max-video-preview:-1\" \/>\n<link rel=\"canonical\" href=\"https:\/\/bahiaeconomica.com.br\/wp\/2020\/11\/23\/segundo-pior-visitante-da-serie-b-vitoria-encara-o-nautico\/\" \/>\n<meta property=\"og:locale\" content=\"pt_BR\" \/>\n<meta property=\"og:type\" content=\"article\" \/>\n<meta property=\"og:title\" content=\"SEGUNDO PIOR VISITANTE DA S\u00c9RIE B, VIT\u00d3RIA ENCARA O N\u00c1UTICO - Bahia Economica\" \/>\n<meta property=\"og:description\" content=\"O maior portal de Economia da Bahia DESTAQUE DO DIA, ECONOMIA \/ POL\u00cdTICA Bahia Economica\" \/>\n<meta property=\"og:url\" content=\"https:\/\/bahiaeconomica.com.br\/wp\/2020\/11\/23\/segundo-pior-visitante-da-serie-b-vitoria-encara-o-nautico\/\" \/>\n<meta property=\"og:site_name\" content=\"Bahia Economica\" \/>\n<meta property=\"article:publisher\" content=\"https:\/\/www.facebook.com\/bahiaeconomica\" \/>\n<meta property=\"article:published_time\" content=\"2020-11-23T12:00:31+00:00\" \/>\n<meta property=\"article:modified_time\" content=\"2020-11-23T12:13:57+00:00\" \/>\n<meta property=\"og:image\" content=\"https:\/\/bahiaeconomica.com.br\/wp\/wp-content\/uploads\/2020\/11\/csm_letmartins_leoceara_2504566d6a.jpg\" \/>\n\t<meta property=\"og:image:width\" content=\"940\" \/>\n\t<meta property=\"og:image:height\" content=\"585\" \/>\n\t<meta property=\"og:image:type\" content=\"image\/jpeg\" \/>\n<meta name=\"author\" content=\"admin\" \/>\n<meta name=\"twitter:card\" content=\"summary_large_image\" \/>\n<meta name=\"twitter:label1\" content=\"Escrito por\" \/>\n\t<meta name=\"twitter:data1\" content=\"admin\" \/>\n\t<meta name=\"twitter:label2\" content=\"Est. tempo de leitura\" \/>\n\t<meta name=\"twitter:data2\" content=\"2 minutos\" \/>\n<script type=\"application\/ld+json\" class=\"yoast-schema-graph\">{\"@context\":\"https:\/\/schema.org\",\"@graph\":[{\"@type\":\"Article\",\"@id\":\"https:\/\/bahiaeconomica.com.br\/wp\/2020\/11\/23\/segundo-pior-visitante-da-serie-b-vitoria-encara-o-nautico\/#article\",\"isPartOf\":{\"@id\":\"https:\/\/bahiaeconomica.com.br\/wp\/2020\/11\/23\/segundo-pior-visitante-da-serie-b-vitoria-encara-o-nautico\/\"},\"author\":{\"name\":\"admin\",\"@id\":\"https:\/\/bahiaeconomica.com.br\/wp\/#\/schema\/person\/cb1ab5ba96ad3d9390805381c76284ec\"},\"headline\":\"SEGUNDO PIOR VISITANTE DA S\u00c9RIE B, VIT\u00d3RIA ENCARA O N\u00c1UTICO\",\"datePublished\":\"2020-11-23T12:00:31+00:00\",\"dateModified\":\"2020-11-23T12:13:57+00:00\",\"mainEntityOfPage\":{\"@id\":\"https:\/\/bahiaeconomica.com.br\/wp\/2020\/11\/23\/segundo-pior-visitante-da-serie-b-vitoria-encara-o-nautico\/\"},\"wordCount\":509,\"publisher\":{\"@id\":\"https:\/\/bahiaeconomica.com.br\/wp\/#organization\"},\"articleSection\":[\"DESTAQUE DO DIA\",\"ECONOMIA \/ POL\u00cdTICA\"],\"inLanguage\":\"pt-BR\"},{\"@type\":\"WebPage\",\"@id\":\"https:\/\/bahiaeconomica.com.br\/wp\/2020\/11\/23\/segundo-pior-visitante-da-serie-b-vitoria-encara-o-nautico\/\",\"url\":\"https:\/\/bahiaeconomica.com.br\/wp\/2020\/11\/23\/segundo-pior-visitante-da-serie-b-vitoria-encara-o-nautico\/\",\"name\":\"SEGUNDO PIOR VISITANTE DA S\u00c9RIE B, VIT\u00d3RIA ENCARA O N\u00c1UTICO - Bahia Economica\",\"isPartOf\":{\"@id\":\"https:\/\/bahiaeconomica.com.br\/wp\/#website\"},\"datePublished\":\"2020-11-23T12:00:31+00:00\",\"dateModified\":\"2020-11-23T12:13:57+00:00\",\"description\":\"O maior portal de Economia da Bahia DESTAQUE DO DIA, ECONOMIA \/ POL\u00cdTICA Bahia Economica\",\"breadcrumb\":{\"@id\":\"https:\/\/bahiaeconomica.com.br\/wp\/2020\/11\/23\/segundo-pior-visitante-da-serie-b-vitoria-encara-o-nautico\/#breadcrumb\"},\"inLanguage\":\"pt-BR\",\"potentialAction\":[{\"@type\":\"ReadAction\",\"target\":[\"https:\/\/bahiaeconomica.com.br\/wp\/2020\/11\/23\/segundo-pior-visitante-da-serie-b-vitoria-encara-o-nautico\/\"]}]},{\"@type\":\"BreadcrumbList\",\"@id\":\"https:\/\/bahiaeconomica.com.br\/wp\/2020\/11\/23\/segundo-pior-visitante-da-serie-b-vitoria-encara-o-nautico\/#breadcrumb\",\"itemListElement\":[{\"@type\":\"ListItem\",\"position\":1,\"name\":\"In\u00edcio\",\"item\":\"https:\/\/bahiaeconomica.com.br\/wp\/\"},{\"@type\":\"ListItem\",\"position\":2,\"name\":\"SEGUNDO PIOR VISITANTE DA S\u00c9RIE B, VIT\u00d3RIA ENCARA O N\u00c1UTICO\"}]},{\"@type\":\"WebSite\",\"@id\":\"https:\/\/bahiaeconomica.com.br\/wp\/#website\",\"url\":\"https:\/\/bahiaeconomica.com.br\/wp\/\",\"name\":\"Bahia Economica\",\"description\":\"O maior portal de Economia da Bahia\",\"publisher\":{\"@id\":\"https:\/\/bahiaeconomica.com.br\/wp\/#organization\"},\"potentialAction\":[{\"@type\":\"SearchAction\",\"target\":{\"@type\":\"EntryPoint\",\"urlTemplate\":\"https:\/\/bahiaeconomica.com.br\/wp\/?s={search_term_string}\"},\"query-input\":\"required name=search_term_string\"}],\"inLanguage\":\"pt-BR\"},{\"@type\":\"Organization\",\"@id\":\"https:\/\/bahiaeconomica.com.br\/wp\/#organization\",\"name\":\"Bahia Econ\u00f4mica\",\"url\":\"https:\/\/bahiaeconomica.com.br\/wp\/\",\"logo\":{\"@type\":\"ImageObject\",\"inLanguage\":\"pt-BR\",\"@id\":\"https:\/\/bahiaeconomica.com.br\/wp\/#\/schema\/logo\/image\/\",\"url\":\"https:\/\/bahiaeconomica.com.br\/wp\/wp-content\/uploads\/2020\/12\/cropped-BE.png\",\"contentUrl\":\"https:\/\/bahiaeconomica.com.br\/wp\/wp-content\/uploads\/2020\/12\/cropped-BE.png\",\"width\":512,\"height\":512,\"caption\":\"Bahia Econ\u00f4mica\"},\"image\":{\"@id\":\"https:\/\/bahiaeconomica.com.br\/wp\/#\/schema\/logo\/image\/\"},\"sameAs\":[\"https:\/\/www.facebook.com\/bahiaeconomica\"]},{\"@type\":\"Person\",\"@id\":\"https:\/\/bahiaeconomica.com.br\/wp\/#\/schema\/person\/cb1ab5ba96ad3d9390805381c76284ec\",\"name\":\"admin\",\"url\":\"https:\/\/bahiaeconomica.com.br\/wp\/author\/admin\/\"}]}<\/script>\n<!-- \/ Yoast SEO plugin. -->","yoast_head_json":{"title":"SEGUNDO PIOR VISITANTE DA S\u00c9RIE B, VIT\u00d3RIA ENCARA O N\u00c1UTICO - Bahia Economica","description":"O maior portal de Economia da Bahia DESTAQUE DO DIA, ECONOMIA \/ POL\u00cdTICA Bahia Economica","robots":{"index":"index","follow":"follow","max-snippet":"max-snippet:-1","max-image-preview":"max-image-preview:large","max-video-preview":"max-video-preview:-1"},"canonical":"https:\/\/bahiaeconomica.com.br\/wp\/2020\/11\/23\/segundo-pior-visitante-da-serie-b-vitoria-encara-o-nautico\/","og_locale":"pt_BR","og_type":"article","og_title":"SEGUNDO PIOR VISITANTE DA S\u00c9RIE B, VIT\u00d3RIA ENCARA O N\u00c1UTICO - Bahia Economica","og_description":"O maior portal de Economia da Bahia DESTAQUE DO DIA, ECONOMIA \/ POL\u00cdTICA Bahia Economica","og_url":"https:\/\/bahiaeconomica.com.br\/wp\/2020\/11\/23\/segundo-pior-visitante-da-serie-b-vitoria-encara-o-nautico\/","og_site_name":"Bahia Economica","article_publisher":"https:\/\/www.facebook.com\/bahiaeconomica","article_published_time":"2020-11-23T12:00:31+00:00","article_modified_time":"2020-11-23T12:13:57+00:00","og_image":[{"width":940,"height":585,"url":"https:\/\/bahiaeconomica.com.br\/wp\/wp-content\/uploads\/2020\/11\/csm_letmartins_leoceara_2504566d6a.jpg","type":"image\/jpeg"}],"author":"admin","twitter_card":"summary_large_image","twitter_misc":{"Escrito por":"admin","Est. tempo de leitura":"2 minutos"},"schema":{"@context":"https:\/\/schema.org","@graph":[{"@type":"Article","@id":"https:\/\/bahiaeconomica.com.br\/wp\/2020\/11\/23\/segundo-pior-visitante-da-serie-b-vitoria-encara-o-nautico\/#article","isPartOf":{"@id":"https:\/\/bahiaeconomica.com.br\/wp\/2020\/11\/23\/segundo-pior-visitante-da-serie-b-vitoria-encara-o-nautico\/"},"author":{"name":"admin","@id":"https:\/\/bahiaeconomica.com.br\/wp\/#\/schema\/person\/cb1ab5ba96ad3d9390805381c76284ec"},"headline":"SEGUNDO PIOR VISITANTE DA S\u00c9RIE B, VIT\u00d3RIA ENCARA O N\u00c1UTICO","datePublished":"2020-11-23T12:00:31+00:00","dateModified":"2020-11-23T12:13:57+00:00","mainEntityOfPage":{"@id":"https:\/\/bahiaeconomica.com.br\/wp\/2020\/11\/23\/segundo-pior-visitante-da-serie-b-vitoria-encara-o-nautico\/"},"wordCount":509,"publisher":{"@id":"https:\/\/bahiaeconomica.com.br\/wp\/#organization"},"articleSection":["DESTAQUE DO DIA","ECONOMIA \/ POL\u00cdTICA"],"inLanguage":"pt-BR"},{"@type":"WebPage","@id":"https:\/\/bahiaeconomica.com.br\/wp\/2020\/11\/23\/segundo-pior-visitante-da-serie-b-vitoria-encara-o-nautico\/","url":"https:\/\/bahiaeconomica.com.br\/wp\/2020\/11\/23\/segundo-pior-visitante-da-serie-b-vitoria-encara-o-nautico\/","name":"SEGUNDO PIOR VISITANTE DA S\u00c9RIE B, VIT\u00d3RIA ENCARA O N\u00c1UTICO - Bahia Economica","isPartOf":{"@id":"https:\/\/bahiaeconomica.com.br\/wp\/#website"},"datePublished":"2020-11-23T12:00:31+00:00","dateModified":"2020-11-23T12:13:57+00:00","description":"O maior portal de Economia da Bahia DESTAQUE DO DIA, ECONOMIA \/ POL\u00cdTICA Bahia Economica","breadcrumb":{"@id":"https:\/\/bahiaeconomica.com.br\/wp\/2020\/11\/23\/segundo-pior-visitante-da-serie-b-vitoria-encara-o-nautico\/#breadcrumb"},"inLanguage":"pt-BR","potentialAction":[{"@type":"ReadAction","target":["https:\/\/bahiaeconomica.com.br\/wp\/2020\/11\/23\/segundo-pior-visitante-da-serie-b-vitoria-encara-o-nautico\/"]}]},{"@type":"BreadcrumbList","@id":"https:\/\/bahiaeconomica.com.br\/wp\/2020\/11\/23\/segundo-pior-visitante-da-serie-b-vitoria-encara-o-nautico\/#breadcrumb","itemListElement":[{"@type":"ListItem","position":1,"name":"In\u00edcio","item":"https:\/\/bahiaeconomica.com.br\/wp\/"},{"@type":"ListItem","position":2,"name":"SEGUNDO PIOR VISITANTE DA S\u00c9RIE B, VIT\u00d3RIA ENCARA O N\u00c1UTICO"}]},{"@type":"WebSite","@id":"https:\/\/bahiaeconomica.com.br\/wp\/#website","url":"https:\/\/bahiaeconomica.com.br\/wp\/","name":"Bahia Economica","description":"O maior portal de Economia da Bahia","publisher":{"@id":"https:\/\/bahiaeconomica.com.br\/wp\/#organization"},"potentialAction":[{"@type":"SearchAction","target":{"@type":"EntryPoint","urlTemplate":"https:\/\/bahiaeconomica.com.br\/wp\/?s={search_term_string}"},"query-input":"required name=search_term_string"}],"inLanguage":"pt-BR"},{"@type":"Organization","@id":"https:\/\/bahiaeconomica.com.br\/wp\/#organization","name":"Bahia Econ\u00f4mica","url":"https:\/\/bahiaeconomica.com.br\/wp\/","logo":{"@type":"ImageObject","inLanguage":"pt-BR","@id":"https:\/\/bahiaeconomica.com.br\/wp\/#\/schema\/logo\/image\/","url":"https:\/\/bahiaeconomica.com.br\/wp\/wp-content\/uploads\/2020\/12\/cropped-BE.png","contentUrl":"https:\/\/bahiaeconomica.com.br\/wp\/wp-content\/uploads\/2020\/12\/cropped-BE.png","width":512,"height":512,"caption":"Bahia Econ\u00f4mica"},"image":{"@id":"https:\/\/bahiaeconomica.com.br\/wp\/#\/schema\/logo\/image\/"},"sameAs":["https:\/\/www.facebook.com\/bahiaeconomica"]},{"@type":"Person","@id":"https:\/\/bahiaeconomica.com.br\/wp\/#\/schema\/person\/cb1ab5ba96ad3d9390805381c76284ec","name":"admin","url":"https:\/\/bahiaeconomica.com.br\/wp\/author\/admin\/"}]}},"views":3,"_links":{"self":[{"href":"https:\/\/bahiaeconomica.com.br\/wp\/wp-json\/wp\/v2\/posts\/512367"}],"collection":[{"href":"https:\/\/bahiaeconomica.com.br\/wp\/wp-json\/wp\/v2\/posts"}],"about":[{"href":"https:\/\/bahiaeconomica.com.br\/wp\/wp-json\/wp\/v2\/types\/post"}],"author":[{"embeddable":true,"href":"https:\/\/bahiaeconomica.com.br\/wp\/wp-json\/wp\/v2\/users\/1"}],"replies":[{"embeddable":true,"href":"https:\/\/bahiaeconomica.com.br\/wp\/wp-json\/wp\/v2\/comments?post=512367"}],"version-history":[{"count":1,"href":"https:\/\/bahiaeconomica.com.br\/wp\/wp-json\/wp\/v2\/posts\/512367\/revisions"}],"predecessor-version":[{"id":512370,"href":"https:\/\/bahiaeconomica.com.br\/wp\/wp-json\/wp\/v2\/posts\/512367\/revisions\/512370"}],"wp:featuredmedia":[{"embeddable":true,"href":"https:\/\/bahiaeconomica.com.br\/wp\/wp-json\/wp\/v2\/media\/512369"}],"wp:attachment":[{"href":"https:\/\/bahiaeconomica.com.br\/wp\/wp-json\/wp\/v2\/media?parent=512367"}],"wp:term":[{"taxonomy":"category","embeddable":true,"href":"https:\/\/bahiaeconomica.com.br\/wp\/wp-json\/wp\/v2\/categories?post=512367"},{"taxonomy":"post_tag","embeddable":true,"href":"https:\/\/bahiaeconomica.com.br\/wp\/wp-json\/wp\/v2\/tags?post=512367"}],"curies":[{"name":"wp","href":"https:\/\/api.w.org\/{rel}","templated":true}]}}