{"id":512342,"date":"2020-11-23T07:04:50","date_gmt":"2020-11-23T10:04:50","guid":{"rendered":"https:\/\/bahiaeconomica.com.br\/wp\/beta\/?p=512342"},"modified":"2020-11-23T07:09:18","modified_gmt":"2020-11-23T10:09:18","slug":"detran-transfere-servicos-entre-postos","status":"publish","type":"post","link":"https:\/\/bahiaeconomica.com.br\/wp\/2020\/11\/23\/detran-transfere-servicos-entre-postos\/","title":{"rendered":"DETRAN TRANSFERE SERVI\u00c7OS ENTRE POSTOS"},"content":{"rendered":"<p>Em Salvador, com o encerramento das atividades do SAC no Shopping Paralela, o local deixou de oferecer atendimento do Departamento Estadual de Tr\u00e2nsito (Detran-BA). <!--more-->Os servi\u00e7os de habilita\u00e7\u00e3o e ve\u00edculos, antes realizados no posto Paralela, ser\u00e3o disponibilizados no novo SAC Pitua\u00e7u, exceto a vistoria, que foi remanejada para o SAC Salvador Shopping. A unidade de Pitua\u00e7u ser\u00e1 inaugurada na pr\u00f3xima ter\u00e7a-feira (24), \u00e0s 9h.<\/p>\n<p>\u201cNo posto Paralela, a gente tinha apenas um vistoriador. No Salvador Shopping, s\u00e3o dois vistoriadores, em condi\u00e7\u00f5es de realizar tr\u00eas avalia\u00e7\u00f5es simult\u00e2neas, ou seja, podemos suportar a nova demanda. Em Pitua\u00e7u, ganhamos mais espa\u00e7o e melhor infraestrutura para outros servi\u00e7os\u201d, explica a coordenadora das unidades descentralizadas do Detran-BA, Carla Santiago.<\/p>\n<p>O SAC Pitua\u00e7u ocupa uma \u00e1rea de 900 metros quadrados no terminal de \u00f4nibus do bairro, com f\u00e1cil acesso para os usu\u00e1rios. Ele est\u00e1 interligado ao metr\u00f4 e pr\u00f3ximo aos pontos de transporte coletivo da Avenida Paralela. O posto vai oferecer nove procedimentos do Detran-BA, como a emiss\u00e3o da carteira de habilita\u00e7\u00e3o e transfer\u00eancia de propriedade do ve\u00edculo, al\u00e9m dos servi\u00e7os de mais 13 \u00f3rg\u00e3os.<\/p>\n<p>A unidade funcionar\u00e1 de segunda a sexta-feira, das 7h \u00e0s 15h30, e aos s\u00e1bados, das 8h \u00e0s 12h. O atendimento ser\u00e1 somente por agendamento pr\u00e9vio no portal ou aplicativo SAC Digital.<\/p>\n<p>Foto: Divulga\u00e7\u00e3o<\/p>\n","protected":false},"excerpt":{"rendered":"<p>Em Salvador, com o encerramento das atividades do SAC no Shopping Paralela, o local deixou de oferecer atendimento do Departamento Estadual de Tr\u00e2nsito (Detran-BA).<\/p>\n","protected":false},"author":1,"featured_media":512346,"comment_status":"closed","ping_status":"closed","sticky":false,"template":"","format":"standard","meta":[],"categories":[14,3],"tags":[],"acf":[],"yoast_head":"<!-- This site is optimized with the Yoast SEO plugin v20.8 - https:\/\/yoast.com\/wordpress\/plugins\/seo\/ -->\n<title>DETRAN TRANSFERE SERVI\u00c7OS ENTRE POSTOS - Bahia Economica<\/title>\n<meta name=\"description\" content=\"O maior portal de Economia da Bahia DESTAQUE DO DIA, ECONOMIA \/ POL\u00cdTICA Bahia Economica\" \/>\n<meta name=\"robots\" content=\"index, follow, max-snippet:-1, max-image-preview:large, max-video-preview:-1\" \/>\n<link rel=\"canonical\" href=\"https:\/\/bahiaeconomica.com.br\/wp\/2020\/11\/23\/detran-transfere-servicos-entre-postos\/\" \/>\n<meta property=\"og:locale\" content=\"pt_BR\" \/>\n<meta property=\"og:type\" content=\"article\" \/>\n<meta property=\"og:title\" content=\"DETRAN TRANSFERE SERVI\u00c7OS ENTRE POSTOS - Bahia Economica\" \/>\n<meta property=\"og:description\" content=\"O maior portal de Economia da Bahia DESTAQUE DO DIA, ECONOMIA \/ POL\u00cdTICA Bahia Economica\" \/>\n<meta property=\"og:url\" content=\"https:\/\/bahiaeconomica.com.br\/wp\/2020\/11\/23\/detran-transfere-servicos-entre-postos\/\" \/>\n<meta property=\"og:site_name\" content=\"Bahia Economica\" \/>\n<meta property=\"article:publisher\" content=\"https:\/\/www.facebook.com\/bahiaeconomica\" \/>\n<meta property=\"article:published_time\" content=\"2020-11-23T10:04:50+00:00\" \/>\n<meta property=\"article:modified_time\" content=\"2020-11-23T10:09:18+00:00\" \/>\n<meta property=\"og:image\" content=\"https:\/\/bahiaeconomica.com.br\/wp\/wp-content\/uploads\/2020\/11\/7e759d8e-1402-4e39-881b-dd86a1fb61ec.jpg\" \/>\n\t<meta property=\"og:image:width\" content=\"1152\" \/>\n\t<meta property=\"og:image:height\" content=\"864\" \/>\n\t<meta property=\"og:image:type\" content=\"image\/jpeg\" \/>\n<meta name=\"author\" content=\"admin\" \/>\n<meta name=\"twitter:card\" content=\"summary_large_image\" \/>\n<meta name=\"twitter:label1\" content=\"Escrito por\" \/>\n\t<meta name=\"twitter:data1\" content=\"admin\" \/>\n\t<meta name=\"twitter:label2\" content=\"Est. tempo de leitura\" \/>\n\t<meta name=\"twitter:data2\" content=\"1 minuto\" \/>\n<script type=\"application\/ld+json\" class=\"yoast-schema-graph\">{\"@context\":\"https:\/\/schema.org\",\"@graph\":[{\"@type\":\"Article\",\"@id\":\"https:\/\/bahiaeconomica.com.br\/wp\/2020\/11\/23\/detran-transfere-servicos-entre-postos\/#article\",\"isPartOf\":{\"@id\":\"https:\/\/bahiaeconomica.com.br\/wp\/2020\/11\/23\/detran-transfere-servicos-entre-postos\/\"},\"author\":{\"name\":\"admin\",\"@id\":\"https:\/\/bahiaeconomica.com.br\/wp\/#\/schema\/person\/cb1ab5ba96ad3d9390805381c76284ec\"},\"headline\":\"DETRAN TRANSFERE SERVI\u00c7OS ENTRE POSTOS\",\"datePublished\":\"2020-11-23T10:04:50+00:00\",\"dateModified\":\"2020-11-23T10:09:18+00:00\",\"mainEntityOfPage\":{\"@id\":\"https:\/\/bahiaeconomica.com.br\/wp\/2020\/11\/23\/detran-transfere-servicos-entre-postos\/\"},\"wordCount\":246,\"publisher\":{\"@id\":\"https:\/\/bahiaeconomica.com.br\/wp\/#organization\"},\"articleSection\":[\"DESTAQUE DO DIA\",\"ECONOMIA \/ POL\u00cdTICA\"],\"inLanguage\":\"pt-BR\"},{\"@type\":\"WebPage\",\"@id\":\"https:\/\/bahiaeconomica.com.br\/wp\/2020\/11\/23\/detran-transfere-servicos-entre-postos\/\",\"url\":\"https:\/\/bahiaeconomica.com.br\/wp\/2020\/11\/23\/detran-transfere-servicos-entre-postos\/\",\"name\":\"DETRAN TRANSFERE SERVI\u00c7OS ENTRE POSTOS - Bahia Economica\",\"isPartOf\":{\"@id\":\"https:\/\/bahiaeconomica.com.br\/wp\/#website\"},\"datePublished\":\"2020-11-23T10:04:50+00:00\",\"dateModified\":\"2020-11-23T10:09:18+00:00\",\"description\":\"O maior portal de Economia da Bahia DESTAQUE DO DIA, ECONOMIA \/ POL\u00cdTICA Bahia Economica\",\"breadcrumb\":{\"@id\":\"https:\/\/bahiaeconomica.com.br\/wp\/2020\/11\/23\/detran-transfere-servicos-entre-postos\/#breadcrumb\"},\"inLanguage\":\"pt-BR\",\"potentialAction\":[{\"@type\":\"ReadAction\",\"target\":[\"https:\/\/bahiaeconomica.com.br\/wp\/2020\/11\/23\/detran-transfere-servicos-entre-postos\/\"]}]},{\"@type\":\"BreadcrumbList\",\"@id\":\"https:\/\/bahiaeconomica.com.br\/wp\/2020\/11\/23\/detran-transfere-servicos-entre-postos\/#breadcrumb\",\"itemListElement\":[{\"@type\":\"ListItem\",\"position\":1,\"name\":\"In\u00edcio\",\"item\":\"https:\/\/bahiaeconomica.com.br\/wp\/\"},{\"@type\":\"ListItem\",\"position\":2,\"name\":\"DETRAN TRANSFERE SERVI\u00c7OS ENTRE POSTOS\"}]},{\"@type\":\"WebSite\",\"@id\":\"https:\/\/bahiaeconomica.com.br\/wp\/#website\",\"url\":\"https:\/\/bahiaeconomica.com.br\/wp\/\",\"name\":\"Bahia Economica\",\"description\":\"O maior portal de Economia da Bahia\",\"publisher\":{\"@id\":\"https:\/\/bahiaeconomica.com.br\/wp\/#organization\"},\"potentialAction\":[{\"@type\":\"SearchAction\",\"target\":{\"@type\":\"EntryPoint\",\"urlTemplate\":\"https:\/\/bahiaeconomica.com.br\/wp\/?s={search_term_string}\"},\"query-input\":\"required name=search_term_string\"}],\"inLanguage\":\"pt-BR\"},{\"@type\":\"Organization\",\"@id\":\"https:\/\/bahiaeconomica.com.br\/wp\/#organization\",\"name\":\"Bahia Econ\u00f4mica\",\"url\":\"https:\/\/bahiaeconomica.com.br\/wp\/\",\"logo\":{\"@type\":\"ImageObject\",\"inLanguage\":\"pt-BR\",\"@id\":\"https:\/\/bahiaeconomica.com.br\/wp\/#\/schema\/logo\/image\/\",\"url\":\"https:\/\/bahiaeconomica.com.br\/wp\/wp-content\/uploads\/2020\/12\/cropped-BE.png\",\"contentUrl\":\"https:\/\/bahiaeconomica.com.br\/wp\/wp-content\/uploads\/2020\/12\/cropped-BE.png\",\"width\":512,\"height\":512,\"caption\":\"Bahia Econ\u00f4mica\"},\"image\":{\"@id\":\"https:\/\/bahiaeconomica.com.br\/wp\/#\/schema\/logo\/image\/\"},\"sameAs\":[\"https:\/\/www.facebook.com\/bahiaeconomica\"]},{\"@type\":\"Person\",\"@id\":\"https:\/\/bahiaeconomica.com.br\/wp\/#\/schema\/person\/cb1ab5ba96ad3d9390805381c76284ec\",\"name\":\"admin\",\"url\":\"https:\/\/bahiaeconomica.com.br\/wp\/author\/admin\/\"}]}<\/script>\n<!-- \/ Yoast SEO plugin. -->","yoast_head_json":{"title":"DETRAN TRANSFERE SERVI\u00c7OS ENTRE POSTOS - Bahia Economica","description":"O maior portal de Economia da Bahia DESTAQUE DO DIA, ECONOMIA \/ POL\u00cdTICA Bahia Economica","robots":{"index":"index","follow":"follow","max-snippet":"max-snippet:-1","max-image-preview":"max-image-preview:large","max-video-preview":"max-video-preview:-1"},"canonical":"https:\/\/bahiaeconomica.com.br\/wp\/2020\/11\/23\/detran-transfere-servicos-entre-postos\/","og_locale":"pt_BR","og_type":"article","og_title":"DETRAN TRANSFERE SERVI\u00c7OS ENTRE POSTOS - Bahia Economica","og_description":"O maior portal de Economia da Bahia DESTAQUE DO DIA, ECONOMIA \/ POL\u00cdTICA Bahia Economica","og_url":"https:\/\/bahiaeconomica.com.br\/wp\/2020\/11\/23\/detran-transfere-servicos-entre-postos\/","og_site_name":"Bahia Economica","article_publisher":"https:\/\/www.facebook.com\/bahiaeconomica","article_published_time":"2020-11-23T10:04:50+00:00","article_modified_time":"2020-11-23T10:09:18+00:00","og_image":[{"width":1152,"height":864,"url":"https:\/\/bahiaeconomica.com.br\/wp\/wp-content\/uploads\/2020\/11\/7e759d8e-1402-4e39-881b-dd86a1fb61ec.jpg","type":"image\/jpeg"}],"author":"admin","twitter_card":"summary_large_image","twitter_misc":{"Escrito por":"admin","Est. tempo de leitura":"1 minuto"},"schema":{"@context":"https:\/\/schema.org","@graph":[{"@type":"Article","@id":"https:\/\/bahiaeconomica.com.br\/wp\/2020\/11\/23\/detran-transfere-servicos-entre-postos\/#article","isPartOf":{"@id":"https:\/\/bahiaeconomica.com.br\/wp\/2020\/11\/23\/detran-transfere-servicos-entre-postos\/"},"author":{"name":"admin","@id":"https:\/\/bahiaeconomica.com.br\/wp\/#\/schema\/person\/cb1ab5ba96ad3d9390805381c76284ec"},"headline":"DETRAN TRANSFERE SERVI\u00c7OS ENTRE POSTOS","datePublished":"2020-11-23T10:04:50+00:00","dateModified":"2020-11-23T10:09:18+00:00","mainEntityOfPage":{"@id":"https:\/\/bahiaeconomica.com.br\/wp\/2020\/11\/23\/detran-transfere-servicos-entre-postos\/"},"wordCount":246,"publisher":{"@id":"https:\/\/bahiaeconomica.com.br\/wp\/#organization"},"articleSection":["DESTAQUE DO DIA","ECONOMIA \/ POL\u00cdTICA"],"inLanguage":"pt-BR"},{"@type":"WebPage","@id":"https:\/\/bahiaeconomica.com.br\/wp\/2020\/11\/23\/detran-transfere-servicos-entre-postos\/","url":"https:\/\/bahiaeconomica.com.br\/wp\/2020\/11\/23\/detran-transfere-servicos-entre-postos\/","name":"DETRAN TRANSFERE SERVI\u00c7OS ENTRE POSTOS - Bahia Economica","isPartOf":{"@id":"https:\/\/bahiaeconomica.com.br\/wp\/#website"},"datePublished":"2020-11-23T10:04:50+00:00","dateModified":"2020-11-23T10:09:18+00:00","description":"O maior portal de Economia da Bahia DESTAQUE DO DIA, ECONOMIA \/ POL\u00cdTICA Bahia Economica","breadcrumb":{"@id":"https:\/\/bahiaeconomica.com.br\/wp\/2020\/11\/23\/detran-transfere-servicos-entre-postos\/#breadcrumb"},"inLanguage":"pt-BR","potentialAction":[{"@type":"ReadAction","target":["https:\/\/bahiaeconomica.com.br\/wp\/2020\/11\/23\/detran-transfere-servicos-entre-postos\/"]}]},{"@type":"BreadcrumbList","@id":"https:\/\/bahiaeconomica.com.br\/wp\/2020\/11\/23\/detran-transfere-servicos-entre-postos\/#breadcrumb","itemListElement":[{"@type":"ListItem","position":1,"name":"In\u00edcio","item":"https:\/\/bahiaeconomica.com.br\/wp\/"},{"@type":"ListItem","position":2,"name":"DETRAN TRANSFERE SERVI\u00c7OS ENTRE POSTOS"}]},{"@type":"WebSite","@id":"https:\/\/bahiaeconomica.com.br\/wp\/#website","url":"https:\/\/bahiaeconomica.com.br\/wp\/","name":"Bahia Economica","description":"O maior portal de Economia da Bahia","publisher":{"@id":"https:\/\/bahiaeconomica.com.br\/wp\/#organization"},"potentialAction":[{"@type":"SearchAction","target":{"@type":"EntryPoint","urlTemplate":"https:\/\/bahiaeconomica.com.br\/wp\/?s={search_term_string}"},"query-input":"required name=search_term_string"}],"inLanguage":"pt-BR"},{"@type":"Organization","@id":"https:\/\/bahiaeconomica.com.br\/wp\/#organization","name":"Bahia Econ\u00f4mica","url":"https:\/\/bahiaeconomica.com.br\/wp\/","logo":{"@type":"ImageObject","inLanguage":"pt-BR","@id":"https:\/\/bahiaeconomica.com.br\/wp\/#\/schema\/logo\/image\/","url":"https:\/\/bahiaeconomica.com.br\/wp\/wp-content\/uploads\/2020\/12\/cropped-BE.png","contentUrl":"https:\/\/bahiaeconomica.com.br\/wp\/wp-content\/uploads\/2020\/12\/cropped-BE.png","width":512,"height":512,"caption":"Bahia Econ\u00f4mica"},"image":{"@id":"https:\/\/bahiaeconomica.com.br\/wp\/#\/schema\/logo\/image\/"},"sameAs":["https:\/\/www.facebook.com\/bahiaeconomica"]},{"@type":"Person","@id":"https:\/\/bahiaeconomica.com.br\/wp\/#\/schema\/person\/cb1ab5ba96ad3d9390805381c76284ec","name":"admin","url":"https:\/\/bahiaeconomica.com.br\/wp\/author\/admin\/"}]}},"views":4,"_links":{"self":[{"href":"https:\/\/bahiaeconomica.com.br\/wp\/wp-json\/wp\/v2\/posts\/512342"}],"collection":[{"href":"https:\/\/bahiaeconomica.com.br\/wp\/wp-json\/wp\/v2\/posts"}],"about":[{"href":"https:\/\/bahiaeconomica.com.br\/wp\/wp-json\/wp\/v2\/types\/post"}],"author":[{"embeddable":true,"href":"https:\/\/bahiaeconomica.com.br\/wp\/wp-json\/wp\/v2\/users\/1"}],"replies":[{"embeddable":true,"href":"https:\/\/bahiaeconomica.com.br\/wp\/wp-json\/wp\/v2\/comments?post=512342"}],"version-history":[{"count":1,"href":"https:\/\/bahiaeconomica.com.br\/wp\/wp-json\/wp\/v2\/posts\/512342\/revisions"}],"predecessor-version":[{"id":512347,"href":"https:\/\/bahiaeconomica.com.br\/wp\/wp-json\/wp\/v2\/posts\/512342\/revisions\/512347"}],"wp:featuredmedia":[{"embeddable":true,"href":"https:\/\/bahiaeconomica.com.br\/wp\/wp-json\/wp\/v2\/media\/512346"}],"wp:attachment":[{"href":"https:\/\/bahiaeconomica.com.br\/wp\/wp-json\/wp\/v2\/media?parent=512342"}],"wp:term":[{"taxonomy":"category","embeddable":true,"href":"https:\/\/bahiaeconomica.com.br\/wp\/wp-json\/wp\/v2\/categories?post=512342"},{"taxonomy":"post_tag","embeddable":true,"href":"https:\/\/bahiaeconomica.com.br\/wp\/wp-json\/wp\/v2\/tags?post=512342"}],"curies":[{"name":"wp","href":"https:\/\/api.w.org\/{rel}","templated":true}]}}