{"id":511593,"date":"2020-11-19T12:08:32","date_gmt":"2020-11-19T15:08:32","guid":{"rendered":"https:\/\/bahiaeconomica.com.br\/wp\/beta\/?p=511593"},"modified":"2020-11-19T12:08:32","modified_gmt":"2020-11-19T15:08:32","slug":"saiba-quem-e-a-modelo-que-ganhou-curtida-do-instagram-do-papa","status":"publish","type":"post","link":"https:\/\/bahiaeconomica.com.br\/wp\/2020\/11\/19\/saiba-quem-e-a-modelo-que-ganhou-curtida-do-instagram-do-papa\/","title":{"rendered":"SAIBA QUEM \u00c9 A MODELO QUE GANHOU CURTIDA DO INSTAGRAM DO PAPA"},"content":{"rendered":"<p style=\"text-align: justify;\">O\u00a0Vaticano\u00a0iniciou investiga\u00e7\u00e3o na conta oficial do\u00a0Papa Francisco\u00a0no Instagram. \u00c9 que o perfil dele curtiu uma foto sensual da modelo brasileira\u00a0Natalia Garibotto\u00a0e o caso viralizou na web. A Catholic News Agency (CNA) informou na quarta-feira (18) que as contas nas\u00a0redes sociais\u00a0s\u00e3o administradas por v\u00e1rios funcion\u00e1rios e ainda n\u00e3o se sabe quem deu o \u201clike\u201d indevido.<\/p>\n<h4>Quem \u00e9 a modelo que ganhou curtida do Instagram do Papa?<\/h4>\n<p style=\"text-align: justify;\">Natalia Garibotto, tamb\u00e9m conhecida nas redes sociais como Nata Gata, \u00e9 uma modelo brasileira e atualmente mora na Gr\u00e9cia. Aos 27 anos, tem 2,3 milh\u00f5es de seguidores no Instagram, no qual publica fotos vestindo biqu\u00ednis cavados, fantasias sensuais e roupas de academia, al\u00e9m de v\u00eddeos de treinos. Ainda vende conte\u00fado adulto para assinantes do seu site.<\/p>\n<p style=\"text-align: justify;\">A imagem curtida pelo\u00a0Instagram do Papa Francisco\u00a0mostra Natalia com look estilo colegial, incluindo calcinha fio-dental. Foi postada no dia 5 de outubro e recebeu cerca de 149 mil \u201clikes\u201d at\u00e9 o momento. O atribu\u00eddo ao l\u00edder da Igreja Cat\u00f3lica foi retirado no \u00faltimo s\u00e1bado (14), depois de ter viralizado na web.<\/p>\n<p style=\"text-align: justify;\">Natalia escolheu o seu Twitter para repercutir o caso: \u201cPelo menos eu vou para o c\u00e9u\u201d. E tamb\u00e9m aproveitou para divulgar o link de seu site, completando: \u201cNeste dia eu fui aben\u00e7oada, voc\u00ea pode ser tamb\u00e9m\u201d.<\/p>\n<p style=\"text-align: justify;\">O primeiro a escrever sobre o ocorrido foi o blog \u00a0Barstool Sports. E Natalia respondeu \u00e0 publica\u00e7\u00e3o logo na sequ\u00eancia: \u201cminha m\u00e3e odeia as fotos do meu bumbum, mas o Papa deu clique-duplo\u201d.<\/p>\n<p style=\"text-align: justify;\">Segundo a \u201cCatholic News Agency\u201d (CNA), ainda n\u00e3o se sabe quem foi o autor da curtida com o login do\u00a0Papa Francisco. As contas das redes sociais s\u00e3o administradas por alguns funcion\u00e1rios da Santa S\u00e9. Por isso, o Vaticano abriu a investiga\u00e7\u00e3o para determinar como uma foto sensual teria recebido um like a partir de uma delas.<\/p>\n<p>foto: Instagram<\/p>\n","protected":false},"excerpt":{"rendered":"<p>O\u00a0Vaticano\u00a0iniciou investiga\u00e7\u00e3o na conta oficial do\u00a0Papa Francisco\u00a0no Instagram. \u00c9 que o perfil dele curtiu uma foto sensual da modelo brasileira\u00a0Natalia Garibotto\u00a0e o caso viralizou na web. A Catholic News Agency (CNA) informou na quarta-feira (18) que as contas nas\u00a0redes sociais\u00a0s\u00e3o administradas por v\u00e1rios funcion\u00e1rios e ainda n\u00e3o se sabe quem deu o \u201clike\u201d indevido. Quem [&hellip;]<\/p>\n","protected":false},"author":1,"featured_media":511599,"comment_status":"closed","ping_status":"closed","sticky":false,"template":"","format":"standard","meta":[],"categories":[4],"tags":[],"acf":[],"yoast_head":"<!-- This site is optimized with the Yoast SEO plugin v20.8 - https:\/\/yoast.com\/wordpress\/plugins\/seo\/ -->\n<title>SAIBA QUEM \u00c9 A MODELO QUE GANHOU CURTIDA DO INSTAGRAM DO PAPA - Bahia Economica<\/title>\n<meta name=\"description\" content=\"O maior portal de Economia da Bahia ENTRETENIMENTO Bahia Economica\" \/>\n<meta name=\"robots\" content=\"index, follow, max-snippet:-1, max-image-preview:large, max-video-preview:-1\" \/>\n<link rel=\"canonical\" href=\"https:\/\/bahiaeconomica.com.br\/wp\/2020\/11\/19\/saiba-quem-e-a-modelo-que-ganhou-curtida-do-instagram-do-papa\/\" \/>\n<meta property=\"og:locale\" content=\"pt_BR\" \/>\n<meta property=\"og:type\" content=\"article\" \/>\n<meta property=\"og:title\" content=\"SAIBA QUEM \u00c9 A MODELO QUE GANHOU CURTIDA DO INSTAGRAM DO PAPA - Bahia Economica\" \/>\n<meta property=\"og:description\" content=\"O maior portal de Economia da Bahia ENTRETENIMENTO Bahia Economica\" \/>\n<meta property=\"og:url\" content=\"https:\/\/bahiaeconomica.com.br\/wp\/2020\/11\/19\/saiba-quem-e-a-modelo-que-ganhou-curtida-do-instagram-do-papa\/\" \/>\n<meta property=\"og:site_name\" content=\"Bahia Economica\" \/>\n<meta property=\"article:publisher\" content=\"https:\/\/www.facebook.com\/bahiaeconomica\" \/>\n<meta property=\"article:published_time\" content=\"2020-11-19T15:08:32+00:00\" \/>\n<meta property=\"og:image\" content=\"https:\/\/bahiaeconomica.com.br\/wp\/wp-content\/uploads\/2020\/11\/modelo-papa-francisco-instagram.png\" \/>\n\t<meta property=\"og:image:width\" content=\"444\" \/>\n\t<meta property=\"og:image:height\" content=\"280\" \/>\n\t<meta property=\"og:image:type\" content=\"image\/png\" \/>\n<meta name=\"author\" content=\"admin\" \/>\n<meta name=\"twitter:card\" content=\"summary_large_image\" \/>\n<meta name=\"twitter:label1\" content=\"Escrito por\" \/>\n\t<meta name=\"twitter:data1\" content=\"admin\" \/>\n\t<meta name=\"twitter:label2\" content=\"Est. tempo de leitura\" \/>\n\t<meta name=\"twitter:data2\" content=\"2 minutos\" \/>\n<script type=\"application\/ld+json\" class=\"yoast-schema-graph\">{\"@context\":\"https:\/\/schema.org\",\"@graph\":[{\"@type\":\"Article\",\"@id\":\"https:\/\/bahiaeconomica.com.br\/wp\/2020\/11\/19\/saiba-quem-e-a-modelo-que-ganhou-curtida-do-instagram-do-papa\/#article\",\"isPartOf\":{\"@id\":\"https:\/\/bahiaeconomica.com.br\/wp\/2020\/11\/19\/saiba-quem-e-a-modelo-que-ganhou-curtida-do-instagram-do-papa\/\"},\"author\":{\"name\":\"admin\",\"@id\":\"https:\/\/bahiaeconomica.com.br\/wp\/#\/schema\/person\/cb1ab5ba96ad3d9390805381c76284ec\"},\"headline\":\"SAIBA QUEM \u00c9 A MODELO QUE GANHOU CURTIDA DO INSTAGRAM DO PAPA\",\"datePublished\":\"2020-11-19T15:08:32+00:00\",\"dateModified\":\"2020-11-19T15:08:32+00:00\",\"mainEntityOfPage\":{\"@id\":\"https:\/\/bahiaeconomica.com.br\/wp\/2020\/11\/19\/saiba-quem-e-a-modelo-que-ganhou-curtida-do-instagram-do-papa\/\"},\"wordCount\":338,\"publisher\":{\"@id\":\"https:\/\/bahiaeconomica.com.br\/wp\/#organization\"},\"articleSection\":[\"ENTRETENIMENTO\"],\"inLanguage\":\"pt-BR\"},{\"@type\":\"WebPage\",\"@id\":\"https:\/\/bahiaeconomica.com.br\/wp\/2020\/11\/19\/saiba-quem-e-a-modelo-que-ganhou-curtida-do-instagram-do-papa\/\",\"url\":\"https:\/\/bahiaeconomica.com.br\/wp\/2020\/11\/19\/saiba-quem-e-a-modelo-que-ganhou-curtida-do-instagram-do-papa\/\",\"name\":\"SAIBA QUEM \u00c9 A MODELO QUE GANHOU CURTIDA DO INSTAGRAM DO PAPA - Bahia Economica\",\"isPartOf\":{\"@id\":\"https:\/\/bahiaeconomica.com.br\/wp\/#website\"},\"datePublished\":\"2020-11-19T15:08:32+00:00\",\"dateModified\":\"2020-11-19T15:08:32+00:00\",\"description\":\"O maior portal de Economia da Bahia ENTRETENIMENTO Bahia Economica\",\"breadcrumb\":{\"@id\":\"https:\/\/bahiaeconomica.com.br\/wp\/2020\/11\/19\/saiba-quem-e-a-modelo-que-ganhou-curtida-do-instagram-do-papa\/#breadcrumb\"},\"inLanguage\":\"pt-BR\",\"potentialAction\":[{\"@type\":\"ReadAction\",\"target\":[\"https:\/\/bahiaeconomica.com.br\/wp\/2020\/11\/19\/saiba-quem-e-a-modelo-que-ganhou-curtida-do-instagram-do-papa\/\"]}]},{\"@type\":\"BreadcrumbList\",\"@id\":\"https:\/\/bahiaeconomica.com.br\/wp\/2020\/11\/19\/saiba-quem-e-a-modelo-que-ganhou-curtida-do-instagram-do-papa\/#breadcrumb\",\"itemListElement\":[{\"@type\":\"ListItem\",\"position\":1,\"name\":\"In\u00edcio\",\"item\":\"https:\/\/bahiaeconomica.com.br\/wp\/\"},{\"@type\":\"ListItem\",\"position\":2,\"name\":\"SAIBA QUEM \u00c9 A MODELO QUE GANHOU CURTIDA DO INSTAGRAM DO PAPA\"}]},{\"@type\":\"WebSite\",\"@id\":\"https:\/\/bahiaeconomica.com.br\/wp\/#website\",\"url\":\"https:\/\/bahiaeconomica.com.br\/wp\/\",\"name\":\"Bahia Economica\",\"description\":\"O maior portal de Economia da Bahia\",\"publisher\":{\"@id\":\"https:\/\/bahiaeconomica.com.br\/wp\/#organization\"},\"potentialAction\":[{\"@type\":\"SearchAction\",\"target\":{\"@type\":\"EntryPoint\",\"urlTemplate\":\"https:\/\/bahiaeconomica.com.br\/wp\/?s={search_term_string}\"},\"query-input\":\"required name=search_term_string\"}],\"inLanguage\":\"pt-BR\"},{\"@type\":\"Organization\",\"@id\":\"https:\/\/bahiaeconomica.com.br\/wp\/#organization\",\"name\":\"Bahia Econ\u00f4mica\",\"url\":\"https:\/\/bahiaeconomica.com.br\/wp\/\",\"logo\":{\"@type\":\"ImageObject\",\"inLanguage\":\"pt-BR\",\"@id\":\"https:\/\/bahiaeconomica.com.br\/wp\/#\/schema\/logo\/image\/\",\"url\":\"https:\/\/bahiaeconomica.com.br\/wp\/wp-content\/uploads\/2020\/12\/cropped-BE.png\",\"contentUrl\":\"https:\/\/bahiaeconomica.com.br\/wp\/wp-content\/uploads\/2020\/12\/cropped-BE.png\",\"width\":512,\"height\":512,\"caption\":\"Bahia Econ\u00f4mica\"},\"image\":{\"@id\":\"https:\/\/bahiaeconomica.com.br\/wp\/#\/schema\/logo\/image\/\"},\"sameAs\":[\"https:\/\/www.facebook.com\/bahiaeconomica\"]},{\"@type\":\"Person\",\"@id\":\"https:\/\/bahiaeconomica.com.br\/wp\/#\/schema\/person\/cb1ab5ba96ad3d9390805381c76284ec\",\"name\":\"admin\",\"url\":\"https:\/\/bahiaeconomica.com.br\/wp\/author\/admin\/\"}]}<\/script>\n<!-- \/ Yoast SEO plugin. -->","yoast_head_json":{"title":"SAIBA QUEM \u00c9 A MODELO QUE GANHOU CURTIDA DO INSTAGRAM DO PAPA - Bahia Economica","description":"O maior portal de Economia da Bahia ENTRETENIMENTO Bahia Economica","robots":{"index":"index","follow":"follow","max-snippet":"max-snippet:-1","max-image-preview":"max-image-preview:large","max-video-preview":"max-video-preview:-1"},"canonical":"https:\/\/bahiaeconomica.com.br\/wp\/2020\/11\/19\/saiba-quem-e-a-modelo-que-ganhou-curtida-do-instagram-do-papa\/","og_locale":"pt_BR","og_type":"article","og_title":"SAIBA QUEM \u00c9 A MODELO QUE GANHOU CURTIDA DO INSTAGRAM DO PAPA - Bahia Economica","og_description":"O maior portal de Economia da Bahia ENTRETENIMENTO Bahia Economica","og_url":"https:\/\/bahiaeconomica.com.br\/wp\/2020\/11\/19\/saiba-quem-e-a-modelo-que-ganhou-curtida-do-instagram-do-papa\/","og_site_name":"Bahia Economica","article_publisher":"https:\/\/www.facebook.com\/bahiaeconomica","article_published_time":"2020-11-19T15:08:32+00:00","og_image":[{"width":444,"height":280,"url":"https:\/\/bahiaeconomica.com.br\/wp\/wp-content\/uploads\/2020\/11\/modelo-papa-francisco-instagram.png","type":"image\/png"}],"author":"admin","twitter_card":"summary_large_image","twitter_misc":{"Escrito por":"admin","Est. tempo de leitura":"2 minutos"},"schema":{"@context":"https:\/\/schema.org","@graph":[{"@type":"Article","@id":"https:\/\/bahiaeconomica.com.br\/wp\/2020\/11\/19\/saiba-quem-e-a-modelo-que-ganhou-curtida-do-instagram-do-papa\/#article","isPartOf":{"@id":"https:\/\/bahiaeconomica.com.br\/wp\/2020\/11\/19\/saiba-quem-e-a-modelo-que-ganhou-curtida-do-instagram-do-papa\/"},"author":{"name":"admin","@id":"https:\/\/bahiaeconomica.com.br\/wp\/#\/schema\/person\/cb1ab5ba96ad3d9390805381c76284ec"},"headline":"SAIBA QUEM \u00c9 A MODELO QUE GANHOU CURTIDA DO INSTAGRAM DO PAPA","datePublished":"2020-11-19T15:08:32+00:00","dateModified":"2020-11-19T15:08:32+00:00","mainEntityOfPage":{"@id":"https:\/\/bahiaeconomica.com.br\/wp\/2020\/11\/19\/saiba-quem-e-a-modelo-que-ganhou-curtida-do-instagram-do-papa\/"},"wordCount":338,"publisher":{"@id":"https:\/\/bahiaeconomica.com.br\/wp\/#organization"},"articleSection":["ENTRETENIMENTO"],"inLanguage":"pt-BR"},{"@type":"WebPage","@id":"https:\/\/bahiaeconomica.com.br\/wp\/2020\/11\/19\/saiba-quem-e-a-modelo-que-ganhou-curtida-do-instagram-do-papa\/","url":"https:\/\/bahiaeconomica.com.br\/wp\/2020\/11\/19\/saiba-quem-e-a-modelo-que-ganhou-curtida-do-instagram-do-papa\/","name":"SAIBA QUEM \u00c9 A MODELO QUE GANHOU CURTIDA DO INSTAGRAM DO PAPA - Bahia Economica","isPartOf":{"@id":"https:\/\/bahiaeconomica.com.br\/wp\/#website"},"datePublished":"2020-11-19T15:08:32+00:00","dateModified":"2020-11-19T15:08:32+00:00","description":"O maior portal de Economia da Bahia ENTRETENIMENTO Bahia Economica","breadcrumb":{"@id":"https:\/\/bahiaeconomica.com.br\/wp\/2020\/11\/19\/saiba-quem-e-a-modelo-que-ganhou-curtida-do-instagram-do-papa\/#breadcrumb"},"inLanguage":"pt-BR","potentialAction":[{"@type":"ReadAction","target":["https:\/\/bahiaeconomica.com.br\/wp\/2020\/11\/19\/saiba-quem-e-a-modelo-que-ganhou-curtida-do-instagram-do-papa\/"]}]},{"@type":"BreadcrumbList","@id":"https:\/\/bahiaeconomica.com.br\/wp\/2020\/11\/19\/saiba-quem-e-a-modelo-que-ganhou-curtida-do-instagram-do-papa\/#breadcrumb","itemListElement":[{"@type":"ListItem","position":1,"name":"In\u00edcio","item":"https:\/\/bahiaeconomica.com.br\/wp\/"},{"@type":"ListItem","position":2,"name":"SAIBA QUEM \u00c9 A MODELO QUE GANHOU CURTIDA DO INSTAGRAM DO PAPA"}]},{"@type":"WebSite","@id":"https:\/\/bahiaeconomica.com.br\/wp\/#website","url":"https:\/\/bahiaeconomica.com.br\/wp\/","name":"Bahia Economica","description":"O maior portal de Economia da Bahia","publisher":{"@id":"https:\/\/bahiaeconomica.com.br\/wp\/#organization"},"potentialAction":[{"@type":"SearchAction","target":{"@type":"EntryPoint","urlTemplate":"https:\/\/bahiaeconomica.com.br\/wp\/?s={search_term_string}"},"query-input":"required name=search_term_string"}],"inLanguage":"pt-BR"},{"@type":"Organization","@id":"https:\/\/bahiaeconomica.com.br\/wp\/#organization","name":"Bahia Econ\u00f4mica","url":"https:\/\/bahiaeconomica.com.br\/wp\/","logo":{"@type":"ImageObject","inLanguage":"pt-BR","@id":"https:\/\/bahiaeconomica.com.br\/wp\/#\/schema\/logo\/image\/","url":"https:\/\/bahiaeconomica.com.br\/wp\/wp-content\/uploads\/2020\/12\/cropped-BE.png","contentUrl":"https:\/\/bahiaeconomica.com.br\/wp\/wp-content\/uploads\/2020\/12\/cropped-BE.png","width":512,"height":512,"caption":"Bahia Econ\u00f4mica"},"image":{"@id":"https:\/\/bahiaeconomica.com.br\/wp\/#\/schema\/logo\/image\/"},"sameAs":["https:\/\/www.facebook.com\/bahiaeconomica"]},{"@type":"Person","@id":"https:\/\/bahiaeconomica.com.br\/wp\/#\/schema\/person\/cb1ab5ba96ad3d9390805381c76284ec","name":"admin","url":"https:\/\/bahiaeconomica.com.br\/wp\/author\/admin\/"}]}},"views":9,"_links":{"self":[{"href":"https:\/\/bahiaeconomica.com.br\/wp\/wp-json\/wp\/v2\/posts\/511593"}],"collection":[{"href":"https:\/\/bahiaeconomica.com.br\/wp\/wp-json\/wp\/v2\/posts"}],"about":[{"href":"https:\/\/bahiaeconomica.com.br\/wp\/wp-json\/wp\/v2\/types\/post"}],"author":[{"embeddable":true,"href":"https:\/\/bahiaeconomica.com.br\/wp\/wp-json\/wp\/v2\/users\/1"}],"replies":[{"embeddable":true,"href":"https:\/\/bahiaeconomica.com.br\/wp\/wp-json\/wp\/v2\/comments?post=511593"}],"version-history":[{"count":1,"href":"https:\/\/bahiaeconomica.com.br\/wp\/wp-json\/wp\/v2\/posts\/511593\/revisions"}],"predecessor-version":[{"id":511600,"href":"https:\/\/bahiaeconomica.com.br\/wp\/wp-json\/wp\/v2\/posts\/511593\/revisions\/511600"}],"wp:featuredmedia":[{"embeddable":true,"href":"https:\/\/bahiaeconomica.com.br\/wp\/wp-json\/wp\/v2\/media\/511599"}],"wp:attachment":[{"href":"https:\/\/bahiaeconomica.com.br\/wp\/wp-json\/wp\/v2\/media?parent=511593"}],"wp:term":[{"taxonomy":"category","embeddable":true,"href":"https:\/\/bahiaeconomica.com.br\/wp\/wp-json\/wp\/v2\/categories?post=511593"},{"taxonomy":"post_tag","embeddable":true,"href":"https:\/\/bahiaeconomica.com.br\/wp\/wp-json\/wp\/v2\/tags?post=511593"}],"curies":[{"name":"wp","href":"https:\/\/api.w.org\/{rel}","templated":true}]}}