{"id":510240,"date":"2020-11-16T11:20:21","date_gmt":"2020-11-16T14:20:21","guid":{"rendered":"https:\/\/bahiaeconomica.com.br\/wp\/beta\/?p=510240"},"modified":"2020-11-16T11:26:03","modified_gmt":"2020-11-16T14:26:03","slug":"centrao-avanca-em-cidades-importantes-e-aumenta-seu-capital","status":"publish","type":"post","link":"https:\/\/bahiaeconomica.com.br\/wp\/2020\/11\/16\/centrao-avanca-em-cidades-importantes-e-aumenta-seu-capital\/","title":{"rendered":"CENTR\u00c3O AVAN\u00c7A E AUMENTA SEU CAPITAL ELEITORAL"},"content":{"rendered":"<p>Aliado do presidente Jair Bolsonaro (sem partido), o centr\u00e3o teve um bom desempenho nas urnas ontem. L\u00edderes do grupo que d\u00e1 as cartas no Congresso conseguiram eleger afilhados <!--more-->e avan\u00e7ar para o segundo turno em cidades importantes no pa\u00eds. De acordo com o jornal O Estado de S. Paulo, as dez legendas do bloco (Progressistas, PSD, PL, PTB, Republicanos, PSC, Solidariedade, Avante, Patriota e Pros) fizeram ao menos 887 prefeituras, de acordo com os resultados divulgados pelo TSE (Tribunal Superior Eleitoral) at\u00e9 a 1h de hoje. O desempenho do centr\u00e3o, grupo liderado pelo deputado Arthur Lira (AL), contrasta com a atua\u00e7\u00e3o do PSL, que at\u00e9 o ano passado era o partido de Bolsonaro. O PSL minguou. O Centr\u00e3o raiz, por\u00e9m, deve aumentar seu capital pol\u00edtico nas negocia\u00e7\u00f5es do Congresso nos pr\u00f3ximos dois anos. O Progressistas, partido de Lira, avan\u00e7ou em cidades do Norte e Nordeste, onde Bolsonaro tenta aumentar sua popularidade. C\u00edcero Lucena (PP-PB) foi para o segundo turno de Jo\u00e3o Pessoa, capital da Para\u00edba.<\/p>\n<p>Foto: Divulga\u00e7\u00e3o\/ PSD-BA<\/p>\n","protected":false},"excerpt":{"rendered":"<p>Aliado do presidente Jair Bolsonaro (sem partido), o centr\u00e3o teve um bom desempenho nas urnas ontem. L\u00edderes do grupo que d\u00e1 as cartas no Congresso conseguiram eleger afilhados<\/p>\n","protected":false},"author":1,"featured_media":468993,"comment_status":"closed","ping_status":"closed","sticky":false,"template":"","format":"standard","meta":[],"categories":[14,3],"tags":[],"acf":[],"yoast_head":"<!-- This site is optimized with the Yoast SEO plugin v20.8 - https:\/\/yoast.com\/wordpress\/plugins\/seo\/ -->\n<title>CENTR\u00c3O AVAN\u00c7A E AUMENTA SEU CAPITAL ELEITORAL - Bahia Economica<\/title>\n<meta name=\"description\" content=\"O maior portal de Economia da Bahia DESTAQUE DO DIA, ECONOMIA \/ POL\u00cdTICA Bahia Economica\" \/>\n<meta name=\"robots\" content=\"index, follow, max-snippet:-1, max-image-preview:large, max-video-preview:-1\" \/>\n<link rel=\"canonical\" href=\"https:\/\/bahiaeconomica.com.br\/wp\/2020\/11\/16\/centrao-avanca-em-cidades-importantes-e-aumenta-seu-capital\/\" \/>\n<meta property=\"og:locale\" content=\"pt_BR\" \/>\n<meta property=\"og:type\" content=\"article\" \/>\n<meta property=\"og:title\" content=\"CENTR\u00c3O AVAN\u00c7A E AUMENTA SEU CAPITAL ELEITORAL - Bahia Economica\" \/>\n<meta property=\"og:description\" content=\"O maior portal de Economia da Bahia DESTAQUE DO DIA, ECONOMIA \/ POL\u00cdTICA Bahia Economica\" \/>\n<meta property=\"og:url\" content=\"https:\/\/bahiaeconomica.com.br\/wp\/2020\/11\/16\/centrao-avanca-em-cidades-importantes-e-aumenta-seu-capital\/\" \/>\n<meta property=\"og:site_name\" content=\"Bahia Economica\" \/>\n<meta property=\"article:publisher\" content=\"https:\/\/www.facebook.com\/bahiaeconomica\" \/>\n<meta property=\"article:published_time\" content=\"2020-11-16T14:20:21+00:00\" \/>\n<meta property=\"article:modified_time\" content=\"2020-11-16T14:26:03+00:00\" \/>\n<meta property=\"og:image\" content=\"https:\/\/bahiaeconomica.com.br\/wp\/wp-content\/uploads\/2020\/06\/93418otto-alencar-so-nao-sera-candidato-a-presidente-se-ele-nao-quiser-afirma-gilberto-kassab-3ddddddddddddggggggggg.jpg\" \/>\n\t<meta property=\"og:image:width\" content=\"500\" \/>\n\t<meta property=\"og:image:height\" content=\"300\" \/>\n\t<meta property=\"og:image:type\" content=\"image\/jpeg\" \/>\n<meta name=\"author\" content=\"admin\" \/>\n<meta name=\"twitter:card\" content=\"summary_large_image\" \/>\n<meta name=\"twitter:label1\" content=\"Escrito por\" \/>\n\t<meta name=\"twitter:data1\" content=\"admin\" \/>\n\t<meta name=\"twitter:label2\" content=\"Est. tempo de leitura\" \/>\n\t<meta name=\"twitter:data2\" content=\"1 minuto\" \/>\n<script type=\"application\/ld+json\" class=\"yoast-schema-graph\">{\"@context\":\"https:\/\/schema.org\",\"@graph\":[{\"@type\":\"Article\",\"@id\":\"https:\/\/bahiaeconomica.com.br\/wp\/2020\/11\/16\/centrao-avanca-em-cidades-importantes-e-aumenta-seu-capital\/#article\",\"isPartOf\":{\"@id\":\"https:\/\/bahiaeconomica.com.br\/wp\/2020\/11\/16\/centrao-avanca-em-cidades-importantes-e-aumenta-seu-capital\/\"},\"author\":{\"name\":\"admin\",\"@id\":\"https:\/\/bahiaeconomica.com.br\/wp\/#\/schema\/person\/cb1ab5ba96ad3d9390805381c76284ec\"},\"headline\":\"CENTR\u00c3O AVAN\u00c7A E AUMENTA SEU CAPITAL ELEITORAL\",\"datePublished\":\"2020-11-16T14:20:21+00:00\",\"dateModified\":\"2020-11-16T14:26:03+00:00\",\"mainEntityOfPage\":{\"@id\":\"https:\/\/bahiaeconomica.com.br\/wp\/2020\/11\/16\/centrao-avanca-em-cidades-importantes-e-aumenta-seu-capital\/\"},\"wordCount\":192,\"publisher\":{\"@id\":\"https:\/\/bahiaeconomica.com.br\/wp\/#organization\"},\"articleSection\":[\"DESTAQUE DO DIA\",\"ECONOMIA \/ POL\u00cdTICA\"],\"inLanguage\":\"pt-BR\"},{\"@type\":\"WebPage\",\"@id\":\"https:\/\/bahiaeconomica.com.br\/wp\/2020\/11\/16\/centrao-avanca-em-cidades-importantes-e-aumenta-seu-capital\/\",\"url\":\"https:\/\/bahiaeconomica.com.br\/wp\/2020\/11\/16\/centrao-avanca-em-cidades-importantes-e-aumenta-seu-capital\/\",\"name\":\"CENTR\u00c3O AVAN\u00c7A E AUMENTA SEU CAPITAL ELEITORAL - Bahia Economica\",\"isPartOf\":{\"@id\":\"https:\/\/bahiaeconomica.com.br\/wp\/#website\"},\"datePublished\":\"2020-11-16T14:20:21+00:00\",\"dateModified\":\"2020-11-16T14:26:03+00:00\",\"description\":\"O maior portal de Economia da Bahia DESTAQUE DO DIA, ECONOMIA \/ POL\u00cdTICA Bahia Economica\",\"breadcrumb\":{\"@id\":\"https:\/\/bahiaeconomica.com.br\/wp\/2020\/11\/16\/centrao-avanca-em-cidades-importantes-e-aumenta-seu-capital\/#breadcrumb\"},\"inLanguage\":\"pt-BR\",\"potentialAction\":[{\"@type\":\"ReadAction\",\"target\":[\"https:\/\/bahiaeconomica.com.br\/wp\/2020\/11\/16\/centrao-avanca-em-cidades-importantes-e-aumenta-seu-capital\/\"]}]},{\"@type\":\"BreadcrumbList\",\"@id\":\"https:\/\/bahiaeconomica.com.br\/wp\/2020\/11\/16\/centrao-avanca-em-cidades-importantes-e-aumenta-seu-capital\/#breadcrumb\",\"itemListElement\":[{\"@type\":\"ListItem\",\"position\":1,\"name\":\"In\u00edcio\",\"item\":\"https:\/\/bahiaeconomica.com.br\/wp\/\"},{\"@type\":\"ListItem\",\"position\":2,\"name\":\"CENTR\u00c3O AVAN\u00c7A E AUMENTA SEU CAPITAL ELEITORAL\"}]},{\"@type\":\"WebSite\",\"@id\":\"https:\/\/bahiaeconomica.com.br\/wp\/#website\",\"url\":\"https:\/\/bahiaeconomica.com.br\/wp\/\",\"name\":\"Bahia Economica\",\"description\":\"O maior portal de Economia da Bahia\",\"publisher\":{\"@id\":\"https:\/\/bahiaeconomica.com.br\/wp\/#organization\"},\"potentialAction\":[{\"@type\":\"SearchAction\",\"target\":{\"@type\":\"EntryPoint\",\"urlTemplate\":\"https:\/\/bahiaeconomica.com.br\/wp\/?s={search_term_string}\"},\"query-input\":\"required name=search_term_string\"}],\"inLanguage\":\"pt-BR\"},{\"@type\":\"Organization\",\"@id\":\"https:\/\/bahiaeconomica.com.br\/wp\/#organization\",\"name\":\"Bahia Econ\u00f4mica\",\"url\":\"https:\/\/bahiaeconomica.com.br\/wp\/\",\"logo\":{\"@type\":\"ImageObject\",\"inLanguage\":\"pt-BR\",\"@id\":\"https:\/\/bahiaeconomica.com.br\/wp\/#\/schema\/logo\/image\/\",\"url\":\"https:\/\/bahiaeconomica.com.br\/wp\/wp-content\/uploads\/2020\/12\/cropped-BE.png\",\"contentUrl\":\"https:\/\/bahiaeconomica.com.br\/wp\/wp-content\/uploads\/2020\/12\/cropped-BE.png\",\"width\":512,\"height\":512,\"caption\":\"Bahia Econ\u00f4mica\"},\"image\":{\"@id\":\"https:\/\/bahiaeconomica.com.br\/wp\/#\/schema\/logo\/image\/\"},\"sameAs\":[\"https:\/\/www.facebook.com\/bahiaeconomica\"]},{\"@type\":\"Person\",\"@id\":\"https:\/\/bahiaeconomica.com.br\/wp\/#\/schema\/person\/cb1ab5ba96ad3d9390805381c76284ec\",\"name\":\"admin\",\"url\":\"https:\/\/bahiaeconomica.com.br\/wp\/author\/admin\/\"}]}<\/script>\n<!-- \/ Yoast SEO plugin. -->","yoast_head_json":{"title":"CENTR\u00c3O AVAN\u00c7A E AUMENTA SEU CAPITAL ELEITORAL - Bahia Economica","description":"O maior portal de Economia da Bahia DESTAQUE DO DIA, ECONOMIA \/ POL\u00cdTICA Bahia Economica","robots":{"index":"index","follow":"follow","max-snippet":"max-snippet:-1","max-image-preview":"max-image-preview:large","max-video-preview":"max-video-preview:-1"},"canonical":"https:\/\/bahiaeconomica.com.br\/wp\/2020\/11\/16\/centrao-avanca-em-cidades-importantes-e-aumenta-seu-capital\/","og_locale":"pt_BR","og_type":"article","og_title":"CENTR\u00c3O AVAN\u00c7A E AUMENTA SEU CAPITAL ELEITORAL - Bahia Economica","og_description":"O maior portal de Economia da Bahia DESTAQUE DO DIA, ECONOMIA \/ POL\u00cdTICA Bahia Economica","og_url":"https:\/\/bahiaeconomica.com.br\/wp\/2020\/11\/16\/centrao-avanca-em-cidades-importantes-e-aumenta-seu-capital\/","og_site_name":"Bahia Economica","article_publisher":"https:\/\/www.facebook.com\/bahiaeconomica","article_published_time":"2020-11-16T14:20:21+00:00","article_modified_time":"2020-11-16T14:26:03+00:00","og_image":[{"width":500,"height":300,"url":"https:\/\/bahiaeconomica.com.br\/wp\/wp-content\/uploads\/2020\/06\/93418otto-alencar-so-nao-sera-candidato-a-presidente-se-ele-nao-quiser-afirma-gilberto-kassab-3ddddddddddddggggggggg.jpg","type":"image\/jpeg"}],"author":"admin","twitter_card":"summary_large_image","twitter_misc":{"Escrito por":"admin","Est. tempo de leitura":"1 minuto"},"schema":{"@context":"https:\/\/schema.org","@graph":[{"@type":"Article","@id":"https:\/\/bahiaeconomica.com.br\/wp\/2020\/11\/16\/centrao-avanca-em-cidades-importantes-e-aumenta-seu-capital\/#article","isPartOf":{"@id":"https:\/\/bahiaeconomica.com.br\/wp\/2020\/11\/16\/centrao-avanca-em-cidades-importantes-e-aumenta-seu-capital\/"},"author":{"name":"admin","@id":"https:\/\/bahiaeconomica.com.br\/wp\/#\/schema\/person\/cb1ab5ba96ad3d9390805381c76284ec"},"headline":"CENTR\u00c3O AVAN\u00c7A E AUMENTA SEU CAPITAL ELEITORAL","datePublished":"2020-11-16T14:20:21+00:00","dateModified":"2020-11-16T14:26:03+00:00","mainEntityOfPage":{"@id":"https:\/\/bahiaeconomica.com.br\/wp\/2020\/11\/16\/centrao-avanca-em-cidades-importantes-e-aumenta-seu-capital\/"},"wordCount":192,"publisher":{"@id":"https:\/\/bahiaeconomica.com.br\/wp\/#organization"},"articleSection":["DESTAQUE DO DIA","ECONOMIA \/ POL\u00cdTICA"],"inLanguage":"pt-BR"},{"@type":"WebPage","@id":"https:\/\/bahiaeconomica.com.br\/wp\/2020\/11\/16\/centrao-avanca-em-cidades-importantes-e-aumenta-seu-capital\/","url":"https:\/\/bahiaeconomica.com.br\/wp\/2020\/11\/16\/centrao-avanca-em-cidades-importantes-e-aumenta-seu-capital\/","name":"CENTR\u00c3O AVAN\u00c7A E AUMENTA SEU CAPITAL ELEITORAL - Bahia Economica","isPartOf":{"@id":"https:\/\/bahiaeconomica.com.br\/wp\/#website"},"datePublished":"2020-11-16T14:20:21+00:00","dateModified":"2020-11-16T14:26:03+00:00","description":"O maior portal de Economia da Bahia DESTAQUE DO DIA, ECONOMIA \/ POL\u00cdTICA Bahia Economica","breadcrumb":{"@id":"https:\/\/bahiaeconomica.com.br\/wp\/2020\/11\/16\/centrao-avanca-em-cidades-importantes-e-aumenta-seu-capital\/#breadcrumb"},"inLanguage":"pt-BR","potentialAction":[{"@type":"ReadAction","target":["https:\/\/bahiaeconomica.com.br\/wp\/2020\/11\/16\/centrao-avanca-em-cidades-importantes-e-aumenta-seu-capital\/"]}]},{"@type":"BreadcrumbList","@id":"https:\/\/bahiaeconomica.com.br\/wp\/2020\/11\/16\/centrao-avanca-em-cidades-importantes-e-aumenta-seu-capital\/#breadcrumb","itemListElement":[{"@type":"ListItem","position":1,"name":"In\u00edcio","item":"https:\/\/bahiaeconomica.com.br\/wp\/"},{"@type":"ListItem","position":2,"name":"CENTR\u00c3O AVAN\u00c7A E AUMENTA SEU CAPITAL ELEITORAL"}]},{"@type":"WebSite","@id":"https:\/\/bahiaeconomica.com.br\/wp\/#website","url":"https:\/\/bahiaeconomica.com.br\/wp\/","name":"Bahia Economica","description":"O maior portal de Economia da Bahia","publisher":{"@id":"https:\/\/bahiaeconomica.com.br\/wp\/#organization"},"potentialAction":[{"@type":"SearchAction","target":{"@type":"EntryPoint","urlTemplate":"https:\/\/bahiaeconomica.com.br\/wp\/?s={search_term_string}"},"query-input":"required name=search_term_string"}],"inLanguage":"pt-BR"},{"@type":"Organization","@id":"https:\/\/bahiaeconomica.com.br\/wp\/#organization","name":"Bahia Econ\u00f4mica","url":"https:\/\/bahiaeconomica.com.br\/wp\/","logo":{"@type":"ImageObject","inLanguage":"pt-BR","@id":"https:\/\/bahiaeconomica.com.br\/wp\/#\/schema\/logo\/image\/","url":"https:\/\/bahiaeconomica.com.br\/wp\/wp-content\/uploads\/2020\/12\/cropped-BE.png","contentUrl":"https:\/\/bahiaeconomica.com.br\/wp\/wp-content\/uploads\/2020\/12\/cropped-BE.png","width":512,"height":512,"caption":"Bahia Econ\u00f4mica"},"image":{"@id":"https:\/\/bahiaeconomica.com.br\/wp\/#\/schema\/logo\/image\/"},"sameAs":["https:\/\/www.facebook.com\/bahiaeconomica"]},{"@type":"Person","@id":"https:\/\/bahiaeconomica.com.br\/wp\/#\/schema\/person\/cb1ab5ba96ad3d9390805381c76284ec","name":"admin","url":"https:\/\/bahiaeconomica.com.br\/wp\/author\/admin\/"}]}},"views":4,"_links":{"self":[{"href":"https:\/\/bahiaeconomica.com.br\/wp\/wp-json\/wp\/v2\/posts\/510240"}],"collection":[{"href":"https:\/\/bahiaeconomica.com.br\/wp\/wp-json\/wp\/v2\/posts"}],"about":[{"href":"https:\/\/bahiaeconomica.com.br\/wp\/wp-json\/wp\/v2\/types\/post"}],"author":[{"embeddable":true,"href":"https:\/\/bahiaeconomica.com.br\/wp\/wp-json\/wp\/v2\/users\/1"}],"replies":[{"embeddable":true,"href":"https:\/\/bahiaeconomica.com.br\/wp\/wp-json\/wp\/v2\/comments?post=510240"}],"version-history":[{"count":2,"href":"https:\/\/bahiaeconomica.com.br\/wp\/wp-json\/wp\/v2\/posts\/510240\/revisions"}],"predecessor-version":[{"id":510250,"href":"https:\/\/bahiaeconomica.com.br\/wp\/wp-json\/wp\/v2\/posts\/510240\/revisions\/510250"}],"wp:featuredmedia":[{"embeddable":true,"href":"https:\/\/bahiaeconomica.com.br\/wp\/wp-json\/wp\/v2\/media\/468993"}],"wp:attachment":[{"href":"https:\/\/bahiaeconomica.com.br\/wp\/wp-json\/wp\/v2\/media?parent=510240"}],"wp:term":[{"taxonomy":"category","embeddable":true,"href":"https:\/\/bahiaeconomica.com.br\/wp\/wp-json\/wp\/v2\/categories?post=510240"},{"taxonomy":"post_tag","embeddable":true,"href":"https:\/\/bahiaeconomica.com.br\/wp\/wp-json\/wp\/v2\/tags?post=510240"}],"curies":[{"name":"wp","href":"https:\/\/api.w.org\/{rel}","templated":true}]}}