{"id":510043,"date":"2020-11-16T06:47:53","date_gmt":"2020-11-16T09:47:53","guid":{"rendered":"https:\/\/bahiaeconomica.com.br\/wp\/beta\/?p=510043"},"modified":"2020-11-16T06:47:53","modified_gmt":"2020-11-16T09:47:53","slug":"bahia-pega-o-coritiba-e-pode-abrir-oito-pontos-do-z4","status":"publish","type":"post","link":"https:\/\/bahiaeconomica.com.br\/wp\/2020\/11\/16\/bahia-pega-o-coritiba-e-pode-abrir-oito-pontos-do-z4\/","title":{"rendered":"BAHIA PEGA O CORITIBA E PODE ABRIR OITO PONTOS DO Z4"},"content":{"rendered":"<p>O clima no Bahia voltou a ficar mais leve. Depois de tr\u00eas triunfos seguidos, o tricolor conseguiu dar uma boa respirada no Campeonato Brasileiro. Mas hoje, o Esquadr\u00e3o<!--more--> tem um novo desafio para tentar se manter distante da zona de rebaixamento. A partir das 18h, o tricolor encara o Coritiba, no est\u00e1dio Couto Pereira, pela 21\u00aa rodada do Brasileir\u00e3o. O duelo \u00e9 um confronto direto, j\u00e1 que os paranaeses s\u00e3o o primeiro clube dentro da zona de rebaixamento, na 17\u00aa coloca\u00e7\u00e3o, com 20 pontos, cinco a menos que o tricolor, que est\u00e1 em 9\u00ba. Por isso, o Esquadr\u00e3o sabe que o triunfo significaria abrir oito pontos da degola e respirar de vez na competi\u00e7\u00e3o nacional.<\/p>\n<p>A aten\u00e7\u00e3o em Curitiba ser\u00e1 redobrada tamb\u00e9m por conta de outro aspecto. A campanha do Bahia fora de casa n\u00e3o tem sido animadora. Em todo o primeiro turno, o time ganhou apenas um jogo longe dos seus dom\u00ednios, quando bateu o Botafogo, por 2&#215;1, no est\u00e1dio Nilton Santos, no Rio de Janeiro, em partida v\u00e1lida pela primeira rodada da S\u00e9rie A. &#8220;A gente sabe que vinha pecando muito, muita desaten\u00e7\u00e3o durante os jogos, e n\u00e3o conseguia sair com o resultado positivo. Agora eu acredito que seja mais quest\u00e3o de cobran\u00e7a um em cima do outro dentro do grupo, quest\u00e3o de concentra\u00e7\u00e3o, e a gente reencontrou o caminho dos triunfos&#8221;, disse o zagueiro Juninho, confiante.<\/p>\n<p>Por sinal, diante do Coritiba Juninho vai reencontrar o clube que o revelou. Questionado se comemorar\u00e1 caso marque gol sobre o alviverde, o defensor explica que n\u00e3o v\u00ea problema nisso e que usaria o momento de &#8216;lei do ex&#8217; para extravasar junto com os companheiros. &#8220;Vou comemorar sim, \u00e9 a melhor forma de extravasar a alegria, o momento que estamos vivendo no Bahia. N\u00e3o creio que seja desrespeito a nenhum clube comemorar gol, mas uma forma de alegria dentro do grupo. Comemorar com os meus companheiros \u00e9 essencial&#8221;, afirmou.<\/p>\n<p>Problemas l\u00e1 e c\u00e1<\/p>\n<p>Em meio a maratona de jogos que tem enfrentado, o t\u00e9cnico Mano Menezes ganhou boas not\u00edcias para o jogo desta segunda. O tricolor ter\u00e1 os retornos dos volantes Gregore e Elias. A dupla cumpriu suspens\u00e3o pelo terceiro cart\u00e3o amarelo na vit\u00f3ria de 2&#215;1 sobre o Fortaleza e agora volta a ficar \u00e0 disposi\u00e7\u00e3o do comandante. Por outro lado, Mano n\u00e3o ter\u00e1 o l\u00edder de assist\u00eancias do time. Principal gar\u00e7om na temporada, com oito passes para gol, o lateral esquerdo Juninho Capixaba recebeu o terceiro amarelo e est\u00e1 fora da partida.<\/p>\n<p>A sa\u00edda de Capixaba abre espa\u00e7o para disputa pela vaga no setor. A tend\u00eancia \u00e9 de que Zeca seja o escolhido para ser titular diante do Coxa, mas o prata da casa Matheus Bahia corre por fora. Do outro lado, o alviverde tamb\u00e9m tem problemas. Ou melhor, muitos problemas. O Coritiba vive um surto de covid-19 e pelo menos nove jogadores est\u00e3o impedidos de encarar o tricolor. Entre os nomes divulgados est\u00e3o: o goleiro Muralha, o lateral Patrick Vieira e os meias Matheus Galdezani, Nathan Silva e Matheus Bueno.<\/p>\n<p>Outros dois atletas tamb\u00e9m testaram positivo e n\u00e3o tiveram os nomes revelados. Pelo mesmo motivo, o t\u00e9cnico Rodrigo Santana tamb\u00e9m est\u00e1 fora. O auxiliar Pachequinho comandar\u00e1 o time na beira do gramado. Ao todo, entre funcion\u00e1rios e elenco no futebol, s\u00e3o 16 infectados. Completam a lista de desfalques os atacantes Yan Sasse, suspenso, e o argentino Ezequiel Cerutti, machucado.<\/p>\n<p>Foto: divulga\u00e7\u00e3o<\/p>\n","protected":false},"excerpt":{"rendered":"<p>O clima no Bahia voltou a ficar mais leve. Depois de tr\u00eas triunfos seguidos, o tricolor conseguiu dar uma boa respirada no Campeonato Brasileiro. Mas hoje, o Esquadr\u00e3o<\/p>\n","protected":false},"author":1,"featured_media":510045,"comment_status":"closed","ping_status":"closed","sticky":false,"template":"","format":"standard","meta":[],"categories":[14,3],"tags":[],"acf":[],"yoast_head":"<!-- This site is optimized with the Yoast SEO plugin v20.8 - https:\/\/yoast.com\/wordpress\/plugins\/seo\/ -->\n<title>BAHIA PEGA O CORITIBA E PODE ABRIR OITO PONTOS DO Z4 - Bahia Economica<\/title>\n<meta name=\"description\" content=\"O maior portal de Economia da Bahia DESTAQUE DO DIA, ECONOMIA \/ POL\u00cdTICA Bahia Economica\" \/>\n<meta name=\"robots\" content=\"index, follow, max-snippet:-1, max-image-preview:large, max-video-preview:-1\" \/>\n<link rel=\"canonical\" href=\"https:\/\/bahiaeconomica.com.br\/wp\/2020\/11\/16\/bahia-pega-o-coritiba-e-pode-abrir-oito-pontos-do-z4\/\" \/>\n<meta property=\"og:locale\" content=\"pt_BR\" \/>\n<meta property=\"og:type\" content=\"article\" \/>\n<meta property=\"og:title\" content=\"BAHIA PEGA O CORITIBA E PODE ABRIR OITO PONTOS DO Z4 - Bahia Economica\" \/>\n<meta property=\"og:description\" content=\"O maior portal de Economia da Bahia DESTAQUE DO DIA, ECONOMIA \/ POL\u00cdTICA Bahia Economica\" \/>\n<meta property=\"og:url\" content=\"https:\/\/bahiaeconomica.com.br\/wp\/2020\/11\/16\/bahia-pega-o-coritiba-e-pode-abrir-oito-pontos-do-z4\/\" \/>\n<meta property=\"og:site_name\" content=\"Bahia Economica\" \/>\n<meta property=\"article:publisher\" content=\"https:\/\/www.facebook.com\/bahiaeconomica\" \/>\n<meta property=\"article:published_time\" content=\"2020-11-16T09:47:53+00:00\" \/>\n<meta property=\"og:image\" content=\"https:\/\/bahiaeconomica.com.br\/wp\/wp-content\/uploads\/2020\/11\/csm_gregore_bahia_e6d035af8a.jpg\" \/>\n\t<meta property=\"og:image:width\" content=\"940\" \/>\n\t<meta property=\"og:image:height\" content=\"586\" \/>\n\t<meta property=\"og:image:type\" content=\"image\/jpeg\" \/>\n<meta name=\"author\" content=\"admin\" \/>\n<meta name=\"twitter:card\" content=\"summary_large_image\" \/>\n<meta name=\"twitter:label1\" content=\"Escrito por\" \/>\n\t<meta name=\"twitter:data1\" content=\"admin\" \/>\n\t<meta name=\"twitter:label2\" content=\"Est. tempo de leitura\" \/>\n\t<meta name=\"twitter:data2\" content=\"3 minutos\" \/>\n<script type=\"application\/ld+json\" class=\"yoast-schema-graph\">{\"@context\":\"https:\/\/schema.org\",\"@graph\":[{\"@type\":\"Article\",\"@id\":\"https:\/\/bahiaeconomica.com.br\/wp\/2020\/11\/16\/bahia-pega-o-coritiba-e-pode-abrir-oito-pontos-do-z4\/#article\",\"isPartOf\":{\"@id\":\"https:\/\/bahiaeconomica.com.br\/wp\/2020\/11\/16\/bahia-pega-o-coritiba-e-pode-abrir-oito-pontos-do-z4\/\"},\"author\":{\"name\":\"admin\",\"@id\":\"https:\/\/bahiaeconomica.com.br\/wp\/#\/schema\/person\/cb1ab5ba96ad3d9390805381c76284ec\"},\"headline\":\"BAHIA PEGA O CORITIBA E PODE ABRIR OITO PONTOS DO Z4\",\"datePublished\":\"2020-11-16T09:47:53+00:00\",\"dateModified\":\"2020-11-16T09:47:53+00:00\",\"mainEntityOfPage\":{\"@id\":\"https:\/\/bahiaeconomica.com.br\/wp\/2020\/11\/16\/bahia-pega-o-coritiba-e-pode-abrir-oito-pontos-do-z4\/\"},\"wordCount\":609,\"publisher\":{\"@id\":\"https:\/\/bahiaeconomica.com.br\/wp\/#organization\"},\"articleSection\":[\"DESTAQUE DO DIA\",\"ECONOMIA \/ POL\u00cdTICA\"],\"inLanguage\":\"pt-BR\"},{\"@type\":\"WebPage\",\"@id\":\"https:\/\/bahiaeconomica.com.br\/wp\/2020\/11\/16\/bahia-pega-o-coritiba-e-pode-abrir-oito-pontos-do-z4\/\",\"url\":\"https:\/\/bahiaeconomica.com.br\/wp\/2020\/11\/16\/bahia-pega-o-coritiba-e-pode-abrir-oito-pontos-do-z4\/\",\"name\":\"BAHIA PEGA O CORITIBA E PODE ABRIR OITO PONTOS DO Z4 - Bahia Economica\",\"isPartOf\":{\"@id\":\"https:\/\/bahiaeconomica.com.br\/wp\/#website\"},\"datePublished\":\"2020-11-16T09:47:53+00:00\",\"dateModified\":\"2020-11-16T09:47:53+00:00\",\"description\":\"O maior portal de Economia da Bahia DESTAQUE DO DIA, ECONOMIA \/ POL\u00cdTICA Bahia Economica\",\"breadcrumb\":{\"@id\":\"https:\/\/bahiaeconomica.com.br\/wp\/2020\/11\/16\/bahia-pega-o-coritiba-e-pode-abrir-oito-pontos-do-z4\/#breadcrumb\"},\"inLanguage\":\"pt-BR\",\"potentialAction\":[{\"@type\":\"ReadAction\",\"target\":[\"https:\/\/bahiaeconomica.com.br\/wp\/2020\/11\/16\/bahia-pega-o-coritiba-e-pode-abrir-oito-pontos-do-z4\/\"]}]},{\"@type\":\"BreadcrumbList\",\"@id\":\"https:\/\/bahiaeconomica.com.br\/wp\/2020\/11\/16\/bahia-pega-o-coritiba-e-pode-abrir-oito-pontos-do-z4\/#breadcrumb\",\"itemListElement\":[{\"@type\":\"ListItem\",\"position\":1,\"name\":\"In\u00edcio\",\"item\":\"https:\/\/bahiaeconomica.com.br\/wp\/\"},{\"@type\":\"ListItem\",\"position\":2,\"name\":\"BAHIA PEGA O CORITIBA E PODE ABRIR OITO PONTOS DO Z4\"}]},{\"@type\":\"WebSite\",\"@id\":\"https:\/\/bahiaeconomica.com.br\/wp\/#website\",\"url\":\"https:\/\/bahiaeconomica.com.br\/wp\/\",\"name\":\"Bahia Economica\",\"description\":\"O maior portal de Economia da Bahia\",\"publisher\":{\"@id\":\"https:\/\/bahiaeconomica.com.br\/wp\/#organization\"},\"potentialAction\":[{\"@type\":\"SearchAction\",\"target\":{\"@type\":\"EntryPoint\",\"urlTemplate\":\"https:\/\/bahiaeconomica.com.br\/wp\/?s={search_term_string}\"},\"query-input\":\"required name=search_term_string\"}],\"inLanguage\":\"pt-BR\"},{\"@type\":\"Organization\",\"@id\":\"https:\/\/bahiaeconomica.com.br\/wp\/#organization\",\"name\":\"Bahia Econ\u00f4mica\",\"url\":\"https:\/\/bahiaeconomica.com.br\/wp\/\",\"logo\":{\"@type\":\"ImageObject\",\"inLanguage\":\"pt-BR\",\"@id\":\"https:\/\/bahiaeconomica.com.br\/wp\/#\/schema\/logo\/image\/\",\"url\":\"https:\/\/bahiaeconomica.com.br\/wp\/wp-content\/uploads\/2020\/12\/cropped-BE.png\",\"contentUrl\":\"https:\/\/bahiaeconomica.com.br\/wp\/wp-content\/uploads\/2020\/12\/cropped-BE.png\",\"width\":512,\"height\":512,\"caption\":\"Bahia Econ\u00f4mica\"},\"image\":{\"@id\":\"https:\/\/bahiaeconomica.com.br\/wp\/#\/schema\/logo\/image\/\"},\"sameAs\":[\"https:\/\/www.facebook.com\/bahiaeconomica\"]},{\"@type\":\"Person\",\"@id\":\"https:\/\/bahiaeconomica.com.br\/wp\/#\/schema\/person\/cb1ab5ba96ad3d9390805381c76284ec\",\"name\":\"admin\",\"url\":\"https:\/\/bahiaeconomica.com.br\/wp\/author\/admin\/\"}]}<\/script>\n<!-- \/ Yoast SEO plugin. -->","yoast_head_json":{"title":"BAHIA PEGA O CORITIBA E PODE ABRIR OITO PONTOS DO Z4 - Bahia Economica","description":"O maior portal de Economia da Bahia DESTAQUE DO DIA, ECONOMIA \/ POL\u00cdTICA Bahia Economica","robots":{"index":"index","follow":"follow","max-snippet":"max-snippet:-1","max-image-preview":"max-image-preview:large","max-video-preview":"max-video-preview:-1"},"canonical":"https:\/\/bahiaeconomica.com.br\/wp\/2020\/11\/16\/bahia-pega-o-coritiba-e-pode-abrir-oito-pontos-do-z4\/","og_locale":"pt_BR","og_type":"article","og_title":"BAHIA PEGA O CORITIBA E PODE ABRIR OITO PONTOS DO Z4 - Bahia Economica","og_description":"O maior portal de Economia da Bahia DESTAQUE DO DIA, ECONOMIA \/ POL\u00cdTICA Bahia Economica","og_url":"https:\/\/bahiaeconomica.com.br\/wp\/2020\/11\/16\/bahia-pega-o-coritiba-e-pode-abrir-oito-pontos-do-z4\/","og_site_name":"Bahia Economica","article_publisher":"https:\/\/www.facebook.com\/bahiaeconomica","article_published_time":"2020-11-16T09:47:53+00:00","og_image":[{"width":940,"height":586,"url":"https:\/\/bahiaeconomica.com.br\/wp\/wp-content\/uploads\/2020\/11\/csm_gregore_bahia_e6d035af8a.jpg","type":"image\/jpeg"}],"author":"admin","twitter_card":"summary_large_image","twitter_misc":{"Escrito por":"admin","Est. tempo de leitura":"3 minutos"},"schema":{"@context":"https:\/\/schema.org","@graph":[{"@type":"Article","@id":"https:\/\/bahiaeconomica.com.br\/wp\/2020\/11\/16\/bahia-pega-o-coritiba-e-pode-abrir-oito-pontos-do-z4\/#article","isPartOf":{"@id":"https:\/\/bahiaeconomica.com.br\/wp\/2020\/11\/16\/bahia-pega-o-coritiba-e-pode-abrir-oito-pontos-do-z4\/"},"author":{"name":"admin","@id":"https:\/\/bahiaeconomica.com.br\/wp\/#\/schema\/person\/cb1ab5ba96ad3d9390805381c76284ec"},"headline":"BAHIA PEGA O CORITIBA E PODE ABRIR OITO PONTOS DO Z4","datePublished":"2020-11-16T09:47:53+00:00","dateModified":"2020-11-16T09:47:53+00:00","mainEntityOfPage":{"@id":"https:\/\/bahiaeconomica.com.br\/wp\/2020\/11\/16\/bahia-pega-o-coritiba-e-pode-abrir-oito-pontos-do-z4\/"},"wordCount":609,"publisher":{"@id":"https:\/\/bahiaeconomica.com.br\/wp\/#organization"},"articleSection":["DESTAQUE DO DIA","ECONOMIA \/ POL\u00cdTICA"],"inLanguage":"pt-BR"},{"@type":"WebPage","@id":"https:\/\/bahiaeconomica.com.br\/wp\/2020\/11\/16\/bahia-pega-o-coritiba-e-pode-abrir-oito-pontos-do-z4\/","url":"https:\/\/bahiaeconomica.com.br\/wp\/2020\/11\/16\/bahia-pega-o-coritiba-e-pode-abrir-oito-pontos-do-z4\/","name":"BAHIA PEGA O CORITIBA E PODE ABRIR OITO PONTOS DO Z4 - Bahia Economica","isPartOf":{"@id":"https:\/\/bahiaeconomica.com.br\/wp\/#website"},"datePublished":"2020-11-16T09:47:53+00:00","dateModified":"2020-11-16T09:47:53+00:00","description":"O maior portal de Economia da Bahia DESTAQUE DO DIA, ECONOMIA \/ POL\u00cdTICA Bahia Economica","breadcrumb":{"@id":"https:\/\/bahiaeconomica.com.br\/wp\/2020\/11\/16\/bahia-pega-o-coritiba-e-pode-abrir-oito-pontos-do-z4\/#breadcrumb"},"inLanguage":"pt-BR","potentialAction":[{"@type":"ReadAction","target":["https:\/\/bahiaeconomica.com.br\/wp\/2020\/11\/16\/bahia-pega-o-coritiba-e-pode-abrir-oito-pontos-do-z4\/"]}]},{"@type":"BreadcrumbList","@id":"https:\/\/bahiaeconomica.com.br\/wp\/2020\/11\/16\/bahia-pega-o-coritiba-e-pode-abrir-oito-pontos-do-z4\/#breadcrumb","itemListElement":[{"@type":"ListItem","position":1,"name":"In\u00edcio","item":"https:\/\/bahiaeconomica.com.br\/wp\/"},{"@type":"ListItem","position":2,"name":"BAHIA PEGA O CORITIBA E PODE ABRIR OITO PONTOS DO Z4"}]},{"@type":"WebSite","@id":"https:\/\/bahiaeconomica.com.br\/wp\/#website","url":"https:\/\/bahiaeconomica.com.br\/wp\/","name":"Bahia Economica","description":"O maior portal de Economia da Bahia","publisher":{"@id":"https:\/\/bahiaeconomica.com.br\/wp\/#organization"},"potentialAction":[{"@type":"SearchAction","target":{"@type":"EntryPoint","urlTemplate":"https:\/\/bahiaeconomica.com.br\/wp\/?s={search_term_string}"},"query-input":"required name=search_term_string"}],"inLanguage":"pt-BR"},{"@type":"Organization","@id":"https:\/\/bahiaeconomica.com.br\/wp\/#organization","name":"Bahia Econ\u00f4mica","url":"https:\/\/bahiaeconomica.com.br\/wp\/","logo":{"@type":"ImageObject","inLanguage":"pt-BR","@id":"https:\/\/bahiaeconomica.com.br\/wp\/#\/schema\/logo\/image\/","url":"https:\/\/bahiaeconomica.com.br\/wp\/wp-content\/uploads\/2020\/12\/cropped-BE.png","contentUrl":"https:\/\/bahiaeconomica.com.br\/wp\/wp-content\/uploads\/2020\/12\/cropped-BE.png","width":512,"height":512,"caption":"Bahia Econ\u00f4mica"},"image":{"@id":"https:\/\/bahiaeconomica.com.br\/wp\/#\/schema\/logo\/image\/"},"sameAs":["https:\/\/www.facebook.com\/bahiaeconomica"]},{"@type":"Person","@id":"https:\/\/bahiaeconomica.com.br\/wp\/#\/schema\/person\/cb1ab5ba96ad3d9390805381c76284ec","name":"admin","url":"https:\/\/bahiaeconomica.com.br\/wp\/author\/admin\/"}]}},"views":4,"_links":{"self":[{"href":"https:\/\/bahiaeconomica.com.br\/wp\/wp-json\/wp\/v2\/posts\/510043"}],"collection":[{"href":"https:\/\/bahiaeconomica.com.br\/wp\/wp-json\/wp\/v2\/posts"}],"about":[{"href":"https:\/\/bahiaeconomica.com.br\/wp\/wp-json\/wp\/v2\/types\/post"}],"author":[{"embeddable":true,"href":"https:\/\/bahiaeconomica.com.br\/wp\/wp-json\/wp\/v2\/users\/1"}],"replies":[{"embeddable":true,"href":"https:\/\/bahiaeconomica.com.br\/wp\/wp-json\/wp\/v2\/comments?post=510043"}],"version-history":[{"count":1,"href":"https:\/\/bahiaeconomica.com.br\/wp\/wp-json\/wp\/v2\/posts\/510043\/revisions"}],"predecessor-version":[{"id":510046,"href":"https:\/\/bahiaeconomica.com.br\/wp\/wp-json\/wp\/v2\/posts\/510043\/revisions\/510046"}],"wp:featuredmedia":[{"embeddable":true,"href":"https:\/\/bahiaeconomica.com.br\/wp\/wp-json\/wp\/v2\/media\/510045"}],"wp:attachment":[{"href":"https:\/\/bahiaeconomica.com.br\/wp\/wp-json\/wp\/v2\/media?parent=510043"}],"wp:term":[{"taxonomy":"category","embeddable":true,"href":"https:\/\/bahiaeconomica.com.br\/wp\/wp-json\/wp\/v2\/categories?post=510043"},{"taxonomy":"post_tag","embeddable":true,"href":"https:\/\/bahiaeconomica.com.br\/wp\/wp-json\/wp\/v2\/tags?post=510043"}],"curies":[{"name":"wp","href":"https:\/\/api.w.org\/{rel}","templated":true}]}}