{"id":509117,"date":"2020-11-12T14:50:00","date_gmt":"2020-11-12T17:50:00","guid":{"rendered":"https:\/\/bahiaeconomica.com.br\/wp\/beta\/?p=509117"},"modified":"2020-11-12T16:05:18","modified_gmt":"2020-11-12T19:05:18","slug":"construcao-da-ponte-salvador-itaparica-deve-comecar-em-um-ano-gerando-oito-mil-novos-empregos","status":"publish","type":"post","link":"https:\/\/bahiaeconomica.com.br\/wp\/2020\/11\/12\/construcao-da-ponte-salvador-itaparica-deve-comecar-em-um-ano-gerando-oito-mil-novos-empregos\/","title":{"rendered":"CONSTRU\u00c7\u00c3O DA PONTE SSA-ITA DEVE COME\u00c7AR EM 1 ANO"},"content":{"rendered":"<p>O contrato definitivo para a constru\u00e7\u00e3o da Ponte Salvador-Itaparica foi assinado, na manh\u00e3 desta quinta-feira (12), pelo Governo da Bahia e pelo cons\u00f3rcio<!--more--> chin\u00eas vencedor da licita\u00e7\u00e3o. A previs\u00e3o \u00e9 que o equipamento entre em opera\u00e7\u00e3o em cinco anos, j\u00e1 que as empresas China Communications Construction Company (CCCC Ltd), CCCC South America Regional Company (CCCCSA) e China Railway 20 Bureau Group Corporation (CR20) ter\u00e3o um ano para desenvolver o projeto e obter as licen\u00e7as e outros quatro para executar a obra. Com 12,4 quil\u00f4metros de extens\u00e3o, o equipamento ter\u00e1 investimento de R$5,4 bilh\u00f5es e aporte do Estado de R$1,5 bilh\u00e3o, via parceria p\u00fablico-privada.<\/p>\n<p>Durante a cerim\u00f4nia, realizada no Centro Administrativo da Bahia (CAB), em Salvador, o governador Rui Costa destacou a import\u00e2ncia da constru\u00e7\u00e3o do equipamento. &#8220;\u00c9 o maior investimento, em alguns anos, de um grupo chin\u00eas no Brasil. Com muito orgulho chegamos a este momento de assinar o contrato com grupo de um pa\u00eds que muito investe em pesquisa e tecnologia. Nossa engenharia vai colocar em pr\u00e1tica novas formas tecnol\u00f3gicas de constru\u00e7\u00e3o de ponte que nunca foram utilizadas antes na engenharia brasileira&#8221;, afirmou o governador Rui Costa.<\/p>\n<p>Porta-voz do cons\u00f3rcio chin\u00eas, o empres\u00e1rio Lin Li refor\u00e7a a expertise das empresas que ficar\u00e3o respons\u00e1veis pela obra.\u00a0 &#8220;As acionistas do cons\u00f3rcio s\u00e3o as maiores empresas do mundo no segmento de constru\u00e7\u00e3o e infraestrutura e temos confian\u00e7a que temos experi\u00eancia suficiente para executar bem uma obra como a Ponte Salvador-Itaparica&#8221;, enfatizou.<\/p>\n<p>Novo vetor de desenvolvimento<\/p>\n<p>O secret\u00e1rio do Desenvolvimento do Estado, Jo\u00e3o Le\u00e3o, ressalta o poder de aproxima\u00e7\u00e3o do equipamento, principalmente quando se trata de munic\u00edpios situados ao Sul baiano. &#8220;Para se ter uma ideia, o munic\u00edpio de Belmonte ficar\u00e1 283 quil\u00f4metros mais perto da capital.\u00a0 Esta ponte \u00e9 um marco no desenvolvimento da Bahia&#8221;, celebrou.<\/p>\n<p>Quando conclu\u00edda, a Ponte Salvador-Itaparica ser\u00e1 a maior ponte sobre l\u00e2mina d&#8217;\u00e1gua da Am\u00e9rica Latina e contar\u00e1 com duas pistas, cada uma delas com duas faixas e acostamento, e ainda com um trecho estaiado de 860 metros. A previs\u00e3o \u00e9 que sejam gerados aproximadamente oito mil empregos durante a constru\u00e7\u00e3o do equipamento.<\/p>\n<p>De acordo com o secret\u00e1rio de Infraestrutura do Estado, Marcus Cavalcanti, um novo eixo de desenvolvimento ser\u00e1 criado com a constru\u00e7\u00e3o da ponte. &#8220;Hoje, Salvador tem duas sa\u00eddas, uma pela Linha Verde e outra pela BR-324. Temos do outro lado, na Ilha, mais de uma centena de munic\u00edpios que ficar\u00e3o mais pr\u00f3ximos e integrados \u00e0 capital. Essa ponte \u00e9 mais do que uma obra de liga\u00e7\u00e3o, \u00e9 um vetor de integra\u00e7\u00e3o e desenvolvimento para toda a Bahia&#8221;, analisou.<\/p>\n<p>Ap\u00f3s a conclus\u00e3o da obra, o cons\u00f3rcio chin\u00eas ficar\u00e1 respons\u00e1vel pela manuten\u00e7\u00e3o e administra\u00e7\u00e3o do sistema pelos pr\u00f3ximos trinta anos. Com expectativa de atingir um fluxo de 28 mil ve\u00edculos por dia j\u00e1 no inicio da opera\u00e7\u00e3o, a ponte, em Salvador, ser\u00e1 acessada na regi\u00e3o de \u00c1gua de Meninos. Na Ilha de Itaparica, a cabeceira do equipamento ficar\u00e1 na regi\u00e3o da Gameleira. Espera-se que o novo equipamento beneficie diretamente 4,4 milh\u00f5es de pessoas na Regi\u00e3o Metropolitana de Salvador, e indiretamente, mais de 5,4 milh\u00f5es de baianos em outros 100 munic\u00edpios do Rec\u00f4ncavo do Baixo Sul da Bahia.<\/p>\n<p>Fotos: Mateus Pereira e Carol Garcia\/ GOVBA<\/p>\n","protected":false},"excerpt":{"rendered":"<p>O contrato definitivo para a constru\u00e7\u00e3o da Ponte Salvador-Itaparica foi assinado, na manh\u00e3 desta quinta-feira (12), pelo Governo da Bahia e pelo cons\u00f3rcio<\/p>\n","protected":false},"author":1,"featured_media":509121,"comment_status":"closed","ping_status":"closed","sticky":false,"template":"","format":"standard","meta":[],"categories":[14,3],"tags":[],"acf":[],"yoast_head":"<!-- This site is optimized with the Yoast SEO plugin v20.8 - https:\/\/yoast.com\/wordpress\/plugins\/seo\/ -->\n<title>CONSTRU\u00c7\u00c3O DA PONTE SSA-ITA DEVE COME\u00c7AR EM 1 ANO - Bahia Economica<\/title>\n<meta name=\"description\" content=\"O maior portal de Economia da Bahia DESTAQUE DO DIA, ECONOMIA \/ POL\u00cdTICA Bahia Economica\" \/>\n<meta name=\"robots\" content=\"index, follow, max-snippet:-1, max-image-preview:large, max-video-preview:-1\" \/>\n<link rel=\"canonical\" href=\"https:\/\/bahiaeconomica.com.br\/wp\/2020\/11\/12\/construcao-da-ponte-salvador-itaparica-deve-comecar-em-um-ano-gerando-oito-mil-novos-empregos\/\" \/>\n<meta property=\"og:locale\" content=\"pt_BR\" \/>\n<meta property=\"og:type\" content=\"article\" \/>\n<meta property=\"og:title\" content=\"CONSTRU\u00c7\u00c3O DA PONTE SSA-ITA DEVE COME\u00c7AR EM 1 ANO - Bahia Economica\" \/>\n<meta property=\"og:description\" content=\"O maior portal de Economia da Bahia DESTAQUE DO DIA, ECONOMIA \/ POL\u00cdTICA Bahia Economica\" \/>\n<meta property=\"og:url\" content=\"https:\/\/bahiaeconomica.com.br\/wp\/2020\/11\/12\/construcao-da-ponte-salvador-itaparica-deve-comecar-em-um-ano-gerando-oito-mil-novos-empregos\/\" \/>\n<meta property=\"og:site_name\" content=\"Bahia Economica\" \/>\n<meta property=\"article:publisher\" content=\"https:\/\/www.facebook.com\/bahiaeconomica\" \/>\n<meta property=\"article:published_time\" content=\"2020-11-12T17:50:00+00:00\" \/>\n<meta property=\"article:modified_time\" content=\"2020-11-12T19:05:18+00:00\" \/>\n<meta property=\"og:image\" content=\"https:\/\/bahiaeconomica.com.br\/wp\/wp-content\/uploads\/2020\/11\/Foto-Carol-Garcia-GOVBA-2770500.jpg\" \/>\n\t<meta property=\"og:image:width\" content=\"500\" \/>\n\t<meta property=\"og:image:height\" content=\"307\" \/>\n\t<meta property=\"og:image:type\" content=\"image\/jpeg\" \/>\n<meta name=\"author\" content=\"admin\" \/>\n<meta name=\"twitter:card\" content=\"summary_large_image\" \/>\n<meta name=\"twitter:label1\" content=\"Escrito por\" \/>\n\t<meta name=\"twitter:data1\" content=\"admin\" \/>\n\t<meta name=\"twitter:label2\" content=\"Est. tempo de leitura\" \/>\n\t<meta name=\"twitter:data2\" content=\"3 minutos\" \/>\n<script type=\"application\/ld+json\" class=\"yoast-schema-graph\">{\"@context\":\"https:\/\/schema.org\",\"@graph\":[{\"@type\":\"Article\",\"@id\":\"https:\/\/bahiaeconomica.com.br\/wp\/2020\/11\/12\/construcao-da-ponte-salvador-itaparica-deve-comecar-em-um-ano-gerando-oito-mil-novos-empregos\/#article\",\"isPartOf\":{\"@id\":\"https:\/\/bahiaeconomica.com.br\/wp\/2020\/11\/12\/construcao-da-ponte-salvador-itaparica-deve-comecar-em-um-ano-gerando-oito-mil-novos-empregos\/\"},\"author\":{\"name\":\"admin\",\"@id\":\"https:\/\/bahiaeconomica.com.br\/wp\/#\/schema\/person\/cb1ab5ba96ad3d9390805381c76284ec\"},\"headline\":\"CONSTRU\u00c7\u00c3O DA PONTE SSA-ITA DEVE COME\u00c7AR EM 1 ANO\",\"datePublished\":\"2020-11-12T17:50:00+00:00\",\"dateModified\":\"2020-11-12T19:05:18+00:00\",\"mainEntityOfPage\":{\"@id\":\"https:\/\/bahiaeconomica.com.br\/wp\/2020\/11\/12\/construcao-da-ponte-salvador-itaparica-deve-comecar-em-um-ano-gerando-oito-mil-novos-empregos\/\"},\"wordCount\":592,\"publisher\":{\"@id\":\"https:\/\/bahiaeconomica.com.br\/wp\/#organization\"},\"articleSection\":[\"DESTAQUE DO DIA\",\"ECONOMIA \/ POL\u00cdTICA\"],\"inLanguage\":\"pt-BR\"},{\"@type\":\"WebPage\",\"@id\":\"https:\/\/bahiaeconomica.com.br\/wp\/2020\/11\/12\/construcao-da-ponte-salvador-itaparica-deve-comecar-em-um-ano-gerando-oito-mil-novos-empregos\/\",\"url\":\"https:\/\/bahiaeconomica.com.br\/wp\/2020\/11\/12\/construcao-da-ponte-salvador-itaparica-deve-comecar-em-um-ano-gerando-oito-mil-novos-empregos\/\",\"name\":\"CONSTRU\u00c7\u00c3O DA PONTE SSA-ITA DEVE COME\u00c7AR EM 1 ANO - Bahia Economica\",\"isPartOf\":{\"@id\":\"https:\/\/bahiaeconomica.com.br\/wp\/#website\"},\"datePublished\":\"2020-11-12T17:50:00+00:00\",\"dateModified\":\"2020-11-12T19:05:18+00:00\",\"description\":\"O maior portal de Economia da Bahia DESTAQUE DO DIA, ECONOMIA \/ POL\u00cdTICA Bahia Economica\",\"breadcrumb\":{\"@id\":\"https:\/\/bahiaeconomica.com.br\/wp\/2020\/11\/12\/construcao-da-ponte-salvador-itaparica-deve-comecar-em-um-ano-gerando-oito-mil-novos-empregos\/#breadcrumb\"},\"inLanguage\":\"pt-BR\",\"potentialAction\":[{\"@type\":\"ReadAction\",\"target\":[\"https:\/\/bahiaeconomica.com.br\/wp\/2020\/11\/12\/construcao-da-ponte-salvador-itaparica-deve-comecar-em-um-ano-gerando-oito-mil-novos-empregos\/\"]}]},{\"@type\":\"BreadcrumbList\",\"@id\":\"https:\/\/bahiaeconomica.com.br\/wp\/2020\/11\/12\/construcao-da-ponte-salvador-itaparica-deve-comecar-em-um-ano-gerando-oito-mil-novos-empregos\/#breadcrumb\",\"itemListElement\":[{\"@type\":\"ListItem\",\"position\":1,\"name\":\"In\u00edcio\",\"item\":\"https:\/\/bahiaeconomica.com.br\/wp\/\"},{\"@type\":\"ListItem\",\"position\":2,\"name\":\"CONSTRU\u00c7\u00c3O DA PONTE SSA-ITA DEVE COME\u00c7AR EM 1 ANO\"}]},{\"@type\":\"WebSite\",\"@id\":\"https:\/\/bahiaeconomica.com.br\/wp\/#website\",\"url\":\"https:\/\/bahiaeconomica.com.br\/wp\/\",\"name\":\"Bahia Economica\",\"description\":\"O maior portal de Economia da Bahia\",\"publisher\":{\"@id\":\"https:\/\/bahiaeconomica.com.br\/wp\/#organization\"},\"potentialAction\":[{\"@type\":\"SearchAction\",\"target\":{\"@type\":\"EntryPoint\",\"urlTemplate\":\"https:\/\/bahiaeconomica.com.br\/wp\/?s={search_term_string}\"},\"query-input\":\"required name=search_term_string\"}],\"inLanguage\":\"pt-BR\"},{\"@type\":\"Organization\",\"@id\":\"https:\/\/bahiaeconomica.com.br\/wp\/#organization\",\"name\":\"Bahia Econ\u00f4mica\",\"url\":\"https:\/\/bahiaeconomica.com.br\/wp\/\",\"logo\":{\"@type\":\"ImageObject\",\"inLanguage\":\"pt-BR\",\"@id\":\"https:\/\/bahiaeconomica.com.br\/wp\/#\/schema\/logo\/image\/\",\"url\":\"https:\/\/bahiaeconomica.com.br\/wp\/wp-content\/uploads\/2020\/12\/cropped-BE.png\",\"contentUrl\":\"https:\/\/bahiaeconomica.com.br\/wp\/wp-content\/uploads\/2020\/12\/cropped-BE.png\",\"width\":512,\"height\":512,\"caption\":\"Bahia Econ\u00f4mica\"},\"image\":{\"@id\":\"https:\/\/bahiaeconomica.com.br\/wp\/#\/schema\/logo\/image\/\"},\"sameAs\":[\"https:\/\/www.facebook.com\/bahiaeconomica\"]},{\"@type\":\"Person\",\"@id\":\"https:\/\/bahiaeconomica.com.br\/wp\/#\/schema\/person\/cb1ab5ba96ad3d9390805381c76284ec\",\"name\":\"admin\",\"url\":\"https:\/\/bahiaeconomica.com.br\/wp\/author\/admin\/\"}]}<\/script>\n<!-- \/ Yoast SEO plugin. -->","yoast_head_json":{"title":"CONSTRU\u00c7\u00c3O DA PONTE SSA-ITA DEVE COME\u00c7AR EM 1 ANO - Bahia Economica","description":"O maior portal de Economia da Bahia DESTAQUE DO DIA, ECONOMIA \/ POL\u00cdTICA Bahia Economica","robots":{"index":"index","follow":"follow","max-snippet":"max-snippet:-1","max-image-preview":"max-image-preview:large","max-video-preview":"max-video-preview:-1"},"canonical":"https:\/\/bahiaeconomica.com.br\/wp\/2020\/11\/12\/construcao-da-ponte-salvador-itaparica-deve-comecar-em-um-ano-gerando-oito-mil-novos-empregos\/","og_locale":"pt_BR","og_type":"article","og_title":"CONSTRU\u00c7\u00c3O DA PONTE SSA-ITA DEVE COME\u00c7AR EM 1 ANO - Bahia Economica","og_description":"O maior portal de Economia da Bahia DESTAQUE DO DIA, ECONOMIA \/ POL\u00cdTICA Bahia Economica","og_url":"https:\/\/bahiaeconomica.com.br\/wp\/2020\/11\/12\/construcao-da-ponte-salvador-itaparica-deve-comecar-em-um-ano-gerando-oito-mil-novos-empregos\/","og_site_name":"Bahia Economica","article_publisher":"https:\/\/www.facebook.com\/bahiaeconomica","article_published_time":"2020-11-12T17:50:00+00:00","article_modified_time":"2020-11-12T19:05:18+00:00","og_image":[{"width":500,"height":307,"url":"https:\/\/bahiaeconomica.com.br\/wp\/wp-content\/uploads\/2020\/11\/Foto-Carol-Garcia-GOVBA-2770500.jpg","type":"image\/jpeg"}],"author":"admin","twitter_card":"summary_large_image","twitter_misc":{"Escrito por":"admin","Est. tempo de leitura":"3 minutos"},"schema":{"@context":"https:\/\/schema.org","@graph":[{"@type":"Article","@id":"https:\/\/bahiaeconomica.com.br\/wp\/2020\/11\/12\/construcao-da-ponte-salvador-itaparica-deve-comecar-em-um-ano-gerando-oito-mil-novos-empregos\/#article","isPartOf":{"@id":"https:\/\/bahiaeconomica.com.br\/wp\/2020\/11\/12\/construcao-da-ponte-salvador-itaparica-deve-comecar-em-um-ano-gerando-oito-mil-novos-empregos\/"},"author":{"name":"admin","@id":"https:\/\/bahiaeconomica.com.br\/wp\/#\/schema\/person\/cb1ab5ba96ad3d9390805381c76284ec"},"headline":"CONSTRU\u00c7\u00c3O DA PONTE SSA-ITA DEVE COME\u00c7AR EM 1 ANO","datePublished":"2020-11-12T17:50:00+00:00","dateModified":"2020-11-12T19:05:18+00:00","mainEntityOfPage":{"@id":"https:\/\/bahiaeconomica.com.br\/wp\/2020\/11\/12\/construcao-da-ponte-salvador-itaparica-deve-comecar-em-um-ano-gerando-oito-mil-novos-empregos\/"},"wordCount":592,"publisher":{"@id":"https:\/\/bahiaeconomica.com.br\/wp\/#organization"},"articleSection":["DESTAQUE DO DIA","ECONOMIA \/ POL\u00cdTICA"],"inLanguage":"pt-BR"},{"@type":"WebPage","@id":"https:\/\/bahiaeconomica.com.br\/wp\/2020\/11\/12\/construcao-da-ponte-salvador-itaparica-deve-comecar-em-um-ano-gerando-oito-mil-novos-empregos\/","url":"https:\/\/bahiaeconomica.com.br\/wp\/2020\/11\/12\/construcao-da-ponte-salvador-itaparica-deve-comecar-em-um-ano-gerando-oito-mil-novos-empregos\/","name":"CONSTRU\u00c7\u00c3O DA PONTE SSA-ITA DEVE COME\u00c7AR EM 1 ANO - Bahia Economica","isPartOf":{"@id":"https:\/\/bahiaeconomica.com.br\/wp\/#website"},"datePublished":"2020-11-12T17:50:00+00:00","dateModified":"2020-11-12T19:05:18+00:00","description":"O maior portal de Economia da Bahia DESTAQUE DO DIA, ECONOMIA \/ POL\u00cdTICA Bahia Economica","breadcrumb":{"@id":"https:\/\/bahiaeconomica.com.br\/wp\/2020\/11\/12\/construcao-da-ponte-salvador-itaparica-deve-comecar-em-um-ano-gerando-oito-mil-novos-empregos\/#breadcrumb"},"inLanguage":"pt-BR","potentialAction":[{"@type":"ReadAction","target":["https:\/\/bahiaeconomica.com.br\/wp\/2020\/11\/12\/construcao-da-ponte-salvador-itaparica-deve-comecar-em-um-ano-gerando-oito-mil-novos-empregos\/"]}]},{"@type":"BreadcrumbList","@id":"https:\/\/bahiaeconomica.com.br\/wp\/2020\/11\/12\/construcao-da-ponte-salvador-itaparica-deve-comecar-em-um-ano-gerando-oito-mil-novos-empregos\/#breadcrumb","itemListElement":[{"@type":"ListItem","position":1,"name":"In\u00edcio","item":"https:\/\/bahiaeconomica.com.br\/wp\/"},{"@type":"ListItem","position":2,"name":"CONSTRU\u00c7\u00c3O DA PONTE SSA-ITA DEVE COME\u00c7AR EM 1 ANO"}]},{"@type":"WebSite","@id":"https:\/\/bahiaeconomica.com.br\/wp\/#website","url":"https:\/\/bahiaeconomica.com.br\/wp\/","name":"Bahia Economica","description":"O maior portal de Economia da Bahia","publisher":{"@id":"https:\/\/bahiaeconomica.com.br\/wp\/#organization"},"potentialAction":[{"@type":"SearchAction","target":{"@type":"EntryPoint","urlTemplate":"https:\/\/bahiaeconomica.com.br\/wp\/?s={search_term_string}"},"query-input":"required name=search_term_string"}],"inLanguage":"pt-BR"},{"@type":"Organization","@id":"https:\/\/bahiaeconomica.com.br\/wp\/#organization","name":"Bahia Econ\u00f4mica","url":"https:\/\/bahiaeconomica.com.br\/wp\/","logo":{"@type":"ImageObject","inLanguage":"pt-BR","@id":"https:\/\/bahiaeconomica.com.br\/wp\/#\/schema\/logo\/image\/","url":"https:\/\/bahiaeconomica.com.br\/wp\/wp-content\/uploads\/2020\/12\/cropped-BE.png","contentUrl":"https:\/\/bahiaeconomica.com.br\/wp\/wp-content\/uploads\/2020\/12\/cropped-BE.png","width":512,"height":512,"caption":"Bahia Econ\u00f4mica"},"image":{"@id":"https:\/\/bahiaeconomica.com.br\/wp\/#\/schema\/logo\/image\/"},"sameAs":["https:\/\/www.facebook.com\/bahiaeconomica"]},{"@type":"Person","@id":"https:\/\/bahiaeconomica.com.br\/wp\/#\/schema\/person\/cb1ab5ba96ad3d9390805381c76284ec","name":"admin","url":"https:\/\/bahiaeconomica.com.br\/wp\/author\/admin\/"}]}},"views":1,"_links":{"self":[{"href":"https:\/\/bahiaeconomica.com.br\/wp\/wp-json\/wp\/v2\/posts\/509117"}],"collection":[{"href":"https:\/\/bahiaeconomica.com.br\/wp\/wp-json\/wp\/v2\/posts"}],"about":[{"href":"https:\/\/bahiaeconomica.com.br\/wp\/wp-json\/wp\/v2\/types\/post"}],"author":[{"embeddable":true,"href":"https:\/\/bahiaeconomica.com.br\/wp\/wp-json\/wp\/v2\/users\/1"}],"replies":[{"embeddable":true,"href":"https:\/\/bahiaeconomica.com.br\/wp\/wp-json\/wp\/v2\/comments?post=509117"}],"version-history":[{"count":2,"href":"https:\/\/bahiaeconomica.com.br\/wp\/wp-json\/wp\/v2\/posts\/509117\/revisions"}],"predecessor-version":[{"id":509157,"href":"https:\/\/bahiaeconomica.com.br\/wp\/wp-json\/wp\/v2\/posts\/509117\/revisions\/509157"}],"wp:featuredmedia":[{"embeddable":true,"href":"https:\/\/bahiaeconomica.com.br\/wp\/wp-json\/wp\/v2\/media\/509121"}],"wp:attachment":[{"href":"https:\/\/bahiaeconomica.com.br\/wp\/wp-json\/wp\/v2\/media?parent=509117"}],"wp:term":[{"taxonomy":"category","embeddable":true,"href":"https:\/\/bahiaeconomica.com.br\/wp\/wp-json\/wp\/v2\/categories?post=509117"},{"taxonomy":"post_tag","embeddable":true,"href":"https:\/\/bahiaeconomica.com.br\/wp\/wp-json\/wp\/v2\/tags?post=509117"}],"curies":[{"name":"wp","href":"https:\/\/api.w.org\/{rel}","templated":true}]}}