{"id":507827,"date":"2020-11-09T14:46:05","date_gmt":"2020-11-09T17:46:05","guid":{"rendered":"https:\/\/bahiaeconomica.com.br\/wp\/beta\/?p=507827"},"modified":"2020-11-09T14:46:05","modified_gmt":"2020-11-09T17:46:05","slug":"biden-diz-que-vacina-com-90-de-eficacia-sera-de-graca-e-pede-que-norte-americanos-mantenham-cuidados-com-a-covid-19","status":"publish","type":"post","link":"https:\/\/bahiaeconomica.com.br\/wp\/2020\/11\/09\/biden-diz-que-vacina-com-90-de-eficacia-sera-de-graca-e-pede-que-norte-americanos-mantenham-cuidados-com-a-covid-19\/","title":{"rendered":"BIDEN DIZ QUE VACINA COM 90% DE EFIC\u00c1CIA SER\u00c1 DE GRA\u00c7A E PEDE QUE NORTE AMERICANOS MANTENHAM CUIDADOS COM A COVID-19"},"content":{"rendered":"<p>Presidente eleito dos EUA, Jose Biden disse nessa segunda-feira (9) que uma poss\u00edvel vacina contra a covid-19 ser\u00e1 gratuita no pa\u00eds e pediu que os americanos<!--more--> ajudem a evitar a dissemina\u00e7\u00e3o da doen\u00e7a. &#8220;Eu imploro: usem m\u00e1scaras&#8221;, disse Biden. Ele lembrou que sua posse \u00e9 apenas em 20 de janeiro, mas diz que j\u00e1 est\u00e1 se preparando para ter um in\u00edcio forte nas a\u00e7\u00f5es de combate \u00e0 pandemia. &#8220;Vamos come\u00e7ar fazendo todo o poss\u00edvel para controlar a covid-19&#8221;, afirmou.<\/p>\n<p>Ele citou o grupo de transi\u00e7\u00e3o e o conselho que nomeou para pensar estrat\u00e9gias no combate ao coronav\u00edrus. &#8220;Vamos seguir a ci\u00eancia. Vou falar de novo:vamos seguir a ci\u00eancia&#8221;. A brasiliera Luciana Borio, pesquisadora de sa\u00fade global do Conselho de Rela\u00e7\u00f5es Exteriores dos EUA, est\u00e1 no conselho consultivo de Biden. Biden pediu uni\u00e3o nesse momento. &#8220;N\u00f3s s\u00f3 vamos derrotar a covid juntos. Eu serei o presidente de todos os americanos. A elei\u00e7\u00e3o acabou&#8221;, afirmou. A postura do democrata \u00e9 bem diferente da do atual presidente, Donald Trump, que sempre minimizou os impactos da pandemia e colocou em d\u00favida palavra de cientistas mesmo do seu governo.<\/p>\n<p>Foto: divulga\u00e7\u00e3o<\/p>\n","protected":false},"excerpt":{"rendered":"<p>Presidente eleito dos EUA, Jose Biden disse nessa segunda-feira (9) que uma poss\u00edvel vacina contra a covid-19 ser\u00e1 gratuita no pa\u00eds e pediu que os americanos<\/p>\n","protected":false},"author":1,"featured_media":500143,"comment_status":"closed","ping_status":"closed","sticky":false,"template":"","format":"standard","meta":[],"categories":[3],"tags":[],"acf":[],"yoast_head":"<!-- This site is optimized with the Yoast SEO plugin v20.8 - https:\/\/yoast.com\/wordpress\/plugins\/seo\/ -->\n<title>BIDEN DIZ QUE VACINA COM 90% DE EFIC\u00c1CIA SER\u00c1 DE GRA\u00c7A E PEDE QUE NORTE AMERICANOS MANTENHAM CUIDADOS COM A COVID-19 - Bahia Economica<\/title>\n<meta name=\"description\" content=\"O maior portal de Economia da Bahia ECONOMIA \/ POL\u00cdTICA Bahia Economica\" \/>\n<meta name=\"robots\" content=\"index, follow, max-snippet:-1, max-image-preview:large, max-video-preview:-1\" \/>\n<link rel=\"canonical\" href=\"https:\/\/bahiaeconomica.com.br\/wp\/2020\/11\/09\/biden-diz-que-vacina-com-90-de-eficacia-sera-de-graca-e-pede-que-norte-americanos-mantenham-cuidados-com-a-covid-19\/\" \/>\n<meta property=\"og:locale\" content=\"pt_BR\" \/>\n<meta property=\"og:type\" content=\"article\" \/>\n<meta property=\"og:title\" content=\"BIDEN DIZ QUE VACINA COM 90% DE EFIC\u00c1CIA SER\u00c1 DE GRA\u00c7A E PEDE QUE NORTE AMERICANOS MANTENHAM CUIDADOS COM A COVID-19 - Bahia Economica\" \/>\n<meta property=\"og:description\" content=\"O maior portal de Economia da Bahia ECONOMIA \/ POL\u00cdTICA Bahia Economica\" \/>\n<meta property=\"og:url\" content=\"https:\/\/bahiaeconomica.com.br\/wp\/2020\/11\/09\/biden-diz-que-vacina-com-90-de-eficacia-sera-de-graca-e-pede-que-norte-americanos-mantenham-cuidados-com-a-covid-19\/\" \/>\n<meta property=\"og:site_name\" content=\"Bahia Economica\" \/>\n<meta property=\"article:publisher\" content=\"https:\/\/www.facebook.com\/bahiaeconomica\" \/>\n<meta property=\"article:published_time\" content=\"2020-11-09T17:46:05+00:00\" \/>\n<meta property=\"og:image\" content=\"https:\/\/bahiaeconomica.com.br\/wp\/wp-content\/uploads\/2020\/10\/c-3.jpg\" \/>\n\t<meta property=\"og:image:width\" content=\"500\" \/>\n\t<meta property=\"og:image:height\" content=\"300\" \/>\n\t<meta property=\"og:image:type\" content=\"image\/jpeg\" \/>\n<meta name=\"author\" content=\"admin\" \/>\n<meta name=\"twitter:card\" content=\"summary_large_image\" \/>\n<meta name=\"twitter:label1\" content=\"Escrito por\" \/>\n\t<meta name=\"twitter:data1\" content=\"admin\" \/>\n\t<meta name=\"twitter:label2\" content=\"Est. tempo de leitura\" \/>\n\t<meta name=\"twitter:data2\" content=\"1 minuto\" \/>\n<script type=\"application\/ld+json\" class=\"yoast-schema-graph\">{\"@context\":\"https:\/\/schema.org\",\"@graph\":[{\"@type\":\"Article\",\"@id\":\"https:\/\/bahiaeconomica.com.br\/wp\/2020\/11\/09\/biden-diz-que-vacina-com-90-de-eficacia-sera-de-graca-e-pede-que-norte-americanos-mantenham-cuidados-com-a-covid-19\/#article\",\"isPartOf\":{\"@id\":\"https:\/\/bahiaeconomica.com.br\/wp\/2020\/11\/09\/biden-diz-que-vacina-com-90-de-eficacia-sera-de-graca-e-pede-que-norte-americanos-mantenham-cuidados-com-a-covid-19\/\"},\"author\":{\"name\":\"admin\",\"@id\":\"https:\/\/bahiaeconomica.com.br\/wp\/#\/schema\/person\/cb1ab5ba96ad3d9390805381c76284ec\"},\"headline\":\"BIDEN DIZ QUE VACINA COM 90% DE EFIC\u00c1CIA SER\u00c1 DE GRA\u00c7A E PEDE QUE NORTE AMERICANOS MANTENHAM CUIDADOS COM A COVID-19\",\"datePublished\":\"2020-11-09T17:46:05+00:00\",\"dateModified\":\"2020-11-09T17:46:05+00:00\",\"mainEntityOfPage\":{\"@id\":\"https:\/\/bahiaeconomica.com.br\/wp\/2020\/11\/09\/biden-diz-que-vacina-com-90-de-eficacia-sera-de-graca-e-pede-que-norte-americanos-mantenham-cuidados-com-a-covid-19\/\"},\"wordCount\":225,\"publisher\":{\"@id\":\"https:\/\/bahiaeconomica.com.br\/wp\/#organization\"},\"articleSection\":[\"ECONOMIA \/ POL\u00cdTICA\"],\"inLanguage\":\"pt-BR\"},{\"@type\":\"WebPage\",\"@id\":\"https:\/\/bahiaeconomica.com.br\/wp\/2020\/11\/09\/biden-diz-que-vacina-com-90-de-eficacia-sera-de-graca-e-pede-que-norte-americanos-mantenham-cuidados-com-a-covid-19\/\",\"url\":\"https:\/\/bahiaeconomica.com.br\/wp\/2020\/11\/09\/biden-diz-que-vacina-com-90-de-eficacia-sera-de-graca-e-pede-que-norte-americanos-mantenham-cuidados-com-a-covid-19\/\",\"name\":\"BIDEN DIZ QUE VACINA COM 90% DE EFIC\u00c1CIA SER\u00c1 DE GRA\u00c7A E PEDE QUE NORTE AMERICANOS MANTENHAM CUIDADOS COM A COVID-19 - Bahia Economica\",\"isPartOf\":{\"@id\":\"https:\/\/bahiaeconomica.com.br\/wp\/#website\"},\"datePublished\":\"2020-11-09T17:46:05+00:00\",\"dateModified\":\"2020-11-09T17:46:05+00:00\",\"description\":\"O maior portal de Economia da Bahia ECONOMIA \/ POL\u00cdTICA Bahia Economica\",\"breadcrumb\":{\"@id\":\"https:\/\/bahiaeconomica.com.br\/wp\/2020\/11\/09\/biden-diz-que-vacina-com-90-de-eficacia-sera-de-graca-e-pede-que-norte-americanos-mantenham-cuidados-com-a-covid-19\/#breadcrumb\"},\"inLanguage\":\"pt-BR\",\"potentialAction\":[{\"@type\":\"ReadAction\",\"target\":[\"https:\/\/bahiaeconomica.com.br\/wp\/2020\/11\/09\/biden-diz-que-vacina-com-90-de-eficacia-sera-de-graca-e-pede-que-norte-americanos-mantenham-cuidados-com-a-covid-19\/\"]}]},{\"@type\":\"BreadcrumbList\",\"@id\":\"https:\/\/bahiaeconomica.com.br\/wp\/2020\/11\/09\/biden-diz-que-vacina-com-90-de-eficacia-sera-de-graca-e-pede-que-norte-americanos-mantenham-cuidados-com-a-covid-19\/#breadcrumb\",\"itemListElement\":[{\"@type\":\"ListItem\",\"position\":1,\"name\":\"In\u00edcio\",\"item\":\"https:\/\/bahiaeconomica.com.br\/wp\/\"},{\"@type\":\"ListItem\",\"position\":2,\"name\":\"BIDEN DIZ QUE VACINA COM 90% DE EFIC\u00c1CIA SER\u00c1 DE GRA\u00c7A E PEDE QUE NORTE AMERICANOS MANTENHAM CUIDADOS COM A COVID-19\"}]},{\"@type\":\"WebSite\",\"@id\":\"https:\/\/bahiaeconomica.com.br\/wp\/#website\",\"url\":\"https:\/\/bahiaeconomica.com.br\/wp\/\",\"name\":\"Bahia Economica\",\"description\":\"O maior portal de Economia da Bahia\",\"publisher\":{\"@id\":\"https:\/\/bahiaeconomica.com.br\/wp\/#organization\"},\"potentialAction\":[{\"@type\":\"SearchAction\",\"target\":{\"@type\":\"EntryPoint\",\"urlTemplate\":\"https:\/\/bahiaeconomica.com.br\/wp\/?s={search_term_string}\"},\"query-input\":\"required name=search_term_string\"}],\"inLanguage\":\"pt-BR\"},{\"@type\":\"Organization\",\"@id\":\"https:\/\/bahiaeconomica.com.br\/wp\/#organization\",\"name\":\"Bahia Econ\u00f4mica\",\"url\":\"https:\/\/bahiaeconomica.com.br\/wp\/\",\"logo\":{\"@type\":\"ImageObject\",\"inLanguage\":\"pt-BR\",\"@id\":\"https:\/\/bahiaeconomica.com.br\/wp\/#\/schema\/logo\/image\/\",\"url\":\"https:\/\/bahiaeconomica.com.br\/wp\/wp-content\/uploads\/2020\/12\/cropped-BE.png\",\"contentUrl\":\"https:\/\/bahiaeconomica.com.br\/wp\/wp-content\/uploads\/2020\/12\/cropped-BE.png\",\"width\":512,\"height\":512,\"caption\":\"Bahia Econ\u00f4mica\"},\"image\":{\"@id\":\"https:\/\/bahiaeconomica.com.br\/wp\/#\/schema\/logo\/image\/\"},\"sameAs\":[\"https:\/\/www.facebook.com\/bahiaeconomica\"]},{\"@type\":\"Person\",\"@id\":\"https:\/\/bahiaeconomica.com.br\/wp\/#\/schema\/person\/cb1ab5ba96ad3d9390805381c76284ec\",\"name\":\"admin\",\"url\":\"https:\/\/bahiaeconomica.com.br\/wp\/author\/admin\/\"}]}<\/script>\n<!-- \/ Yoast SEO plugin. -->","yoast_head_json":{"title":"BIDEN DIZ QUE VACINA COM 90% DE EFIC\u00c1CIA SER\u00c1 DE GRA\u00c7A E PEDE QUE NORTE AMERICANOS MANTENHAM CUIDADOS COM A COVID-19 - Bahia Economica","description":"O maior portal de Economia da Bahia ECONOMIA \/ POL\u00cdTICA Bahia Economica","robots":{"index":"index","follow":"follow","max-snippet":"max-snippet:-1","max-image-preview":"max-image-preview:large","max-video-preview":"max-video-preview:-1"},"canonical":"https:\/\/bahiaeconomica.com.br\/wp\/2020\/11\/09\/biden-diz-que-vacina-com-90-de-eficacia-sera-de-graca-e-pede-que-norte-americanos-mantenham-cuidados-com-a-covid-19\/","og_locale":"pt_BR","og_type":"article","og_title":"BIDEN DIZ QUE VACINA COM 90% DE EFIC\u00c1CIA SER\u00c1 DE GRA\u00c7A E PEDE QUE NORTE AMERICANOS MANTENHAM CUIDADOS COM A COVID-19 - Bahia Economica","og_description":"O maior portal de Economia da Bahia ECONOMIA \/ POL\u00cdTICA Bahia Economica","og_url":"https:\/\/bahiaeconomica.com.br\/wp\/2020\/11\/09\/biden-diz-que-vacina-com-90-de-eficacia-sera-de-graca-e-pede-que-norte-americanos-mantenham-cuidados-com-a-covid-19\/","og_site_name":"Bahia Economica","article_publisher":"https:\/\/www.facebook.com\/bahiaeconomica","article_published_time":"2020-11-09T17:46:05+00:00","og_image":[{"width":500,"height":300,"url":"https:\/\/bahiaeconomica.com.br\/wp\/wp-content\/uploads\/2020\/10\/c-3.jpg","type":"image\/jpeg"}],"author":"admin","twitter_card":"summary_large_image","twitter_misc":{"Escrito por":"admin","Est. tempo de leitura":"1 minuto"},"schema":{"@context":"https:\/\/schema.org","@graph":[{"@type":"Article","@id":"https:\/\/bahiaeconomica.com.br\/wp\/2020\/11\/09\/biden-diz-que-vacina-com-90-de-eficacia-sera-de-graca-e-pede-que-norte-americanos-mantenham-cuidados-com-a-covid-19\/#article","isPartOf":{"@id":"https:\/\/bahiaeconomica.com.br\/wp\/2020\/11\/09\/biden-diz-que-vacina-com-90-de-eficacia-sera-de-graca-e-pede-que-norte-americanos-mantenham-cuidados-com-a-covid-19\/"},"author":{"name":"admin","@id":"https:\/\/bahiaeconomica.com.br\/wp\/#\/schema\/person\/cb1ab5ba96ad3d9390805381c76284ec"},"headline":"BIDEN DIZ QUE VACINA COM 90% DE EFIC\u00c1CIA SER\u00c1 DE GRA\u00c7A E PEDE QUE NORTE AMERICANOS MANTENHAM CUIDADOS COM A COVID-19","datePublished":"2020-11-09T17:46:05+00:00","dateModified":"2020-11-09T17:46:05+00:00","mainEntityOfPage":{"@id":"https:\/\/bahiaeconomica.com.br\/wp\/2020\/11\/09\/biden-diz-que-vacina-com-90-de-eficacia-sera-de-graca-e-pede-que-norte-americanos-mantenham-cuidados-com-a-covid-19\/"},"wordCount":225,"publisher":{"@id":"https:\/\/bahiaeconomica.com.br\/wp\/#organization"},"articleSection":["ECONOMIA \/ POL\u00cdTICA"],"inLanguage":"pt-BR"},{"@type":"WebPage","@id":"https:\/\/bahiaeconomica.com.br\/wp\/2020\/11\/09\/biden-diz-que-vacina-com-90-de-eficacia-sera-de-graca-e-pede-que-norte-americanos-mantenham-cuidados-com-a-covid-19\/","url":"https:\/\/bahiaeconomica.com.br\/wp\/2020\/11\/09\/biden-diz-que-vacina-com-90-de-eficacia-sera-de-graca-e-pede-que-norte-americanos-mantenham-cuidados-com-a-covid-19\/","name":"BIDEN DIZ QUE VACINA COM 90% DE EFIC\u00c1CIA SER\u00c1 DE GRA\u00c7A E PEDE QUE NORTE AMERICANOS MANTENHAM CUIDADOS COM A COVID-19 - Bahia Economica","isPartOf":{"@id":"https:\/\/bahiaeconomica.com.br\/wp\/#website"},"datePublished":"2020-11-09T17:46:05+00:00","dateModified":"2020-11-09T17:46:05+00:00","description":"O maior portal de Economia da Bahia ECONOMIA \/ POL\u00cdTICA Bahia Economica","breadcrumb":{"@id":"https:\/\/bahiaeconomica.com.br\/wp\/2020\/11\/09\/biden-diz-que-vacina-com-90-de-eficacia-sera-de-graca-e-pede-que-norte-americanos-mantenham-cuidados-com-a-covid-19\/#breadcrumb"},"inLanguage":"pt-BR","potentialAction":[{"@type":"ReadAction","target":["https:\/\/bahiaeconomica.com.br\/wp\/2020\/11\/09\/biden-diz-que-vacina-com-90-de-eficacia-sera-de-graca-e-pede-que-norte-americanos-mantenham-cuidados-com-a-covid-19\/"]}]},{"@type":"BreadcrumbList","@id":"https:\/\/bahiaeconomica.com.br\/wp\/2020\/11\/09\/biden-diz-que-vacina-com-90-de-eficacia-sera-de-graca-e-pede-que-norte-americanos-mantenham-cuidados-com-a-covid-19\/#breadcrumb","itemListElement":[{"@type":"ListItem","position":1,"name":"In\u00edcio","item":"https:\/\/bahiaeconomica.com.br\/wp\/"},{"@type":"ListItem","position":2,"name":"BIDEN DIZ QUE VACINA COM 90% DE EFIC\u00c1CIA SER\u00c1 DE GRA\u00c7A E PEDE QUE NORTE AMERICANOS MANTENHAM CUIDADOS COM A COVID-19"}]},{"@type":"WebSite","@id":"https:\/\/bahiaeconomica.com.br\/wp\/#website","url":"https:\/\/bahiaeconomica.com.br\/wp\/","name":"Bahia Economica","description":"O maior portal de Economia da Bahia","publisher":{"@id":"https:\/\/bahiaeconomica.com.br\/wp\/#organization"},"potentialAction":[{"@type":"SearchAction","target":{"@type":"EntryPoint","urlTemplate":"https:\/\/bahiaeconomica.com.br\/wp\/?s={search_term_string}"},"query-input":"required name=search_term_string"}],"inLanguage":"pt-BR"},{"@type":"Organization","@id":"https:\/\/bahiaeconomica.com.br\/wp\/#organization","name":"Bahia Econ\u00f4mica","url":"https:\/\/bahiaeconomica.com.br\/wp\/","logo":{"@type":"ImageObject","inLanguage":"pt-BR","@id":"https:\/\/bahiaeconomica.com.br\/wp\/#\/schema\/logo\/image\/","url":"https:\/\/bahiaeconomica.com.br\/wp\/wp-content\/uploads\/2020\/12\/cropped-BE.png","contentUrl":"https:\/\/bahiaeconomica.com.br\/wp\/wp-content\/uploads\/2020\/12\/cropped-BE.png","width":512,"height":512,"caption":"Bahia Econ\u00f4mica"},"image":{"@id":"https:\/\/bahiaeconomica.com.br\/wp\/#\/schema\/logo\/image\/"},"sameAs":["https:\/\/www.facebook.com\/bahiaeconomica"]},{"@type":"Person","@id":"https:\/\/bahiaeconomica.com.br\/wp\/#\/schema\/person\/cb1ab5ba96ad3d9390805381c76284ec","name":"admin","url":"https:\/\/bahiaeconomica.com.br\/wp\/author\/admin\/"}]}},"views":0,"_links":{"self":[{"href":"https:\/\/bahiaeconomica.com.br\/wp\/wp-json\/wp\/v2\/posts\/507827"}],"collection":[{"href":"https:\/\/bahiaeconomica.com.br\/wp\/wp-json\/wp\/v2\/posts"}],"about":[{"href":"https:\/\/bahiaeconomica.com.br\/wp\/wp-json\/wp\/v2\/types\/post"}],"author":[{"embeddable":true,"href":"https:\/\/bahiaeconomica.com.br\/wp\/wp-json\/wp\/v2\/users\/1"}],"replies":[{"embeddable":true,"href":"https:\/\/bahiaeconomica.com.br\/wp\/wp-json\/wp\/v2\/comments?post=507827"}],"version-history":[{"count":1,"href":"https:\/\/bahiaeconomica.com.br\/wp\/wp-json\/wp\/v2\/posts\/507827\/revisions"}],"predecessor-version":[{"id":507830,"href":"https:\/\/bahiaeconomica.com.br\/wp\/wp-json\/wp\/v2\/posts\/507827\/revisions\/507830"}],"wp:featuredmedia":[{"embeddable":true,"href":"https:\/\/bahiaeconomica.com.br\/wp\/wp-json\/wp\/v2\/media\/500143"}],"wp:attachment":[{"href":"https:\/\/bahiaeconomica.com.br\/wp\/wp-json\/wp\/v2\/media?parent=507827"}],"wp:term":[{"taxonomy":"category","embeddable":true,"href":"https:\/\/bahiaeconomica.com.br\/wp\/wp-json\/wp\/v2\/categories?post=507827"},{"taxonomy":"post_tag","embeddable":true,"href":"https:\/\/bahiaeconomica.com.br\/wp\/wp-json\/wp\/v2\/tags?post=507827"}],"curies":[{"name":"wp","href":"https:\/\/api.w.org\/{rel}","templated":true}]}}