{"id":507675,"date":"2020-11-09T08:49:06","date_gmt":"2020-11-09T11:49:06","guid":{"rendered":"https:\/\/bahiaeconomica.com.br\/wp\/beta\/?p=507675"},"modified":"2020-11-09T08:49:06","modified_gmt":"2020-11-09T11:49:06","slug":"jose-maciel-o-mercado-japones-e-o-agronegocio-brasileiro","status":"publish","type":"post","link":"https:\/\/bahiaeconomica.com.br\/wp\/2020\/11\/09\/jose-maciel-o-mercado-japones-e-o-agronegocio-brasileiro\/","title":{"rendered":"JOS\u00c9 MACIEL &#8211; O MERCADO JAPON\u00caS E O AGRONEG\u00d3CIO BRASILEIRO"},"content":{"rendered":"<p style=\"text-align: justify;\">No \u00faltimo artigo, fizemos alus\u00e3o a um estudo do professor Alexandre Mendon\u00e7a de Barros, no qual a China e outros pa\u00edses asi\u00e1ticos, al\u00e9m de na\u00e7\u00f5es do Oriente M\u00e9dio, devem ser o alvo preferencial das pol\u00edticas de conquista e manuten\u00e7\u00e3o de mercados para o agroneg\u00f3cio nacional. Sem desprezar os mercados dos EUA e da Uni\u00e3o Europeia , os nossos esfor\u00e7os deve se dirigir para a China, Hong Kong , Singapura , Mal\u00e1sia, Indon\u00e9sia e Vietn\u00e3, no continente asi\u00e1tico; e Ar\u00e1bia Saudita, Emirados \u00c1rabes e Ir\u00e3, dentre outras na\u00e7\u00f5es, no Oriente M\u00e9dio. \u00c9 para este universo de na\u00e7\u00f5es , inclusive , que devemos concentrar nosso &#8220;ex\u00e9rcito&#8221; de adidos agr\u00edcolas para ajudar nas tarefas de identifica\u00e7\u00e3o e prospec\u00e7\u00e3o de mercados. Curiosamente , n\u00e3o citamos o Jap\u00e3o neste elenco promissor para as nossas vendas externas setoriais , apesar de sua enorme popula\u00e7\u00e3o e eelevada renda percapita.<\/p>\n<p style=\"text-align: justify;\">Pois bem, por conta de seu elevado d\u00e9ficit comercial agr\u00edcola, de quase 70 bilh\u00f5es de d\u00f3lares, e da sua escassez de terras agricult\u00e1veis, o Jap\u00e3o n\u00e3o pode ser negligenciado pela nossa politica comercial. Todavia, nossas exporta\u00e7\u00f5es para este pa\u00eds n\u00e3o t\u00eam tido grande significado, posto que este mercado tem algumas particularidades.<\/p>\n<p style=\"text-align: justify;\">O interesse japon\u00eas em nossa agricultura vem desde o in\u00edcio do s\u00e9culo vinte, com importa\u00e7\u00f5es concentradas sobretudo nas \u00e1reas de caf\u00e9 e algod\u00e3o .Mais recentemente, aumentamos nossas vendas de celulose e carne de frango. Por motivos expostos adiante, n\u00e3o conseguimos acessar tal mercado com nossa carne bovina, item &#8216;que os japoneses importam sobretudo da Austr\u00e1lia. Em 2019, exportamos pouco mais de 2 bilh\u00f5es de d\u00f3lares, com a pauta centrada em celulose , caf\u00e9 em gr\u00e3o, carne frango, milho, farelo e derivados de soja e madeiras.<\/p>\n<p style=\"text-align: justify;\">Um estudo recente da CNA, contudo , identifica outras oportunidades, que podem alcan\u00e7ar a expressiva cifra de 19 bilh\u00f5es de d\u00f3lares anuais para o mercado nip\u00f4nico, especialmente em carnes, gr\u00e3os e l\u00e1cteos, dentre outros itens. Mangas, frutas c\u00edtricas e mel\u00e3o s\u00e3o tamb\u00e9m outras possibilidades.<\/p>\n<p style=\"text-align: justify;\">Uma parte importante dos obst\u00e1culos de acesso ao Jap\u00e3o se concentra nas elevad\u00edssimas barreiras tarif\u00e1rias, nos elevados requerimentos de ordem sanit\u00e1ria e fitossanit\u00e1ria, e na exig\u00eancia de carne bovina proveniente de rebanho n\u00e3o vacinado contra febre aftosa. Nesse \u00faltimo aspecto, o Brasil j\u00e1 est\u00e1 marchando para obter o reconhecimento do status de pa\u00eds livre de febre aftosa sem vacina\u00e7\u00e3o, meta prevista para at\u00e9 2023.<\/p>\n<p style=\"text-align: justify;\">Recentemente, os estados do Rio Grande do Sul, Paran\u00e1, Rond\u00f4nia, al\u00e9m de Santa Catarina(que foi o primeiro estado brasileiro a obter este diferencial), entraram na lista seleta deste reconhecimento pelo Minist\u00e9rio da Agricultura, restando a aprecia\u00e7\u00e3o da OIE, \u00f3rg\u00e3o internacional que cuida da sa\u00fade animal. A meta da Bahia \u00e9 alcan\u00e7ar esse status em 2021. Quando isso ocorrer , a pecu\u00e1ria baiana mudar\u00e1 radicalmente de patamar.<\/p>\n<p>&nbsp;<\/p>\n","protected":false},"excerpt":{"rendered":"<p>No \u00faltimo artigo, fizemos alus\u00e3o a um estudo do professor Alexandre Mendon\u00e7a de Barros, no qual a China e outros pa\u00edses asi\u00e1ticos, al\u00e9m de na\u00e7\u00f5es do Oriente M\u00e9dio, devem ser o alvo preferencial das pol\u00edticas de conquista e manuten\u00e7\u00e3o de mercados para o agroneg\u00f3cio nacional. Sem desprezar os mercados dos EUA e da Uni\u00e3o Europeia [&hellip;]<\/p>\n","protected":false},"author":1,"featured_media":434628,"comment_status":"closed","ping_status":"closed","sticky":false,"template":"","format":"standard","meta":[],"categories":[6,22],"tags":[],"acf":[],"yoast_head":"<!-- This site is optimized with the Yoast SEO plugin v20.8 - https:\/\/yoast.com\/wordpress\/plugins\/seo\/ -->\n<title>JOS\u00c9 MACIEL - O MERCADO JAPON\u00caS E O AGRONEG\u00d3CIO BRASILEIRO - Bahia Economica<\/title>\n<meta name=\"description\" content=\"O maior portal de Economia da Bahia ARTIGOS, COLUNISTAS Bahia Economica\" \/>\n<meta name=\"robots\" content=\"index, follow, max-snippet:-1, max-image-preview:large, max-video-preview:-1\" \/>\n<link rel=\"canonical\" href=\"https:\/\/bahiaeconomica.com.br\/wp\/2020\/11\/09\/jose-maciel-o-mercado-japones-e-o-agronegocio-brasileiro\/\" \/>\n<meta property=\"og:locale\" content=\"pt_BR\" \/>\n<meta property=\"og:type\" content=\"article\" \/>\n<meta property=\"og:title\" content=\"JOS\u00c9 MACIEL - O MERCADO JAPON\u00caS E O AGRONEG\u00d3CIO BRASILEIRO - Bahia Economica\" \/>\n<meta property=\"og:description\" content=\"O maior portal de Economia da Bahia ARTIGOS, COLUNISTAS Bahia Economica\" \/>\n<meta property=\"og:url\" content=\"https:\/\/bahiaeconomica.com.br\/wp\/2020\/11\/09\/jose-maciel-o-mercado-japones-e-o-agronegocio-brasileiro\/\" \/>\n<meta property=\"og:site_name\" content=\"Bahia Economica\" \/>\n<meta property=\"article:publisher\" content=\"https:\/\/www.facebook.com\/bahiaeconomica\" \/>\n<meta property=\"article:published_time\" content=\"2020-11-09T11:49:06+00:00\" \/>\n<meta property=\"og:image\" content=\"https:\/\/bahiaeconomica.com.br\/wp\/wp-content\/uploads\/2020\/01\/jos\u00e9-maciel-arquivo-pessoal.png\" \/>\n\t<meta property=\"og:image:width\" content=\"505\" \/>\n\t<meta property=\"og:image:height\" content=\"430\" \/>\n\t<meta property=\"og:image:type\" content=\"image\/png\" \/>\n<meta name=\"author\" content=\"admin\" \/>\n<meta name=\"twitter:card\" content=\"summary_large_image\" \/>\n<meta name=\"twitter:label1\" content=\"Escrito por\" \/>\n\t<meta name=\"twitter:data1\" content=\"admin\" \/>\n\t<meta name=\"twitter:label2\" content=\"Est. tempo de leitura\" \/>\n\t<meta name=\"twitter:data2\" content=\"3 minutos\" \/>\n<script type=\"application\/ld+json\" class=\"yoast-schema-graph\">{\"@context\":\"https:\/\/schema.org\",\"@graph\":[{\"@type\":\"Article\",\"@id\":\"https:\/\/bahiaeconomica.com.br\/wp\/2020\/11\/09\/jose-maciel-o-mercado-japones-e-o-agronegocio-brasileiro\/#article\",\"isPartOf\":{\"@id\":\"https:\/\/bahiaeconomica.com.br\/wp\/2020\/11\/09\/jose-maciel-o-mercado-japones-e-o-agronegocio-brasileiro\/\"},\"author\":{\"name\":\"admin\",\"@id\":\"https:\/\/bahiaeconomica.com.br\/wp\/#\/schema\/person\/cb1ab5ba96ad3d9390805381c76284ec\"},\"headline\":\"JOS\u00c9 MACIEL &#8211; O MERCADO JAPON\u00caS E O AGRONEG\u00d3CIO BRASILEIRO\",\"datePublished\":\"2020-11-09T11:49:06+00:00\",\"dateModified\":\"2020-11-09T11:49:06+00:00\",\"mainEntityOfPage\":{\"@id\":\"https:\/\/bahiaeconomica.com.br\/wp\/2020\/11\/09\/jose-maciel-o-mercado-japones-e-o-agronegocio-brasileiro\/\"},\"wordCount\":523,\"publisher\":{\"@id\":\"https:\/\/bahiaeconomica.com.br\/wp\/#organization\"},\"articleSection\":[\"ARTIGOS\",\"COLUNISTAS\"],\"inLanguage\":\"pt-BR\"},{\"@type\":\"WebPage\",\"@id\":\"https:\/\/bahiaeconomica.com.br\/wp\/2020\/11\/09\/jose-maciel-o-mercado-japones-e-o-agronegocio-brasileiro\/\",\"url\":\"https:\/\/bahiaeconomica.com.br\/wp\/2020\/11\/09\/jose-maciel-o-mercado-japones-e-o-agronegocio-brasileiro\/\",\"name\":\"JOS\u00c9 MACIEL - O MERCADO JAPON\u00caS E O AGRONEG\u00d3CIO BRASILEIRO - Bahia Economica\",\"isPartOf\":{\"@id\":\"https:\/\/bahiaeconomica.com.br\/wp\/#website\"},\"datePublished\":\"2020-11-09T11:49:06+00:00\",\"dateModified\":\"2020-11-09T11:49:06+00:00\",\"description\":\"O maior portal de Economia da Bahia ARTIGOS, COLUNISTAS Bahia Economica\",\"breadcrumb\":{\"@id\":\"https:\/\/bahiaeconomica.com.br\/wp\/2020\/11\/09\/jose-maciel-o-mercado-japones-e-o-agronegocio-brasileiro\/#breadcrumb\"},\"inLanguage\":\"pt-BR\",\"potentialAction\":[{\"@type\":\"ReadAction\",\"target\":[\"https:\/\/bahiaeconomica.com.br\/wp\/2020\/11\/09\/jose-maciel-o-mercado-japones-e-o-agronegocio-brasileiro\/\"]}]},{\"@type\":\"BreadcrumbList\",\"@id\":\"https:\/\/bahiaeconomica.com.br\/wp\/2020\/11\/09\/jose-maciel-o-mercado-japones-e-o-agronegocio-brasileiro\/#breadcrumb\",\"itemListElement\":[{\"@type\":\"ListItem\",\"position\":1,\"name\":\"In\u00edcio\",\"item\":\"https:\/\/bahiaeconomica.com.br\/wp\/\"},{\"@type\":\"ListItem\",\"position\":2,\"name\":\"JOS\u00c9 MACIEL &#8211; O MERCADO JAPON\u00caS E O AGRONEG\u00d3CIO BRASILEIRO\"}]},{\"@type\":\"WebSite\",\"@id\":\"https:\/\/bahiaeconomica.com.br\/wp\/#website\",\"url\":\"https:\/\/bahiaeconomica.com.br\/wp\/\",\"name\":\"Bahia Economica\",\"description\":\"O maior portal de Economia da Bahia\",\"publisher\":{\"@id\":\"https:\/\/bahiaeconomica.com.br\/wp\/#organization\"},\"potentialAction\":[{\"@type\":\"SearchAction\",\"target\":{\"@type\":\"EntryPoint\",\"urlTemplate\":\"https:\/\/bahiaeconomica.com.br\/wp\/?s={search_term_string}\"},\"query-input\":\"required name=search_term_string\"}],\"inLanguage\":\"pt-BR\"},{\"@type\":\"Organization\",\"@id\":\"https:\/\/bahiaeconomica.com.br\/wp\/#organization\",\"name\":\"Bahia Econ\u00f4mica\",\"url\":\"https:\/\/bahiaeconomica.com.br\/wp\/\",\"logo\":{\"@type\":\"ImageObject\",\"inLanguage\":\"pt-BR\",\"@id\":\"https:\/\/bahiaeconomica.com.br\/wp\/#\/schema\/logo\/image\/\",\"url\":\"https:\/\/bahiaeconomica.com.br\/wp\/wp-content\/uploads\/2020\/12\/cropped-BE.png\",\"contentUrl\":\"https:\/\/bahiaeconomica.com.br\/wp\/wp-content\/uploads\/2020\/12\/cropped-BE.png\",\"width\":512,\"height\":512,\"caption\":\"Bahia Econ\u00f4mica\"},\"image\":{\"@id\":\"https:\/\/bahiaeconomica.com.br\/wp\/#\/schema\/logo\/image\/\"},\"sameAs\":[\"https:\/\/www.facebook.com\/bahiaeconomica\"]},{\"@type\":\"Person\",\"@id\":\"https:\/\/bahiaeconomica.com.br\/wp\/#\/schema\/person\/cb1ab5ba96ad3d9390805381c76284ec\",\"name\":\"admin\",\"url\":\"https:\/\/bahiaeconomica.com.br\/wp\/author\/admin\/\"}]}<\/script>\n<!-- \/ Yoast SEO plugin. -->","yoast_head_json":{"title":"JOS\u00c9 MACIEL - O MERCADO JAPON\u00caS E O AGRONEG\u00d3CIO BRASILEIRO - Bahia Economica","description":"O maior portal de Economia da Bahia ARTIGOS, COLUNISTAS Bahia Economica","robots":{"index":"index","follow":"follow","max-snippet":"max-snippet:-1","max-image-preview":"max-image-preview:large","max-video-preview":"max-video-preview:-1"},"canonical":"https:\/\/bahiaeconomica.com.br\/wp\/2020\/11\/09\/jose-maciel-o-mercado-japones-e-o-agronegocio-brasileiro\/","og_locale":"pt_BR","og_type":"article","og_title":"JOS\u00c9 MACIEL - O MERCADO JAPON\u00caS E O AGRONEG\u00d3CIO BRASILEIRO - Bahia Economica","og_description":"O maior portal de Economia da Bahia ARTIGOS, COLUNISTAS Bahia Economica","og_url":"https:\/\/bahiaeconomica.com.br\/wp\/2020\/11\/09\/jose-maciel-o-mercado-japones-e-o-agronegocio-brasileiro\/","og_site_name":"Bahia Economica","article_publisher":"https:\/\/www.facebook.com\/bahiaeconomica","article_published_time":"2020-11-09T11:49:06+00:00","og_image":[{"width":505,"height":430,"url":"https:\/\/bahiaeconomica.com.br\/wp\/wp-content\/uploads\/2020\/01\/jos\u00e9-maciel-arquivo-pessoal.png","type":"image\/png"}],"author":"admin","twitter_card":"summary_large_image","twitter_misc":{"Escrito por":"admin","Est. tempo de leitura":"3 minutos"},"schema":{"@context":"https:\/\/schema.org","@graph":[{"@type":"Article","@id":"https:\/\/bahiaeconomica.com.br\/wp\/2020\/11\/09\/jose-maciel-o-mercado-japones-e-o-agronegocio-brasileiro\/#article","isPartOf":{"@id":"https:\/\/bahiaeconomica.com.br\/wp\/2020\/11\/09\/jose-maciel-o-mercado-japones-e-o-agronegocio-brasileiro\/"},"author":{"name":"admin","@id":"https:\/\/bahiaeconomica.com.br\/wp\/#\/schema\/person\/cb1ab5ba96ad3d9390805381c76284ec"},"headline":"JOS\u00c9 MACIEL &#8211; O MERCADO JAPON\u00caS E O AGRONEG\u00d3CIO BRASILEIRO","datePublished":"2020-11-09T11:49:06+00:00","dateModified":"2020-11-09T11:49:06+00:00","mainEntityOfPage":{"@id":"https:\/\/bahiaeconomica.com.br\/wp\/2020\/11\/09\/jose-maciel-o-mercado-japones-e-o-agronegocio-brasileiro\/"},"wordCount":523,"publisher":{"@id":"https:\/\/bahiaeconomica.com.br\/wp\/#organization"},"articleSection":["ARTIGOS","COLUNISTAS"],"inLanguage":"pt-BR"},{"@type":"WebPage","@id":"https:\/\/bahiaeconomica.com.br\/wp\/2020\/11\/09\/jose-maciel-o-mercado-japones-e-o-agronegocio-brasileiro\/","url":"https:\/\/bahiaeconomica.com.br\/wp\/2020\/11\/09\/jose-maciel-o-mercado-japones-e-o-agronegocio-brasileiro\/","name":"JOS\u00c9 MACIEL - O MERCADO JAPON\u00caS E O AGRONEG\u00d3CIO BRASILEIRO - Bahia Economica","isPartOf":{"@id":"https:\/\/bahiaeconomica.com.br\/wp\/#website"},"datePublished":"2020-11-09T11:49:06+00:00","dateModified":"2020-11-09T11:49:06+00:00","description":"O maior portal de Economia da Bahia ARTIGOS, COLUNISTAS Bahia Economica","breadcrumb":{"@id":"https:\/\/bahiaeconomica.com.br\/wp\/2020\/11\/09\/jose-maciel-o-mercado-japones-e-o-agronegocio-brasileiro\/#breadcrumb"},"inLanguage":"pt-BR","potentialAction":[{"@type":"ReadAction","target":["https:\/\/bahiaeconomica.com.br\/wp\/2020\/11\/09\/jose-maciel-o-mercado-japones-e-o-agronegocio-brasileiro\/"]}]},{"@type":"BreadcrumbList","@id":"https:\/\/bahiaeconomica.com.br\/wp\/2020\/11\/09\/jose-maciel-o-mercado-japones-e-o-agronegocio-brasileiro\/#breadcrumb","itemListElement":[{"@type":"ListItem","position":1,"name":"In\u00edcio","item":"https:\/\/bahiaeconomica.com.br\/wp\/"},{"@type":"ListItem","position":2,"name":"JOS\u00c9 MACIEL &#8211; O MERCADO JAPON\u00caS E O AGRONEG\u00d3CIO BRASILEIRO"}]},{"@type":"WebSite","@id":"https:\/\/bahiaeconomica.com.br\/wp\/#website","url":"https:\/\/bahiaeconomica.com.br\/wp\/","name":"Bahia Economica","description":"O maior portal de Economia da Bahia","publisher":{"@id":"https:\/\/bahiaeconomica.com.br\/wp\/#organization"},"potentialAction":[{"@type":"SearchAction","target":{"@type":"EntryPoint","urlTemplate":"https:\/\/bahiaeconomica.com.br\/wp\/?s={search_term_string}"},"query-input":"required name=search_term_string"}],"inLanguage":"pt-BR"},{"@type":"Organization","@id":"https:\/\/bahiaeconomica.com.br\/wp\/#organization","name":"Bahia Econ\u00f4mica","url":"https:\/\/bahiaeconomica.com.br\/wp\/","logo":{"@type":"ImageObject","inLanguage":"pt-BR","@id":"https:\/\/bahiaeconomica.com.br\/wp\/#\/schema\/logo\/image\/","url":"https:\/\/bahiaeconomica.com.br\/wp\/wp-content\/uploads\/2020\/12\/cropped-BE.png","contentUrl":"https:\/\/bahiaeconomica.com.br\/wp\/wp-content\/uploads\/2020\/12\/cropped-BE.png","width":512,"height":512,"caption":"Bahia Econ\u00f4mica"},"image":{"@id":"https:\/\/bahiaeconomica.com.br\/wp\/#\/schema\/logo\/image\/"},"sameAs":["https:\/\/www.facebook.com\/bahiaeconomica"]},{"@type":"Person","@id":"https:\/\/bahiaeconomica.com.br\/wp\/#\/schema\/person\/cb1ab5ba96ad3d9390805381c76284ec","name":"admin","url":"https:\/\/bahiaeconomica.com.br\/wp\/author\/admin\/"}]}},"views":16,"_links":{"self":[{"href":"https:\/\/bahiaeconomica.com.br\/wp\/wp-json\/wp\/v2\/posts\/507675"}],"collection":[{"href":"https:\/\/bahiaeconomica.com.br\/wp\/wp-json\/wp\/v2\/posts"}],"about":[{"href":"https:\/\/bahiaeconomica.com.br\/wp\/wp-json\/wp\/v2\/types\/post"}],"author":[{"embeddable":true,"href":"https:\/\/bahiaeconomica.com.br\/wp\/wp-json\/wp\/v2\/users\/1"}],"replies":[{"embeddable":true,"href":"https:\/\/bahiaeconomica.com.br\/wp\/wp-json\/wp\/v2\/comments?post=507675"}],"version-history":[{"count":1,"href":"https:\/\/bahiaeconomica.com.br\/wp\/wp-json\/wp\/v2\/posts\/507675\/revisions"}],"predecessor-version":[{"id":507679,"href":"https:\/\/bahiaeconomica.com.br\/wp\/wp-json\/wp\/v2\/posts\/507675\/revisions\/507679"}],"wp:featuredmedia":[{"embeddable":true,"href":"https:\/\/bahiaeconomica.com.br\/wp\/wp-json\/wp\/v2\/media\/434628"}],"wp:attachment":[{"href":"https:\/\/bahiaeconomica.com.br\/wp\/wp-json\/wp\/v2\/media?parent=507675"}],"wp:term":[{"taxonomy":"category","embeddable":true,"href":"https:\/\/bahiaeconomica.com.br\/wp\/wp-json\/wp\/v2\/categories?post=507675"},{"taxonomy":"post_tag","embeddable":true,"href":"https:\/\/bahiaeconomica.com.br\/wp\/wp-json\/wp\/v2\/tags?post=507675"}],"curies":[{"name":"wp","href":"https:\/\/api.w.org\/{rel}","templated":true}]}}