{"id":506436,"date":"2020-11-04T13:15:38","date_gmt":"2020-11-04T16:15:38","guid":{"rendered":"https:\/\/bahiaeconomica.com.br\/wp\/beta\/?p=506436"},"modified":"2020-11-04T13:29:05","modified_gmt":"2020-11-04T16:29:05","slug":"cvm-inicia-processo-de-admissao-no-programa-regulatorio","status":"publish","type":"post","link":"https:\/\/bahiaeconomica.com.br\/wp\/2020\/11\/04\/cvm-inicia-processo-de-admissao-no-programa-regulatorio\/","title":{"rendered":"CVM INICIA PROCESSO DE ADMISS\u00c3O NO PROGRAMA REGULAT\u00d3RIO"},"content":{"rendered":"<p>A Comiss\u00e3o de Valores Mobili\u00e1rios (CVM) iniciou nesta ter\u00e7a-feira (3) o processo de admiss\u00e3o dos participantes do Sandbox Regulat\u00f3rio, ambiente regulat\u00f3rio experimental criado pela autarquia<!--more--> no primeiro semestre deste ano. A ideia principal do novo sistema, utilizado em diversos pa\u00edses desenvolvidos, \u00e9 flexibilizar normas para empresas testarem tecnologias e modelos de neg\u00f3cios inovadores por um per\u00edodo de tempo predeterminado de um ano &#8211; prorrog\u00e1vel por mais um ano &#8211; por meio de autoriza\u00e7\u00f5es tempor\u00e1rias, a fim de acelerar o desenvolvimento inicial de empresas e fomentar o empreendedorismo no setor de mercado de capitais.<\/p>\n<p>Para a CVM neg\u00f3cio inovador \u00e9 definido como uma atividade que utilize uma tecnologia nova ou fa\u00e7a uso inovador de tecnologia j\u00e1 existente, ou que desenvolva produto ou servi\u00e7o que ainda n\u00e3o seja oferecido ou com arranjo diverso do que j\u00e1 \u00e9 ofertado no mercado de valores mobili\u00e1rios. Al\u00e9m disso, deve ter o potencial de promover ganhos de efici\u00eancia, redu\u00e7\u00e3o de custos ou amplia\u00e7\u00e3o de acesso do p\u00fablico em geral a produtos e servi\u00e7os regulados pela autarquia.<\/p>\n<p>Entre os principais exemplos de produtos e atividades que podem se utilizar do sistema destacam-se as gestoras de criptomoedas, fundos de investimento diversos, empresas de crowdfunding de investimentos, fintechs e operadoras de cr\u00e9ditos imobili\u00e1rios. O mecanismo foi criado em 15 de maio deste ano, por meio da Instru\u00e7\u00e3o CVM n.\u00ba 646, que disp\u00f5e sobre a constitui\u00e7\u00e3o, regulamenta\u00e7\u00e3o e funcionamento do ambiente regulat\u00f3rio experimental no Brasil, e surge como alternativa aos meios regulat\u00f3rios existentes no momento, que, por vezes, n\u00e3o acompanham a evolu\u00e7\u00e3o de novas tecnologias.<\/p>\n<p>&#8220;Nesta linha, o Sandbox surge como um mecanismo regulat\u00f3rio com base em experimentalismo estruturado, o qual possibilita ao regulador fomentar inova\u00e7\u00e3o financeira e competitividade e, ao mesmo tempo, manter a estabilidade financeira e o equil\u00edbrio do setor&#8221;, afirma o advogado Rafael Brunati Pereira da Silva, s\u00f3cio de Silveiro Advogados.<\/p>\n<p>Foto: divulga\u00e7\u00e3o<\/p>\n","protected":false},"excerpt":{"rendered":"<p>A Comiss\u00e3o de Valores Mobili\u00e1rios (CVM) iniciou nesta ter\u00e7a-feira (3) o processo de admiss\u00e3o dos participantes do Sandbox Regulat\u00f3rio, ambiente regulat\u00f3rio experimental criado pela autarquia<\/p>\n","protected":false},"author":1,"featured_media":497404,"comment_status":"closed","ping_status":"closed","sticky":false,"template":"","format":"standard","meta":[],"categories":[14,3,8],"tags":[],"acf":[],"yoast_head":"<!-- This site is optimized with the Yoast SEO plugin v20.8 - https:\/\/yoast.com\/wordpress\/plugins\/seo\/ -->\n<title>CVM INICIA PROCESSO DE ADMISS\u00c3O NO PROGRAMA REGULAT\u00d3RIO - Bahia Economica<\/title>\n<meta name=\"description\" content=\"O maior portal de Economia da Bahia DESTAQUE DO DIA, ECONOMIA \/ POL\u00cdTICA, EMPREGOS \/ CONCURSOS Bahia Economica\" \/>\n<meta name=\"robots\" content=\"index, follow, max-snippet:-1, max-image-preview:large, max-video-preview:-1\" \/>\n<link rel=\"canonical\" href=\"https:\/\/bahiaeconomica.com.br\/wp\/2020\/11\/04\/cvm-inicia-processo-de-admissao-no-programa-regulatorio\/\" \/>\n<meta property=\"og:locale\" content=\"pt_BR\" \/>\n<meta property=\"og:type\" content=\"article\" \/>\n<meta property=\"og:title\" content=\"CVM INICIA PROCESSO DE ADMISS\u00c3O NO PROGRAMA REGULAT\u00d3RIO - Bahia Economica\" \/>\n<meta property=\"og:description\" content=\"O maior portal de Economia da Bahia DESTAQUE DO DIA, ECONOMIA \/ POL\u00cdTICA, EMPREGOS \/ CONCURSOS Bahia Economica\" \/>\n<meta property=\"og:url\" content=\"https:\/\/bahiaeconomica.com.br\/wp\/2020\/11\/04\/cvm-inicia-processo-de-admissao-no-programa-regulatorio\/\" \/>\n<meta property=\"og:site_name\" content=\"Bahia Economica\" \/>\n<meta property=\"article:publisher\" content=\"https:\/\/www.facebook.com\/bahiaeconomica\" \/>\n<meta property=\"article:published_time\" content=\"2020-11-04T16:15:38+00:00\" \/>\n<meta property=\"article:modified_time\" content=\"2020-11-04T16:29:05+00:00\" \/>\n<meta property=\"og:image\" content=\"https:\/\/bahiaeconomica.com.br\/wp\/wp-content\/uploads\/2020\/10\/7.jpg\" \/>\n\t<meta property=\"og:image:width\" content=\"500\" \/>\n\t<meta property=\"og:image:height\" content=\"300\" \/>\n\t<meta property=\"og:image:type\" content=\"image\/jpeg\" \/>\n<meta name=\"author\" content=\"admin\" \/>\n<meta name=\"twitter:card\" content=\"summary_large_image\" \/>\n<meta name=\"twitter:label1\" content=\"Escrito por\" \/>\n\t<meta name=\"twitter:data1\" content=\"admin\" \/>\n\t<meta name=\"twitter:label2\" content=\"Est. tempo de leitura\" \/>\n\t<meta name=\"twitter:data2\" content=\"2 minutos\" \/>\n<script type=\"application\/ld+json\" class=\"yoast-schema-graph\">{\"@context\":\"https:\/\/schema.org\",\"@graph\":[{\"@type\":\"Article\",\"@id\":\"https:\/\/bahiaeconomica.com.br\/wp\/2020\/11\/04\/cvm-inicia-processo-de-admissao-no-programa-regulatorio\/#article\",\"isPartOf\":{\"@id\":\"https:\/\/bahiaeconomica.com.br\/wp\/2020\/11\/04\/cvm-inicia-processo-de-admissao-no-programa-regulatorio\/\"},\"author\":{\"name\":\"admin\",\"@id\":\"https:\/\/bahiaeconomica.com.br\/wp\/#\/schema\/person\/cb1ab5ba96ad3d9390805381c76284ec\"},\"headline\":\"CVM INICIA PROCESSO DE ADMISS\u00c3O NO PROGRAMA REGULAT\u00d3RIO\",\"datePublished\":\"2020-11-04T16:15:38+00:00\",\"dateModified\":\"2020-11-04T16:29:05+00:00\",\"mainEntityOfPage\":{\"@id\":\"https:\/\/bahiaeconomica.com.br\/wp\/2020\/11\/04\/cvm-inicia-processo-de-admissao-no-programa-regulatorio\/\"},\"wordCount\":348,\"publisher\":{\"@id\":\"https:\/\/bahiaeconomica.com.br\/wp\/#organization\"},\"articleSection\":[\"DESTAQUE DO DIA\",\"ECONOMIA \/ POL\u00cdTICA\",\"EMPREGOS \/ CONCURSOS\"],\"inLanguage\":\"pt-BR\"},{\"@type\":\"WebPage\",\"@id\":\"https:\/\/bahiaeconomica.com.br\/wp\/2020\/11\/04\/cvm-inicia-processo-de-admissao-no-programa-regulatorio\/\",\"url\":\"https:\/\/bahiaeconomica.com.br\/wp\/2020\/11\/04\/cvm-inicia-processo-de-admissao-no-programa-regulatorio\/\",\"name\":\"CVM INICIA PROCESSO DE ADMISS\u00c3O NO PROGRAMA REGULAT\u00d3RIO - Bahia Economica\",\"isPartOf\":{\"@id\":\"https:\/\/bahiaeconomica.com.br\/wp\/#website\"},\"datePublished\":\"2020-11-04T16:15:38+00:00\",\"dateModified\":\"2020-11-04T16:29:05+00:00\",\"description\":\"O maior portal de Economia da Bahia DESTAQUE DO DIA, ECONOMIA \/ POL\u00cdTICA, EMPREGOS \/ CONCURSOS Bahia Economica\",\"breadcrumb\":{\"@id\":\"https:\/\/bahiaeconomica.com.br\/wp\/2020\/11\/04\/cvm-inicia-processo-de-admissao-no-programa-regulatorio\/#breadcrumb\"},\"inLanguage\":\"pt-BR\",\"potentialAction\":[{\"@type\":\"ReadAction\",\"target\":[\"https:\/\/bahiaeconomica.com.br\/wp\/2020\/11\/04\/cvm-inicia-processo-de-admissao-no-programa-regulatorio\/\"]}]},{\"@type\":\"BreadcrumbList\",\"@id\":\"https:\/\/bahiaeconomica.com.br\/wp\/2020\/11\/04\/cvm-inicia-processo-de-admissao-no-programa-regulatorio\/#breadcrumb\",\"itemListElement\":[{\"@type\":\"ListItem\",\"position\":1,\"name\":\"In\u00edcio\",\"item\":\"https:\/\/bahiaeconomica.com.br\/wp\/\"},{\"@type\":\"ListItem\",\"position\":2,\"name\":\"CVM INICIA PROCESSO DE ADMISS\u00c3O NO PROGRAMA REGULAT\u00d3RIO\"}]},{\"@type\":\"WebSite\",\"@id\":\"https:\/\/bahiaeconomica.com.br\/wp\/#website\",\"url\":\"https:\/\/bahiaeconomica.com.br\/wp\/\",\"name\":\"Bahia Economica\",\"description\":\"O maior portal de Economia da Bahia\",\"publisher\":{\"@id\":\"https:\/\/bahiaeconomica.com.br\/wp\/#organization\"},\"potentialAction\":[{\"@type\":\"SearchAction\",\"target\":{\"@type\":\"EntryPoint\",\"urlTemplate\":\"https:\/\/bahiaeconomica.com.br\/wp\/?s={search_term_string}\"},\"query-input\":\"required name=search_term_string\"}],\"inLanguage\":\"pt-BR\"},{\"@type\":\"Organization\",\"@id\":\"https:\/\/bahiaeconomica.com.br\/wp\/#organization\",\"name\":\"Bahia Econ\u00f4mica\",\"url\":\"https:\/\/bahiaeconomica.com.br\/wp\/\",\"logo\":{\"@type\":\"ImageObject\",\"inLanguage\":\"pt-BR\",\"@id\":\"https:\/\/bahiaeconomica.com.br\/wp\/#\/schema\/logo\/image\/\",\"url\":\"https:\/\/bahiaeconomica.com.br\/wp\/wp-content\/uploads\/2020\/12\/cropped-BE.png\",\"contentUrl\":\"https:\/\/bahiaeconomica.com.br\/wp\/wp-content\/uploads\/2020\/12\/cropped-BE.png\",\"width\":512,\"height\":512,\"caption\":\"Bahia Econ\u00f4mica\"},\"image\":{\"@id\":\"https:\/\/bahiaeconomica.com.br\/wp\/#\/schema\/logo\/image\/\"},\"sameAs\":[\"https:\/\/www.facebook.com\/bahiaeconomica\"]},{\"@type\":\"Person\",\"@id\":\"https:\/\/bahiaeconomica.com.br\/wp\/#\/schema\/person\/cb1ab5ba96ad3d9390805381c76284ec\",\"name\":\"admin\",\"url\":\"https:\/\/bahiaeconomica.com.br\/wp\/author\/admin\/\"}]}<\/script>\n<!-- \/ Yoast SEO plugin. -->","yoast_head_json":{"title":"CVM INICIA PROCESSO DE ADMISS\u00c3O NO PROGRAMA REGULAT\u00d3RIO - Bahia Economica","description":"O maior portal de Economia da Bahia DESTAQUE DO DIA, ECONOMIA \/ POL\u00cdTICA, EMPREGOS \/ CONCURSOS Bahia Economica","robots":{"index":"index","follow":"follow","max-snippet":"max-snippet:-1","max-image-preview":"max-image-preview:large","max-video-preview":"max-video-preview:-1"},"canonical":"https:\/\/bahiaeconomica.com.br\/wp\/2020\/11\/04\/cvm-inicia-processo-de-admissao-no-programa-regulatorio\/","og_locale":"pt_BR","og_type":"article","og_title":"CVM INICIA PROCESSO DE ADMISS\u00c3O NO PROGRAMA REGULAT\u00d3RIO - Bahia Economica","og_description":"O maior portal de Economia da Bahia DESTAQUE DO DIA, ECONOMIA \/ POL\u00cdTICA, EMPREGOS \/ CONCURSOS Bahia Economica","og_url":"https:\/\/bahiaeconomica.com.br\/wp\/2020\/11\/04\/cvm-inicia-processo-de-admissao-no-programa-regulatorio\/","og_site_name":"Bahia Economica","article_publisher":"https:\/\/www.facebook.com\/bahiaeconomica","article_published_time":"2020-11-04T16:15:38+00:00","article_modified_time":"2020-11-04T16:29:05+00:00","og_image":[{"width":500,"height":300,"url":"https:\/\/bahiaeconomica.com.br\/wp\/wp-content\/uploads\/2020\/10\/7.jpg","type":"image\/jpeg"}],"author":"admin","twitter_card":"summary_large_image","twitter_misc":{"Escrito por":"admin","Est. tempo de leitura":"2 minutos"},"schema":{"@context":"https:\/\/schema.org","@graph":[{"@type":"Article","@id":"https:\/\/bahiaeconomica.com.br\/wp\/2020\/11\/04\/cvm-inicia-processo-de-admissao-no-programa-regulatorio\/#article","isPartOf":{"@id":"https:\/\/bahiaeconomica.com.br\/wp\/2020\/11\/04\/cvm-inicia-processo-de-admissao-no-programa-regulatorio\/"},"author":{"name":"admin","@id":"https:\/\/bahiaeconomica.com.br\/wp\/#\/schema\/person\/cb1ab5ba96ad3d9390805381c76284ec"},"headline":"CVM INICIA PROCESSO DE ADMISS\u00c3O NO PROGRAMA REGULAT\u00d3RIO","datePublished":"2020-11-04T16:15:38+00:00","dateModified":"2020-11-04T16:29:05+00:00","mainEntityOfPage":{"@id":"https:\/\/bahiaeconomica.com.br\/wp\/2020\/11\/04\/cvm-inicia-processo-de-admissao-no-programa-regulatorio\/"},"wordCount":348,"publisher":{"@id":"https:\/\/bahiaeconomica.com.br\/wp\/#organization"},"articleSection":["DESTAQUE DO DIA","ECONOMIA \/ POL\u00cdTICA","EMPREGOS \/ CONCURSOS"],"inLanguage":"pt-BR"},{"@type":"WebPage","@id":"https:\/\/bahiaeconomica.com.br\/wp\/2020\/11\/04\/cvm-inicia-processo-de-admissao-no-programa-regulatorio\/","url":"https:\/\/bahiaeconomica.com.br\/wp\/2020\/11\/04\/cvm-inicia-processo-de-admissao-no-programa-regulatorio\/","name":"CVM INICIA PROCESSO DE ADMISS\u00c3O NO PROGRAMA REGULAT\u00d3RIO - Bahia Economica","isPartOf":{"@id":"https:\/\/bahiaeconomica.com.br\/wp\/#website"},"datePublished":"2020-11-04T16:15:38+00:00","dateModified":"2020-11-04T16:29:05+00:00","description":"O maior portal de Economia da Bahia DESTAQUE DO DIA, ECONOMIA \/ POL\u00cdTICA, EMPREGOS \/ CONCURSOS Bahia Economica","breadcrumb":{"@id":"https:\/\/bahiaeconomica.com.br\/wp\/2020\/11\/04\/cvm-inicia-processo-de-admissao-no-programa-regulatorio\/#breadcrumb"},"inLanguage":"pt-BR","potentialAction":[{"@type":"ReadAction","target":["https:\/\/bahiaeconomica.com.br\/wp\/2020\/11\/04\/cvm-inicia-processo-de-admissao-no-programa-regulatorio\/"]}]},{"@type":"BreadcrumbList","@id":"https:\/\/bahiaeconomica.com.br\/wp\/2020\/11\/04\/cvm-inicia-processo-de-admissao-no-programa-regulatorio\/#breadcrumb","itemListElement":[{"@type":"ListItem","position":1,"name":"In\u00edcio","item":"https:\/\/bahiaeconomica.com.br\/wp\/"},{"@type":"ListItem","position":2,"name":"CVM INICIA PROCESSO DE ADMISS\u00c3O NO PROGRAMA REGULAT\u00d3RIO"}]},{"@type":"WebSite","@id":"https:\/\/bahiaeconomica.com.br\/wp\/#website","url":"https:\/\/bahiaeconomica.com.br\/wp\/","name":"Bahia Economica","description":"O maior portal de Economia da Bahia","publisher":{"@id":"https:\/\/bahiaeconomica.com.br\/wp\/#organization"},"potentialAction":[{"@type":"SearchAction","target":{"@type":"EntryPoint","urlTemplate":"https:\/\/bahiaeconomica.com.br\/wp\/?s={search_term_string}"},"query-input":"required name=search_term_string"}],"inLanguage":"pt-BR"},{"@type":"Organization","@id":"https:\/\/bahiaeconomica.com.br\/wp\/#organization","name":"Bahia Econ\u00f4mica","url":"https:\/\/bahiaeconomica.com.br\/wp\/","logo":{"@type":"ImageObject","inLanguage":"pt-BR","@id":"https:\/\/bahiaeconomica.com.br\/wp\/#\/schema\/logo\/image\/","url":"https:\/\/bahiaeconomica.com.br\/wp\/wp-content\/uploads\/2020\/12\/cropped-BE.png","contentUrl":"https:\/\/bahiaeconomica.com.br\/wp\/wp-content\/uploads\/2020\/12\/cropped-BE.png","width":512,"height":512,"caption":"Bahia Econ\u00f4mica"},"image":{"@id":"https:\/\/bahiaeconomica.com.br\/wp\/#\/schema\/logo\/image\/"},"sameAs":["https:\/\/www.facebook.com\/bahiaeconomica"]},{"@type":"Person","@id":"https:\/\/bahiaeconomica.com.br\/wp\/#\/schema\/person\/cb1ab5ba96ad3d9390805381c76284ec","name":"admin","url":"https:\/\/bahiaeconomica.com.br\/wp\/author\/admin\/"}]}},"views":1,"_links":{"self":[{"href":"https:\/\/bahiaeconomica.com.br\/wp\/wp-json\/wp\/v2\/posts\/506436"}],"collection":[{"href":"https:\/\/bahiaeconomica.com.br\/wp\/wp-json\/wp\/v2\/posts"}],"about":[{"href":"https:\/\/bahiaeconomica.com.br\/wp\/wp-json\/wp\/v2\/types\/post"}],"author":[{"embeddable":true,"href":"https:\/\/bahiaeconomica.com.br\/wp\/wp-json\/wp\/v2\/users\/1"}],"replies":[{"embeddable":true,"href":"https:\/\/bahiaeconomica.com.br\/wp\/wp-json\/wp\/v2\/comments?post=506436"}],"version-history":[{"count":1,"href":"https:\/\/bahiaeconomica.com.br\/wp\/wp-json\/wp\/v2\/posts\/506436\/revisions"}],"predecessor-version":[{"id":506438,"href":"https:\/\/bahiaeconomica.com.br\/wp\/wp-json\/wp\/v2\/posts\/506436\/revisions\/506438"}],"wp:featuredmedia":[{"embeddable":true,"href":"https:\/\/bahiaeconomica.com.br\/wp\/wp-json\/wp\/v2\/media\/497404"}],"wp:attachment":[{"href":"https:\/\/bahiaeconomica.com.br\/wp\/wp-json\/wp\/v2\/media?parent=506436"}],"wp:term":[{"taxonomy":"category","embeddable":true,"href":"https:\/\/bahiaeconomica.com.br\/wp\/wp-json\/wp\/v2\/categories?post=506436"},{"taxonomy":"post_tag","embeddable":true,"href":"https:\/\/bahiaeconomica.com.br\/wp\/wp-json\/wp\/v2\/tags?post=506436"}],"curies":[{"name":"wp","href":"https:\/\/api.w.org\/{rel}","templated":true}]}}