{"id":505628,"date":"2020-10-30T18:45:33","date_gmt":"2020-10-30T21:45:33","guid":{"rendered":"https:\/\/bahiaeconomica.com.br\/wp\/beta\/?p=505628"},"modified":"2020-10-30T18:52:35","modified_gmt":"2020-10-30T21:52:35","slug":"alerta-reservatorio-na-bahia-tem-maior-vazao-liberada-em-7-anos","status":"publish","type":"post","link":"https:\/\/bahiaeconomica.com.br\/wp\/2020\/10\/30\/alerta-reservatorio-na-bahia-tem-maior-vazao-liberada-em-7-anos\/","title":{"rendered":"ALERTA: RESERVAT\u00d3RIO NA BA TEM MAIOR VAZ\u00c3O LIBERADA EM 7 ANOS"},"content":{"rendered":"<p>O reservat\u00f3rio de Sobradinho, localizado no norte do estado, ter\u00e1 a&nbsp;maior vaz\u00e3o liberada em sete anos&nbsp;a partir desta<!--more--> sexta-feira (30). Segundo a Companhia Hidro El\u00e9trica do S\u00e3o Francisco (Chesf), respons\u00e1vel pela administra\u00e7\u00e3o e manuten\u00e7\u00e3o da barragem,&nbsp;a vaz\u00e3o ser\u00e1 gradualmente elevada at\u00e9 chegar a 2.600 m\u00b3.<\/p>\n<p>A vaz\u00e3o \u00e9 para abastecer o Rio S\u00e3o Francisco no per\u00edodo anual de escassez h\u00eddrica, segundo a Chesf. A previs\u00e3o do pr\u00f3ximo per\u00edodo chuvoso come\u00e7a em novembro e termina em abril de 2021. A Chesf alertou ainda que a popula\u00e7\u00e3o n\u00e3o ocupe as \u00e1reas ribeirinhas situadas na calha principal do rio, entre o trecho de Sobradinho at\u00e9 a foz, para garantir a seguran\u00e7a das pessoas.<\/p>\n<p>&nbsp;<\/p>\n<p>&nbsp;<\/p>\n<p>&nbsp;<\/p>\n<p>&nbsp;<\/p>\n<p>Foto: Marcello Casal jr\/Ag\u00eancia Brasil<\/p>\n","protected":false},"excerpt":{"rendered":"<p>O reservat\u00f3rio de Sobradinho, localizado no norte do estado, ter\u00e1 a&nbsp;maior vaz\u00e3o liberada em sete anos&nbsp;a partir desta<\/p>\n","protected":false},"author":1,"featured_media":505641,"comment_status":"closed","ping_status":"closed","sticky":false,"template":"","format":"standard","meta":[],"categories":[14,3],"tags":[],"acf":[],"yoast_head":"<!-- This site is optimized with the Yoast SEO plugin v20.8 - https:\/\/yoast.com\/wordpress\/plugins\/seo\/ -->\n<title>ALERTA: RESERVAT\u00d3RIO NA BA TEM MAIOR VAZ\u00c3O LIBERADA EM 7 ANOS - Bahia Economica<\/title>\n<meta name=\"description\" content=\"O maior portal de Economia da Bahia DESTAQUE DO DIA, ECONOMIA \/ POL\u00cdTICA Bahia Economica\" \/>\n<meta name=\"robots\" content=\"index, follow, max-snippet:-1, max-image-preview:large, max-video-preview:-1\" \/>\n<link rel=\"canonical\" href=\"https:\/\/bahiaeconomica.com.br\/wp\/2020\/10\/30\/alerta-reservatorio-na-bahia-tem-maior-vazao-liberada-em-7-anos\/\" \/>\n<meta property=\"og:locale\" content=\"pt_BR\" \/>\n<meta property=\"og:type\" content=\"article\" \/>\n<meta property=\"og:title\" content=\"ALERTA: RESERVAT\u00d3RIO NA BA TEM MAIOR VAZ\u00c3O LIBERADA EM 7 ANOS - Bahia Economica\" \/>\n<meta property=\"og:description\" content=\"O maior portal de Economia da Bahia DESTAQUE DO DIA, ECONOMIA \/ POL\u00cdTICA Bahia Economica\" \/>\n<meta property=\"og:url\" content=\"https:\/\/bahiaeconomica.com.br\/wp\/2020\/10\/30\/alerta-reservatorio-na-bahia-tem-maior-vazao-liberada-em-7-anos\/\" \/>\n<meta property=\"og:site_name\" content=\"Bahia Economica\" \/>\n<meta property=\"article:publisher\" content=\"https:\/\/www.facebook.com\/bahiaeconomica\" \/>\n<meta property=\"article:published_time\" content=\"2020-10-30T21:45:33+00:00\" \/>\n<meta property=\"article:modified_time\" content=\"2020-10-30T21:52:35+00:00\" \/>\n<meta property=\"og:image\" content=\"https:\/\/bahiaeconomica.com.br\/wp\/wp-content\/uploads\/2020\/10\/sobradinho-reservatorio-chesf-500.jpg\" \/>\n\t<meta property=\"og:image:width\" content=\"500\" \/>\n\t<meta property=\"og:image:height\" content=\"300\" \/>\n\t<meta property=\"og:image:type\" content=\"image\/jpeg\" \/>\n<meta name=\"author\" content=\"admin\" \/>\n<meta name=\"twitter:card\" content=\"summary_large_image\" \/>\n<meta name=\"twitter:label1\" content=\"Escrito por\" \/>\n\t<meta name=\"twitter:data1\" content=\"admin\" \/>\n\t<meta name=\"twitter:label2\" content=\"Est. tempo de leitura\" \/>\n\t<meta name=\"twitter:data2\" content=\"1 minuto\" \/>\n<script type=\"application\/ld+json\" class=\"yoast-schema-graph\">{\"@context\":\"https:\/\/schema.org\",\"@graph\":[{\"@type\":\"Article\",\"@id\":\"https:\/\/bahiaeconomica.com.br\/wp\/2020\/10\/30\/alerta-reservatorio-na-bahia-tem-maior-vazao-liberada-em-7-anos\/#article\",\"isPartOf\":{\"@id\":\"https:\/\/bahiaeconomica.com.br\/wp\/2020\/10\/30\/alerta-reservatorio-na-bahia-tem-maior-vazao-liberada-em-7-anos\/\"},\"author\":{\"name\":\"admin\",\"@id\":\"https:\/\/bahiaeconomica.com.br\/wp\/#\/schema\/person\/cb1ab5ba96ad3d9390805381c76284ec\"},\"headline\":\"ALERTA: RESERVAT\u00d3RIO NA BA TEM MAIOR VAZ\u00c3O LIBERADA EM 7 ANOS\",\"datePublished\":\"2020-10-30T21:45:33+00:00\",\"dateModified\":\"2020-10-30T21:52:35+00:00\",\"mainEntityOfPage\":{\"@id\":\"https:\/\/bahiaeconomica.com.br\/wp\/2020\/10\/30\/alerta-reservatorio-na-bahia-tem-maior-vazao-liberada-em-7-anos\/\"},\"wordCount\":154,\"publisher\":{\"@id\":\"https:\/\/bahiaeconomica.com.br\/wp\/#organization\"},\"articleSection\":[\"DESTAQUE DO DIA\",\"ECONOMIA \/ POL\u00cdTICA\"],\"inLanguage\":\"pt-BR\"},{\"@type\":\"WebPage\",\"@id\":\"https:\/\/bahiaeconomica.com.br\/wp\/2020\/10\/30\/alerta-reservatorio-na-bahia-tem-maior-vazao-liberada-em-7-anos\/\",\"url\":\"https:\/\/bahiaeconomica.com.br\/wp\/2020\/10\/30\/alerta-reservatorio-na-bahia-tem-maior-vazao-liberada-em-7-anos\/\",\"name\":\"ALERTA: RESERVAT\u00d3RIO NA BA TEM MAIOR VAZ\u00c3O LIBERADA EM 7 ANOS - Bahia Economica\",\"isPartOf\":{\"@id\":\"https:\/\/bahiaeconomica.com.br\/wp\/#website\"},\"datePublished\":\"2020-10-30T21:45:33+00:00\",\"dateModified\":\"2020-10-30T21:52:35+00:00\",\"description\":\"O maior portal de Economia da Bahia DESTAQUE DO DIA, ECONOMIA \/ POL\u00cdTICA Bahia Economica\",\"breadcrumb\":{\"@id\":\"https:\/\/bahiaeconomica.com.br\/wp\/2020\/10\/30\/alerta-reservatorio-na-bahia-tem-maior-vazao-liberada-em-7-anos\/#breadcrumb\"},\"inLanguage\":\"pt-BR\",\"potentialAction\":[{\"@type\":\"ReadAction\",\"target\":[\"https:\/\/bahiaeconomica.com.br\/wp\/2020\/10\/30\/alerta-reservatorio-na-bahia-tem-maior-vazao-liberada-em-7-anos\/\"]}]},{\"@type\":\"BreadcrumbList\",\"@id\":\"https:\/\/bahiaeconomica.com.br\/wp\/2020\/10\/30\/alerta-reservatorio-na-bahia-tem-maior-vazao-liberada-em-7-anos\/#breadcrumb\",\"itemListElement\":[{\"@type\":\"ListItem\",\"position\":1,\"name\":\"In\u00edcio\",\"item\":\"https:\/\/bahiaeconomica.com.br\/wp\/\"},{\"@type\":\"ListItem\",\"position\":2,\"name\":\"ALERTA: RESERVAT\u00d3RIO NA BA TEM MAIOR VAZ\u00c3O LIBERADA EM 7 ANOS\"}]},{\"@type\":\"WebSite\",\"@id\":\"https:\/\/bahiaeconomica.com.br\/wp\/#website\",\"url\":\"https:\/\/bahiaeconomica.com.br\/wp\/\",\"name\":\"Bahia Economica\",\"description\":\"O maior portal de Economia da Bahia\",\"publisher\":{\"@id\":\"https:\/\/bahiaeconomica.com.br\/wp\/#organization\"},\"potentialAction\":[{\"@type\":\"SearchAction\",\"target\":{\"@type\":\"EntryPoint\",\"urlTemplate\":\"https:\/\/bahiaeconomica.com.br\/wp\/?s={search_term_string}\"},\"query-input\":\"required name=search_term_string\"}],\"inLanguage\":\"pt-BR\"},{\"@type\":\"Organization\",\"@id\":\"https:\/\/bahiaeconomica.com.br\/wp\/#organization\",\"name\":\"Bahia Econ\u00f4mica\",\"url\":\"https:\/\/bahiaeconomica.com.br\/wp\/\",\"logo\":{\"@type\":\"ImageObject\",\"inLanguage\":\"pt-BR\",\"@id\":\"https:\/\/bahiaeconomica.com.br\/wp\/#\/schema\/logo\/image\/\",\"url\":\"https:\/\/bahiaeconomica.com.br\/wp\/wp-content\/uploads\/2020\/12\/cropped-BE.png\",\"contentUrl\":\"https:\/\/bahiaeconomica.com.br\/wp\/wp-content\/uploads\/2020\/12\/cropped-BE.png\",\"width\":512,\"height\":512,\"caption\":\"Bahia Econ\u00f4mica\"},\"image\":{\"@id\":\"https:\/\/bahiaeconomica.com.br\/wp\/#\/schema\/logo\/image\/\"},\"sameAs\":[\"https:\/\/www.facebook.com\/bahiaeconomica\"]},{\"@type\":\"Person\",\"@id\":\"https:\/\/bahiaeconomica.com.br\/wp\/#\/schema\/person\/cb1ab5ba96ad3d9390805381c76284ec\",\"name\":\"admin\",\"url\":\"https:\/\/bahiaeconomica.com.br\/wp\/author\/admin\/\"}]}<\/script>\n<!-- \/ Yoast SEO plugin. -->","yoast_head_json":{"title":"ALERTA: RESERVAT\u00d3RIO NA BA TEM MAIOR VAZ\u00c3O LIBERADA EM 7 ANOS - Bahia Economica","description":"O maior portal de Economia da Bahia DESTAQUE DO DIA, ECONOMIA \/ POL\u00cdTICA Bahia Economica","robots":{"index":"index","follow":"follow","max-snippet":"max-snippet:-1","max-image-preview":"max-image-preview:large","max-video-preview":"max-video-preview:-1"},"canonical":"https:\/\/bahiaeconomica.com.br\/wp\/2020\/10\/30\/alerta-reservatorio-na-bahia-tem-maior-vazao-liberada-em-7-anos\/","og_locale":"pt_BR","og_type":"article","og_title":"ALERTA: RESERVAT\u00d3RIO NA BA TEM MAIOR VAZ\u00c3O LIBERADA EM 7 ANOS - Bahia Economica","og_description":"O maior portal de Economia da Bahia DESTAQUE DO DIA, ECONOMIA \/ POL\u00cdTICA Bahia Economica","og_url":"https:\/\/bahiaeconomica.com.br\/wp\/2020\/10\/30\/alerta-reservatorio-na-bahia-tem-maior-vazao-liberada-em-7-anos\/","og_site_name":"Bahia Economica","article_publisher":"https:\/\/www.facebook.com\/bahiaeconomica","article_published_time":"2020-10-30T21:45:33+00:00","article_modified_time":"2020-10-30T21:52:35+00:00","og_image":[{"width":500,"height":300,"url":"https:\/\/bahiaeconomica.com.br\/wp\/wp-content\/uploads\/2020\/10\/sobradinho-reservatorio-chesf-500.jpg","type":"image\/jpeg"}],"author":"admin","twitter_card":"summary_large_image","twitter_misc":{"Escrito por":"admin","Est. tempo de leitura":"1 minuto"},"schema":{"@context":"https:\/\/schema.org","@graph":[{"@type":"Article","@id":"https:\/\/bahiaeconomica.com.br\/wp\/2020\/10\/30\/alerta-reservatorio-na-bahia-tem-maior-vazao-liberada-em-7-anos\/#article","isPartOf":{"@id":"https:\/\/bahiaeconomica.com.br\/wp\/2020\/10\/30\/alerta-reservatorio-na-bahia-tem-maior-vazao-liberada-em-7-anos\/"},"author":{"name":"admin","@id":"https:\/\/bahiaeconomica.com.br\/wp\/#\/schema\/person\/cb1ab5ba96ad3d9390805381c76284ec"},"headline":"ALERTA: RESERVAT\u00d3RIO NA BA TEM MAIOR VAZ\u00c3O LIBERADA EM 7 ANOS","datePublished":"2020-10-30T21:45:33+00:00","dateModified":"2020-10-30T21:52:35+00:00","mainEntityOfPage":{"@id":"https:\/\/bahiaeconomica.com.br\/wp\/2020\/10\/30\/alerta-reservatorio-na-bahia-tem-maior-vazao-liberada-em-7-anos\/"},"wordCount":154,"publisher":{"@id":"https:\/\/bahiaeconomica.com.br\/wp\/#organization"},"articleSection":["DESTAQUE DO DIA","ECONOMIA \/ POL\u00cdTICA"],"inLanguage":"pt-BR"},{"@type":"WebPage","@id":"https:\/\/bahiaeconomica.com.br\/wp\/2020\/10\/30\/alerta-reservatorio-na-bahia-tem-maior-vazao-liberada-em-7-anos\/","url":"https:\/\/bahiaeconomica.com.br\/wp\/2020\/10\/30\/alerta-reservatorio-na-bahia-tem-maior-vazao-liberada-em-7-anos\/","name":"ALERTA: RESERVAT\u00d3RIO NA BA TEM MAIOR VAZ\u00c3O LIBERADA EM 7 ANOS - Bahia Economica","isPartOf":{"@id":"https:\/\/bahiaeconomica.com.br\/wp\/#website"},"datePublished":"2020-10-30T21:45:33+00:00","dateModified":"2020-10-30T21:52:35+00:00","description":"O maior portal de Economia da Bahia DESTAQUE DO DIA, ECONOMIA \/ POL\u00cdTICA Bahia Economica","breadcrumb":{"@id":"https:\/\/bahiaeconomica.com.br\/wp\/2020\/10\/30\/alerta-reservatorio-na-bahia-tem-maior-vazao-liberada-em-7-anos\/#breadcrumb"},"inLanguage":"pt-BR","potentialAction":[{"@type":"ReadAction","target":["https:\/\/bahiaeconomica.com.br\/wp\/2020\/10\/30\/alerta-reservatorio-na-bahia-tem-maior-vazao-liberada-em-7-anos\/"]}]},{"@type":"BreadcrumbList","@id":"https:\/\/bahiaeconomica.com.br\/wp\/2020\/10\/30\/alerta-reservatorio-na-bahia-tem-maior-vazao-liberada-em-7-anos\/#breadcrumb","itemListElement":[{"@type":"ListItem","position":1,"name":"In\u00edcio","item":"https:\/\/bahiaeconomica.com.br\/wp\/"},{"@type":"ListItem","position":2,"name":"ALERTA: RESERVAT\u00d3RIO NA BA TEM MAIOR VAZ\u00c3O LIBERADA EM 7 ANOS"}]},{"@type":"WebSite","@id":"https:\/\/bahiaeconomica.com.br\/wp\/#website","url":"https:\/\/bahiaeconomica.com.br\/wp\/","name":"Bahia Economica","description":"O maior portal de Economia da Bahia","publisher":{"@id":"https:\/\/bahiaeconomica.com.br\/wp\/#organization"},"potentialAction":[{"@type":"SearchAction","target":{"@type":"EntryPoint","urlTemplate":"https:\/\/bahiaeconomica.com.br\/wp\/?s={search_term_string}"},"query-input":"required name=search_term_string"}],"inLanguage":"pt-BR"},{"@type":"Organization","@id":"https:\/\/bahiaeconomica.com.br\/wp\/#organization","name":"Bahia Econ\u00f4mica","url":"https:\/\/bahiaeconomica.com.br\/wp\/","logo":{"@type":"ImageObject","inLanguage":"pt-BR","@id":"https:\/\/bahiaeconomica.com.br\/wp\/#\/schema\/logo\/image\/","url":"https:\/\/bahiaeconomica.com.br\/wp\/wp-content\/uploads\/2020\/12\/cropped-BE.png","contentUrl":"https:\/\/bahiaeconomica.com.br\/wp\/wp-content\/uploads\/2020\/12\/cropped-BE.png","width":512,"height":512,"caption":"Bahia Econ\u00f4mica"},"image":{"@id":"https:\/\/bahiaeconomica.com.br\/wp\/#\/schema\/logo\/image\/"},"sameAs":["https:\/\/www.facebook.com\/bahiaeconomica"]},{"@type":"Person","@id":"https:\/\/bahiaeconomica.com.br\/wp\/#\/schema\/person\/cb1ab5ba96ad3d9390805381c76284ec","name":"admin","url":"https:\/\/bahiaeconomica.com.br\/wp\/author\/admin\/"}]}},"views":1,"_links":{"self":[{"href":"https:\/\/bahiaeconomica.com.br\/wp\/wp-json\/wp\/v2\/posts\/505628"}],"collection":[{"href":"https:\/\/bahiaeconomica.com.br\/wp\/wp-json\/wp\/v2\/posts"}],"about":[{"href":"https:\/\/bahiaeconomica.com.br\/wp\/wp-json\/wp\/v2\/types\/post"}],"author":[{"embeddable":true,"href":"https:\/\/bahiaeconomica.com.br\/wp\/wp-json\/wp\/v2\/users\/1"}],"replies":[{"embeddable":true,"href":"https:\/\/bahiaeconomica.com.br\/wp\/wp-json\/wp\/v2\/comments?post=505628"}],"version-history":[{"count":3,"href":"https:\/\/bahiaeconomica.com.br\/wp\/wp-json\/wp\/v2\/posts\/505628\/revisions"}],"predecessor-version":[{"id":505657,"href":"https:\/\/bahiaeconomica.com.br\/wp\/wp-json\/wp\/v2\/posts\/505628\/revisions\/505657"}],"wp:featuredmedia":[{"embeddable":true,"href":"https:\/\/bahiaeconomica.com.br\/wp\/wp-json\/wp\/v2\/media\/505641"}],"wp:attachment":[{"href":"https:\/\/bahiaeconomica.com.br\/wp\/wp-json\/wp\/v2\/media?parent=505628"}],"wp:term":[{"taxonomy":"category","embeddable":true,"href":"https:\/\/bahiaeconomica.com.br\/wp\/wp-json\/wp\/v2\/categories?post=505628"},{"taxonomy":"post_tag","embeddable":true,"href":"https:\/\/bahiaeconomica.com.br\/wp\/wp-json\/wp\/v2\/tags?post=505628"}],"curies":[{"name":"wp","href":"https:\/\/api.w.org\/{rel}","templated":true}]}}