{"id":504479,"date":"2020-10-27T14:57:16","date_gmt":"2020-10-27T17:57:16","guid":{"rendered":"https:\/\/bahiaeconomica.com.br\/wp\/beta\/?p=504479"},"modified":"2020-10-27T15:36:36","modified_gmt":"2020-10-27T18:36:36","slug":"intencao-de-consumo-das-familias-sobe-09-em-outubro","status":"publish","type":"post","link":"https:\/\/bahiaeconomica.com.br\/wp\/2020\/10\/27\/intencao-de-consumo-das-familias-sobe-09-em-outubro\/","title":{"rendered":"INTEN\u00c7\u00c3O DE CONSUMO DAS FAM\u00cdLIAS SOBE 0,9% EM OUTUBRO"},"content":{"rendered":"<p>A Inten\u00e7\u00e3o de Consumo das Fam\u00edlias (ICF), medida pela Confedera\u00e7\u00e3o Nacional do Com\u00e9rcio de Bens, Servi\u00e7os e Turismo (CNC), subiu 0,9% entre setembro <!--more-->e outubro, para 68,7 pontos &#8211; mas ainda cai 26,4% ante outubro do ano passado.<\/p>\n<p>Embora o n\u00famero seja positivo, a pontua\u00e7\u00e3o do \u00edndice para um m\u00eas de outubro \u00e9 a pior desde o in\u00edcio da s\u00e9rie hist\u00f3rica, em janeiro de 2010. Al\u00e9m disso, a entidade informou que o saldo positivo na compara\u00e7\u00e3o com setembro n\u00e3o impediu o \u00edndice de permanecer abaixo de 100 pontos, ou seja, aqu\u00e9m do quadrante favor\u00e1vel.<\/p>\n<p>Dos sete t\u00f3picos usados para c\u00e1lculo do indicador, cinco mostraram altas entre setembro e outubro. \u00c9 o caso dos avan\u00e7os de 0,3% em emprego atual, para 85,9 pontos; de 4,4% em perspectiva profissional, para 78,7 pontos; de 0,3% em acesso ao cr\u00e9dito, para 81,9 pontos; de 1,2% em n\u00edvel de consumo atual, para 51,7 pontos; e de 2,1% em momento para dur\u00e1veis, para 43,3 pontos.<\/p>\n<p>Nessa compara\u00e7\u00e3o, ainda mostram queda a renda atual (de -0,9%, para 76,3 pontos); e a perspectiva de consumo (de -0,5% para 63 pontos).<\/p>\n","protected":false},"excerpt":{"rendered":"<p>A Inten\u00e7\u00e3o de Consumo das Fam\u00edlias (ICF), medida pela Confedera\u00e7\u00e3o Nacional do Com\u00e9rcio de Bens, Servi\u00e7os e Turismo (CNC), subiu 0,9% entre setembro<\/p>\n","protected":false},"author":1,"featured_media":398713,"comment_status":"closed","ping_status":"closed","sticky":false,"template":"","format":"standard","meta":[],"categories":[14,3],"tags":[],"acf":[],"yoast_head":"<!-- This site is optimized with the Yoast SEO plugin v20.8 - https:\/\/yoast.com\/wordpress\/plugins\/seo\/ -->\n<title>INTEN\u00c7\u00c3O DE CONSUMO DAS FAM\u00cdLIAS SOBE 0,9% EM OUTUBRO - Bahia Economica<\/title>\n<meta name=\"description\" content=\"O maior portal de Economia da Bahia DESTAQUE DO DIA, ECONOMIA \/ POL\u00cdTICA Bahia Economica\" \/>\n<meta name=\"robots\" content=\"index, follow, max-snippet:-1, max-image-preview:large, max-video-preview:-1\" \/>\n<link rel=\"canonical\" href=\"https:\/\/bahiaeconomica.com.br\/wp\/2020\/10\/27\/intencao-de-consumo-das-familias-sobe-09-em-outubro\/\" \/>\n<meta property=\"og:locale\" content=\"pt_BR\" \/>\n<meta property=\"og:type\" content=\"article\" \/>\n<meta property=\"og:title\" content=\"INTEN\u00c7\u00c3O DE CONSUMO DAS FAM\u00cdLIAS SOBE 0,9% EM OUTUBRO - Bahia Economica\" \/>\n<meta property=\"og:description\" content=\"O maior portal de Economia da Bahia DESTAQUE DO DIA, ECONOMIA \/ POL\u00cdTICA Bahia Economica\" \/>\n<meta property=\"og:url\" content=\"https:\/\/bahiaeconomica.com.br\/wp\/2020\/10\/27\/intencao-de-consumo-das-familias-sobe-09-em-outubro\/\" \/>\n<meta property=\"og:site_name\" content=\"Bahia Economica\" \/>\n<meta property=\"article:publisher\" content=\"https:\/\/www.facebook.com\/bahiaeconomica\" \/>\n<meta property=\"article:published_time\" content=\"2020-10-27T17:57:16+00:00\" \/>\n<meta property=\"article:modified_time\" content=\"2020-10-27T18:36:36+00:00\" \/>\n<meta property=\"og:image\" content=\"https:\/\/bahiaeconomica.com.br\/wp\/wp-content\/uploads\/2019\/09\/consumo-e1568918448341.jpg\" \/>\n\t<meta property=\"og:image:width\" content=\"500\" \/>\n\t<meta property=\"og:image:height\" content=\"333\" \/>\n\t<meta property=\"og:image:type\" content=\"image\/jpeg\" \/>\n<meta name=\"author\" content=\"admin\" \/>\n<meta name=\"twitter:card\" content=\"summary_large_image\" \/>\n<meta name=\"twitter:label1\" content=\"Escrito por\" \/>\n\t<meta name=\"twitter:data1\" content=\"admin\" \/>\n\t<meta name=\"twitter:label2\" content=\"Est. tempo de leitura\" \/>\n\t<meta name=\"twitter:data2\" content=\"1 minuto\" \/>\n<script type=\"application\/ld+json\" class=\"yoast-schema-graph\">{\"@context\":\"https:\/\/schema.org\",\"@graph\":[{\"@type\":\"Article\",\"@id\":\"https:\/\/bahiaeconomica.com.br\/wp\/2020\/10\/27\/intencao-de-consumo-das-familias-sobe-09-em-outubro\/#article\",\"isPartOf\":{\"@id\":\"https:\/\/bahiaeconomica.com.br\/wp\/2020\/10\/27\/intencao-de-consumo-das-familias-sobe-09-em-outubro\/\"},\"author\":{\"name\":\"admin\",\"@id\":\"https:\/\/bahiaeconomica.com.br\/wp\/#\/schema\/person\/cb1ab5ba96ad3d9390805381c76284ec\"},\"headline\":\"INTEN\u00c7\u00c3O DE CONSUMO DAS FAM\u00cdLIAS SOBE 0,9% EM OUTUBRO\",\"datePublished\":\"2020-10-27T17:57:16+00:00\",\"dateModified\":\"2020-10-27T18:36:36+00:00\",\"mainEntityOfPage\":{\"@id\":\"https:\/\/bahiaeconomica.com.br\/wp\/2020\/10\/27\/intencao-de-consumo-das-familias-sobe-09-em-outubro\/\"},\"wordCount\":196,\"publisher\":{\"@id\":\"https:\/\/bahiaeconomica.com.br\/wp\/#organization\"},\"articleSection\":[\"DESTAQUE DO DIA\",\"ECONOMIA \/ POL\u00cdTICA\"],\"inLanguage\":\"pt-BR\"},{\"@type\":\"WebPage\",\"@id\":\"https:\/\/bahiaeconomica.com.br\/wp\/2020\/10\/27\/intencao-de-consumo-das-familias-sobe-09-em-outubro\/\",\"url\":\"https:\/\/bahiaeconomica.com.br\/wp\/2020\/10\/27\/intencao-de-consumo-das-familias-sobe-09-em-outubro\/\",\"name\":\"INTEN\u00c7\u00c3O DE CONSUMO DAS FAM\u00cdLIAS SOBE 0,9% EM OUTUBRO - Bahia Economica\",\"isPartOf\":{\"@id\":\"https:\/\/bahiaeconomica.com.br\/wp\/#website\"},\"datePublished\":\"2020-10-27T17:57:16+00:00\",\"dateModified\":\"2020-10-27T18:36:36+00:00\",\"description\":\"O maior portal de Economia da Bahia DESTAQUE DO DIA, ECONOMIA \/ POL\u00cdTICA Bahia Economica\",\"breadcrumb\":{\"@id\":\"https:\/\/bahiaeconomica.com.br\/wp\/2020\/10\/27\/intencao-de-consumo-das-familias-sobe-09-em-outubro\/#breadcrumb\"},\"inLanguage\":\"pt-BR\",\"potentialAction\":[{\"@type\":\"ReadAction\",\"target\":[\"https:\/\/bahiaeconomica.com.br\/wp\/2020\/10\/27\/intencao-de-consumo-das-familias-sobe-09-em-outubro\/\"]}]},{\"@type\":\"BreadcrumbList\",\"@id\":\"https:\/\/bahiaeconomica.com.br\/wp\/2020\/10\/27\/intencao-de-consumo-das-familias-sobe-09-em-outubro\/#breadcrumb\",\"itemListElement\":[{\"@type\":\"ListItem\",\"position\":1,\"name\":\"In\u00edcio\",\"item\":\"https:\/\/bahiaeconomica.com.br\/wp\/\"},{\"@type\":\"ListItem\",\"position\":2,\"name\":\"INTEN\u00c7\u00c3O DE CONSUMO DAS FAM\u00cdLIAS SOBE 0,9% EM OUTUBRO\"}]},{\"@type\":\"WebSite\",\"@id\":\"https:\/\/bahiaeconomica.com.br\/wp\/#website\",\"url\":\"https:\/\/bahiaeconomica.com.br\/wp\/\",\"name\":\"Bahia Economica\",\"description\":\"O maior portal de Economia da Bahia\",\"publisher\":{\"@id\":\"https:\/\/bahiaeconomica.com.br\/wp\/#organization\"},\"potentialAction\":[{\"@type\":\"SearchAction\",\"target\":{\"@type\":\"EntryPoint\",\"urlTemplate\":\"https:\/\/bahiaeconomica.com.br\/wp\/?s={search_term_string}\"},\"query-input\":\"required name=search_term_string\"}],\"inLanguage\":\"pt-BR\"},{\"@type\":\"Organization\",\"@id\":\"https:\/\/bahiaeconomica.com.br\/wp\/#organization\",\"name\":\"Bahia Econ\u00f4mica\",\"url\":\"https:\/\/bahiaeconomica.com.br\/wp\/\",\"logo\":{\"@type\":\"ImageObject\",\"inLanguage\":\"pt-BR\",\"@id\":\"https:\/\/bahiaeconomica.com.br\/wp\/#\/schema\/logo\/image\/\",\"url\":\"https:\/\/bahiaeconomica.com.br\/wp\/wp-content\/uploads\/2020\/12\/cropped-BE.png\",\"contentUrl\":\"https:\/\/bahiaeconomica.com.br\/wp\/wp-content\/uploads\/2020\/12\/cropped-BE.png\",\"width\":512,\"height\":512,\"caption\":\"Bahia Econ\u00f4mica\"},\"image\":{\"@id\":\"https:\/\/bahiaeconomica.com.br\/wp\/#\/schema\/logo\/image\/\"},\"sameAs\":[\"https:\/\/www.facebook.com\/bahiaeconomica\"]},{\"@type\":\"Person\",\"@id\":\"https:\/\/bahiaeconomica.com.br\/wp\/#\/schema\/person\/cb1ab5ba96ad3d9390805381c76284ec\",\"name\":\"admin\",\"url\":\"https:\/\/bahiaeconomica.com.br\/wp\/author\/admin\/\"}]}<\/script>\n<!-- \/ Yoast SEO plugin. -->","yoast_head_json":{"title":"INTEN\u00c7\u00c3O DE CONSUMO DAS FAM\u00cdLIAS SOBE 0,9% EM OUTUBRO - Bahia Economica","description":"O maior portal de Economia da Bahia DESTAQUE DO DIA, ECONOMIA \/ POL\u00cdTICA Bahia Economica","robots":{"index":"index","follow":"follow","max-snippet":"max-snippet:-1","max-image-preview":"max-image-preview:large","max-video-preview":"max-video-preview:-1"},"canonical":"https:\/\/bahiaeconomica.com.br\/wp\/2020\/10\/27\/intencao-de-consumo-das-familias-sobe-09-em-outubro\/","og_locale":"pt_BR","og_type":"article","og_title":"INTEN\u00c7\u00c3O DE CONSUMO DAS FAM\u00cdLIAS SOBE 0,9% EM OUTUBRO - Bahia Economica","og_description":"O maior portal de Economia da Bahia DESTAQUE DO DIA, ECONOMIA \/ POL\u00cdTICA Bahia Economica","og_url":"https:\/\/bahiaeconomica.com.br\/wp\/2020\/10\/27\/intencao-de-consumo-das-familias-sobe-09-em-outubro\/","og_site_name":"Bahia Economica","article_publisher":"https:\/\/www.facebook.com\/bahiaeconomica","article_published_time":"2020-10-27T17:57:16+00:00","article_modified_time":"2020-10-27T18:36:36+00:00","og_image":[{"width":500,"height":333,"url":"https:\/\/bahiaeconomica.com.br\/wp\/wp-content\/uploads\/2019\/09\/consumo-e1568918448341.jpg","type":"image\/jpeg"}],"author":"admin","twitter_card":"summary_large_image","twitter_misc":{"Escrito por":"admin","Est. tempo de leitura":"1 minuto"},"schema":{"@context":"https:\/\/schema.org","@graph":[{"@type":"Article","@id":"https:\/\/bahiaeconomica.com.br\/wp\/2020\/10\/27\/intencao-de-consumo-das-familias-sobe-09-em-outubro\/#article","isPartOf":{"@id":"https:\/\/bahiaeconomica.com.br\/wp\/2020\/10\/27\/intencao-de-consumo-das-familias-sobe-09-em-outubro\/"},"author":{"name":"admin","@id":"https:\/\/bahiaeconomica.com.br\/wp\/#\/schema\/person\/cb1ab5ba96ad3d9390805381c76284ec"},"headline":"INTEN\u00c7\u00c3O DE CONSUMO DAS FAM\u00cdLIAS SOBE 0,9% EM OUTUBRO","datePublished":"2020-10-27T17:57:16+00:00","dateModified":"2020-10-27T18:36:36+00:00","mainEntityOfPage":{"@id":"https:\/\/bahiaeconomica.com.br\/wp\/2020\/10\/27\/intencao-de-consumo-das-familias-sobe-09-em-outubro\/"},"wordCount":196,"publisher":{"@id":"https:\/\/bahiaeconomica.com.br\/wp\/#organization"},"articleSection":["DESTAQUE DO DIA","ECONOMIA \/ POL\u00cdTICA"],"inLanguage":"pt-BR"},{"@type":"WebPage","@id":"https:\/\/bahiaeconomica.com.br\/wp\/2020\/10\/27\/intencao-de-consumo-das-familias-sobe-09-em-outubro\/","url":"https:\/\/bahiaeconomica.com.br\/wp\/2020\/10\/27\/intencao-de-consumo-das-familias-sobe-09-em-outubro\/","name":"INTEN\u00c7\u00c3O DE CONSUMO DAS FAM\u00cdLIAS SOBE 0,9% EM OUTUBRO - Bahia Economica","isPartOf":{"@id":"https:\/\/bahiaeconomica.com.br\/wp\/#website"},"datePublished":"2020-10-27T17:57:16+00:00","dateModified":"2020-10-27T18:36:36+00:00","description":"O maior portal de Economia da Bahia DESTAQUE DO DIA, ECONOMIA \/ POL\u00cdTICA Bahia Economica","breadcrumb":{"@id":"https:\/\/bahiaeconomica.com.br\/wp\/2020\/10\/27\/intencao-de-consumo-das-familias-sobe-09-em-outubro\/#breadcrumb"},"inLanguage":"pt-BR","potentialAction":[{"@type":"ReadAction","target":["https:\/\/bahiaeconomica.com.br\/wp\/2020\/10\/27\/intencao-de-consumo-das-familias-sobe-09-em-outubro\/"]}]},{"@type":"BreadcrumbList","@id":"https:\/\/bahiaeconomica.com.br\/wp\/2020\/10\/27\/intencao-de-consumo-das-familias-sobe-09-em-outubro\/#breadcrumb","itemListElement":[{"@type":"ListItem","position":1,"name":"In\u00edcio","item":"https:\/\/bahiaeconomica.com.br\/wp\/"},{"@type":"ListItem","position":2,"name":"INTEN\u00c7\u00c3O DE CONSUMO DAS FAM\u00cdLIAS SOBE 0,9% EM OUTUBRO"}]},{"@type":"WebSite","@id":"https:\/\/bahiaeconomica.com.br\/wp\/#website","url":"https:\/\/bahiaeconomica.com.br\/wp\/","name":"Bahia Economica","description":"O maior portal de Economia da Bahia","publisher":{"@id":"https:\/\/bahiaeconomica.com.br\/wp\/#organization"},"potentialAction":[{"@type":"SearchAction","target":{"@type":"EntryPoint","urlTemplate":"https:\/\/bahiaeconomica.com.br\/wp\/?s={search_term_string}"},"query-input":"required name=search_term_string"}],"inLanguage":"pt-BR"},{"@type":"Organization","@id":"https:\/\/bahiaeconomica.com.br\/wp\/#organization","name":"Bahia Econ\u00f4mica","url":"https:\/\/bahiaeconomica.com.br\/wp\/","logo":{"@type":"ImageObject","inLanguage":"pt-BR","@id":"https:\/\/bahiaeconomica.com.br\/wp\/#\/schema\/logo\/image\/","url":"https:\/\/bahiaeconomica.com.br\/wp\/wp-content\/uploads\/2020\/12\/cropped-BE.png","contentUrl":"https:\/\/bahiaeconomica.com.br\/wp\/wp-content\/uploads\/2020\/12\/cropped-BE.png","width":512,"height":512,"caption":"Bahia Econ\u00f4mica"},"image":{"@id":"https:\/\/bahiaeconomica.com.br\/wp\/#\/schema\/logo\/image\/"},"sameAs":["https:\/\/www.facebook.com\/bahiaeconomica"]},{"@type":"Person","@id":"https:\/\/bahiaeconomica.com.br\/wp\/#\/schema\/person\/cb1ab5ba96ad3d9390805381c76284ec","name":"admin","url":"https:\/\/bahiaeconomica.com.br\/wp\/author\/admin\/"}]}},"views":2,"_links":{"self":[{"href":"https:\/\/bahiaeconomica.com.br\/wp\/wp-json\/wp\/v2\/posts\/504479"}],"collection":[{"href":"https:\/\/bahiaeconomica.com.br\/wp\/wp-json\/wp\/v2\/posts"}],"about":[{"href":"https:\/\/bahiaeconomica.com.br\/wp\/wp-json\/wp\/v2\/types\/post"}],"author":[{"embeddable":true,"href":"https:\/\/bahiaeconomica.com.br\/wp\/wp-json\/wp\/v2\/users\/1"}],"replies":[{"embeddable":true,"href":"https:\/\/bahiaeconomica.com.br\/wp\/wp-json\/wp\/v2\/comments?post=504479"}],"version-history":[{"count":1,"href":"https:\/\/bahiaeconomica.com.br\/wp\/wp-json\/wp\/v2\/posts\/504479\/revisions"}],"predecessor-version":[{"id":504483,"href":"https:\/\/bahiaeconomica.com.br\/wp\/wp-json\/wp\/v2\/posts\/504479\/revisions\/504483"}],"wp:featuredmedia":[{"embeddable":true,"href":"https:\/\/bahiaeconomica.com.br\/wp\/wp-json\/wp\/v2\/media\/398713"}],"wp:attachment":[{"href":"https:\/\/bahiaeconomica.com.br\/wp\/wp-json\/wp\/v2\/media?parent=504479"}],"wp:term":[{"taxonomy":"category","embeddable":true,"href":"https:\/\/bahiaeconomica.com.br\/wp\/wp-json\/wp\/v2\/categories?post=504479"},{"taxonomy":"post_tag","embeddable":true,"href":"https:\/\/bahiaeconomica.com.br\/wp\/wp-json\/wp\/v2\/tags?post=504479"}],"curies":[{"name":"wp","href":"https:\/\/api.w.org\/{rel}","templated":true}]}}