{"id":501302,"date":"2020-10-16T09:38:28","date_gmt":"2020-10-16T12:38:28","guid":{"rendered":"https:\/\/bahiaeconomica.com.br\/wp\/beta\/?p=501302"},"modified":"2020-10-16T09:38:28","modified_gmt":"2020-10-16T12:38:28","slug":"secretario-de-feira-antonio-carlos-borges-lanca-livro-sobre-gestao-na-regiao-metropolitana","status":"publish","type":"post","link":"https:\/\/bahiaeconomica.com.br\/wp\/2020\/10\/16\/secretario-de-feira-antonio-carlos-borges-lanca-livro-sobre-gestao-na-regiao-metropolitana\/","title":{"rendered":"SECRET\u00c1RIO DE FEIRA, ANT\u00d4NIO CARLOS BORGES LAN\u00c7A LIVRO SOBRE GEST\u00c3O NA REGI\u00c3O METROPOLITANA"},"content":{"rendered":"<p style=\"text-align: justify;\">O secret\u00e1rio municipal de Trabalho, Turismo e Desenvolvimento Econ\u00f4mico de Feira de Santana, Antonio Carlos Borges J\u00fanior, que \u00e9 especialista em planejamento, est\u00e1 lan\u00e7ando o livro \u00a0&#8220;Regi\u00e3o Metropolitana de Feira de Santana: Uma Proposta de Gest\u00e3o&#8221;.<\/p>\n<p style=\"text-align: justify;\">Resultado de sua disserta\u00e7\u00e3o de Mestrado em Planejamento Territorial na Universidade Estadual de Feira de Santana (Uefs), o trabalho foi \u00a0publicado pelo Instituto Hist\u00f3rico de Feira de Santana.<\/p>\n<p style=\"text-align: justify;\">O livro teve apresenta\u00e7\u00e3o do prefeito Colbert Martins que afirma que Borges J\u00fanior proporciona um olhar sobre a Regi\u00e3o Metropolitana de Feira de Santana, procurando &#8220;mostrar as v\u00e1rias faces do desenvolvimento, que pode e deve acontecer de forma a integrar todas as cidades e pessoas e distribuir seus benef\u00edcios o mais igualmente poss\u00edvel.&#8221;<\/p>\n<p style=\"text-align: justify;\">Diz ainda que ele &#8220;traz esta contribui\u00e7\u00e3o de grande valor para o desenvolvimento da nossa Regi\u00e3o Metropolitana de Feira de Santana.&#8221; A publica\u00e7\u00e3o est\u00e1 dispon\u00edvel no Espa\u00e7o Liter\u00e1rio do Mercado de Arte Popular (MAP) ao curso de R$ 30,00.<\/p>\n","protected":false},"excerpt":{"rendered":"<p>O secret\u00e1rio municipal de Trabalho, Turismo e Desenvolvimento Econ\u00f4mico de Feira de Santana, Antonio Carlos Borges J\u00fanior, que \u00e9 especialista em planejamento, est\u00e1 lan\u00e7ando o livro \u00a0&#8220;Regi\u00e3o Metropolitana de Feira de Santana: Uma Proposta de Gest\u00e3o&#8221;. Resultado de sua disserta\u00e7\u00e3o de Mestrado em Planejamento Territorial na Universidade Estadual de Feira de Santana (Uefs), o trabalho [&hellip;]<\/p>\n","protected":false},"author":1,"featured_media":501304,"comment_status":"closed","ping_status":"closed","sticky":false,"template":"","format":"standard","meta":[],"categories":[5],"tags":[],"acf":[],"yoast_head":"<!-- This site is optimized with the Yoast SEO plugin v20.8 - https:\/\/yoast.com\/wordpress\/plugins\/seo\/ -->\n<title>SECRET\u00c1RIO DE FEIRA, ANT\u00d4NIO CARLOS BORGES LAN\u00c7A LIVRO SOBRE GEST\u00c3O NA REGI\u00c3O METROPOLITANA - Bahia Economica<\/title>\n<meta name=\"description\" content=\"O maior portal de Economia da Bahia MUNIC\u00cdPIOS Bahia Economica\" \/>\n<meta name=\"robots\" content=\"index, follow, max-snippet:-1, max-image-preview:large, max-video-preview:-1\" \/>\n<link rel=\"canonical\" href=\"https:\/\/bahiaeconomica.com.br\/wp\/2020\/10\/16\/secretario-de-feira-antonio-carlos-borges-lanca-livro-sobre-gestao-na-regiao-metropolitana\/\" \/>\n<meta property=\"og:locale\" content=\"pt_BR\" \/>\n<meta property=\"og:type\" content=\"article\" \/>\n<meta property=\"og:title\" content=\"SECRET\u00c1RIO DE FEIRA, ANT\u00d4NIO CARLOS BORGES LAN\u00c7A LIVRO SOBRE GEST\u00c3O NA REGI\u00c3O METROPOLITANA - Bahia Economica\" \/>\n<meta property=\"og:description\" content=\"O maior portal de Economia da Bahia MUNIC\u00cdPIOS Bahia Economica\" \/>\n<meta property=\"og:url\" content=\"https:\/\/bahiaeconomica.com.br\/wp\/2020\/10\/16\/secretario-de-feira-antonio-carlos-borges-lanca-livro-sobre-gestao-na-regiao-metropolitana\/\" \/>\n<meta property=\"og:site_name\" content=\"Bahia Economica\" \/>\n<meta property=\"article:publisher\" content=\"https:\/\/www.facebook.com\/bahiaeconomica\" \/>\n<meta property=\"article:published_time\" content=\"2020-10-16T12:38:28+00:00\" \/>\n<meta property=\"og:image\" content=\"https:\/\/bahiaeconomica.com.br\/wp\/wp-content\/uploads\/2020\/10\/WhatsApp-Image-2020-10-15-at-20.24.29.jpeg\" \/>\n\t<meta property=\"og:image:width\" content=\"412\" \/>\n\t<meta property=\"og:image:height\" content=\"372\" \/>\n\t<meta property=\"og:image:type\" content=\"image\/jpeg\" \/>\n<meta name=\"author\" content=\"admin\" \/>\n<meta name=\"twitter:card\" content=\"summary_large_image\" \/>\n<meta name=\"twitter:label1\" content=\"Escrito por\" \/>\n\t<meta name=\"twitter:data1\" content=\"admin\" \/>\n\t<meta name=\"twitter:label2\" content=\"Est. tempo de leitura\" \/>\n\t<meta name=\"twitter:data2\" content=\"1 minuto\" \/>\n<script type=\"application\/ld+json\" class=\"yoast-schema-graph\">{\"@context\":\"https:\/\/schema.org\",\"@graph\":[{\"@type\":\"Article\",\"@id\":\"https:\/\/bahiaeconomica.com.br\/wp\/2020\/10\/16\/secretario-de-feira-antonio-carlos-borges-lanca-livro-sobre-gestao-na-regiao-metropolitana\/#article\",\"isPartOf\":{\"@id\":\"https:\/\/bahiaeconomica.com.br\/wp\/2020\/10\/16\/secretario-de-feira-antonio-carlos-borges-lanca-livro-sobre-gestao-na-regiao-metropolitana\/\"},\"author\":{\"name\":\"admin\",\"@id\":\"https:\/\/bahiaeconomica.com.br\/wp\/#\/schema\/person\/cb1ab5ba96ad3d9390805381c76284ec\"},\"headline\":\"SECRET\u00c1RIO DE FEIRA, ANT\u00d4NIO CARLOS BORGES LAN\u00c7A LIVRO SOBRE GEST\u00c3O NA REGI\u00c3O METROPOLITANA\",\"datePublished\":\"2020-10-16T12:38:28+00:00\",\"dateModified\":\"2020-10-16T12:38:28+00:00\",\"mainEntityOfPage\":{\"@id\":\"https:\/\/bahiaeconomica.com.br\/wp\/2020\/10\/16\/secretario-de-feira-antonio-carlos-borges-lanca-livro-sobre-gestao-na-regiao-metropolitana\/\"},\"wordCount\":192,\"publisher\":{\"@id\":\"https:\/\/bahiaeconomica.com.br\/wp\/#organization\"},\"articleSection\":[\"MUNIC\u00cdPIOS\"],\"inLanguage\":\"pt-BR\"},{\"@type\":\"WebPage\",\"@id\":\"https:\/\/bahiaeconomica.com.br\/wp\/2020\/10\/16\/secretario-de-feira-antonio-carlos-borges-lanca-livro-sobre-gestao-na-regiao-metropolitana\/\",\"url\":\"https:\/\/bahiaeconomica.com.br\/wp\/2020\/10\/16\/secretario-de-feira-antonio-carlos-borges-lanca-livro-sobre-gestao-na-regiao-metropolitana\/\",\"name\":\"SECRET\u00c1RIO DE FEIRA, ANT\u00d4NIO CARLOS BORGES LAN\u00c7A LIVRO SOBRE GEST\u00c3O NA REGI\u00c3O METROPOLITANA - Bahia Economica\",\"isPartOf\":{\"@id\":\"https:\/\/bahiaeconomica.com.br\/wp\/#website\"},\"datePublished\":\"2020-10-16T12:38:28+00:00\",\"dateModified\":\"2020-10-16T12:38:28+00:00\",\"description\":\"O maior portal de Economia da Bahia MUNIC\u00cdPIOS Bahia Economica\",\"breadcrumb\":{\"@id\":\"https:\/\/bahiaeconomica.com.br\/wp\/2020\/10\/16\/secretario-de-feira-antonio-carlos-borges-lanca-livro-sobre-gestao-na-regiao-metropolitana\/#breadcrumb\"},\"inLanguage\":\"pt-BR\",\"potentialAction\":[{\"@type\":\"ReadAction\",\"target\":[\"https:\/\/bahiaeconomica.com.br\/wp\/2020\/10\/16\/secretario-de-feira-antonio-carlos-borges-lanca-livro-sobre-gestao-na-regiao-metropolitana\/\"]}]},{\"@type\":\"BreadcrumbList\",\"@id\":\"https:\/\/bahiaeconomica.com.br\/wp\/2020\/10\/16\/secretario-de-feira-antonio-carlos-borges-lanca-livro-sobre-gestao-na-regiao-metropolitana\/#breadcrumb\",\"itemListElement\":[{\"@type\":\"ListItem\",\"position\":1,\"name\":\"In\u00edcio\",\"item\":\"https:\/\/bahiaeconomica.com.br\/wp\/\"},{\"@type\":\"ListItem\",\"position\":2,\"name\":\"SECRET\u00c1RIO DE FEIRA, ANT\u00d4NIO CARLOS BORGES LAN\u00c7A LIVRO SOBRE GEST\u00c3O NA REGI\u00c3O METROPOLITANA\"}]},{\"@type\":\"WebSite\",\"@id\":\"https:\/\/bahiaeconomica.com.br\/wp\/#website\",\"url\":\"https:\/\/bahiaeconomica.com.br\/wp\/\",\"name\":\"Bahia Economica\",\"description\":\"O maior portal de Economia da Bahia\",\"publisher\":{\"@id\":\"https:\/\/bahiaeconomica.com.br\/wp\/#organization\"},\"potentialAction\":[{\"@type\":\"SearchAction\",\"target\":{\"@type\":\"EntryPoint\",\"urlTemplate\":\"https:\/\/bahiaeconomica.com.br\/wp\/?s={search_term_string}\"},\"query-input\":\"required name=search_term_string\"}],\"inLanguage\":\"pt-BR\"},{\"@type\":\"Organization\",\"@id\":\"https:\/\/bahiaeconomica.com.br\/wp\/#organization\",\"name\":\"Bahia Econ\u00f4mica\",\"url\":\"https:\/\/bahiaeconomica.com.br\/wp\/\",\"logo\":{\"@type\":\"ImageObject\",\"inLanguage\":\"pt-BR\",\"@id\":\"https:\/\/bahiaeconomica.com.br\/wp\/#\/schema\/logo\/image\/\",\"url\":\"https:\/\/bahiaeconomica.com.br\/wp\/wp-content\/uploads\/2020\/12\/cropped-BE.png\",\"contentUrl\":\"https:\/\/bahiaeconomica.com.br\/wp\/wp-content\/uploads\/2020\/12\/cropped-BE.png\",\"width\":512,\"height\":512,\"caption\":\"Bahia Econ\u00f4mica\"},\"image\":{\"@id\":\"https:\/\/bahiaeconomica.com.br\/wp\/#\/schema\/logo\/image\/\"},\"sameAs\":[\"https:\/\/www.facebook.com\/bahiaeconomica\"]},{\"@type\":\"Person\",\"@id\":\"https:\/\/bahiaeconomica.com.br\/wp\/#\/schema\/person\/cb1ab5ba96ad3d9390805381c76284ec\",\"name\":\"admin\",\"url\":\"https:\/\/bahiaeconomica.com.br\/wp\/author\/admin\/\"}]}<\/script>\n<!-- \/ Yoast SEO plugin. -->","yoast_head_json":{"title":"SECRET\u00c1RIO DE FEIRA, ANT\u00d4NIO CARLOS BORGES LAN\u00c7A LIVRO SOBRE GEST\u00c3O NA REGI\u00c3O METROPOLITANA - Bahia Economica","description":"O maior portal de Economia da Bahia MUNIC\u00cdPIOS Bahia Economica","robots":{"index":"index","follow":"follow","max-snippet":"max-snippet:-1","max-image-preview":"max-image-preview:large","max-video-preview":"max-video-preview:-1"},"canonical":"https:\/\/bahiaeconomica.com.br\/wp\/2020\/10\/16\/secretario-de-feira-antonio-carlos-borges-lanca-livro-sobre-gestao-na-regiao-metropolitana\/","og_locale":"pt_BR","og_type":"article","og_title":"SECRET\u00c1RIO DE FEIRA, ANT\u00d4NIO CARLOS BORGES LAN\u00c7A LIVRO SOBRE GEST\u00c3O NA REGI\u00c3O METROPOLITANA - Bahia Economica","og_description":"O maior portal de Economia da Bahia MUNIC\u00cdPIOS Bahia Economica","og_url":"https:\/\/bahiaeconomica.com.br\/wp\/2020\/10\/16\/secretario-de-feira-antonio-carlos-borges-lanca-livro-sobre-gestao-na-regiao-metropolitana\/","og_site_name":"Bahia Economica","article_publisher":"https:\/\/www.facebook.com\/bahiaeconomica","article_published_time":"2020-10-16T12:38:28+00:00","og_image":[{"width":412,"height":372,"url":"https:\/\/bahiaeconomica.com.br\/wp\/wp-content\/uploads\/2020\/10\/WhatsApp-Image-2020-10-15-at-20.24.29.jpeg","type":"image\/jpeg"}],"author":"admin","twitter_card":"summary_large_image","twitter_misc":{"Escrito por":"admin","Est. tempo de leitura":"1 minuto"},"schema":{"@context":"https:\/\/schema.org","@graph":[{"@type":"Article","@id":"https:\/\/bahiaeconomica.com.br\/wp\/2020\/10\/16\/secretario-de-feira-antonio-carlos-borges-lanca-livro-sobre-gestao-na-regiao-metropolitana\/#article","isPartOf":{"@id":"https:\/\/bahiaeconomica.com.br\/wp\/2020\/10\/16\/secretario-de-feira-antonio-carlos-borges-lanca-livro-sobre-gestao-na-regiao-metropolitana\/"},"author":{"name":"admin","@id":"https:\/\/bahiaeconomica.com.br\/wp\/#\/schema\/person\/cb1ab5ba96ad3d9390805381c76284ec"},"headline":"SECRET\u00c1RIO DE FEIRA, ANT\u00d4NIO CARLOS BORGES LAN\u00c7A LIVRO SOBRE GEST\u00c3O NA REGI\u00c3O METROPOLITANA","datePublished":"2020-10-16T12:38:28+00:00","dateModified":"2020-10-16T12:38:28+00:00","mainEntityOfPage":{"@id":"https:\/\/bahiaeconomica.com.br\/wp\/2020\/10\/16\/secretario-de-feira-antonio-carlos-borges-lanca-livro-sobre-gestao-na-regiao-metropolitana\/"},"wordCount":192,"publisher":{"@id":"https:\/\/bahiaeconomica.com.br\/wp\/#organization"},"articleSection":["MUNIC\u00cdPIOS"],"inLanguage":"pt-BR"},{"@type":"WebPage","@id":"https:\/\/bahiaeconomica.com.br\/wp\/2020\/10\/16\/secretario-de-feira-antonio-carlos-borges-lanca-livro-sobre-gestao-na-regiao-metropolitana\/","url":"https:\/\/bahiaeconomica.com.br\/wp\/2020\/10\/16\/secretario-de-feira-antonio-carlos-borges-lanca-livro-sobre-gestao-na-regiao-metropolitana\/","name":"SECRET\u00c1RIO DE FEIRA, ANT\u00d4NIO CARLOS BORGES LAN\u00c7A LIVRO SOBRE GEST\u00c3O NA REGI\u00c3O METROPOLITANA - Bahia Economica","isPartOf":{"@id":"https:\/\/bahiaeconomica.com.br\/wp\/#website"},"datePublished":"2020-10-16T12:38:28+00:00","dateModified":"2020-10-16T12:38:28+00:00","description":"O maior portal de Economia da Bahia MUNIC\u00cdPIOS Bahia Economica","breadcrumb":{"@id":"https:\/\/bahiaeconomica.com.br\/wp\/2020\/10\/16\/secretario-de-feira-antonio-carlos-borges-lanca-livro-sobre-gestao-na-regiao-metropolitana\/#breadcrumb"},"inLanguage":"pt-BR","potentialAction":[{"@type":"ReadAction","target":["https:\/\/bahiaeconomica.com.br\/wp\/2020\/10\/16\/secretario-de-feira-antonio-carlos-borges-lanca-livro-sobre-gestao-na-regiao-metropolitana\/"]}]},{"@type":"BreadcrumbList","@id":"https:\/\/bahiaeconomica.com.br\/wp\/2020\/10\/16\/secretario-de-feira-antonio-carlos-borges-lanca-livro-sobre-gestao-na-regiao-metropolitana\/#breadcrumb","itemListElement":[{"@type":"ListItem","position":1,"name":"In\u00edcio","item":"https:\/\/bahiaeconomica.com.br\/wp\/"},{"@type":"ListItem","position":2,"name":"SECRET\u00c1RIO DE FEIRA, ANT\u00d4NIO CARLOS BORGES LAN\u00c7A LIVRO SOBRE GEST\u00c3O NA REGI\u00c3O METROPOLITANA"}]},{"@type":"WebSite","@id":"https:\/\/bahiaeconomica.com.br\/wp\/#website","url":"https:\/\/bahiaeconomica.com.br\/wp\/","name":"Bahia Economica","description":"O maior portal de Economia da Bahia","publisher":{"@id":"https:\/\/bahiaeconomica.com.br\/wp\/#organization"},"potentialAction":[{"@type":"SearchAction","target":{"@type":"EntryPoint","urlTemplate":"https:\/\/bahiaeconomica.com.br\/wp\/?s={search_term_string}"},"query-input":"required name=search_term_string"}],"inLanguage":"pt-BR"},{"@type":"Organization","@id":"https:\/\/bahiaeconomica.com.br\/wp\/#organization","name":"Bahia Econ\u00f4mica","url":"https:\/\/bahiaeconomica.com.br\/wp\/","logo":{"@type":"ImageObject","inLanguage":"pt-BR","@id":"https:\/\/bahiaeconomica.com.br\/wp\/#\/schema\/logo\/image\/","url":"https:\/\/bahiaeconomica.com.br\/wp\/wp-content\/uploads\/2020\/12\/cropped-BE.png","contentUrl":"https:\/\/bahiaeconomica.com.br\/wp\/wp-content\/uploads\/2020\/12\/cropped-BE.png","width":512,"height":512,"caption":"Bahia Econ\u00f4mica"},"image":{"@id":"https:\/\/bahiaeconomica.com.br\/wp\/#\/schema\/logo\/image\/"},"sameAs":["https:\/\/www.facebook.com\/bahiaeconomica"]},{"@type":"Person","@id":"https:\/\/bahiaeconomica.com.br\/wp\/#\/schema\/person\/cb1ab5ba96ad3d9390805381c76284ec","name":"admin","url":"https:\/\/bahiaeconomica.com.br\/wp\/author\/admin\/"}]}},"views":41,"_links":{"self":[{"href":"https:\/\/bahiaeconomica.com.br\/wp\/wp-json\/wp\/v2\/posts\/501302"}],"collection":[{"href":"https:\/\/bahiaeconomica.com.br\/wp\/wp-json\/wp\/v2\/posts"}],"about":[{"href":"https:\/\/bahiaeconomica.com.br\/wp\/wp-json\/wp\/v2\/types\/post"}],"author":[{"embeddable":true,"href":"https:\/\/bahiaeconomica.com.br\/wp\/wp-json\/wp\/v2\/users\/1"}],"replies":[{"embeddable":true,"href":"https:\/\/bahiaeconomica.com.br\/wp\/wp-json\/wp\/v2\/comments?post=501302"}],"version-history":[{"count":1,"href":"https:\/\/bahiaeconomica.com.br\/wp\/wp-json\/wp\/v2\/posts\/501302\/revisions"}],"predecessor-version":[{"id":501305,"href":"https:\/\/bahiaeconomica.com.br\/wp\/wp-json\/wp\/v2\/posts\/501302\/revisions\/501305"}],"wp:featuredmedia":[{"embeddable":true,"href":"https:\/\/bahiaeconomica.com.br\/wp\/wp-json\/wp\/v2\/media\/501304"}],"wp:attachment":[{"href":"https:\/\/bahiaeconomica.com.br\/wp\/wp-json\/wp\/v2\/media?parent=501302"}],"wp:term":[{"taxonomy":"category","embeddable":true,"href":"https:\/\/bahiaeconomica.com.br\/wp\/wp-json\/wp\/v2\/categories?post=501302"},{"taxonomy":"post_tag","embeddable":true,"href":"https:\/\/bahiaeconomica.com.br\/wp\/wp-json\/wp\/v2\/tags?post=501302"}],"curies":[{"name":"wp","href":"https:\/\/api.w.org\/{rel}","templated":true}]}}