{"id":499770,"date":"2020-10-09T13:37:20","date_gmt":"2020-10-09T16:37:20","guid":{"rendered":"https:\/\/bahiaeconomica.com.br\/wp\/beta\/?p=499770"},"modified":"2020-10-09T13:37:20","modified_gmt":"2020-10-09T16:37:20","slug":"cerca-de-5-milhoes-de-pessoas-interromperam","status":"publish","type":"post","link":"https:\/\/bahiaeconomica.com.br\/wp\/2020\/10\/09\/cerca-de-5-milhoes-de-pessoas-interromperam\/","title":{"rendered":"CERCA DE 5 MILH\u00d5ES DE PESSOAS INTERROMPERAM"},"content":{"rendered":"<p>O n\u00famero de pessoas rigorosamente isoladas para conten\u00e7\u00e3o da pandemia da covid-19 caiu em 1,6 milh\u00e3o entre a segunda e a terceira semana de setembro, totalizando 33,8 milh\u00f5es<!--more-->. Cerca de 5,1 milh\u00f5es de pessoas interromperam as medidas mais r\u00edgidas de isolamento nas tr\u00eas primeiras semanas de setembro. Os dados constam da edi\u00e7\u00e3o semanal da Pesquisa Nacional por Amostra de Domic\u00edlios (Pnad) Covid-19, divulgada nesta sexta-feira (9) pelo Instituto Brasileiro de Geografia e Estat\u00edstica (IBGE).<\/p>\n<p>O grupo das pessoas que reduziu o contato, mas continuou saindo ou recebendo visitas, aumentou em 2,4 milh\u00f5es na terceira semana de setembro. Segundo o IBGE, pela primeira vez, desde junho, quando esse tema come\u00e7ou a ser abordado pela pesquisa, esse \u00e9 o maior grupo entre os pesquisados, representando 40,5% da popula\u00e7\u00e3o brasileira. As pessoas que adotaram esse comportamento mais flex\u00edvel, agora, somam 85,7 milh\u00f5es.<\/p>\n<p>Segundo o IBGE, anteriormente o maior grupo entre a popula\u00e7\u00e3o era formado por pessoas que ficavam em casa e s\u00f3 sa\u00edam por necessidade b\u00e1sica, que, na semana de 13 a 19 de setembro representavam 39,9% dos brasileiros. Essa parcela da popula\u00e7\u00e3o \u00e9 formada por 84,4 milh\u00f5es de pessoas, ficando est\u00e1vel em rela\u00e7\u00e3o \u00e0 semana anterior.<\/p>\n<p>Outro grupo que permaneceu est\u00e1vel foi o formado por aqueles que n\u00e3o adotaram qualquer medida de restri\u00e7\u00e3o, somando 6,5 milh\u00f5es de pessoas, ou 3,1% da popula\u00e7\u00e3o.<\/p>\n<p>&nbsp;<\/p>\n<p>&nbsp;<\/p>\n<p>Foto: Hugo Barreto\/Metr\u00f3poles<\/p>\n","protected":false},"excerpt":{"rendered":"<p>O n\u00famero de pessoas rigorosamente isoladas para conten\u00e7\u00e3o da pandemia da covid-19 caiu em 1,6 milh\u00e3o entre a segunda e a terceira semana de setembro, totalizando 33,8 milh\u00f5es<\/p>\n","protected":false},"author":1,"featured_media":480830,"comment_status":"closed","ping_status":"closed","sticky":false,"template":"","format":"standard","meta":[],"categories":[3],"tags":[],"acf":[],"yoast_head":"<!-- This site is optimized with the Yoast SEO plugin v20.8 - https:\/\/yoast.com\/wordpress\/plugins\/seo\/ -->\n<title>CERCA DE 5 MILH\u00d5ES DE PESSOAS INTERROMPERAM - Bahia Economica<\/title>\n<meta name=\"description\" content=\"O maior portal de Economia da Bahia ECONOMIA \/ POL\u00cdTICA Bahia Economica\" \/>\n<meta name=\"robots\" content=\"index, follow, max-snippet:-1, max-image-preview:large, max-video-preview:-1\" \/>\n<link rel=\"canonical\" href=\"https:\/\/bahiaeconomica.com.br\/wp\/2020\/10\/09\/cerca-de-5-milhoes-de-pessoas-interromperam\/\" \/>\n<meta property=\"og:locale\" content=\"pt_BR\" \/>\n<meta property=\"og:type\" content=\"article\" \/>\n<meta property=\"og:title\" content=\"CERCA DE 5 MILH\u00d5ES DE PESSOAS INTERROMPERAM - Bahia Economica\" \/>\n<meta property=\"og:description\" content=\"O maior portal de Economia da Bahia ECONOMIA \/ POL\u00cdTICA Bahia Economica\" \/>\n<meta property=\"og:url\" content=\"https:\/\/bahiaeconomica.com.br\/wp\/2020\/10\/09\/cerca-de-5-milhoes-de-pessoas-interromperam\/\" \/>\n<meta property=\"og:site_name\" content=\"Bahia Economica\" \/>\n<meta property=\"article:publisher\" content=\"https:\/\/www.facebook.com\/bahiaeconomica\" \/>\n<meta property=\"article:published_time\" content=\"2020-10-09T16:37:20+00:00\" \/>\n<meta property=\"og:image\" content=\"https:\/\/bahiaeconomica.com.br\/wp\/wp-content\/uploads\/2020\/07\/Aglomera\u00e7\u00f5es-ganham-ruas-de-Ceil\u00e2ndia-mesmo-com-risco-de-coronav\u00edrus-11-1.jpg\" \/>\n\t<meta property=\"og:image:width\" content=\"500\" \/>\n\t<meta property=\"og:image:height\" content=\"300\" \/>\n\t<meta property=\"og:image:type\" content=\"image\/jpeg\" \/>\n<meta name=\"author\" content=\"admin\" \/>\n<meta name=\"twitter:card\" content=\"summary_large_image\" \/>\n<meta name=\"twitter:label1\" content=\"Escrito por\" \/>\n\t<meta name=\"twitter:data1\" content=\"admin\" \/>\n\t<meta name=\"twitter:label2\" content=\"Est. tempo de leitura\" \/>\n\t<meta name=\"twitter:data2\" content=\"1 minuto\" \/>\n<script type=\"application\/ld+json\" class=\"yoast-schema-graph\">{\"@context\":\"https:\/\/schema.org\",\"@graph\":[{\"@type\":\"Article\",\"@id\":\"https:\/\/bahiaeconomica.com.br\/wp\/2020\/10\/09\/cerca-de-5-milhoes-de-pessoas-interromperam\/#article\",\"isPartOf\":{\"@id\":\"https:\/\/bahiaeconomica.com.br\/wp\/2020\/10\/09\/cerca-de-5-milhoes-de-pessoas-interromperam\/\"},\"author\":{\"name\":\"admin\",\"@id\":\"https:\/\/bahiaeconomica.com.br\/wp\/#\/schema\/person\/cb1ab5ba96ad3d9390805381c76284ec\"},\"headline\":\"CERCA DE 5 MILH\u00d5ES DE PESSOAS INTERROMPERAM\",\"datePublished\":\"2020-10-09T16:37:20+00:00\",\"dateModified\":\"2020-10-09T16:37:20+00:00\",\"mainEntityOfPage\":{\"@id\":\"https:\/\/bahiaeconomica.com.br\/wp\/2020\/10\/09\/cerca-de-5-milhoes-de-pessoas-interromperam\/\"},\"wordCount\":245,\"publisher\":{\"@id\":\"https:\/\/bahiaeconomica.com.br\/wp\/#organization\"},\"articleSection\":[\"ECONOMIA \/ POL\u00cdTICA\"],\"inLanguage\":\"pt-BR\"},{\"@type\":\"WebPage\",\"@id\":\"https:\/\/bahiaeconomica.com.br\/wp\/2020\/10\/09\/cerca-de-5-milhoes-de-pessoas-interromperam\/\",\"url\":\"https:\/\/bahiaeconomica.com.br\/wp\/2020\/10\/09\/cerca-de-5-milhoes-de-pessoas-interromperam\/\",\"name\":\"CERCA DE 5 MILH\u00d5ES DE PESSOAS INTERROMPERAM - Bahia Economica\",\"isPartOf\":{\"@id\":\"https:\/\/bahiaeconomica.com.br\/wp\/#website\"},\"datePublished\":\"2020-10-09T16:37:20+00:00\",\"dateModified\":\"2020-10-09T16:37:20+00:00\",\"description\":\"O maior portal de Economia da Bahia ECONOMIA \/ POL\u00cdTICA Bahia Economica\",\"breadcrumb\":{\"@id\":\"https:\/\/bahiaeconomica.com.br\/wp\/2020\/10\/09\/cerca-de-5-milhoes-de-pessoas-interromperam\/#breadcrumb\"},\"inLanguage\":\"pt-BR\",\"potentialAction\":[{\"@type\":\"ReadAction\",\"target\":[\"https:\/\/bahiaeconomica.com.br\/wp\/2020\/10\/09\/cerca-de-5-milhoes-de-pessoas-interromperam\/\"]}]},{\"@type\":\"BreadcrumbList\",\"@id\":\"https:\/\/bahiaeconomica.com.br\/wp\/2020\/10\/09\/cerca-de-5-milhoes-de-pessoas-interromperam\/#breadcrumb\",\"itemListElement\":[{\"@type\":\"ListItem\",\"position\":1,\"name\":\"In\u00edcio\",\"item\":\"https:\/\/bahiaeconomica.com.br\/wp\/\"},{\"@type\":\"ListItem\",\"position\":2,\"name\":\"CERCA DE 5 MILH\u00d5ES DE PESSOAS INTERROMPERAM\"}]},{\"@type\":\"WebSite\",\"@id\":\"https:\/\/bahiaeconomica.com.br\/wp\/#website\",\"url\":\"https:\/\/bahiaeconomica.com.br\/wp\/\",\"name\":\"Bahia Economica\",\"description\":\"O maior portal de Economia da Bahia\",\"publisher\":{\"@id\":\"https:\/\/bahiaeconomica.com.br\/wp\/#organization\"},\"potentialAction\":[{\"@type\":\"SearchAction\",\"target\":{\"@type\":\"EntryPoint\",\"urlTemplate\":\"https:\/\/bahiaeconomica.com.br\/wp\/?s={search_term_string}\"},\"query-input\":\"required name=search_term_string\"}],\"inLanguage\":\"pt-BR\"},{\"@type\":\"Organization\",\"@id\":\"https:\/\/bahiaeconomica.com.br\/wp\/#organization\",\"name\":\"Bahia Econ\u00f4mica\",\"url\":\"https:\/\/bahiaeconomica.com.br\/wp\/\",\"logo\":{\"@type\":\"ImageObject\",\"inLanguage\":\"pt-BR\",\"@id\":\"https:\/\/bahiaeconomica.com.br\/wp\/#\/schema\/logo\/image\/\",\"url\":\"https:\/\/bahiaeconomica.com.br\/wp\/wp-content\/uploads\/2020\/12\/cropped-BE.png\",\"contentUrl\":\"https:\/\/bahiaeconomica.com.br\/wp\/wp-content\/uploads\/2020\/12\/cropped-BE.png\",\"width\":512,\"height\":512,\"caption\":\"Bahia Econ\u00f4mica\"},\"image\":{\"@id\":\"https:\/\/bahiaeconomica.com.br\/wp\/#\/schema\/logo\/image\/\"},\"sameAs\":[\"https:\/\/www.facebook.com\/bahiaeconomica\"]},{\"@type\":\"Person\",\"@id\":\"https:\/\/bahiaeconomica.com.br\/wp\/#\/schema\/person\/cb1ab5ba96ad3d9390805381c76284ec\",\"name\":\"admin\",\"url\":\"https:\/\/bahiaeconomica.com.br\/wp\/author\/admin\/\"}]}<\/script>\n<!-- \/ Yoast SEO plugin. -->","yoast_head_json":{"title":"CERCA DE 5 MILH\u00d5ES DE PESSOAS INTERROMPERAM - Bahia Economica","description":"O maior portal de Economia da Bahia ECONOMIA \/ POL\u00cdTICA Bahia Economica","robots":{"index":"index","follow":"follow","max-snippet":"max-snippet:-1","max-image-preview":"max-image-preview:large","max-video-preview":"max-video-preview:-1"},"canonical":"https:\/\/bahiaeconomica.com.br\/wp\/2020\/10\/09\/cerca-de-5-milhoes-de-pessoas-interromperam\/","og_locale":"pt_BR","og_type":"article","og_title":"CERCA DE 5 MILH\u00d5ES DE PESSOAS INTERROMPERAM - Bahia Economica","og_description":"O maior portal de Economia da Bahia ECONOMIA \/ POL\u00cdTICA Bahia Economica","og_url":"https:\/\/bahiaeconomica.com.br\/wp\/2020\/10\/09\/cerca-de-5-milhoes-de-pessoas-interromperam\/","og_site_name":"Bahia Economica","article_publisher":"https:\/\/www.facebook.com\/bahiaeconomica","article_published_time":"2020-10-09T16:37:20+00:00","og_image":[{"width":500,"height":300,"url":"https:\/\/bahiaeconomica.com.br\/wp\/wp-content\/uploads\/2020\/07\/Aglomera\u00e7\u00f5es-ganham-ruas-de-Ceil\u00e2ndia-mesmo-com-risco-de-coronav\u00edrus-11-1.jpg","type":"image\/jpeg"}],"author":"admin","twitter_card":"summary_large_image","twitter_misc":{"Escrito por":"admin","Est. tempo de leitura":"1 minuto"},"schema":{"@context":"https:\/\/schema.org","@graph":[{"@type":"Article","@id":"https:\/\/bahiaeconomica.com.br\/wp\/2020\/10\/09\/cerca-de-5-milhoes-de-pessoas-interromperam\/#article","isPartOf":{"@id":"https:\/\/bahiaeconomica.com.br\/wp\/2020\/10\/09\/cerca-de-5-milhoes-de-pessoas-interromperam\/"},"author":{"name":"admin","@id":"https:\/\/bahiaeconomica.com.br\/wp\/#\/schema\/person\/cb1ab5ba96ad3d9390805381c76284ec"},"headline":"CERCA DE 5 MILH\u00d5ES DE PESSOAS INTERROMPERAM","datePublished":"2020-10-09T16:37:20+00:00","dateModified":"2020-10-09T16:37:20+00:00","mainEntityOfPage":{"@id":"https:\/\/bahiaeconomica.com.br\/wp\/2020\/10\/09\/cerca-de-5-milhoes-de-pessoas-interromperam\/"},"wordCount":245,"publisher":{"@id":"https:\/\/bahiaeconomica.com.br\/wp\/#organization"},"articleSection":["ECONOMIA \/ POL\u00cdTICA"],"inLanguage":"pt-BR"},{"@type":"WebPage","@id":"https:\/\/bahiaeconomica.com.br\/wp\/2020\/10\/09\/cerca-de-5-milhoes-de-pessoas-interromperam\/","url":"https:\/\/bahiaeconomica.com.br\/wp\/2020\/10\/09\/cerca-de-5-milhoes-de-pessoas-interromperam\/","name":"CERCA DE 5 MILH\u00d5ES DE PESSOAS INTERROMPERAM - Bahia Economica","isPartOf":{"@id":"https:\/\/bahiaeconomica.com.br\/wp\/#website"},"datePublished":"2020-10-09T16:37:20+00:00","dateModified":"2020-10-09T16:37:20+00:00","description":"O maior portal de Economia da Bahia ECONOMIA \/ POL\u00cdTICA Bahia Economica","breadcrumb":{"@id":"https:\/\/bahiaeconomica.com.br\/wp\/2020\/10\/09\/cerca-de-5-milhoes-de-pessoas-interromperam\/#breadcrumb"},"inLanguage":"pt-BR","potentialAction":[{"@type":"ReadAction","target":["https:\/\/bahiaeconomica.com.br\/wp\/2020\/10\/09\/cerca-de-5-milhoes-de-pessoas-interromperam\/"]}]},{"@type":"BreadcrumbList","@id":"https:\/\/bahiaeconomica.com.br\/wp\/2020\/10\/09\/cerca-de-5-milhoes-de-pessoas-interromperam\/#breadcrumb","itemListElement":[{"@type":"ListItem","position":1,"name":"In\u00edcio","item":"https:\/\/bahiaeconomica.com.br\/wp\/"},{"@type":"ListItem","position":2,"name":"CERCA DE 5 MILH\u00d5ES DE PESSOAS INTERROMPERAM"}]},{"@type":"WebSite","@id":"https:\/\/bahiaeconomica.com.br\/wp\/#website","url":"https:\/\/bahiaeconomica.com.br\/wp\/","name":"Bahia Economica","description":"O maior portal de Economia da Bahia","publisher":{"@id":"https:\/\/bahiaeconomica.com.br\/wp\/#organization"},"potentialAction":[{"@type":"SearchAction","target":{"@type":"EntryPoint","urlTemplate":"https:\/\/bahiaeconomica.com.br\/wp\/?s={search_term_string}"},"query-input":"required name=search_term_string"}],"inLanguage":"pt-BR"},{"@type":"Organization","@id":"https:\/\/bahiaeconomica.com.br\/wp\/#organization","name":"Bahia Econ\u00f4mica","url":"https:\/\/bahiaeconomica.com.br\/wp\/","logo":{"@type":"ImageObject","inLanguage":"pt-BR","@id":"https:\/\/bahiaeconomica.com.br\/wp\/#\/schema\/logo\/image\/","url":"https:\/\/bahiaeconomica.com.br\/wp\/wp-content\/uploads\/2020\/12\/cropped-BE.png","contentUrl":"https:\/\/bahiaeconomica.com.br\/wp\/wp-content\/uploads\/2020\/12\/cropped-BE.png","width":512,"height":512,"caption":"Bahia Econ\u00f4mica"},"image":{"@id":"https:\/\/bahiaeconomica.com.br\/wp\/#\/schema\/logo\/image\/"},"sameAs":["https:\/\/www.facebook.com\/bahiaeconomica"]},{"@type":"Person","@id":"https:\/\/bahiaeconomica.com.br\/wp\/#\/schema\/person\/cb1ab5ba96ad3d9390805381c76284ec","name":"admin","url":"https:\/\/bahiaeconomica.com.br\/wp\/author\/admin\/"}]}},"views":0,"_links":{"self":[{"href":"https:\/\/bahiaeconomica.com.br\/wp\/wp-json\/wp\/v2\/posts\/499770"}],"collection":[{"href":"https:\/\/bahiaeconomica.com.br\/wp\/wp-json\/wp\/v2\/posts"}],"about":[{"href":"https:\/\/bahiaeconomica.com.br\/wp\/wp-json\/wp\/v2\/types\/post"}],"author":[{"embeddable":true,"href":"https:\/\/bahiaeconomica.com.br\/wp\/wp-json\/wp\/v2\/users\/1"}],"replies":[{"embeddable":true,"href":"https:\/\/bahiaeconomica.com.br\/wp\/wp-json\/wp\/v2\/comments?post=499770"}],"version-history":[{"count":1,"href":"https:\/\/bahiaeconomica.com.br\/wp\/wp-json\/wp\/v2\/posts\/499770\/revisions"}],"predecessor-version":[{"id":499774,"href":"https:\/\/bahiaeconomica.com.br\/wp\/wp-json\/wp\/v2\/posts\/499770\/revisions\/499774"}],"wp:featuredmedia":[{"embeddable":true,"href":"https:\/\/bahiaeconomica.com.br\/wp\/wp-json\/wp\/v2\/media\/480830"}],"wp:attachment":[{"href":"https:\/\/bahiaeconomica.com.br\/wp\/wp-json\/wp\/v2\/media?parent=499770"}],"wp:term":[{"taxonomy":"category","embeddable":true,"href":"https:\/\/bahiaeconomica.com.br\/wp\/wp-json\/wp\/v2\/categories?post=499770"},{"taxonomy":"post_tag","embeddable":true,"href":"https:\/\/bahiaeconomica.com.br\/wp\/wp-json\/wp\/v2\/tags?post=499770"}],"curies":[{"name":"wp","href":"https:\/\/api.w.org\/{rel}","templated":true}]}}