{"id":497603,"date":"2020-10-01T17:00:33","date_gmt":"2020-10-01T20:00:33","guid":{"rendered":"https:\/\/bahiaeconomica.com.br\/wp\/beta\/?p=497603"},"modified":"2020-10-01T17:02:19","modified_gmt":"2020-10-01T20:02:19","slug":"balanca-comercial-registra-superavit-de-us-616-bi","status":"publish","type":"post","link":"https:\/\/bahiaeconomica.com.br\/wp\/2020\/10\/01\/balanca-comercial-registra-superavit-de-us-616-bi\/","title":{"rendered":"BALAN\u00c7A COMERCIAL REGISTRA SUPER\u00c1VIT DE US$ 6,16 BI"},"content":{"rendered":"<p>A queda nas importa\u00e7\u00f5es em ritmo maior que a redu\u00e7\u00e3o das exporta\u00e7\u00f5es fez a balan\u00e7a comercial registrar super\u00e1vit recorde<!--more--> em setembro. No m\u00eas passado, o pa\u00eds exportou US$ 6,164 bilh\u00f5es a mais do que importou, o melhor resultado para o m\u00eas desde o in\u00edcio da s\u00e9rie hist\u00f3rica, em 1989.Tanto as exporta\u00e7\u00f5es como as importa\u00e7\u00f5es ca\u00edram no m\u00eas passado. Em setembro, o pa\u00eds vendeu US$ 18,459 bilh\u00f5es para o exterior, com recuo de 9,1% pelo crit\u00e9rio da m\u00e9dia di\u00e1ria em rela\u00e7\u00e3o ao mesmo m\u00eas do ano passado. As importa\u00e7\u00f5es, no entanto, ca\u00edram mais, somando US$ 12,296 bilh\u00f5es, redu\u00e7\u00e3o de 25,5% tamb\u00e9m pela m\u00e9dia di\u00e1ria.<\/p>\n<p>Com o resultado de setembro, segundo a Ag\u00eancia Brasil, a balan\u00e7a comercial acumula super\u00e1vit de US$ 42,445 bilh\u00f5es nos nove primeiros meses do ano. Esse \u00e9 o segundo melhor resultado da s\u00e9rie hist\u00f3rica para o per\u00edodo, perdendo para janeiro a setembro de 2017 (super\u00e1vit de US$ 53,258 bilh\u00f5es). No acumulado de 2020, as exporta\u00e7\u00f5es somam US$ 156,780 bilh\u00f5es, retra\u00e7\u00e3o de 7% na compara\u00e7\u00e3o com o mesmo per\u00edodo de 2019 pela m\u00e9dia di\u00e1ria. As importa\u00e7\u00f5es totalizam US$ 114,336 bilh\u00f5es, recuo de 14% pelo mesmo crit\u00e9rio.<\/p>\n<p>A maior parte da alta do saldo em setembro \u00e9 explicada pela queda da importa\u00e7\u00e3o da ind\u00fastria de transforma\u00e7\u00e3o, que recuou US$ 181,35 milh\u00f5es pela m\u00e9dia di\u00e1ria em rela\u00e7\u00e3o ao mesmo m\u00eas do ano passado, e da ind\u00fastria extrativa, cujas compras do exterior encolheram US$ 18,32 milh\u00f5es. Do lado das exporta\u00e7\u00f5es, as vendas da ind\u00fastria de transforma\u00e7\u00e3o ca\u00edram US$ 108,01 milh\u00f5es. Em contrapartida, as vendas da ind\u00fastria extrativa subiram US$ 19,65 milh\u00f5es, e as vendas da agropecu\u00e1ria aumentaram US$ 5,38 milh\u00f5es na mesma compara\u00e7\u00e3o.<\/p>\n<p>&nbsp;<\/p>\n<p>&nbsp;<\/p>\n<p>&nbsp;<\/p>\n<p>&nbsp;<\/p>\n<p>Foto: Reprodu\u00e7\u00e3o\/Site SEI<\/p>\n","protected":false},"excerpt":{"rendered":"<p>A queda nas importa\u00e7\u00f5es em ritmo maior que a redu\u00e7\u00e3o das exporta\u00e7\u00f5es fez a balan\u00e7a comercial registrar super\u00e1vit recorde<\/p>\n","protected":false},"author":1,"featured_media":460269,"comment_status":"closed","ping_status":"closed","sticky":false,"template":"","format":"standard","meta":[],"categories":[14,3],"tags":[],"acf":[],"yoast_head":"<!-- This site is optimized with the Yoast SEO plugin v20.8 - https:\/\/yoast.com\/wordpress\/plugins\/seo\/ -->\n<title>BALAN\u00c7A COMERCIAL REGISTRA SUPER\u00c1VIT DE US$ 6,16 BI - Bahia Economica<\/title>\n<meta name=\"description\" content=\"O maior portal de Economia da Bahia DESTAQUE DO DIA, ECONOMIA \/ POL\u00cdTICA Bahia Economica\" \/>\n<meta name=\"robots\" content=\"index, follow, max-snippet:-1, max-image-preview:large, max-video-preview:-1\" \/>\n<link rel=\"canonical\" href=\"https:\/\/bahiaeconomica.com.br\/wp\/2020\/10\/01\/balanca-comercial-registra-superavit-de-us-616-bi\/\" \/>\n<meta property=\"og:locale\" content=\"pt_BR\" \/>\n<meta property=\"og:type\" content=\"article\" \/>\n<meta property=\"og:title\" content=\"BALAN\u00c7A COMERCIAL REGISTRA SUPER\u00c1VIT DE US$ 6,16 BI - Bahia Economica\" \/>\n<meta property=\"og:description\" content=\"O maior portal de Economia da Bahia DESTAQUE DO DIA, ECONOMIA \/ POL\u00cdTICA Bahia Economica\" \/>\n<meta property=\"og:url\" content=\"https:\/\/bahiaeconomica.com.br\/wp\/2020\/10\/01\/balanca-comercial-registra-superavit-de-us-616-bi\/\" \/>\n<meta property=\"og:site_name\" content=\"Bahia Economica\" \/>\n<meta property=\"article:publisher\" content=\"https:\/\/www.facebook.com\/bahiaeconomica\" \/>\n<meta property=\"article:published_time\" content=\"2020-10-01T20:00:33+00:00\" \/>\n<meta property=\"article:modified_time\" content=\"2020-10-01T20:02:19+00:00\" \/>\n<meta property=\"og:image\" content=\"https:\/\/bahiaeconomica.com.br\/wp\/wp-content\/uploads\/2020\/05\/Exportacoes.jpg\" \/>\n\t<meta property=\"og:image:width\" content=\"500\" \/>\n\t<meta property=\"og:image:height\" content=\"300\" \/>\n\t<meta property=\"og:image:type\" content=\"image\/jpeg\" \/>\n<meta name=\"author\" content=\"admin\" \/>\n<meta name=\"twitter:card\" content=\"summary_large_image\" \/>\n<meta name=\"twitter:label1\" content=\"Escrito por\" \/>\n\t<meta name=\"twitter:data1\" content=\"admin\" \/>\n\t<meta name=\"twitter:label2\" content=\"Est. tempo de leitura\" \/>\n\t<meta name=\"twitter:data2\" content=\"2 minutos\" \/>\n<script type=\"application\/ld+json\" class=\"yoast-schema-graph\">{\"@context\":\"https:\/\/schema.org\",\"@graph\":[{\"@type\":\"Article\",\"@id\":\"https:\/\/bahiaeconomica.com.br\/wp\/2020\/10\/01\/balanca-comercial-registra-superavit-de-us-616-bi\/#article\",\"isPartOf\":{\"@id\":\"https:\/\/bahiaeconomica.com.br\/wp\/2020\/10\/01\/balanca-comercial-registra-superavit-de-us-616-bi\/\"},\"author\":{\"name\":\"admin\",\"@id\":\"https:\/\/bahiaeconomica.com.br\/wp\/#\/schema\/person\/cb1ab5ba96ad3d9390805381c76284ec\"},\"headline\":\"BALAN\u00c7A COMERCIAL REGISTRA SUPER\u00c1VIT DE US$ 6,16 BI\",\"datePublished\":\"2020-10-01T20:00:33+00:00\",\"dateModified\":\"2020-10-01T20:02:19+00:00\",\"mainEntityOfPage\":{\"@id\":\"https:\/\/bahiaeconomica.com.br\/wp\/2020\/10\/01\/balanca-comercial-registra-superavit-de-us-616-bi\/\"},\"wordCount\":337,\"publisher\":{\"@id\":\"https:\/\/bahiaeconomica.com.br\/wp\/#organization\"},\"articleSection\":[\"DESTAQUE DO DIA\",\"ECONOMIA \/ POL\u00cdTICA\"],\"inLanguage\":\"pt-BR\"},{\"@type\":\"WebPage\",\"@id\":\"https:\/\/bahiaeconomica.com.br\/wp\/2020\/10\/01\/balanca-comercial-registra-superavit-de-us-616-bi\/\",\"url\":\"https:\/\/bahiaeconomica.com.br\/wp\/2020\/10\/01\/balanca-comercial-registra-superavit-de-us-616-bi\/\",\"name\":\"BALAN\u00c7A COMERCIAL REGISTRA SUPER\u00c1VIT DE US$ 6,16 BI - Bahia Economica\",\"isPartOf\":{\"@id\":\"https:\/\/bahiaeconomica.com.br\/wp\/#website\"},\"datePublished\":\"2020-10-01T20:00:33+00:00\",\"dateModified\":\"2020-10-01T20:02:19+00:00\",\"description\":\"O maior portal de Economia da Bahia DESTAQUE DO DIA, ECONOMIA \/ POL\u00cdTICA Bahia Economica\",\"breadcrumb\":{\"@id\":\"https:\/\/bahiaeconomica.com.br\/wp\/2020\/10\/01\/balanca-comercial-registra-superavit-de-us-616-bi\/#breadcrumb\"},\"inLanguage\":\"pt-BR\",\"potentialAction\":[{\"@type\":\"ReadAction\",\"target\":[\"https:\/\/bahiaeconomica.com.br\/wp\/2020\/10\/01\/balanca-comercial-registra-superavit-de-us-616-bi\/\"]}]},{\"@type\":\"BreadcrumbList\",\"@id\":\"https:\/\/bahiaeconomica.com.br\/wp\/2020\/10\/01\/balanca-comercial-registra-superavit-de-us-616-bi\/#breadcrumb\",\"itemListElement\":[{\"@type\":\"ListItem\",\"position\":1,\"name\":\"In\u00edcio\",\"item\":\"https:\/\/bahiaeconomica.com.br\/wp\/\"},{\"@type\":\"ListItem\",\"position\":2,\"name\":\"BALAN\u00c7A COMERCIAL REGISTRA SUPER\u00c1VIT DE US$ 6,16 BI\"}]},{\"@type\":\"WebSite\",\"@id\":\"https:\/\/bahiaeconomica.com.br\/wp\/#website\",\"url\":\"https:\/\/bahiaeconomica.com.br\/wp\/\",\"name\":\"Bahia Economica\",\"description\":\"O maior portal de Economia da Bahia\",\"publisher\":{\"@id\":\"https:\/\/bahiaeconomica.com.br\/wp\/#organization\"},\"potentialAction\":[{\"@type\":\"SearchAction\",\"target\":{\"@type\":\"EntryPoint\",\"urlTemplate\":\"https:\/\/bahiaeconomica.com.br\/wp\/?s={search_term_string}\"},\"query-input\":\"required name=search_term_string\"}],\"inLanguage\":\"pt-BR\"},{\"@type\":\"Organization\",\"@id\":\"https:\/\/bahiaeconomica.com.br\/wp\/#organization\",\"name\":\"Bahia Econ\u00f4mica\",\"url\":\"https:\/\/bahiaeconomica.com.br\/wp\/\",\"logo\":{\"@type\":\"ImageObject\",\"inLanguage\":\"pt-BR\",\"@id\":\"https:\/\/bahiaeconomica.com.br\/wp\/#\/schema\/logo\/image\/\",\"url\":\"https:\/\/bahiaeconomica.com.br\/wp\/wp-content\/uploads\/2020\/12\/cropped-BE.png\",\"contentUrl\":\"https:\/\/bahiaeconomica.com.br\/wp\/wp-content\/uploads\/2020\/12\/cropped-BE.png\",\"width\":512,\"height\":512,\"caption\":\"Bahia Econ\u00f4mica\"},\"image\":{\"@id\":\"https:\/\/bahiaeconomica.com.br\/wp\/#\/schema\/logo\/image\/\"},\"sameAs\":[\"https:\/\/www.facebook.com\/bahiaeconomica\"]},{\"@type\":\"Person\",\"@id\":\"https:\/\/bahiaeconomica.com.br\/wp\/#\/schema\/person\/cb1ab5ba96ad3d9390805381c76284ec\",\"name\":\"admin\",\"url\":\"https:\/\/bahiaeconomica.com.br\/wp\/author\/admin\/\"}]}<\/script>\n<!-- \/ Yoast SEO plugin. -->","yoast_head_json":{"title":"BALAN\u00c7A COMERCIAL REGISTRA SUPER\u00c1VIT DE US$ 6,16 BI - Bahia Economica","description":"O maior portal de Economia da Bahia DESTAQUE DO DIA, ECONOMIA \/ POL\u00cdTICA Bahia Economica","robots":{"index":"index","follow":"follow","max-snippet":"max-snippet:-1","max-image-preview":"max-image-preview:large","max-video-preview":"max-video-preview:-1"},"canonical":"https:\/\/bahiaeconomica.com.br\/wp\/2020\/10\/01\/balanca-comercial-registra-superavit-de-us-616-bi\/","og_locale":"pt_BR","og_type":"article","og_title":"BALAN\u00c7A COMERCIAL REGISTRA SUPER\u00c1VIT DE US$ 6,16 BI - Bahia Economica","og_description":"O maior portal de Economia da Bahia DESTAQUE DO DIA, ECONOMIA \/ POL\u00cdTICA Bahia Economica","og_url":"https:\/\/bahiaeconomica.com.br\/wp\/2020\/10\/01\/balanca-comercial-registra-superavit-de-us-616-bi\/","og_site_name":"Bahia Economica","article_publisher":"https:\/\/www.facebook.com\/bahiaeconomica","article_published_time":"2020-10-01T20:00:33+00:00","article_modified_time":"2020-10-01T20:02:19+00:00","og_image":[{"width":500,"height":300,"url":"https:\/\/bahiaeconomica.com.br\/wp\/wp-content\/uploads\/2020\/05\/Exportacoes.jpg","type":"image\/jpeg"}],"author":"admin","twitter_card":"summary_large_image","twitter_misc":{"Escrito por":"admin","Est. tempo de leitura":"2 minutos"},"schema":{"@context":"https:\/\/schema.org","@graph":[{"@type":"Article","@id":"https:\/\/bahiaeconomica.com.br\/wp\/2020\/10\/01\/balanca-comercial-registra-superavit-de-us-616-bi\/#article","isPartOf":{"@id":"https:\/\/bahiaeconomica.com.br\/wp\/2020\/10\/01\/balanca-comercial-registra-superavit-de-us-616-bi\/"},"author":{"name":"admin","@id":"https:\/\/bahiaeconomica.com.br\/wp\/#\/schema\/person\/cb1ab5ba96ad3d9390805381c76284ec"},"headline":"BALAN\u00c7A COMERCIAL REGISTRA SUPER\u00c1VIT DE US$ 6,16 BI","datePublished":"2020-10-01T20:00:33+00:00","dateModified":"2020-10-01T20:02:19+00:00","mainEntityOfPage":{"@id":"https:\/\/bahiaeconomica.com.br\/wp\/2020\/10\/01\/balanca-comercial-registra-superavit-de-us-616-bi\/"},"wordCount":337,"publisher":{"@id":"https:\/\/bahiaeconomica.com.br\/wp\/#organization"},"articleSection":["DESTAQUE DO DIA","ECONOMIA \/ POL\u00cdTICA"],"inLanguage":"pt-BR"},{"@type":"WebPage","@id":"https:\/\/bahiaeconomica.com.br\/wp\/2020\/10\/01\/balanca-comercial-registra-superavit-de-us-616-bi\/","url":"https:\/\/bahiaeconomica.com.br\/wp\/2020\/10\/01\/balanca-comercial-registra-superavit-de-us-616-bi\/","name":"BALAN\u00c7A COMERCIAL REGISTRA SUPER\u00c1VIT DE US$ 6,16 BI - Bahia Economica","isPartOf":{"@id":"https:\/\/bahiaeconomica.com.br\/wp\/#website"},"datePublished":"2020-10-01T20:00:33+00:00","dateModified":"2020-10-01T20:02:19+00:00","description":"O maior portal de Economia da Bahia DESTAQUE DO DIA, ECONOMIA \/ POL\u00cdTICA Bahia Economica","breadcrumb":{"@id":"https:\/\/bahiaeconomica.com.br\/wp\/2020\/10\/01\/balanca-comercial-registra-superavit-de-us-616-bi\/#breadcrumb"},"inLanguage":"pt-BR","potentialAction":[{"@type":"ReadAction","target":["https:\/\/bahiaeconomica.com.br\/wp\/2020\/10\/01\/balanca-comercial-registra-superavit-de-us-616-bi\/"]}]},{"@type":"BreadcrumbList","@id":"https:\/\/bahiaeconomica.com.br\/wp\/2020\/10\/01\/balanca-comercial-registra-superavit-de-us-616-bi\/#breadcrumb","itemListElement":[{"@type":"ListItem","position":1,"name":"In\u00edcio","item":"https:\/\/bahiaeconomica.com.br\/wp\/"},{"@type":"ListItem","position":2,"name":"BALAN\u00c7A COMERCIAL REGISTRA SUPER\u00c1VIT DE US$ 6,16 BI"}]},{"@type":"WebSite","@id":"https:\/\/bahiaeconomica.com.br\/wp\/#website","url":"https:\/\/bahiaeconomica.com.br\/wp\/","name":"Bahia Economica","description":"O maior portal de Economia da Bahia","publisher":{"@id":"https:\/\/bahiaeconomica.com.br\/wp\/#organization"},"potentialAction":[{"@type":"SearchAction","target":{"@type":"EntryPoint","urlTemplate":"https:\/\/bahiaeconomica.com.br\/wp\/?s={search_term_string}"},"query-input":"required name=search_term_string"}],"inLanguage":"pt-BR"},{"@type":"Organization","@id":"https:\/\/bahiaeconomica.com.br\/wp\/#organization","name":"Bahia Econ\u00f4mica","url":"https:\/\/bahiaeconomica.com.br\/wp\/","logo":{"@type":"ImageObject","inLanguage":"pt-BR","@id":"https:\/\/bahiaeconomica.com.br\/wp\/#\/schema\/logo\/image\/","url":"https:\/\/bahiaeconomica.com.br\/wp\/wp-content\/uploads\/2020\/12\/cropped-BE.png","contentUrl":"https:\/\/bahiaeconomica.com.br\/wp\/wp-content\/uploads\/2020\/12\/cropped-BE.png","width":512,"height":512,"caption":"Bahia Econ\u00f4mica"},"image":{"@id":"https:\/\/bahiaeconomica.com.br\/wp\/#\/schema\/logo\/image\/"},"sameAs":["https:\/\/www.facebook.com\/bahiaeconomica"]},{"@type":"Person","@id":"https:\/\/bahiaeconomica.com.br\/wp\/#\/schema\/person\/cb1ab5ba96ad3d9390805381c76284ec","name":"admin","url":"https:\/\/bahiaeconomica.com.br\/wp\/author\/admin\/"}]}},"views":1,"_links":{"self":[{"href":"https:\/\/bahiaeconomica.com.br\/wp\/wp-json\/wp\/v2\/posts\/497603"}],"collection":[{"href":"https:\/\/bahiaeconomica.com.br\/wp\/wp-json\/wp\/v2\/posts"}],"about":[{"href":"https:\/\/bahiaeconomica.com.br\/wp\/wp-json\/wp\/v2\/types\/post"}],"author":[{"embeddable":true,"href":"https:\/\/bahiaeconomica.com.br\/wp\/wp-json\/wp\/v2\/users\/1"}],"replies":[{"embeddable":true,"href":"https:\/\/bahiaeconomica.com.br\/wp\/wp-json\/wp\/v2\/comments?post=497603"}],"version-history":[{"count":1,"href":"https:\/\/bahiaeconomica.com.br\/wp\/wp-json\/wp\/v2\/posts\/497603\/revisions"}],"predecessor-version":[{"id":497610,"href":"https:\/\/bahiaeconomica.com.br\/wp\/wp-json\/wp\/v2\/posts\/497603\/revisions\/497610"}],"wp:featuredmedia":[{"embeddable":true,"href":"https:\/\/bahiaeconomica.com.br\/wp\/wp-json\/wp\/v2\/media\/460269"}],"wp:attachment":[{"href":"https:\/\/bahiaeconomica.com.br\/wp\/wp-json\/wp\/v2\/media?parent=497603"}],"wp:term":[{"taxonomy":"category","embeddable":true,"href":"https:\/\/bahiaeconomica.com.br\/wp\/wp-json\/wp\/v2\/categories?post=497603"},{"taxonomy":"post_tag","embeddable":true,"href":"https:\/\/bahiaeconomica.com.br\/wp\/wp-json\/wp\/v2\/tags?post=497603"}],"curies":[{"name":"wp","href":"https:\/\/api.w.org\/{rel}","templated":true}]}}