{"id":497410,"date":"2020-10-01T10:31:27","date_gmt":"2020-10-01T13:31:27","guid":{"rendered":"https:\/\/bahiaeconomica.com.br\/wp\/beta\/?p=497410"},"modified":"2020-10-01T10:33:23","modified_gmt":"2020-10-01T13:33:23","slug":"prazo-para-inscricao-no-revalida-2020-e-prorrogado","status":"publish","type":"post","link":"https:\/\/bahiaeconomica.com.br\/wp\/2020\/10\/01\/prazo-para-inscricao-no-revalida-2020-e-prorrogado\/","title":{"rendered":"PRAZO PARA INSCRI\u00c7\u00c3O NO REVALIDA 2020 \u00c9 PRORROGADO"},"content":{"rendered":"<p>Os interessados em participar do Exame Nacional de Revalida\u00e7\u00e3o de Diplomas M\u00e9dicos Expedidos por Institui\u00e7\u00e3o de Educa\u00e7\u00e3o Superior Estrangeira (Revalida) 2020 t\u00eam at\u00e9 23h59 da pr\u00f3xima segunda-feira (5), <!--more-->para finalizar a inscri\u00e7\u00e3o.<\/p>\n<p>De acordo, a Inep prorrogou o prazo com o objetivo de manter o compromisso e garantir a participa\u00e7\u00e3o de todos os interessados, que podem se inscrever exclusivamente pela internet, no endere\u00e7o revalida.inep.gov.br.<\/p>\n<p>S\u00f3 pode se inscrever no Revalida quem apresentar diploma de gradua\u00e7\u00e3o em medicina expedido por institui\u00e7\u00e3o de educa\u00e7\u00e3o superior estrangeira reconhecida no pa\u00eds de origem pelo seu minist\u00e9rio da educa\u00e7\u00e3o ou \u00f3rg\u00e3o equivalente, autenticado pela autoridade consular brasileira ou pelo processo da Conven\u00e7\u00e3o do Decreto n.\u00ba 8.660, de 29 de janeiro de 2016.<\/p>\n<p>Os participantes do Revalida 2020 precisam se cadastrar no portal do Governo Federal, no endere\u00e7o eletr\u00f4nico acesso.gov.br. E o valor da taxa de inscri\u00e7\u00e3o na primeira etapa do Revalida 2020 \u00e9 de R$ 330, conforme item 6.1 do Edital n.\u00ba 66, de 10 de setembro de 2020.<\/p>\n<p>Foto: Ilustrativa<\/p>\n","protected":false},"excerpt":{"rendered":"<p>Os interessados em participar do Exame Nacional de Revalida\u00e7\u00e3o de Diplomas M\u00e9dicos Expedidos por Institui\u00e7\u00e3o de Educa\u00e7\u00e3o Superior Estrangeira (Revalida) 2020 t\u00eam at\u00e9 23h59 da pr\u00f3xima segunda-feira (5),<\/p>\n","protected":false},"author":1,"featured_media":497417,"comment_status":"closed","ping_status":"closed","sticky":false,"template":"","format":"standard","meta":[],"categories":[3],"tags":[],"acf":[],"yoast_head":"<!-- This site is optimized with the Yoast SEO plugin v20.8 - https:\/\/yoast.com\/wordpress\/plugins\/seo\/ -->\n<title>PRAZO PARA INSCRI\u00c7\u00c3O NO REVALIDA 2020 \u00c9 PRORROGADO - Bahia Economica<\/title>\n<meta name=\"description\" content=\"O maior portal de Economia da Bahia ECONOMIA \/ POL\u00cdTICA Bahia Economica\" \/>\n<meta name=\"robots\" content=\"index, follow, max-snippet:-1, max-image-preview:large, max-video-preview:-1\" \/>\n<link rel=\"canonical\" href=\"https:\/\/bahiaeconomica.com.br\/wp\/2020\/10\/01\/prazo-para-inscricao-no-revalida-2020-e-prorrogado\/\" \/>\n<meta property=\"og:locale\" content=\"pt_BR\" \/>\n<meta property=\"og:type\" content=\"article\" \/>\n<meta property=\"og:title\" content=\"PRAZO PARA INSCRI\u00c7\u00c3O NO REVALIDA 2020 \u00c9 PRORROGADO - Bahia Economica\" \/>\n<meta property=\"og:description\" content=\"O maior portal de Economia da Bahia ECONOMIA \/ POL\u00cdTICA Bahia Economica\" \/>\n<meta property=\"og:url\" content=\"https:\/\/bahiaeconomica.com.br\/wp\/2020\/10\/01\/prazo-para-inscricao-no-revalida-2020-e-prorrogado\/\" \/>\n<meta property=\"og:site_name\" content=\"Bahia Economica\" \/>\n<meta property=\"article:publisher\" content=\"https:\/\/www.facebook.com\/bahiaeconomica\" \/>\n<meta property=\"article:published_time\" content=\"2020-10-01T13:31:27+00:00\" \/>\n<meta property=\"article:modified_time\" content=\"2020-10-01T13:33:23+00:00\" \/>\n<meta property=\"og:image\" content=\"https:\/\/bahiaeconomica.com.br\/wp\/wp-content\/uploads\/2020\/10\/certa.jpg\" \/>\n\t<meta property=\"og:image:width\" content=\"500\" \/>\n\t<meta property=\"og:image:height\" content=\"300\" \/>\n\t<meta property=\"og:image:type\" content=\"image\/jpeg\" \/>\n<meta name=\"author\" content=\"admin\" \/>\n<meta name=\"twitter:card\" content=\"summary_large_image\" \/>\n<meta name=\"twitter:label1\" content=\"Escrito por\" \/>\n\t<meta name=\"twitter:data1\" content=\"admin\" \/>\n\t<meta name=\"twitter:label2\" content=\"Est. tempo de leitura\" \/>\n\t<meta name=\"twitter:data2\" content=\"1 minuto\" \/>\n<script type=\"application\/ld+json\" class=\"yoast-schema-graph\">{\"@context\":\"https:\/\/schema.org\",\"@graph\":[{\"@type\":\"Article\",\"@id\":\"https:\/\/bahiaeconomica.com.br\/wp\/2020\/10\/01\/prazo-para-inscricao-no-revalida-2020-e-prorrogado\/#article\",\"isPartOf\":{\"@id\":\"https:\/\/bahiaeconomica.com.br\/wp\/2020\/10\/01\/prazo-para-inscricao-no-revalida-2020-e-prorrogado\/\"},\"author\":{\"name\":\"admin\",\"@id\":\"https:\/\/bahiaeconomica.com.br\/wp\/#\/schema\/person\/cb1ab5ba96ad3d9390805381c76284ec\"},\"headline\":\"PRAZO PARA INSCRI\u00c7\u00c3O NO REVALIDA 2020 \u00c9 PRORROGADO\",\"datePublished\":\"2020-10-01T13:31:27+00:00\",\"dateModified\":\"2020-10-01T13:33:23+00:00\",\"mainEntityOfPage\":{\"@id\":\"https:\/\/bahiaeconomica.com.br\/wp\/2020\/10\/01\/prazo-para-inscricao-no-revalida-2020-e-prorrogado\/\"},\"wordCount\":185,\"publisher\":{\"@id\":\"https:\/\/bahiaeconomica.com.br\/wp\/#organization\"},\"articleSection\":[\"ECONOMIA \/ POL\u00cdTICA\"],\"inLanguage\":\"pt-BR\"},{\"@type\":\"WebPage\",\"@id\":\"https:\/\/bahiaeconomica.com.br\/wp\/2020\/10\/01\/prazo-para-inscricao-no-revalida-2020-e-prorrogado\/\",\"url\":\"https:\/\/bahiaeconomica.com.br\/wp\/2020\/10\/01\/prazo-para-inscricao-no-revalida-2020-e-prorrogado\/\",\"name\":\"PRAZO PARA INSCRI\u00c7\u00c3O NO REVALIDA 2020 \u00c9 PRORROGADO - Bahia Economica\",\"isPartOf\":{\"@id\":\"https:\/\/bahiaeconomica.com.br\/wp\/#website\"},\"datePublished\":\"2020-10-01T13:31:27+00:00\",\"dateModified\":\"2020-10-01T13:33:23+00:00\",\"description\":\"O maior portal de Economia da Bahia ECONOMIA \/ POL\u00cdTICA Bahia Economica\",\"breadcrumb\":{\"@id\":\"https:\/\/bahiaeconomica.com.br\/wp\/2020\/10\/01\/prazo-para-inscricao-no-revalida-2020-e-prorrogado\/#breadcrumb\"},\"inLanguage\":\"pt-BR\",\"potentialAction\":[{\"@type\":\"ReadAction\",\"target\":[\"https:\/\/bahiaeconomica.com.br\/wp\/2020\/10\/01\/prazo-para-inscricao-no-revalida-2020-e-prorrogado\/\"]}]},{\"@type\":\"BreadcrumbList\",\"@id\":\"https:\/\/bahiaeconomica.com.br\/wp\/2020\/10\/01\/prazo-para-inscricao-no-revalida-2020-e-prorrogado\/#breadcrumb\",\"itemListElement\":[{\"@type\":\"ListItem\",\"position\":1,\"name\":\"In\u00edcio\",\"item\":\"https:\/\/bahiaeconomica.com.br\/wp\/\"},{\"@type\":\"ListItem\",\"position\":2,\"name\":\"PRAZO PARA INSCRI\u00c7\u00c3O NO REVALIDA 2020 \u00c9 PRORROGADO\"}]},{\"@type\":\"WebSite\",\"@id\":\"https:\/\/bahiaeconomica.com.br\/wp\/#website\",\"url\":\"https:\/\/bahiaeconomica.com.br\/wp\/\",\"name\":\"Bahia Economica\",\"description\":\"O maior portal de Economia da Bahia\",\"publisher\":{\"@id\":\"https:\/\/bahiaeconomica.com.br\/wp\/#organization\"},\"potentialAction\":[{\"@type\":\"SearchAction\",\"target\":{\"@type\":\"EntryPoint\",\"urlTemplate\":\"https:\/\/bahiaeconomica.com.br\/wp\/?s={search_term_string}\"},\"query-input\":\"required name=search_term_string\"}],\"inLanguage\":\"pt-BR\"},{\"@type\":\"Organization\",\"@id\":\"https:\/\/bahiaeconomica.com.br\/wp\/#organization\",\"name\":\"Bahia Econ\u00f4mica\",\"url\":\"https:\/\/bahiaeconomica.com.br\/wp\/\",\"logo\":{\"@type\":\"ImageObject\",\"inLanguage\":\"pt-BR\",\"@id\":\"https:\/\/bahiaeconomica.com.br\/wp\/#\/schema\/logo\/image\/\",\"url\":\"https:\/\/bahiaeconomica.com.br\/wp\/wp-content\/uploads\/2020\/12\/cropped-BE.png\",\"contentUrl\":\"https:\/\/bahiaeconomica.com.br\/wp\/wp-content\/uploads\/2020\/12\/cropped-BE.png\",\"width\":512,\"height\":512,\"caption\":\"Bahia Econ\u00f4mica\"},\"image\":{\"@id\":\"https:\/\/bahiaeconomica.com.br\/wp\/#\/schema\/logo\/image\/\"},\"sameAs\":[\"https:\/\/www.facebook.com\/bahiaeconomica\"]},{\"@type\":\"Person\",\"@id\":\"https:\/\/bahiaeconomica.com.br\/wp\/#\/schema\/person\/cb1ab5ba96ad3d9390805381c76284ec\",\"name\":\"admin\",\"url\":\"https:\/\/bahiaeconomica.com.br\/wp\/author\/admin\/\"}]}<\/script>\n<!-- \/ Yoast SEO plugin. -->","yoast_head_json":{"title":"PRAZO PARA INSCRI\u00c7\u00c3O NO REVALIDA 2020 \u00c9 PRORROGADO - Bahia Economica","description":"O maior portal de Economia da Bahia ECONOMIA \/ POL\u00cdTICA Bahia Economica","robots":{"index":"index","follow":"follow","max-snippet":"max-snippet:-1","max-image-preview":"max-image-preview:large","max-video-preview":"max-video-preview:-1"},"canonical":"https:\/\/bahiaeconomica.com.br\/wp\/2020\/10\/01\/prazo-para-inscricao-no-revalida-2020-e-prorrogado\/","og_locale":"pt_BR","og_type":"article","og_title":"PRAZO PARA INSCRI\u00c7\u00c3O NO REVALIDA 2020 \u00c9 PRORROGADO - Bahia Economica","og_description":"O maior portal de Economia da Bahia ECONOMIA \/ POL\u00cdTICA Bahia Economica","og_url":"https:\/\/bahiaeconomica.com.br\/wp\/2020\/10\/01\/prazo-para-inscricao-no-revalida-2020-e-prorrogado\/","og_site_name":"Bahia Economica","article_publisher":"https:\/\/www.facebook.com\/bahiaeconomica","article_published_time":"2020-10-01T13:31:27+00:00","article_modified_time":"2020-10-01T13:33:23+00:00","og_image":[{"width":500,"height":300,"url":"https:\/\/bahiaeconomica.com.br\/wp\/wp-content\/uploads\/2020\/10\/certa.jpg","type":"image\/jpeg"}],"author":"admin","twitter_card":"summary_large_image","twitter_misc":{"Escrito por":"admin","Est. tempo de leitura":"1 minuto"},"schema":{"@context":"https:\/\/schema.org","@graph":[{"@type":"Article","@id":"https:\/\/bahiaeconomica.com.br\/wp\/2020\/10\/01\/prazo-para-inscricao-no-revalida-2020-e-prorrogado\/#article","isPartOf":{"@id":"https:\/\/bahiaeconomica.com.br\/wp\/2020\/10\/01\/prazo-para-inscricao-no-revalida-2020-e-prorrogado\/"},"author":{"name":"admin","@id":"https:\/\/bahiaeconomica.com.br\/wp\/#\/schema\/person\/cb1ab5ba96ad3d9390805381c76284ec"},"headline":"PRAZO PARA INSCRI\u00c7\u00c3O NO REVALIDA 2020 \u00c9 PRORROGADO","datePublished":"2020-10-01T13:31:27+00:00","dateModified":"2020-10-01T13:33:23+00:00","mainEntityOfPage":{"@id":"https:\/\/bahiaeconomica.com.br\/wp\/2020\/10\/01\/prazo-para-inscricao-no-revalida-2020-e-prorrogado\/"},"wordCount":185,"publisher":{"@id":"https:\/\/bahiaeconomica.com.br\/wp\/#organization"},"articleSection":["ECONOMIA \/ POL\u00cdTICA"],"inLanguage":"pt-BR"},{"@type":"WebPage","@id":"https:\/\/bahiaeconomica.com.br\/wp\/2020\/10\/01\/prazo-para-inscricao-no-revalida-2020-e-prorrogado\/","url":"https:\/\/bahiaeconomica.com.br\/wp\/2020\/10\/01\/prazo-para-inscricao-no-revalida-2020-e-prorrogado\/","name":"PRAZO PARA INSCRI\u00c7\u00c3O NO REVALIDA 2020 \u00c9 PRORROGADO - Bahia Economica","isPartOf":{"@id":"https:\/\/bahiaeconomica.com.br\/wp\/#website"},"datePublished":"2020-10-01T13:31:27+00:00","dateModified":"2020-10-01T13:33:23+00:00","description":"O maior portal de Economia da Bahia ECONOMIA \/ POL\u00cdTICA Bahia Economica","breadcrumb":{"@id":"https:\/\/bahiaeconomica.com.br\/wp\/2020\/10\/01\/prazo-para-inscricao-no-revalida-2020-e-prorrogado\/#breadcrumb"},"inLanguage":"pt-BR","potentialAction":[{"@type":"ReadAction","target":["https:\/\/bahiaeconomica.com.br\/wp\/2020\/10\/01\/prazo-para-inscricao-no-revalida-2020-e-prorrogado\/"]}]},{"@type":"BreadcrumbList","@id":"https:\/\/bahiaeconomica.com.br\/wp\/2020\/10\/01\/prazo-para-inscricao-no-revalida-2020-e-prorrogado\/#breadcrumb","itemListElement":[{"@type":"ListItem","position":1,"name":"In\u00edcio","item":"https:\/\/bahiaeconomica.com.br\/wp\/"},{"@type":"ListItem","position":2,"name":"PRAZO PARA INSCRI\u00c7\u00c3O NO REVALIDA 2020 \u00c9 PRORROGADO"}]},{"@type":"WebSite","@id":"https:\/\/bahiaeconomica.com.br\/wp\/#website","url":"https:\/\/bahiaeconomica.com.br\/wp\/","name":"Bahia Economica","description":"O maior portal de Economia da Bahia","publisher":{"@id":"https:\/\/bahiaeconomica.com.br\/wp\/#organization"},"potentialAction":[{"@type":"SearchAction","target":{"@type":"EntryPoint","urlTemplate":"https:\/\/bahiaeconomica.com.br\/wp\/?s={search_term_string}"},"query-input":"required name=search_term_string"}],"inLanguage":"pt-BR"},{"@type":"Organization","@id":"https:\/\/bahiaeconomica.com.br\/wp\/#organization","name":"Bahia Econ\u00f4mica","url":"https:\/\/bahiaeconomica.com.br\/wp\/","logo":{"@type":"ImageObject","inLanguage":"pt-BR","@id":"https:\/\/bahiaeconomica.com.br\/wp\/#\/schema\/logo\/image\/","url":"https:\/\/bahiaeconomica.com.br\/wp\/wp-content\/uploads\/2020\/12\/cropped-BE.png","contentUrl":"https:\/\/bahiaeconomica.com.br\/wp\/wp-content\/uploads\/2020\/12\/cropped-BE.png","width":512,"height":512,"caption":"Bahia Econ\u00f4mica"},"image":{"@id":"https:\/\/bahiaeconomica.com.br\/wp\/#\/schema\/logo\/image\/"},"sameAs":["https:\/\/www.facebook.com\/bahiaeconomica"]},{"@type":"Person","@id":"https:\/\/bahiaeconomica.com.br\/wp\/#\/schema\/person\/cb1ab5ba96ad3d9390805381c76284ec","name":"admin","url":"https:\/\/bahiaeconomica.com.br\/wp\/author\/admin\/"}]}},"views":1,"_links":{"self":[{"href":"https:\/\/bahiaeconomica.com.br\/wp\/wp-json\/wp\/v2\/posts\/497410"}],"collection":[{"href":"https:\/\/bahiaeconomica.com.br\/wp\/wp-json\/wp\/v2\/posts"}],"about":[{"href":"https:\/\/bahiaeconomica.com.br\/wp\/wp-json\/wp\/v2\/types\/post"}],"author":[{"embeddable":true,"href":"https:\/\/bahiaeconomica.com.br\/wp\/wp-json\/wp\/v2\/users\/1"}],"replies":[{"embeddable":true,"href":"https:\/\/bahiaeconomica.com.br\/wp\/wp-json\/wp\/v2\/comments?post=497410"}],"version-history":[{"count":2,"href":"https:\/\/bahiaeconomica.com.br\/wp\/wp-json\/wp\/v2\/posts\/497410\/revisions"}],"predecessor-version":[{"id":497422,"href":"https:\/\/bahiaeconomica.com.br\/wp\/wp-json\/wp\/v2\/posts\/497410\/revisions\/497422"}],"wp:featuredmedia":[{"embeddable":true,"href":"https:\/\/bahiaeconomica.com.br\/wp\/wp-json\/wp\/v2\/media\/497417"}],"wp:attachment":[{"href":"https:\/\/bahiaeconomica.com.br\/wp\/wp-json\/wp\/v2\/media?parent=497410"}],"wp:term":[{"taxonomy":"category","embeddable":true,"href":"https:\/\/bahiaeconomica.com.br\/wp\/wp-json\/wp\/v2\/categories?post=497410"},{"taxonomy":"post_tag","embeddable":true,"href":"https:\/\/bahiaeconomica.com.br\/wp\/wp-json\/wp\/v2\/tags?post=497410"}],"curies":[{"name":"wp","href":"https:\/\/api.w.org\/{rel}","templated":true}]}}