{"id":494876,"date":"2020-09-23T06:50:12","date_gmt":"2020-09-23T09:50:12","guid":{"rendered":"https:\/\/bahiaeconomica.com.br\/wp\/beta\/?p=494876"},"modified":"2020-09-23T08:37:14","modified_gmt":"2020-09-23T11:37:14","slug":"policia-federal-deflagra-operacao-no-inss-em-salvador","status":"publish","type":"post","link":"https:\/\/bahiaeconomica.com.br\/wp\/2020\/09\/23\/policia-federal-deflagra-operacao-no-inss-em-salvador\/","title":{"rendered":"POL\u00cdCIA FEDERAL DEFLAGRA OPERA\u00c7\u00c3O NO INSS EM SALVADOR"},"content":{"rendered":"<p>A Pol\u00edcia Federal (PF) deflagrou, na manh\u00e3 desta quarta-feira, 23, uma opera\u00e7\u00e3o conjunta com a Secretaria Especial de Previd\u00eancia e Trabalho do Minist\u00e9rio da Economia, integrantes da <!--more-->for\u00e7a-tarefa previdenci\u00e1ria, de combate a fraudes no Instituto Nacional de Seguro Social (INSS). A a\u00e7\u00e3o, batizada de Contrassenha, tem como objetivo\u00a0desarticular esquema de fraudes executadas em detrimento da Previd\u00eancia Social, protagonizadas por servidor p\u00fablico federal lotado na Ag\u00eancia da Previd\u00eancia Social, localizada no bairro das Merc\u00eas, em Salvador.<\/p>\n<p>De acordo com as investiga\u00e7\u00f5es,\u00a0desde 2017\u00a0o servidor p\u00fablico fraudava processos de aposentadoria, majorando o tempo de contribui\u00e7\u00e3o. H\u00e1 ind\u00edcios de que, para isso, valendo-se de fragilidade do sistema de c\u00e1lculo de contribui\u00e7\u00f5es individuais, lan\u00e7ava valores bem abaixo do efetivamente devido, permitindo o pagamento de quantias irris\u00f3rias para o c\u00f4mputo de tempo de contribui\u00e7\u00e3o, bem como alterava ou inclu\u00eda v\u00ednculos empregat\u00edcios fict\u00edcios com a mesma finalidade.<\/p>\n<p>As investiga\u00e7\u00f5es apontam, ainda,\u00a0que o servidor do INSS tinha o aux\u00edlio de terceiros na capta\u00e7\u00e3o de clientes e que recebia, em retribui\u00e7\u00e3o \u00e0s fraudes implementadas, valores pagos pelos benefici\u00e1rios do esquema criminoso, por meio de transfer\u00eancias e dep\u00f3sitos em contas banc\u00e1rias gerenciadas por ele. A movimenta\u00e7\u00e3o banc\u00e1ria do servidor investigado indica o recebimento de transfer\u00eancias e dep\u00f3sitos de terceiros em montante superior a R$ 1,5 milh\u00e3o.<\/p>\n<p>Est\u00e3o sendo cumpridos seis mandados de busca e apreens\u00e3o, sendo cinco em Salvador e um na cidade de Catu, expedidos pela Justi\u00e7a Federal, que decretou, tamb\u00e9m, o afastamento das fun\u00e7\u00f5es p\u00fablicas do servidor do INSS e o bloqueio e sequestro dos bens e valores em nome dos investigados. O preju\u00edzo estimado aos cofres p\u00fabicos, at\u00e9 o momento, supera os 7,5 milh\u00f5es, referentes a 75\u00a0benef\u00edcios com constata\u00e7\u00e3o de fraude, n\u00fameros estes que podem ser ainda maiores.<\/p>\n<p>Os envolvidos responder\u00e3o por diversos crimes, como estelionato previdenci\u00e1rio, inser\u00e7\u00e3o de dados falsos em sistema informatizado,\u00a0corrup\u00e7\u00e3o passiva e corrup\u00e7\u00e3o ativa.<\/p>\n<p>Foto: divulga\u00e7\u00e3o<\/p>\n","protected":false},"excerpt":{"rendered":"<p>A Pol\u00edcia Federal (PF) deflagrou, na manh\u00e3 desta quarta-feira, 23, uma opera\u00e7\u00e3o conjunta com a Secretaria Especial de Previd\u00eancia e Trabalho do Minist\u00e9rio da Economia, integrantes da<\/p>\n","protected":false},"author":1,"featured_media":486185,"comment_status":"closed","ping_status":"closed","sticky":false,"template":"","format":"standard","meta":[],"categories":[3],"tags":[],"acf":[],"yoast_head":"<!-- This site is optimized with the Yoast SEO plugin v20.8 - https:\/\/yoast.com\/wordpress\/plugins\/seo\/ -->\n<title>POL\u00cdCIA FEDERAL DEFLAGRA OPERA\u00c7\u00c3O NO INSS EM SALVADOR - Bahia Economica<\/title>\n<meta name=\"description\" content=\"O maior portal de Economia da Bahia ECONOMIA \/ POL\u00cdTICA Bahia Economica\" \/>\n<meta name=\"robots\" content=\"index, follow, max-snippet:-1, max-image-preview:large, max-video-preview:-1\" \/>\n<link rel=\"canonical\" href=\"https:\/\/bahiaeconomica.com.br\/wp\/2020\/09\/23\/policia-federal-deflagra-operacao-no-inss-em-salvador\/\" \/>\n<meta property=\"og:locale\" content=\"pt_BR\" \/>\n<meta property=\"og:type\" content=\"article\" \/>\n<meta property=\"og:title\" content=\"POL\u00cdCIA FEDERAL DEFLAGRA OPERA\u00c7\u00c3O NO INSS EM SALVADOR - Bahia Economica\" \/>\n<meta property=\"og:description\" content=\"O maior portal de Economia da Bahia ECONOMIA \/ POL\u00cdTICA Bahia Economica\" \/>\n<meta property=\"og:url\" content=\"https:\/\/bahiaeconomica.com.br\/wp\/2020\/09\/23\/policia-federal-deflagra-operacao-no-inss-em-salvador\/\" \/>\n<meta property=\"og:site_name\" content=\"Bahia Economica\" \/>\n<meta property=\"article:publisher\" content=\"https:\/\/www.facebook.com\/bahiaeconomica\" \/>\n<meta property=\"article:published_time\" content=\"2020-09-23T09:50:12+00:00\" \/>\n<meta property=\"article:modified_time\" content=\"2020-09-23T11:37:14+00:00\" \/>\n<meta property=\"og:image\" content=\"https:\/\/bahiaeconomica.com.br\/wp\/wp-content\/uploads\/2020\/08\/policia_federal_19.08.2020.jpg\" \/>\n\t<meta property=\"og:image:width\" content=\"500\" \/>\n\t<meta property=\"og:image:height\" content=\"306\" \/>\n\t<meta property=\"og:image:type\" content=\"image\/jpeg\" \/>\n<meta name=\"author\" content=\"admin\" \/>\n<meta name=\"twitter:card\" content=\"summary_large_image\" \/>\n<meta name=\"twitter:label1\" content=\"Escrito por\" \/>\n\t<meta name=\"twitter:data1\" content=\"admin\" \/>\n\t<meta name=\"twitter:label2\" content=\"Est. tempo de leitura\" \/>\n\t<meta name=\"twitter:data2\" content=\"2 minutos\" \/>\n<script type=\"application\/ld+json\" class=\"yoast-schema-graph\">{\"@context\":\"https:\/\/schema.org\",\"@graph\":[{\"@type\":\"Article\",\"@id\":\"https:\/\/bahiaeconomica.com.br\/wp\/2020\/09\/23\/policia-federal-deflagra-operacao-no-inss-em-salvador\/#article\",\"isPartOf\":{\"@id\":\"https:\/\/bahiaeconomica.com.br\/wp\/2020\/09\/23\/policia-federal-deflagra-operacao-no-inss-em-salvador\/\"},\"author\":{\"name\":\"admin\",\"@id\":\"https:\/\/bahiaeconomica.com.br\/wp\/#\/schema\/person\/cb1ab5ba96ad3d9390805381c76284ec\"},\"headline\":\"POL\u00cdCIA FEDERAL DEFLAGRA OPERA\u00c7\u00c3O NO INSS EM SALVADOR\",\"datePublished\":\"2020-09-23T09:50:12+00:00\",\"dateModified\":\"2020-09-23T11:37:14+00:00\",\"mainEntityOfPage\":{\"@id\":\"https:\/\/bahiaeconomica.com.br\/wp\/2020\/09\/23\/policia-federal-deflagra-operacao-no-inss-em-salvador\/\"},\"wordCount\":371,\"publisher\":{\"@id\":\"https:\/\/bahiaeconomica.com.br\/wp\/#organization\"},\"articleSection\":[\"ECONOMIA \/ POL\u00cdTICA\"],\"inLanguage\":\"pt-BR\"},{\"@type\":\"WebPage\",\"@id\":\"https:\/\/bahiaeconomica.com.br\/wp\/2020\/09\/23\/policia-federal-deflagra-operacao-no-inss-em-salvador\/\",\"url\":\"https:\/\/bahiaeconomica.com.br\/wp\/2020\/09\/23\/policia-federal-deflagra-operacao-no-inss-em-salvador\/\",\"name\":\"POL\u00cdCIA FEDERAL DEFLAGRA OPERA\u00c7\u00c3O NO INSS EM SALVADOR - Bahia Economica\",\"isPartOf\":{\"@id\":\"https:\/\/bahiaeconomica.com.br\/wp\/#website\"},\"datePublished\":\"2020-09-23T09:50:12+00:00\",\"dateModified\":\"2020-09-23T11:37:14+00:00\",\"description\":\"O maior portal de Economia da Bahia ECONOMIA \/ POL\u00cdTICA Bahia Economica\",\"breadcrumb\":{\"@id\":\"https:\/\/bahiaeconomica.com.br\/wp\/2020\/09\/23\/policia-federal-deflagra-operacao-no-inss-em-salvador\/#breadcrumb\"},\"inLanguage\":\"pt-BR\",\"potentialAction\":[{\"@type\":\"ReadAction\",\"target\":[\"https:\/\/bahiaeconomica.com.br\/wp\/2020\/09\/23\/policia-federal-deflagra-operacao-no-inss-em-salvador\/\"]}]},{\"@type\":\"BreadcrumbList\",\"@id\":\"https:\/\/bahiaeconomica.com.br\/wp\/2020\/09\/23\/policia-federal-deflagra-operacao-no-inss-em-salvador\/#breadcrumb\",\"itemListElement\":[{\"@type\":\"ListItem\",\"position\":1,\"name\":\"In\u00edcio\",\"item\":\"https:\/\/bahiaeconomica.com.br\/wp\/\"},{\"@type\":\"ListItem\",\"position\":2,\"name\":\"POL\u00cdCIA FEDERAL DEFLAGRA OPERA\u00c7\u00c3O NO INSS EM SALVADOR\"}]},{\"@type\":\"WebSite\",\"@id\":\"https:\/\/bahiaeconomica.com.br\/wp\/#website\",\"url\":\"https:\/\/bahiaeconomica.com.br\/wp\/\",\"name\":\"Bahia Economica\",\"description\":\"O maior portal de Economia da Bahia\",\"publisher\":{\"@id\":\"https:\/\/bahiaeconomica.com.br\/wp\/#organization\"},\"potentialAction\":[{\"@type\":\"SearchAction\",\"target\":{\"@type\":\"EntryPoint\",\"urlTemplate\":\"https:\/\/bahiaeconomica.com.br\/wp\/?s={search_term_string}\"},\"query-input\":\"required name=search_term_string\"}],\"inLanguage\":\"pt-BR\"},{\"@type\":\"Organization\",\"@id\":\"https:\/\/bahiaeconomica.com.br\/wp\/#organization\",\"name\":\"Bahia Econ\u00f4mica\",\"url\":\"https:\/\/bahiaeconomica.com.br\/wp\/\",\"logo\":{\"@type\":\"ImageObject\",\"inLanguage\":\"pt-BR\",\"@id\":\"https:\/\/bahiaeconomica.com.br\/wp\/#\/schema\/logo\/image\/\",\"url\":\"https:\/\/bahiaeconomica.com.br\/wp\/wp-content\/uploads\/2020\/12\/cropped-BE.png\",\"contentUrl\":\"https:\/\/bahiaeconomica.com.br\/wp\/wp-content\/uploads\/2020\/12\/cropped-BE.png\",\"width\":512,\"height\":512,\"caption\":\"Bahia Econ\u00f4mica\"},\"image\":{\"@id\":\"https:\/\/bahiaeconomica.com.br\/wp\/#\/schema\/logo\/image\/\"},\"sameAs\":[\"https:\/\/www.facebook.com\/bahiaeconomica\"]},{\"@type\":\"Person\",\"@id\":\"https:\/\/bahiaeconomica.com.br\/wp\/#\/schema\/person\/cb1ab5ba96ad3d9390805381c76284ec\",\"name\":\"admin\",\"url\":\"https:\/\/bahiaeconomica.com.br\/wp\/author\/admin\/\"}]}<\/script>\n<!-- \/ Yoast SEO plugin. -->","yoast_head_json":{"title":"POL\u00cdCIA FEDERAL DEFLAGRA OPERA\u00c7\u00c3O NO INSS EM SALVADOR - Bahia Economica","description":"O maior portal de Economia da Bahia ECONOMIA \/ POL\u00cdTICA Bahia Economica","robots":{"index":"index","follow":"follow","max-snippet":"max-snippet:-1","max-image-preview":"max-image-preview:large","max-video-preview":"max-video-preview:-1"},"canonical":"https:\/\/bahiaeconomica.com.br\/wp\/2020\/09\/23\/policia-federal-deflagra-operacao-no-inss-em-salvador\/","og_locale":"pt_BR","og_type":"article","og_title":"POL\u00cdCIA FEDERAL DEFLAGRA OPERA\u00c7\u00c3O NO INSS EM SALVADOR - Bahia Economica","og_description":"O maior portal de Economia da Bahia ECONOMIA \/ POL\u00cdTICA Bahia Economica","og_url":"https:\/\/bahiaeconomica.com.br\/wp\/2020\/09\/23\/policia-federal-deflagra-operacao-no-inss-em-salvador\/","og_site_name":"Bahia Economica","article_publisher":"https:\/\/www.facebook.com\/bahiaeconomica","article_published_time":"2020-09-23T09:50:12+00:00","article_modified_time":"2020-09-23T11:37:14+00:00","og_image":[{"width":500,"height":306,"url":"https:\/\/bahiaeconomica.com.br\/wp\/wp-content\/uploads\/2020\/08\/policia_federal_19.08.2020.jpg","type":"image\/jpeg"}],"author":"admin","twitter_card":"summary_large_image","twitter_misc":{"Escrito por":"admin","Est. tempo de leitura":"2 minutos"},"schema":{"@context":"https:\/\/schema.org","@graph":[{"@type":"Article","@id":"https:\/\/bahiaeconomica.com.br\/wp\/2020\/09\/23\/policia-federal-deflagra-operacao-no-inss-em-salvador\/#article","isPartOf":{"@id":"https:\/\/bahiaeconomica.com.br\/wp\/2020\/09\/23\/policia-federal-deflagra-operacao-no-inss-em-salvador\/"},"author":{"name":"admin","@id":"https:\/\/bahiaeconomica.com.br\/wp\/#\/schema\/person\/cb1ab5ba96ad3d9390805381c76284ec"},"headline":"POL\u00cdCIA FEDERAL DEFLAGRA OPERA\u00c7\u00c3O NO INSS EM SALVADOR","datePublished":"2020-09-23T09:50:12+00:00","dateModified":"2020-09-23T11:37:14+00:00","mainEntityOfPage":{"@id":"https:\/\/bahiaeconomica.com.br\/wp\/2020\/09\/23\/policia-federal-deflagra-operacao-no-inss-em-salvador\/"},"wordCount":371,"publisher":{"@id":"https:\/\/bahiaeconomica.com.br\/wp\/#organization"},"articleSection":["ECONOMIA \/ POL\u00cdTICA"],"inLanguage":"pt-BR"},{"@type":"WebPage","@id":"https:\/\/bahiaeconomica.com.br\/wp\/2020\/09\/23\/policia-federal-deflagra-operacao-no-inss-em-salvador\/","url":"https:\/\/bahiaeconomica.com.br\/wp\/2020\/09\/23\/policia-federal-deflagra-operacao-no-inss-em-salvador\/","name":"POL\u00cdCIA FEDERAL DEFLAGRA OPERA\u00c7\u00c3O NO INSS EM SALVADOR - Bahia Economica","isPartOf":{"@id":"https:\/\/bahiaeconomica.com.br\/wp\/#website"},"datePublished":"2020-09-23T09:50:12+00:00","dateModified":"2020-09-23T11:37:14+00:00","description":"O maior portal de Economia da Bahia ECONOMIA \/ POL\u00cdTICA Bahia Economica","breadcrumb":{"@id":"https:\/\/bahiaeconomica.com.br\/wp\/2020\/09\/23\/policia-federal-deflagra-operacao-no-inss-em-salvador\/#breadcrumb"},"inLanguage":"pt-BR","potentialAction":[{"@type":"ReadAction","target":["https:\/\/bahiaeconomica.com.br\/wp\/2020\/09\/23\/policia-federal-deflagra-operacao-no-inss-em-salvador\/"]}]},{"@type":"BreadcrumbList","@id":"https:\/\/bahiaeconomica.com.br\/wp\/2020\/09\/23\/policia-federal-deflagra-operacao-no-inss-em-salvador\/#breadcrumb","itemListElement":[{"@type":"ListItem","position":1,"name":"In\u00edcio","item":"https:\/\/bahiaeconomica.com.br\/wp\/"},{"@type":"ListItem","position":2,"name":"POL\u00cdCIA FEDERAL DEFLAGRA OPERA\u00c7\u00c3O NO INSS EM SALVADOR"}]},{"@type":"WebSite","@id":"https:\/\/bahiaeconomica.com.br\/wp\/#website","url":"https:\/\/bahiaeconomica.com.br\/wp\/","name":"Bahia Economica","description":"O maior portal de Economia da Bahia","publisher":{"@id":"https:\/\/bahiaeconomica.com.br\/wp\/#organization"},"potentialAction":[{"@type":"SearchAction","target":{"@type":"EntryPoint","urlTemplate":"https:\/\/bahiaeconomica.com.br\/wp\/?s={search_term_string}"},"query-input":"required name=search_term_string"}],"inLanguage":"pt-BR"},{"@type":"Organization","@id":"https:\/\/bahiaeconomica.com.br\/wp\/#organization","name":"Bahia Econ\u00f4mica","url":"https:\/\/bahiaeconomica.com.br\/wp\/","logo":{"@type":"ImageObject","inLanguage":"pt-BR","@id":"https:\/\/bahiaeconomica.com.br\/wp\/#\/schema\/logo\/image\/","url":"https:\/\/bahiaeconomica.com.br\/wp\/wp-content\/uploads\/2020\/12\/cropped-BE.png","contentUrl":"https:\/\/bahiaeconomica.com.br\/wp\/wp-content\/uploads\/2020\/12\/cropped-BE.png","width":512,"height":512,"caption":"Bahia Econ\u00f4mica"},"image":{"@id":"https:\/\/bahiaeconomica.com.br\/wp\/#\/schema\/logo\/image\/"},"sameAs":["https:\/\/www.facebook.com\/bahiaeconomica"]},{"@type":"Person","@id":"https:\/\/bahiaeconomica.com.br\/wp\/#\/schema\/person\/cb1ab5ba96ad3d9390805381c76284ec","name":"admin","url":"https:\/\/bahiaeconomica.com.br\/wp\/author\/admin\/"}]}},"views":1,"_links":{"self":[{"href":"https:\/\/bahiaeconomica.com.br\/wp\/wp-json\/wp\/v2\/posts\/494876"}],"collection":[{"href":"https:\/\/bahiaeconomica.com.br\/wp\/wp-json\/wp\/v2\/posts"}],"about":[{"href":"https:\/\/bahiaeconomica.com.br\/wp\/wp-json\/wp\/v2\/types\/post"}],"author":[{"embeddable":true,"href":"https:\/\/bahiaeconomica.com.br\/wp\/wp-json\/wp\/v2\/users\/1"}],"replies":[{"embeddable":true,"href":"https:\/\/bahiaeconomica.com.br\/wp\/wp-json\/wp\/v2\/comments?post=494876"}],"version-history":[{"count":2,"href":"https:\/\/bahiaeconomica.com.br\/wp\/wp-json\/wp\/v2\/posts\/494876\/revisions"}],"predecessor-version":[{"id":494911,"href":"https:\/\/bahiaeconomica.com.br\/wp\/wp-json\/wp\/v2\/posts\/494876\/revisions\/494911"}],"wp:featuredmedia":[{"embeddable":true,"href":"https:\/\/bahiaeconomica.com.br\/wp\/wp-json\/wp\/v2\/media\/486185"}],"wp:attachment":[{"href":"https:\/\/bahiaeconomica.com.br\/wp\/wp-json\/wp\/v2\/media?parent=494876"}],"wp:term":[{"taxonomy":"category","embeddable":true,"href":"https:\/\/bahiaeconomica.com.br\/wp\/wp-json\/wp\/v2\/categories?post=494876"},{"taxonomy":"post_tag","embeddable":true,"href":"https:\/\/bahiaeconomica.com.br\/wp\/wp-json\/wp\/v2\/tags?post=494876"}],"curies":[{"name":"wp","href":"https:\/\/api.w.org\/{rel}","templated":true}]}}