{"id":494454,"date":"2020-09-22T07:02:28","date_gmt":"2020-09-22T10:02:28","guid":{"rendered":"https:\/\/bahiaeconomica.com.br\/wp\/beta\/?p=494454"},"modified":"2020-09-22T07:02:28","modified_gmt":"2020-09-22T10:02:28","slug":"transalvador-retem-31-cnhs-na-volta-das-blitze-da-lei-seca-2","status":"publish","type":"post","link":"https:\/\/bahiaeconomica.com.br\/wp\/2020\/09\/22\/transalvador-retem-31-cnhs-na-volta-das-blitze-da-lei-seca-2\/","title":{"rendered":"TRANSALVADOR RET\u00c9M 31 CNHS NA VOLTA DAS BLITZE DA LEI SECA"},"content":{"rendered":"<p>Mais de 300 motoristas foram abordados pelos agentes da Superintend\u00eancia de Tr\u00e2nsito de Salvador (Transalvador) durante a primeira semana de retorno das blitze di\u00e1rias da Lei Seca, <!--more-->iniciadas no dia 14 deste m\u00eas em diversos pontos da cidade. Dos 315 ve\u00edculos abordados, 29 condutores se recusaram a fazer o teste do baf\u00f4metro e 31 tiveram a Carteira Nacional de Habilita\u00e7\u00e3o (CNH) apreendida. Outros quatro foram autuados por dire\u00e7\u00e3o seguida de ingest\u00e3o de \u00e1lcool em quantidade de at\u00e9 0,29 miligrama por litro de ar.<\/p>\n<p>Ainda durante as blitze, seis ve\u00edculos foram apreendidos e outras 37 infra\u00e7\u00f5es diversas foram registradas pelos agentes da Transalvador. Nenhum condutor foi flagrado com o \u00edndice de \u00e1lcool no sangue maior que 0,30 mg\/l, o que configura crime de tr\u00e2nsito. Protocolo &#8211; Para retomar as blitze, a Transalvador adotou um protocolo de seguran\u00e7a contra a Covid-19, visando proteger tanto os servidores p\u00fablicos quanto o cidad\u00e3o.<\/p>\n<p>Os agentes foram orientados a refor\u00e7ar ainda mais a higieniza\u00e7\u00e3o dos equipamentos usados a cada teste realizado e evitar aglomera\u00e7\u00f5es nas abordagens. Al\u00e9m disso, os condutores t\u00eam a temperatura aferida antes da abordagem, s\u00f3 tendo acesso ao etil\u00f4metro quem est\u00e1 com a temperatura abaixo de 37,8\u00b0C. Os mesmos cuidados foram adotados pelos profissionais da Transalvador, que n\u00e3o abdicaram do uso das m\u00e1scaras, luvas, \u00f3culos ou protetor facial. Al\u00e9m do uso do \u00e1lcool em gel disponibilizado para cada equipe.<\/p>\n<p>\u201c\u00c9 comprovado que as blitze da Lei Seca s\u00e3o importantes instrumentos para coibir condutas irrespons\u00e1veis no tr\u00e2nsito. Com essa retomada, adotamos um protocolo de seguran\u00e7a todo especial para n\u00e3o descuidar da sa\u00fade do cidad\u00e3o. Com as nossas abordagens di\u00e1rias, Salvador se tornou uma refer\u00eancia no Brasil em termos de promo\u00e7\u00e3o da seguran\u00e7a vi\u00e1ria, j\u00e1 que essa iniciativa refletiu na queda no n\u00famero de acidentes\u201d, salientou Fabrizzio M\u00fcller, superintendente da Transalvador.<\/p>\n<p>Foto: divulga\u00e7\u00e3o<\/p>\n","protected":false},"excerpt":{"rendered":"<p>Mais de 300 motoristas foram abordados pelos agentes da Superintend\u00eancia de Tr\u00e2nsito de Salvador (Transalvador) durante a primeira semana de retorno das blitze di\u00e1rias da Lei Seca,<\/p>\n","protected":false},"author":1,"featured_media":494418,"comment_status":"closed","ping_status":"closed","sticky":false,"template":"","format":"standard","meta":[],"categories":[14,3],"tags":[],"acf":[],"yoast_head":"<!-- This site is optimized with the Yoast SEO plugin v20.8 - https:\/\/yoast.com\/wordpress\/plugins\/seo\/ -->\n<title>TRANSALVADOR RET\u00c9M 31 CNHS NA VOLTA DAS BLITZE DA LEI SECA - Bahia Economica<\/title>\n<meta name=\"description\" content=\"O maior portal de Economia da Bahia DESTAQUE DO DIA, ECONOMIA \/ POL\u00cdTICA Bahia Economica\" \/>\n<meta name=\"robots\" content=\"index, follow, max-snippet:-1, max-image-preview:large, max-video-preview:-1\" \/>\n<link rel=\"canonical\" href=\"https:\/\/bahiaeconomica.com.br\/wp\/2020\/09\/22\/transalvador-retem-31-cnhs-na-volta-das-blitze-da-lei-seca-2\/\" \/>\n<meta property=\"og:locale\" content=\"pt_BR\" \/>\n<meta property=\"og:type\" content=\"article\" \/>\n<meta property=\"og:title\" content=\"TRANSALVADOR RET\u00c9M 31 CNHS NA VOLTA DAS BLITZE DA LEI SECA - Bahia Economica\" \/>\n<meta property=\"og:description\" content=\"O maior portal de Economia da Bahia DESTAQUE DO DIA, ECONOMIA \/ POL\u00cdTICA Bahia Economica\" \/>\n<meta property=\"og:url\" content=\"https:\/\/bahiaeconomica.com.br\/wp\/2020\/09\/22\/transalvador-retem-31-cnhs-na-volta-das-blitze-da-lei-seca-2\/\" \/>\n<meta property=\"og:site_name\" content=\"Bahia Economica\" \/>\n<meta property=\"article:publisher\" content=\"https:\/\/www.facebook.com\/bahiaeconomica\" \/>\n<meta property=\"article:published_time\" content=\"2020-09-22T10:02:28+00:00\" \/>\n<meta property=\"og:image\" content=\"https:\/\/bahiaeconomica.com.br\/wp\/wp-content\/uploads\/2020\/09\/transalvador.jpg\" \/>\n\t<meta property=\"og:image:width\" content=\"500\" \/>\n\t<meta property=\"og:image:height\" content=\"300\" \/>\n\t<meta property=\"og:image:type\" content=\"image\/jpeg\" \/>\n<meta name=\"author\" content=\"admin\" \/>\n<meta name=\"twitter:card\" content=\"summary_large_image\" \/>\n<meta name=\"twitter:label1\" content=\"Escrito por\" \/>\n\t<meta name=\"twitter:data1\" content=\"admin\" \/>\n\t<meta name=\"twitter:label2\" content=\"Est. tempo de leitura\" \/>\n\t<meta name=\"twitter:data2\" content=\"2 minutos\" \/>\n<script type=\"application\/ld+json\" class=\"yoast-schema-graph\">{\"@context\":\"https:\/\/schema.org\",\"@graph\":[{\"@type\":\"Article\",\"@id\":\"https:\/\/bahiaeconomica.com.br\/wp\/2020\/09\/22\/transalvador-retem-31-cnhs-na-volta-das-blitze-da-lei-seca-2\/#article\",\"isPartOf\":{\"@id\":\"https:\/\/bahiaeconomica.com.br\/wp\/2020\/09\/22\/transalvador-retem-31-cnhs-na-volta-das-blitze-da-lei-seca-2\/\"},\"author\":{\"name\":\"admin\",\"@id\":\"https:\/\/bahiaeconomica.com.br\/wp\/#\/schema\/person\/cb1ab5ba96ad3d9390805381c76284ec\"},\"headline\":\"TRANSALVADOR RET\u00c9M 31 CNHS NA VOLTA DAS BLITZE DA LEI SECA\",\"datePublished\":\"2020-09-22T10:02:28+00:00\",\"dateModified\":\"2020-09-22T10:02:28+00:00\",\"mainEntityOfPage\":{\"@id\":\"https:\/\/bahiaeconomica.com.br\/wp\/2020\/09\/22\/transalvador-retem-31-cnhs-na-volta-das-blitze-da-lei-seca-2\/\"},\"wordCount\":340,\"publisher\":{\"@id\":\"https:\/\/bahiaeconomica.com.br\/wp\/#organization\"},\"articleSection\":[\"DESTAQUE DO DIA\",\"ECONOMIA \/ POL\u00cdTICA\"],\"inLanguage\":\"pt-BR\"},{\"@type\":\"WebPage\",\"@id\":\"https:\/\/bahiaeconomica.com.br\/wp\/2020\/09\/22\/transalvador-retem-31-cnhs-na-volta-das-blitze-da-lei-seca-2\/\",\"url\":\"https:\/\/bahiaeconomica.com.br\/wp\/2020\/09\/22\/transalvador-retem-31-cnhs-na-volta-das-blitze-da-lei-seca-2\/\",\"name\":\"TRANSALVADOR RET\u00c9M 31 CNHS NA VOLTA DAS BLITZE DA LEI SECA - Bahia Economica\",\"isPartOf\":{\"@id\":\"https:\/\/bahiaeconomica.com.br\/wp\/#website\"},\"datePublished\":\"2020-09-22T10:02:28+00:00\",\"dateModified\":\"2020-09-22T10:02:28+00:00\",\"description\":\"O maior portal de Economia da Bahia DESTAQUE DO DIA, ECONOMIA \/ POL\u00cdTICA Bahia Economica\",\"breadcrumb\":{\"@id\":\"https:\/\/bahiaeconomica.com.br\/wp\/2020\/09\/22\/transalvador-retem-31-cnhs-na-volta-das-blitze-da-lei-seca-2\/#breadcrumb\"},\"inLanguage\":\"pt-BR\",\"potentialAction\":[{\"@type\":\"ReadAction\",\"target\":[\"https:\/\/bahiaeconomica.com.br\/wp\/2020\/09\/22\/transalvador-retem-31-cnhs-na-volta-das-blitze-da-lei-seca-2\/\"]}]},{\"@type\":\"BreadcrumbList\",\"@id\":\"https:\/\/bahiaeconomica.com.br\/wp\/2020\/09\/22\/transalvador-retem-31-cnhs-na-volta-das-blitze-da-lei-seca-2\/#breadcrumb\",\"itemListElement\":[{\"@type\":\"ListItem\",\"position\":1,\"name\":\"In\u00edcio\",\"item\":\"https:\/\/bahiaeconomica.com.br\/wp\/\"},{\"@type\":\"ListItem\",\"position\":2,\"name\":\"TRANSALVADOR RET\u00c9M 31 CNHS NA VOLTA DAS BLITZE DA LEI SECA\"}]},{\"@type\":\"WebSite\",\"@id\":\"https:\/\/bahiaeconomica.com.br\/wp\/#website\",\"url\":\"https:\/\/bahiaeconomica.com.br\/wp\/\",\"name\":\"Bahia Economica\",\"description\":\"O maior portal de Economia da Bahia\",\"publisher\":{\"@id\":\"https:\/\/bahiaeconomica.com.br\/wp\/#organization\"},\"potentialAction\":[{\"@type\":\"SearchAction\",\"target\":{\"@type\":\"EntryPoint\",\"urlTemplate\":\"https:\/\/bahiaeconomica.com.br\/wp\/?s={search_term_string}\"},\"query-input\":\"required name=search_term_string\"}],\"inLanguage\":\"pt-BR\"},{\"@type\":\"Organization\",\"@id\":\"https:\/\/bahiaeconomica.com.br\/wp\/#organization\",\"name\":\"Bahia Econ\u00f4mica\",\"url\":\"https:\/\/bahiaeconomica.com.br\/wp\/\",\"logo\":{\"@type\":\"ImageObject\",\"inLanguage\":\"pt-BR\",\"@id\":\"https:\/\/bahiaeconomica.com.br\/wp\/#\/schema\/logo\/image\/\",\"url\":\"https:\/\/bahiaeconomica.com.br\/wp\/wp-content\/uploads\/2020\/12\/cropped-BE.png\",\"contentUrl\":\"https:\/\/bahiaeconomica.com.br\/wp\/wp-content\/uploads\/2020\/12\/cropped-BE.png\",\"width\":512,\"height\":512,\"caption\":\"Bahia Econ\u00f4mica\"},\"image\":{\"@id\":\"https:\/\/bahiaeconomica.com.br\/wp\/#\/schema\/logo\/image\/\"},\"sameAs\":[\"https:\/\/www.facebook.com\/bahiaeconomica\"]},{\"@type\":\"Person\",\"@id\":\"https:\/\/bahiaeconomica.com.br\/wp\/#\/schema\/person\/cb1ab5ba96ad3d9390805381c76284ec\",\"name\":\"admin\",\"url\":\"https:\/\/bahiaeconomica.com.br\/wp\/author\/admin\/\"}]}<\/script>\n<!-- \/ Yoast SEO plugin. -->","yoast_head_json":{"title":"TRANSALVADOR RET\u00c9M 31 CNHS NA VOLTA DAS BLITZE DA LEI SECA - Bahia Economica","description":"O maior portal de Economia da Bahia DESTAQUE DO DIA, ECONOMIA \/ POL\u00cdTICA Bahia Economica","robots":{"index":"index","follow":"follow","max-snippet":"max-snippet:-1","max-image-preview":"max-image-preview:large","max-video-preview":"max-video-preview:-1"},"canonical":"https:\/\/bahiaeconomica.com.br\/wp\/2020\/09\/22\/transalvador-retem-31-cnhs-na-volta-das-blitze-da-lei-seca-2\/","og_locale":"pt_BR","og_type":"article","og_title":"TRANSALVADOR RET\u00c9M 31 CNHS NA VOLTA DAS BLITZE DA LEI SECA - Bahia Economica","og_description":"O maior portal de Economia da Bahia DESTAQUE DO DIA, ECONOMIA \/ POL\u00cdTICA Bahia Economica","og_url":"https:\/\/bahiaeconomica.com.br\/wp\/2020\/09\/22\/transalvador-retem-31-cnhs-na-volta-das-blitze-da-lei-seca-2\/","og_site_name":"Bahia Economica","article_publisher":"https:\/\/www.facebook.com\/bahiaeconomica","article_published_time":"2020-09-22T10:02:28+00:00","og_image":[{"width":500,"height":300,"url":"https:\/\/bahiaeconomica.com.br\/wp\/wp-content\/uploads\/2020\/09\/transalvador.jpg","type":"image\/jpeg"}],"author":"admin","twitter_card":"summary_large_image","twitter_misc":{"Escrito por":"admin","Est. tempo de leitura":"2 minutos"},"schema":{"@context":"https:\/\/schema.org","@graph":[{"@type":"Article","@id":"https:\/\/bahiaeconomica.com.br\/wp\/2020\/09\/22\/transalvador-retem-31-cnhs-na-volta-das-blitze-da-lei-seca-2\/#article","isPartOf":{"@id":"https:\/\/bahiaeconomica.com.br\/wp\/2020\/09\/22\/transalvador-retem-31-cnhs-na-volta-das-blitze-da-lei-seca-2\/"},"author":{"name":"admin","@id":"https:\/\/bahiaeconomica.com.br\/wp\/#\/schema\/person\/cb1ab5ba96ad3d9390805381c76284ec"},"headline":"TRANSALVADOR RET\u00c9M 31 CNHS NA VOLTA DAS BLITZE DA LEI SECA","datePublished":"2020-09-22T10:02:28+00:00","dateModified":"2020-09-22T10:02:28+00:00","mainEntityOfPage":{"@id":"https:\/\/bahiaeconomica.com.br\/wp\/2020\/09\/22\/transalvador-retem-31-cnhs-na-volta-das-blitze-da-lei-seca-2\/"},"wordCount":340,"publisher":{"@id":"https:\/\/bahiaeconomica.com.br\/wp\/#organization"},"articleSection":["DESTAQUE DO DIA","ECONOMIA \/ POL\u00cdTICA"],"inLanguage":"pt-BR"},{"@type":"WebPage","@id":"https:\/\/bahiaeconomica.com.br\/wp\/2020\/09\/22\/transalvador-retem-31-cnhs-na-volta-das-blitze-da-lei-seca-2\/","url":"https:\/\/bahiaeconomica.com.br\/wp\/2020\/09\/22\/transalvador-retem-31-cnhs-na-volta-das-blitze-da-lei-seca-2\/","name":"TRANSALVADOR RET\u00c9M 31 CNHS NA VOLTA DAS BLITZE DA LEI SECA - Bahia Economica","isPartOf":{"@id":"https:\/\/bahiaeconomica.com.br\/wp\/#website"},"datePublished":"2020-09-22T10:02:28+00:00","dateModified":"2020-09-22T10:02:28+00:00","description":"O maior portal de Economia da Bahia DESTAQUE DO DIA, ECONOMIA \/ POL\u00cdTICA Bahia Economica","breadcrumb":{"@id":"https:\/\/bahiaeconomica.com.br\/wp\/2020\/09\/22\/transalvador-retem-31-cnhs-na-volta-das-blitze-da-lei-seca-2\/#breadcrumb"},"inLanguage":"pt-BR","potentialAction":[{"@type":"ReadAction","target":["https:\/\/bahiaeconomica.com.br\/wp\/2020\/09\/22\/transalvador-retem-31-cnhs-na-volta-das-blitze-da-lei-seca-2\/"]}]},{"@type":"BreadcrumbList","@id":"https:\/\/bahiaeconomica.com.br\/wp\/2020\/09\/22\/transalvador-retem-31-cnhs-na-volta-das-blitze-da-lei-seca-2\/#breadcrumb","itemListElement":[{"@type":"ListItem","position":1,"name":"In\u00edcio","item":"https:\/\/bahiaeconomica.com.br\/wp\/"},{"@type":"ListItem","position":2,"name":"TRANSALVADOR RET\u00c9M 31 CNHS NA VOLTA DAS BLITZE DA LEI SECA"}]},{"@type":"WebSite","@id":"https:\/\/bahiaeconomica.com.br\/wp\/#website","url":"https:\/\/bahiaeconomica.com.br\/wp\/","name":"Bahia Economica","description":"O maior portal de Economia da Bahia","publisher":{"@id":"https:\/\/bahiaeconomica.com.br\/wp\/#organization"},"potentialAction":[{"@type":"SearchAction","target":{"@type":"EntryPoint","urlTemplate":"https:\/\/bahiaeconomica.com.br\/wp\/?s={search_term_string}"},"query-input":"required name=search_term_string"}],"inLanguage":"pt-BR"},{"@type":"Organization","@id":"https:\/\/bahiaeconomica.com.br\/wp\/#organization","name":"Bahia Econ\u00f4mica","url":"https:\/\/bahiaeconomica.com.br\/wp\/","logo":{"@type":"ImageObject","inLanguage":"pt-BR","@id":"https:\/\/bahiaeconomica.com.br\/wp\/#\/schema\/logo\/image\/","url":"https:\/\/bahiaeconomica.com.br\/wp\/wp-content\/uploads\/2020\/12\/cropped-BE.png","contentUrl":"https:\/\/bahiaeconomica.com.br\/wp\/wp-content\/uploads\/2020\/12\/cropped-BE.png","width":512,"height":512,"caption":"Bahia Econ\u00f4mica"},"image":{"@id":"https:\/\/bahiaeconomica.com.br\/wp\/#\/schema\/logo\/image\/"},"sameAs":["https:\/\/www.facebook.com\/bahiaeconomica"]},{"@type":"Person","@id":"https:\/\/bahiaeconomica.com.br\/wp\/#\/schema\/person\/cb1ab5ba96ad3d9390805381c76284ec","name":"admin","url":"https:\/\/bahiaeconomica.com.br\/wp\/author\/admin\/"}]}},"views":3,"_links":{"self":[{"href":"https:\/\/bahiaeconomica.com.br\/wp\/wp-json\/wp\/v2\/posts\/494454"}],"collection":[{"href":"https:\/\/bahiaeconomica.com.br\/wp\/wp-json\/wp\/v2\/posts"}],"about":[{"href":"https:\/\/bahiaeconomica.com.br\/wp\/wp-json\/wp\/v2\/types\/post"}],"author":[{"embeddable":true,"href":"https:\/\/bahiaeconomica.com.br\/wp\/wp-json\/wp\/v2\/users\/1"}],"replies":[{"embeddable":true,"href":"https:\/\/bahiaeconomica.com.br\/wp\/wp-json\/wp\/v2\/comments?post=494454"}],"version-history":[{"count":1,"href":"https:\/\/bahiaeconomica.com.br\/wp\/wp-json\/wp\/v2\/posts\/494454\/revisions"}],"predecessor-version":[{"id":494456,"href":"https:\/\/bahiaeconomica.com.br\/wp\/wp-json\/wp\/v2\/posts\/494454\/revisions\/494456"}],"wp:featuredmedia":[{"embeddable":true,"href":"https:\/\/bahiaeconomica.com.br\/wp\/wp-json\/wp\/v2\/media\/494418"}],"wp:attachment":[{"href":"https:\/\/bahiaeconomica.com.br\/wp\/wp-json\/wp\/v2\/media?parent=494454"}],"wp:term":[{"taxonomy":"category","embeddable":true,"href":"https:\/\/bahiaeconomica.com.br\/wp\/wp-json\/wp\/v2\/categories?post=494454"},{"taxonomy":"post_tag","embeddable":true,"href":"https:\/\/bahiaeconomica.com.br\/wp\/wp-json\/wp\/v2\/tags?post=494454"}],"curies":[{"name":"wp","href":"https:\/\/api.w.org\/{rel}","templated":true}]}}