{"id":492996,"date":"2020-09-16T09:00:33","date_gmt":"2020-09-16T12:00:33","guid":{"rendered":"https:\/\/bahiaeconomica.com.br\/wp\/beta\/?p=492996"},"modified":"2020-09-16T09:05:49","modified_gmt":"2020-09-16T12:05:49","slug":"sem-renda-brasil-governo-ainda-tera-entraves-para-ampliar-bolsa-familia","status":"publish","type":"post","link":"https:\/\/bahiaeconomica.com.br\/wp\/2020\/09\/16\/sem-renda-brasil-governo-ainda-tera-entraves-para-ampliar-bolsa-familia\/","title":{"rendered":"SEM RENDA BRASIL, GOVERNO AINDA TER\u00c1 ENTRAVES PARA AMPLIAR BOLSA FAM\u00cdLIA"},"content":{"rendered":"<p>Sem perspectiva de lan\u00e7amento de um programa social com a digital do atual governo, o Bolsa Fam\u00edlia dever\u00e1 ser refor\u00e7ado para evitar uma queda brusca na popularidade do presidente <!--more-->Jair Bolsonaro (sem partido) depois do fim do aux\u00edlio emergencial. Ap\u00f3s o governo desistir do Renda Brasil, que substituiria o Bolsa Fam\u00edlia, auxiliares de Bolsonaro querem aumentar a verba dispon\u00edvel para o programa de transfer\u00eancia de renda, ainda que mantendo o nome ligado \u00e0 marca petista.<\/p>\n<p>Apesar do plano, as dificuldades or\u00e7ament\u00e1rias do governo nessa \u00e1rea tendem a continuar: ser\u00e1 necess\u00e1rio implementar medidas consideradas impopulares para abrir espa\u00e7o em caixa e ampliar a cobertura para fam\u00edlias carentes. O ministro Paulo Guedes (Economia), sem apoio do Pal\u00e1cio do Planalto, vem sendo fritado e perdendo for\u00e7a no governo ap\u00f3s ver suas ideias serem consideradas politicamente invi\u00e1veis. A verba, no entanto, n\u00e3o prev\u00ea a 13\u00aa parcela prometida por Bolsonaro na campanha presidencial, nem um aumento substancial do benef\u00edcio \u2014na faixa de R$ 192 por m\u00eas para cada fam\u00edlia, em m\u00e9dia.<\/p>\n<p>O plano do Renda Brasil foi abandonado por Bolsonaro nesta ter\u00e7a-feira (15) ap\u00f3s sucessivas discord\u00e2ncias sobre como bancar o programa, que consistiria numa reformula\u00e7\u00e3o Bolsa Fam\u00edlia \u2014marca associada \u00e0 gest\u00e3o de Luiz In\u00e1cio Lula da Silva (PT). O presidente solicitou estudos sobre a viabilidade de anunciar para o in\u00edcio de 2021 alguma iniciativa na \u00e1rea social, envolvendo por exemplo mais benefici\u00e1rios ou um valor mensal maior. Atualmente, h\u00e1 14,28 milh\u00f5es de fam\u00edlias dentro do programa criado no governo do PT. Cerca de 600 mil est\u00e3o na fila de espera e, apesar de receberem o aux\u00edlio emergencial em 2020, segundo o governo, devem ser inseridas no Bolsa Fam\u00edlia no pr\u00f3ximo ano.<\/p>\n<p>O aux\u00edlio foi criado para contornar os efeitos da Covid-19, com um valor mensal de R$ 600 pago por cinco meses. A medida foi prorrogada at\u00e9 dezembro, com mais quatro parcelas de R$ 300. T\u00e9cnicos na \u00e1rea de assist\u00eancia social do governo n\u00e3o conseguem prever os rumos do Bolsa Fam\u00edlia porque ainda n\u00e3o sabem qual ser\u00e1 a taxa de pobreza ap\u00f3s a pandemia do coronav\u00edrus. Os dados atuais, argumentam eles, est\u00e3o distorcidos por causa do pagamento do aux\u00edlio emergencial. Bolsonaro, ao se abster de discutir sa\u00eddas para o Renda Brasil, deve come\u00e7ar 2021 com press\u00e3o de dois lados: o pol\u00edtico, j\u00e1 que o aumento de gastos assistenciais fez a popularidade dele subir, e o social, diante do aumento da pobreza ap\u00f3s o tombo da economia neste ano.<\/p>\n<p>&#8220;Natimorto&#8221; \u00e9 como alguns integrantes do governo chamaram o Renda Brasil. Desde o in\u00edcio, Guedes tinha dificuldade em conseguir dinheiro para o programa. A principal aposta era o abono salarial, que custa R$ 20 bilh\u00f5es e cuja verba s\u00f3 ficaria livre em 2022, por causa do calend\u00e1rio de pagamento do benef\u00edcio. Diante do fracasso, a avalia\u00e7\u00e3o \u00e9 que o Congresso poder\u00e1 ter interesse em assumir o protagonismo dessa discuss\u00e3o e, assim, querer elevar as pr\u00f3ximas parcelas do aux\u00edlio emergencial novamente para R$ 600 por m\u00eas.<\/p>\n<p>O governo reduziu para R$ 300 em decorr\u00eancia do alto custo do programa, o que ainda pode ser alterado pelos parlamentares. O Pal\u00e1cio do Planalto quer aumentar a ofensiva para evitar o aumento do valor do benef\u00edcio. L\u00edderes partid\u00e1rios tamb\u00e9m j\u00e1 sinalizaram que v\u00e3o sustentar o debate da amplia\u00e7\u00e3o do Bolsa Fam\u00edlia. Mas, ent\u00e3o, caberia a eles o \u00f4nus de indicar no projeto de Or\u00e7amento de 2021 quais despesas seriam cortadas para bancar um programa social novo e maior que o petista.<\/p>\n<p>O impasse em torno do Renda Brasil envolve as restri\u00e7\u00f5es impostas pelo teto de gastos. Essa regra, prevista na Constitui\u00e7\u00e3o, impede que as despesas p\u00fablicas avancem mais que a infla\u00e7\u00e3o do ano anterior. Em um dos cen\u00e1rios tra\u00e7ados, a equipe de Guedes planejou substituir o nome Bolsa Fam\u00edlia, ampliar a cobertura para 21 milh\u00f5es de fam\u00edlias e elevar o benef\u00edcio m\u00e9dio para R$ 300 mensais. Tudo isso caberia num or\u00e7amento anual de R$ 52 bilh\u00f5es \u2014R$ 20 bilh\u00f5es a mais que a verba em 2020.<\/p>\n<p>Foto: divulga\u00e7\u00e3o<\/p>\n","protected":false},"excerpt":{"rendered":"<p>Sem perspectiva de lan\u00e7amento de um programa social com a digital do atual governo, o Bolsa Fam\u00edlia dever\u00e1 ser refor\u00e7ado para evitar uma queda brusca na popularidade do presidente<\/p>\n","protected":false},"author":1,"featured_media":431370,"comment_status":"closed","ping_status":"closed","sticky":false,"template":"","format":"standard","meta":[],"categories":[3],"tags":[],"acf":[],"yoast_head":"<!-- This site is optimized with the Yoast SEO plugin v20.8 - https:\/\/yoast.com\/wordpress\/plugins\/seo\/ -->\n<title>SEM RENDA BRASIL, GOVERNO AINDA TER\u00c1 ENTRAVES PARA AMPLIAR BOLSA FAM\u00cdLIA - Bahia Economica<\/title>\n<meta name=\"description\" content=\"O maior portal de Economia da Bahia ECONOMIA \/ POL\u00cdTICA Bahia Economica\" \/>\n<meta name=\"robots\" content=\"index, follow, max-snippet:-1, max-image-preview:large, max-video-preview:-1\" \/>\n<link rel=\"canonical\" href=\"https:\/\/bahiaeconomica.com.br\/wp\/2020\/09\/16\/sem-renda-brasil-governo-ainda-tera-entraves-para-ampliar-bolsa-familia\/\" \/>\n<meta property=\"og:locale\" content=\"pt_BR\" \/>\n<meta property=\"og:type\" content=\"article\" \/>\n<meta property=\"og:title\" content=\"SEM RENDA BRASIL, GOVERNO AINDA TER\u00c1 ENTRAVES PARA AMPLIAR BOLSA FAM\u00cdLIA - Bahia Economica\" \/>\n<meta property=\"og:description\" content=\"O maior portal de Economia da Bahia ECONOMIA \/ POL\u00cdTICA Bahia Economica\" \/>\n<meta property=\"og:url\" content=\"https:\/\/bahiaeconomica.com.br\/wp\/2020\/09\/16\/sem-renda-brasil-governo-ainda-tera-entraves-para-ampliar-bolsa-familia\/\" \/>\n<meta property=\"og:site_name\" content=\"Bahia Economica\" \/>\n<meta property=\"article:publisher\" content=\"https:\/\/www.facebook.com\/bahiaeconomica\" \/>\n<meta property=\"article:published_time\" content=\"2020-09-16T12:00:33+00:00\" \/>\n<meta property=\"article:modified_time\" content=\"2020-09-16T12:05:49+00:00\" \/>\n<meta property=\"og:image\" content=\"https:\/\/bahiaeconomica.com.br\/wp\/wp-content\/uploads\/2020\/01\/Bolsa-Fam\u00edlia_cadastro.jpg\" \/>\n\t<meta property=\"og:image:width\" content=\"500\" \/>\n\t<meta property=\"og:image:height\" content=\"300\" \/>\n\t<meta property=\"og:image:type\" content=\"image\/jpeg\" \/>\n<meta name=\"author\" content=\"admin\" \/>\n<meta name=\"twitter:card\" content=\"summary_large_image\" \/>\n<meta name=\"twitter:label1\" content=\"Escrito por\" \/>\n\t<meta name=\"twitter:data1\" content=\"admin\" \/>\n\t<meta name=\"twitter:label2\" content=\"Est. tempo de leitura\" \/>\n\t<meta name=\"twitter:data2\" content=\"4 minutos\" \/>\n<script type=\"application\/ld+json\" class=\"yoast-schema-graph\">{\"@context\":\"https:\/\/schema.org\",\"@graph\":[{\"@type\":\"Article\",\"@id\":\"https:\/\/bahiaeconomica.com.br\/wp\/2020\/09\/16\/sem-renda-brasil-governo-ainda-tera-entraves-para-ampliar-bolsa-familia\/#article\",\"isPartOf\":{\"@id\":\"https:\/\/bahiaeconomica.com.br\/wp\/2020\/09\/16\/sem-renda-brasil-governo-ainda-tera-entraves-para-ampliar-bolsa-familia\/\"},\"author\":{\"name\":\"admin\",\"@id\":\"https:\/\/bahiaeconomica.com.br\/wp\/#\/schema\/person\/cb1ab5ba96ad3d9390805381c76284ec\"},\"headline\":\"SEM RENDA BRASIL, GOVERNO AINDA TER\u00c1 ENTRAVES PARA AMPLIAR BOLSA FAM\u00cdLIA\",\"datePublished\":\"2020-09-16T12:00:33+00:00\",\"dateModified\":\"2020-09-16T12:05:49+00:00\",\"mainEntityOfPage\":{\"@id\":\"https:\/\/bahiaeconomica.com.br\/wp\/2020\/09\/16\/sem-renda-brasil-governo-ainda-tera-entraves-para-ampliar-bolsa-familia\/\"},\"wordCount\":732,\"publisher\":{\"@id\":\"https:\/\/bahiaeconomica.com.br\/wp\/#organization\"},\"articleSection\":[\"ECONOMIA \/ POL\u00cdTICA\"],\"inLanguage\":\"pt-BR\"},{\"@type\":\"WebPage\",\"@id\":\"https:\/\/bahiaeconomica.com.br\/wp\/2020\/09\/16\/sem-renda-brasil-governo-ainda-tera-entraves-para-ampliar-bolsa-familia\/\",\"url\":\"https:\/\/bahiaeconomica.com.br\/wp\/2020\/09\/16\/sem-renda-brasil-governo-ainda-tera-entraves-para-ampliar-bolsa-familia\/\",\"name\":\"SEM RENDA BRASIL, GOVERNO AINDA TER\u00c1 ENTRAVES PARA AMPLIAR BOLSA FAM\u00cdLIA - Bahia Economica\",\"isPartOf\":{\"@id\":\"https:\/\/bahiaeconomica.com.br\/wp\/#website\"},\"datePublished\":\"2020-09-16T12:00:33+00:00\",\"dateModified\":\"2020-09-16T12:05:49+00:00\",\"description\":\"O maior portal de Economia da Bahia ECONOMIA \/ POL\u00cdTICA Bahia Economica\",\"breadcrumb\":{\"@id\":\"https:\/\/bahiaeconomica.com.br\/wp\/2020\/09\/16\/sem-renda-brasil-governo-ainda-tera-entraves-para-ampliar-bolsa-familia\/#breadcrumb\"},\"inLanguage\":\"pt-BR\",\"potentialAction\":[{\"@type\":\"ReadAction\",\"target\":[\"https:\/\/bahiaeconomica.com.br\/wp\/2020\/09\/16\/sem-renda-brasil-governo-ainda-tera-entraves-para-ampliar-bolsa-familia\/\"]}]},{\"@type\":\"BreadcrumbList\",\"@id\":\"https:\/\/bahiaeconomica.com.br\/wp\/2020\/09\/16\/sem-renda-brasil-governo-ainda-tera-entraves-para-ampliar-bolsa-familia\/#breadcrumb\",\"itemListElement\":[{\"@type\":\"ListItem\",\"position\":1,\"name\":\"In\u00edcio\",\"item\":\"https:\/\/bahiaeconomica.com.br\/wp\/\"},{\"@type\":\"ListItem\",\"position\":2,\"name\":\"SEM RENDA BRASIL, GOVERNO AINDA TER\u00c1 ENTRAVES PARA AMPLIAR BOLSA FAM\u00cdLIA\"}]},{\"@type\":\"WebSite\",\"@id\":\"https:\/\/bahiaeconomica.com.br\/wp\/#website\",\"url\":\"https:\/\/bahiaeconomica.com.br\/wp\/\",\"name\":\"Bahia Economica\",\"description\":\"O maior portal de Economia da Bahia\",\"publisher\":{\"@id\":\"https:\/\/bahiaeconomica.com.br\/wp\/#organization\"},\"potentialAction\":[{\"@type\":\"SearchAction\",\"target\":{\"@type\":\"EntryPoint\",\"urlTemplate\":\"https:\/\/bahiaeconomica.com.br\/wp\/?s={search_term_string}\"},\"query-input\":\"required name=search_term_string\"}],\"inLanguage\":\"pt-BR\"},{\"@type\":\"Organization\",\"@id\":\"https:\/\/bahiaeconomica.com.br\/wp\/#organization\",\"name\":\"Bahia Econ\u00f4mica\",\"url\":\"https:\/\/bahiaeconomica.com.br\/wp\/\",\"logo\":{\"@type\":\"ImageObject\",\"inLanguage\":\"pt-BR\",\"@id\":\"https:\/\/bahiaeconomica.com.br\/wp\/#\/schema\/logo\/image\/\",\"url\":\"https:\/\/bahiaeconomica.com.br\/wp\/wp-content\/uploads\/2020\/12\/cropped-BE.png\",\"contentUrl\":\"https:\/\/bahiaeconomica.com.br\/wp\/wp-content\/uploads\/2020\/12\/cropped-BE.png\",\"width\":512,\"height\":512,\"caption\":\"Bahia Econ\u00f4mica\"},\"image\":{\"@id\":\"https:\/\/bahiaeconomica.com.br\/wp\/#\/schema\/logo\/image\/\"},\"sameAs\":[\"https:\/\/www.facebook.com\/bahiaeconomica\"]},{\"@type\":\"Person\",\"@id\":\"https:\/\/bahiaeconomica.com.br\/wp\/#\/schema\/person\/cb1ab5ba96ad3d9390805381c76284ec\",\"name\":\"admin\",\"url\":\"https:\/\/bahiaeconomica.com.br\/wp\/author\/admin\/\"}]}<\/script>\n<!-- \/ Yoast SEO plugin. -->","yoast_head_json":{"title":"SEM RENDA BRASIL, GOVERNO AINDA TER\u00c1 ENTRAVES PARA AMPLIAR BOLSA FAM\u00cdLIA - Bahia Economica","description":"O maior portal de Economia da Bahia ECONOMIA \/ POL\u00cdTICA Bahia Economica","robots":{"index":"index","follow":"follow","max-snippet":"max-snippet:-1","max-image-preview":"max-image-preview:large","max-video-preview":"max-video-preview:-1"},"canonical":"https:\/\/bahiaeconomica.com.br\/wp\/2020\/09\/16\/sem-renda-brasil-governo-ainda-tera-entraves-para-ampliar-bolsa-familia\/","og_locale":"pt_BR","og_type":"article","og_title":"SEM RENDA BRASIL, GOVERNO AINDA TER\u00c1 ENTRAVES PARA AMPLIAR BOLSA FAM\u00cdLIA - Bahia Economica","og_description":"O maior portal de Economia da Bahia ECONOMIA \/ POL\u00cdTICA Bahia Economica","og_url":"https:\/\/bahiaeconomica.com.br\/wp\/2020\/09\/16\/sem-renda-brasil-governo-ainda-tera-entraves-para-ampliar-bolsa-familia\/","og_site_name":"Bahia Economica","article_publisher":"https:\/\/www.facebook.com\/bahiaeconomica","article_published_time":"2020-09-16T12:00:33+00:00","article_modified_time":"2020-09-16T12:05:49+00:00","og_image":[{"width":500,"height":300,"url":"https:\/\/bahiaeconomica.com.br\/wp\/wp-content\/uploads\/2020\/01\/Bolsa-Fam\u00edlia_cadastro.jpg","type":"image\/jpeg"}],"author":"admin","twitter_card":"summary_large_image","twitter_misc":{"Escrito por":"admin","Est. tempo de leitura":"4 minutos"},"schema":{"@context":"https:\/\/schema.org","@graph":[{"@type":"Article","@id":"https:\/\/bahiaeconomica.com.br\/wp\/2020\/09\/16\/sem-renda-brasil-governo-ainda-tera-entraves-para-ampliar-bolsa-familia\/#article","isPartOf":{"@id":"https:\/\/bahiaeconomica.com.br\/wp\/2020\/09\/16\/sem-renda-brasil-governo-ainda-tera-entraves-para-ampliar-bolsa-familia\/"},"author":{"name":"admin","@id":"https:\/\/bahiaeconomica.com.br\/wp\/#\/schema\/person\/cb1ab5ba96ad3d9390805381c76284ec"},"headline":"SEM RENDA BRASIL, GOVERNO AINDA TER\u00c1 ENTRAVES PARA AMPLIAR BOLSA FAM\u00cdLIA","datePublished":"2020-09-16T12:00:33+00:00","dateModified":"2020-09-16T12:05:49+00:00","mainEntityOfPage":{"@id":"https:\/\/bahiaeconomica.com.br\/wp\/2020\/09\/16\/sem-renda-brasil-governo-ainda-tera-entraves-para-ampliar-bolsa-familia\/"},"wordCount":732,"publisher":{"@id":"https:\/\/bahiaeconomica.com.br\/wp\/#organization"},"articleSection":["ECONOMIA \/ POL\u00cdTICA"],"inLanguage":"pt-BR"},{"@type":"WebPage","@id":"https:\/\/bahiaeconomica.com.br\/wp\/2020\/09\/16\/sem-renda-brasil-governo-ainda-tera-entraves-para-ampliar-bolsa-familia\/","url":"https:\/\/bahiaeconomica.com.br\/wp\/2020\/09\/16\/sem-renda-brasil-governo-ainda-tera-entraves-para-ampliar-bolsa-familia\/","name":"SEM RENDA BRASIL, GOVERNO AINDA TER\u00c1 ENTRAVES PARA AMPLIAR BOLSA FAM\u00cdLIA - Bahia Economica","isPartOf":{"@id":"https:\/\/bahiaeconomica.com.br\/wp\/#website"},"datePublished":"2020-09-16T12:00:33+00:00","dateModified":"2020-09-16T12:05:49+00:00","description":"O maior portal de Economia da Bahia ECONOMIA \/ POL\u00cdTICA Bahia Economica","breadcrumb":{"@id":"https:\/\/bahiaeconomica.com.br\/wp\/2020\/09\/16\/sem-renda-brasil-governo-ainda-tera-entraves-para-ampliar-bolsa-familia\/#breadcrumb"},"inLanguage":"pt-BR","potentialAction":[{"@type":"ReadAction","target":["https:\/\/bahiaeconomica.com.br\/wp\/2020\/09\/16\/sem-renda-brasil-governo-ainda-tera-entraves-para-ampliar-bolsa-familia\/"]}]},{"@type":"BreadcrumbList","@id":"https:\/\/bahiaeconomica.com.br\/wp\/2020\/09\/16\/sem-renda-brasil-governo-ainda-tera-entraves-para-ampliar-bolsa-familia\/#breadcrumb","itemListElement":[{"@type":"ListItem","position":1,"name":"In\u00edcio","item":"https:\/\/bahiaeconomica.com.br\/wp\/"},{"@type":"ListItem","position":2,"name":"SEM RENDA BRASIL, GOVERNO AINDA TER\u00c1 ENTRAVES PARA AMPLIAR BOLSA FAM\u00cdLIA"}]},{"@type":"WebSite","@id":"https:\/\/bahiaeconomica.com.br\/wp\/#website","url":"https:\/\/bahiaeconomica.com.br\/wp\/","name":"Bahia Economica","description":"O maior portal de Economia da Bahia","publisher":{"@id":"https:\/\/bahiaeconomica.com.br\/wp\/#organization"},"potentialAction":[{"@type":"SearchAction","target":{"@type":"EntryPoint","urlTemplate":"https:\/\/bahiaeconomica.com.br\/wp\/?s={search_term_string}"},"query-input":"required name=search_term_string"}],"inLanguage":"pt-BR"},{"@type":"Organization","@id":"https:\/\/bahiaeconomica.com.br\/wp\/#organization","name":"Bahia Econ\u00f4mica","url":"https:\/\/bahiaeconomica.com.br\/wp\/","logo":{"@type":"ImageObject","inLanguage":"pt-BR","@id":"https:\/\/bahiaeconomica.com.br\/wp\/#\/schema\/logo\/image\/","url":"https:\/\/bahiaeconomica.com.br\/wp\/wp-content\/uploads\/2020\/12\/cropped-BE.png","contentUrl":"https:\/\/bahiaeconomica.com.br\/wp\/wp-content\/uploads\/2020\/12\/cropped-BE.png","width":512,"height":512,"caption":"Bahia Econ\u00f4mica"},"image":{"@id":"https:\/\/bahiaeconomica.com.br\/wp\/#\/schema\/logo\/image\/"},"sameAs":["https:\/\/www.facebook.com\/bahiaeconomica"]},{"@type":"Person","@id":"https:\/\/bahiaeconomica.com.br\/wp\/#\/schema\/person\/cb1ab5ba96ad3d9390805381c76284ec","name":"admin","url":"https:\/\/bahiaeconomica.com.br\/wp\/author\/admin\/"}]}},"views":0,"_links":{"self":[{"href":"https:\/\/bahiaeconomica.com.br\/wp\/wp-json\/wp\/v2\/posts\/492996"}],"collection":[{"href":"https:\/\/bahiaeconomica.com.br\/wp\/wp-json\/wp\/v2\/posts"}],"about":[{"href":"https:\/\/bahiaeconomica.com.br\/wp\/wp-json\/wp\/v2\/types\/post"}],"author":[{"embeddable":true,"href":"https:\/\/bahiaeconomica.com.br\/wp\/wp-json\/wp\/v2\/users\/1"}],"replies":[{"embeddable":true,"href":"https:\/\/bahiaeconomica.com.br\/wp\/wp-json\/wp\/v2\/comments?post=492996"}],"version-history":[{"count":1,"href":"https:\/\/bahiaeconomica.com.br\/wp\/wp-json\/wp\/v2\/posts\/492996\/revisions"}],"predecessor-version":[{"id":492998,"href":"https:\/\/bahiaeconomica.com.br\/wp\/wp-json\/wp\/v2\/posts\/492996\/revisions\/492998"}],"wp:featuredmedia":[{"embeddable":true,"href":"https:\/\/bahiaeconomica.com.br\/wp\/wp-json\/wp\/v2\/media\/431370"}],"wp:attachment":[{"href":"https:\/\/bahiaeconomica.com.br\/wp\/wp-json\/wp\/v2\/media?parent=492996"}],"wp:term":[{"taxonomy":"category","embeddable":true,"href":"https:\/\/bahiaeconomica.com.br\/wp\/wp-json\/wp\/v2\/categories?post=492996"},{"taxonomy":"post_tag","embeddable":true,"href":"https:\/\/bahiaeconomica.com.br\/wp\/wp-json\/wp\/v2\/tags?post=492996"}],"curies":[{"name":"wp","href":"https:\/\/api.w.org\/{rel}","templated":true}]}}