{"id":492589,"date":"2020-09-15T07:01:44","date_gmt":"2020-09-15T10:01:44","guid":{"rendered":"https:\/\/bahiaeconomica.com.br\/wp\/beta\/?p=492589"},"modified":"2020-09-15T07:01:44","modified_gmt":"2020-09-15T10:01:44","slug":"prefeitura-anuncia-programacao-para-centro-de-convencoes-ate-dezembro","status":"publish","type":"post","link":"https:\/\/bahiaeconomica.com.br\/wp\/2020\/09\/15\/prefeitura-anuncia-programacao-para-centro-de-convencoes-ate-dezembro\/","title":{"rendered":"PREFEITURA ANUNCIA PROGRAMA\u00c7\u00c3O PARA CENTRO DE CONVEN\u00c7\u00d5ES AT\u00c9 DEZEMBRO"},"content":{"rendered":"<p>Com oito eventos agendados at\u00e9 dezembro, o Centro de Conven\u00e7\u00f5es de Salvador (CCS), situado na orla da Boca do Rio, retoma as atividades com base nos protocolos de seguran\u00e7a estabelecidos<!--more--> pela Prefeitura. O cronograma inclui eventos sociais, congressos e palestras previstas para acontecer a partir deste m\u00eas. O programa\u00e7\u00e3o do CCS foi interrompida pouco tempo ap\u00f3s a inaugura\u00e7\u00e3o do equipamento, que aconteceu em janeiro de 2020, por conta da pandemia do novo coronav\u00edrus, que teve in\u00edcio em mar\u00e7o na capital baiana.<\/p>\n<p>No dia 27 de setembro, est\u00e1 programada para acontecer no CCS o evento Abav Collabe. Em outubro, no dia 15, acontece a entrega do pr\u00eamio Top of Mind. A programa\u00e7\u00e3o segue com mais seis eventos nos meses de novembro e dezembro. At\u00e9 esta nova etapa da fase tr\u00eas da retomada das atividades na cidade, apenas o drive-in do CCS operava com a exibi\u00e7\u00e3o de filmes e realiza\u00e7\u00e3o de shows, tamb\u00e9m seguindo protocolo pr\u00f3prio definido pelo munic\u00edpio e fiscalizado pela Secretaria Municipal de Desenvolvimento e Urbanismo (Sedur). Al\u00e9m disso, o equipamento, administrado pela GL Events, ajudou a Prefeitura em a\u00e7\u00f5es importantes, a exemplo da campanha de vacina\u00e7\u00e3o contra a gripe e como base para doa\u00e7\u00e3o de alimentos e distribui\u00e7\u00e3o de cestas b\u00e1sicas.<\/p>\n<p>Regras &#8211; Vale lembrar que o protocolo setorial para centros de conven\u00e7\u00f5es e eventos n\u00e3o permite a realiza\u00e7\u00e3o de shows e feiras, por exemplo, pois geram aglomera\u00e7\u00f5es. Congressos, semin\u00e1rios, palestras e confer\u00eancias est\u00e3o liberados. Al\u00e9m disso, esses espa\u00e7os devem respeitar e garantir o uso obrigat\u00f3rio de m\u00e1scaras para todos, al\u00e9m das medidas de higiene, a exemplo da disponibiliza\u00e7\u00e3o de \u00e1lcool em gel a 70%. A capacidade de ocupa\u00e7\u00e3o \u00e9 de uma pessoa a cada seis metros quadrados, com limite de 100 pessoas por sal\u00e3o, sempre respeitando o distanciamento m\u00ednimo de 1,5 metro entre os cidad\u00e3os. A medi\u00e7\u00e3o de temperatura deve ocorrer na entrada. O credenciamento de expositores, palestrantes e todos os demais participantes das conven\u00e7\u00f5es e eventos deve se dar de forma pr\u00e9via e virtual. Para a seguran\u00e7a dos empregados, durante a montagem e desmontagem das estruturas dos eventos devem ser garantidos o afastamento m\u00ednimo e o uso de m\u00e1scaras e EPIs.<\/p>\n<p>Foto: divulga\u00e7\u00e3o<\/p>\n","protected":false},"excerpt":{"rendered":"<p>Com oito eventos agendados at\u00e9 dezembro, o Centro de Conven\u00e7\u00f5es de Salvador (CCS), situado na orla da Boca do Rio, retoma as atividades com base nos protocolos de seguran\u00e7a estabelecidos<\/p>\n","protected":false},"author":1,"featured_media":436966,"comment_status":"closed","ping_status":"closed","sticky":false,"template":"","format":"standard","meta":[],"categories":[3],"tags":[],"acf":[],"yoast_head":"<!-- This site is optimized with the Yoast SEO plugin v20.8 - https:\/\/yoast.com\/wordpress\/plugins\/seo\/ -->\n<title>PREFEITURA ANUNCIA PROGRAMA\u00c7\u00c3O PARA CENTRO DE CONVEN\u00c7\u00d5ES AT\u00c9 DEZEMBRO - Bahia Economica<\/title>\n<meta name=\"description\" content=\"O maior portal de Economia da Bahia ECONOMIA \/ POL\u00cdTICA Bahia Economica\" \/>\n<meta name=\"robots\" content=\"index, follow, max-snippet:-1, max-image-preview:large, max-video-preview:-1\" \/>\n<link rel=\"canonical\" href=\"https:\/\/bahiaeconomica.com.br\/wp\/2020\/09\/15\/prefeitura-anuncia-programacao-para-centro-de-convencoes-ate-dezembro\/\" \/>\n<meta property=\"og:locale\" content=\"pt_BR\" \/>\n<meta property=\"og:type\" content=\"article\" \/>\n<meta property=\"og:title\" content=\"PREFEITURA ANUNCIA PROGRAMA\u00c7\u00c3O PARA CENTRO DE CONVEN\u00c7\u00d5ES AT\u00c9 DEZEMBRO - Bahia Economica\" \/>\n<meta property=\"og:description\" content=\"O maior portal de Economia da Bahia ECONOMIA \/ POL\u00cdTICA Bahia Economica\" \/>\n<meta property=\"og:url\" content=\"https:\/\/bahiaeconomica.com.br\/wp\/2020\/09\/15\/prefeitura-anuncia-programacao-para-centro-de-convencoes-ate-dezembro\/\" \/>\n<meta property=\"og:site_name\" content=\"Bahia Economica\" \/>\n<meta property=\"article:publisher\" content=\"https:\/\/www.facebook.com\/bahiaeconomica\" \/>\n<meta property=\"article:published_time\" content=\"2020-09-15T10:01:44+00:00\" \/>\n<meta property=\"og:image\" content=\"https:\/\/bahiaeconomica.com.br\/wp\/wp-content\/uploads\/2020\/01\/novocentrodeconvencoes500.png\" \/>\n\t<meta property=\"og:image:width\" content=\"500\" \/>\n\t<meta property=\"og:image:height\" content=\"300\" \/>\n\t<meta property=\"og:image:type\" content=\"image\/png\" \/>\n<meta name=\"author\" content=\"admin\" \/>\n<meta name=\"twitter:card\" content=\"summary_large_image\" \/>\n<meta name=\"twitter:label1\" content=\"Escrito por\" \/>\n\t<meta name=\"twitter:data1\" content=\"admin\" \/>\n\t<meta name=\"twitter:label2\" content=\"Est. tempo de leitura\" \/>\n\t<meta name=\"twitter:data2\" content=\"2 minutos\" \/>\n<script type=\"application\/ld+json\" class=\"yoast-schema-graph\">{\"@context\":\"https:\/\/schema.org\",\"@graph\":[{\"@type\":\"Article\",\"@id\":\"https:\/\/bahiaeconomica.com.br\/wp\/2020\/09\/15\/prefeitura-anuncia-programacao-para-centro-de-convencoes-ate-dezembro\/#article\",\"isPartOf\":{\"@id\":\"https:\/\/bahiaeconomica.com.br\/wp\/2020\/09\/15\/prefeitura-anuncia-programacao-para-centro-de-convencoes-ate-dezembro\/\"},\"author\":{\"name\":\"admin\",\"@id\":\"https:\/\/bahiaeconomica.com.br\/wp\/#\/schema\/person\/cb1ab5ba96ad3d9390805381c76284ec\"},\"headline\":\"PREFEITURA ANUNCIA PROGRAMA\u00c7\u00c3O PARA CENTRO DE CONVEN\u00c7\u00d5ES AT\u00c9 DEZEMBRO\",\"datePublished\":\"2020-09-15T10:01:44+00:00\",\"dateModified\":\"2020-09-15T10:01:44+00:00\",\"mainEntityOfPage\":{\"@id\":\"https:\/\/bahiaeconomica.com.br\/wp\/2020\/09\/15\/prefeitura-anuncia-programacao-para-centro-de-convencoes-ate-dezembro\/\"},\"wordCount\":407,\"publisher\":{\"@id\":\"https:\/\/bahiaeconomica.com.br\/wp\/#organization\"},\"articleSection\":[\"ECONOMIA \/ POL\u00cdTICA\"],\"inLanguage\":\"pt-BR\"},{\"@type\":\"WebPage\",\"@id\":\"https:\/\/bahiaeconomica.com.br\/wp\/2020\/09\/15\/prefeitura-anuncia-programacao-para-centro-de-convencoes-ate-dezembro\/\",\"url\":\"https:\/\/bahiaeconomica.com.br\/wp\/2020\/09\/15\/prefeitura-anuncia-programacao-para-centro-de-convencoes-ate-dezembro\/\",\"name\":\"PREFEITURA ANUNCIA PROGRAMA\u00c7\u00c3O PARA CENTRO DE CONVEN\u00c7\u00d5ES AT\u00c9 DEZEMBRO - Bahia Economica\",\"isPartOf\":{\"@id\":\"https:\/\/bahiaeconomica.com.br\/wp\/#website\"},\"datePublished\":\"2020-09-15T10:01:44+00:00\",\"dateModified\":\"2020-09-15T10:01:44+00:00\",\"description\":\"O maior portal de Economia da Bahia ECONOMIA \/ POL\u00cdTICA Bahia Economica\",\"breadcrumb\":{\"@id\":\"https:\/\/bahiaeconomica.com.br\/wp\/2020\/09\/15\/prefeitura-anuncia-programacao-para-centro-de-convencoes-ate-dezembro\/#breadcrumb\"},\"inLanguage\":\"pt-BR\",\"potentialAction\":[{\"@type\":\"ReadAction\",\"target\":[\"https:\/\/bahiaeconomica.com.br\/wp\/2020\/09\/15\/prefeitura-anuncia-programacao-para-centro-de-convencoes-ate-dezembro\/\"]}]},{\"@type\":\"BreadcrumbList\",\"@id\":\"https:\/\/bahiaeconomica.com.br\/wp\/2020\/09\/15\/prefeitura-anuncia-programacao-para-centro-de-convencoes-ate-dezembro\/#breadcrumb\",\"itemListElement\":[{\"@type\":\"ListItem\",\"position\":1,\"name\":\"In\u00edcio\",\"item\":\"https:\/\/bahiaeconomica.com.br\/wp\/\"},{\"@type\":\"ListItem\",\"position\":2,\"name\":\"PREFEITURA ANUNCIA PROGRAMA\u00c7\u00c3O PARA CENTRO DE CONVEN\u00c7\u00d5ES AT\u00c9 DEZEMBRO\"}]},{\"@type\":\"WebSite\",\"@id\":\"https:\/\/bahiaeconomica.com.br\/wp\/#website\",\"url\":\"https:\/\/bahiaeconomica.com.br\/wp\/\",\"name\":\"Bahia Economica\",\"description\":\"O maior portal de Economia da Bahia\",\"publisher\":{\"@id\":\"https:\/\/bahiaeconomica.com.br\/wp\/#organization\"},\"potentialAction\":[{\"@type\":\"SearchAction\",\"target\":{\"@type\":\"EntryPoint\",\"urlTemplate\":\"https:\/\/bahiaeconomica.com.br\/wp\/?s={search_term_string}\"},\"query-input\":\"required name=search_term_string\"}],\"inLanguage\":\"pt-BR\"},{\"@type\":\"Organization\",\"@id\":\"https:\/\/bahiaeconomica.com.br\/wp\/#organization\",\"name\":\"Bahia Econ\u00f4mica\",\"url\":\"https:\/\/bahiaeconomica.com.br\/wp\/\",\"logo\":{\"@type\":\"ImageObject\",\"inLanguage\":\"pt-BR\",\"@id\":\"https:\/\/bahiaeconomica.com.br\/wp\/#\/schema\/logo\/image\/\",\"url\":\"https:\/\/bahiaeconomica.com.br\/wp\/wp-content\/uploads\/2020\/12\/cropped-BE.png\",\"contentUrl\":\"https:\/\/bahiaeconomica.com.br\/wp\/wp-content\/uploads\/2020\/12\/cropped-BE.png\",\"width\":512,\"height\":512,\"caption\":\"Bahia Econ\u00f4mica\"},\"image\":{\"@id\":\"https:\/\/bahiaeconomica.com.br\/wp\/#\/schema\/logo\/image\/\"},\"sameAs\":[\"https:\/\/www.facebook.com\/bahiaeconomica\"]},{\"@type\":\"Person\",\"@id\":\"https:\/\/bahiaeconomica.com.br\/wp\/#\/schema\/person\/cb1ab5ba96ad3d9390805381c76284ec\",\"name\":\"admin\",\"url\":\"https:\/\/bahiaeconomica.com.br\/wp\/author\/admin\/\"}]}<\/script>\n<!-- \/ Yoast SEO plugin. -->","yoast_head_json":{"title":"PREFEITURA ANUNCIA PROGRAMA\u00c7\u00c3O PARA CENTRO DE CONVEN\u00c7\u00d5ES AT\u00c9 DEZEMBRO - Bahia Economica","description":"O maior portal de Economia da Bahia ECONOMIA \/ POL\u00cdTICA Bahia Economica","robots":{"index":"index","follow":"follow","max-snippet":"max-snippet:-1","max-image-preview":"max-image-preview:large","max-video-preview":"max-video-preview:-1"},"canonical":"https:\/\/bahiaeconomica.com.br\/wp\/2020\/09\/15\/prefeitura-anuncia-programacao-para-centro-de-convencoes-ate-dezembro\/","og_locale":"pt_BR","og_type":"article","og_title":"PREFEITURA ANUNCIA PROGRAMA\u00c7\u00c3O PARA CENTRO DE CONVEN\u00c7\u00d5ES AT\u00c9 DEZEMBRO - Bahia Economica","og_description":"O maior portal de Economia da Bahia ECONOMIA \/ POL\u00cdTICA Bahia Economica","og_url":"https:\/\/bahiaeconomica.com.br\/wp\/2020\/09\/15\/prefeitura-anuncia-programacao-para-centro-de-convencoes-ate-dezembro\/","og_site_name":"Bahia Economica","article_publisher":"https:\/\/www.facebook.com\/bahiaeconomica","article_published_time":"2020-09-15T10:01:44+00:00","og_image":[{"width":500,"height":300,"url":"https:\/\/bahiaeconomica.com.br\/wp\/wp-content\/uploads\/2020\/01\/novocentrodeconvencoes500.png","type":"image\/png"}],"author":"admin","twitter_card":"summary_large_image","twitter_misc":{"Escrito por":"admin","Est. tempo de leitura":"2 minutos"},"schema":{"@context":"https:\/\/schema.org","@graph":[{"@type":"Article","@id":"https:\/\/bahiaeconomica.com.br\/wp\/2020\/09\/15\/prefeitura-anuncia-programacao-para-centro-de-convencoes-ate-dezembro\/#article","isPartOf":{"@id":"https:\/\/bahiaeconomica.com.br\/wp\/2020\/09\/15\/prefeitura-anuncia-programacao-para-centro-de-convencoes-ate-dezembro\/"},"author":{"name":"admin","@id":"https:\/\/bahiaeconomica.com.br\/wp\/#\/schema\/person\/cb1ab5ba96ad3d9390805381c76284ec"},"headline":"PREFEITURA ANUNCIA PROGRAMA\u00c7\u00c3O PARA CENTRO DE CONVEN\u00c7\u00d5ES AT\u00c9 DEZEMBRO","datePublished":"2020-09-15T10:01:44+00:00","dateModified":"2020-09-15T10:01:44+00:00","mainEntityOfPage":{"@id":"https:\/\/bahiaeconomica.com.br\/wp\/2020\/09\/15\/prefeitura-anuncia-programacao-para-centro-de-convencoes-ate-dezembro\/"},"wordCount":407,"publisher":{"@id":"https:\/\/bahiaeconomica.com.br\/wp\/#organization"},"articleSection":["ECONOMIA \/ POL\u00cdTICA"],"inLanguage":"pt-BR"},{"@type":"WebPage","@id":"https:\/\/bahiaeconomica.com.br\/wp\/2020\/09\/15\/prefeitura-anuncia-programacao-para-centro-de-convencoes-ate-dezembro\/","url":"https:\/\/bahiaeconomica.com.br\/wp\/2020\/09\/15\/prefeitura-anuncia-programacao-para-centro-de-convencoes-ate-dezembro\/","name":"PREFEITURA ANUNCIA PROGRAMA\u00c7\u00c3O PARA CENTRO DE CONVEN\u00c7\u00d5ES AT\u00c9 DEZEMBRO - Bahia Economica","isPartOf":{"@id":"https:\/\/bahiaeconomica.com.br\/wp\/#website"},"datePublished":"2020-09-15T10:01:44+00:00","dateModified":"2020-09-15T10:01:44+00:00","description":"O maior portal de Economia da Bahia ECONOMIA \/ POL\u00cdTICA Bahia Economica","breadcrumb":{"@id":"https:\/\/bahiaeconomica.com.br\/wp\/2020\/09\/15\/prefeitura-anuncia-programacao-para-centro-de-convencoes-ate-dezembro\/#breadcrumb"},"inLanguage":"pt-BR","potentialAction":[{"@type":"ReadAction","target":["https:\/\/bahiaeconomica.com.br\/wp\/2020\/09\/15\/prefeitura-anuncia-programacao-para-centro-de-convencoes-ate-dezembro\/"]}]},{"@type":"BreadcrumbList","@id":"https:\/\/bahiaeconomica.com.br\/wp\/2020\/09\/15\/prefeitura-anuncia-programacao-para-centro-de-convencoes-ate-dezembro\/#breadcrumb","itemListElement":[{"@type":"ListItem","position":1,"name":"In\u00edcio","item":"https:\/\/bahiaeconomica.com.br\/wp\/"},{"@type":"ListItem","position":2,"name":"PREFEITURA ANUNCIA PROGRAMA\u00c7\u00c3O PARA CENTRO DE CONVEN\u00c7\u00d5ES AT\u00c9 DEZEMBRO"}]},{"@type":"WebSite","@id":"https:\/\/bahiaeconomica.com.br\/wp\/#website","url":"https:\/\/bahiaeconomica.com.br\/wp\/","name":"Bahia Economica","description":"O maior portal de Economia da Bahia","publisher":{"@id":"https:\/\/bahiaeconomica.com.br\/wp\/#organization"},"potentialAction":[{"@type":"SearchAction","target":{"@type":"EntryPoint","urlTemplate":"https:\/\/bahiaeconomica.com.br\/wp\/?s={search_term_string}"},"query-input":"required name=search_term_string"}],"inLanguage":"pt-BR"},{"@type":"Organization","@id":"https:\/\/bahiaeconomica.com.br\/wp\/#organization","name":"Bahia Econ\u00f4mica","url":"https:\/\/bahiaeconomica.com.br\/wp\/","logo":{"@type":"ImageObject","inLanguage":"pt-BR","@id":"https:\/\/bahiaeconomica.com.br\/wp\/#\/schema\/logo\/image\/","url":"https:\/\/bahiaeconomica.com.br\/wp\/wp-content\/uploads\/2020\/12\/cropped-BE.png","contentUrl":"https:\/\/bahiaeconomica.com.br\/wp\/wp-content\/uploads\/2020\/12\/cropped-BE.png","width":512,"height":512,"caption":"Bahia Econ\u00f4mica"},"image":{"@id":"https:\/\/bahiaeconomica.com.br\/wp\/#\/schema\/logo\/image\/"},"sameAs":["https:\/\/www.facebook.com\/bahiaeconomica"]},{"@type":"Person","@id":"https:\/\/bahiaeconomica.com.br\/wp\/#\/schema\/person\/cb1ab5ba96ad3d9390805381c76284ec","name":"admin","url":"https:\/\/bahiaeconomica.com.br\/wp\/author\/admin\/"}]}},"views":0,"_links":{"self":[{"href":"https:\/\/bahiaeconomica.com.br\/wp\/wp-json\/wp\/v2\/posts\/492589"}],"collection":[{"href":"https:\/\/bahiaeconomica.com.br\/wp\/wp-json\/wp\/v2\/posts"}],"about":[{"href":"https:\/\/bahiaeconomica.com.br\/wp\/wp-json\/wp\/v2\/types\/post"}],"author":[{"embeddable":true,"href":"https:\/\/bahiaeconomica.com.br\/wp\/wp-json\/wp\/v2\/users\/1"}],"replies":[{"embeddable":true,"href":"https:\/\/bahiaeconomica.com.br\/wp\/wp-json\/wp\/v2\/comments?post=492589"}],"version-history":[{"count":1,"href":"https:\/\/bahiaeconomica.com.br\/wp\/wp-json\/wp\/v2\/posts\/492589\/revisions"}],"predecessor-version":[{"id":492591,"href":"https:\/\/bahiaeconomica.com.br\/wp\/wp-json\/wp\/v2\/posts\/492589\/revisions\/492591"}],"wp:featuredmedia":[{"embeddable":true,"href":"https:\/\/bahiaeconomica.com.br\/wp\/wp-json\/wp\/v2\/media\/436966"}],"wp:attachment":[{"href":"https:\/\/bahiaeconomica.com.br\/wp\/wp-json\/wp\/v2\/media?parent=492589"}],"wp:term":[{"taxonomy":"category","embeddable":true,"href":"https:\/\/bahiaeconomica.com.br\/wp\/wp-json\/wp\/v2\/categories?post=492589"},{"taxonomy":"post_tag","embeddable":true,"href":"https:\/\/bahiaeconomica.com.br\/wp\/wp-json\/wp\/v2\/tags?post=492589"}],"curies":[{"name":"wp","href":"https:\/\/api.w.org\/{rel}","templated":true}]}}