{"id":490980,"date":"2020-09-08T09:10:32","date_gmt":"2020-09-08T12:10:32","guid":{"rendered":"https:\/\/bahiaeconomica.com.br\/wp\/beta\/?p=490980"},"modified":"2020-09-08T09:10:32","modified_gmt":"2020-09-08T12:10:32","slug":"governo-revela-datas-das-parcelas-de-r-300-do-auxilio-emergencial","status":"publish","type":"post","link":"https:\/\/bahiaeconomica.com.br\/wp\/2020\/09\/08\/governo-revela-datas-das-parcelas-de-r-300-do-auxilio-emergencial\/","title":{"rendered":"GOVERNO REVELA DATAS DAS PARCELAS DE R$ 300 DO AUX\u00cdLIO EMERGENCIAL"},"content":{"rendered":"<p>As novas parcelas de R$ 300 do aux\u00edlio emergencial ser\u00e3o pagos pelo Governo Federal aos benefici\u00e1rios do Bolsa Fam\u00edlia a partir de 17 de setembro. Segundo o site Metr\u00f3poles, o <!--more-->pagamento seguir\u00e1 o padr\u00e3o do Bolsa Fam\u00edlia e ser\u00e1 efetuado nos \u00faltimos 10 dias \u00fateis do m\u00eas, segundo a ordem do N\u00famero de Identifica\u00e7\u00e3o Social (NIS) final do benefici\u00e1rio. Os dep\u00f3sitos seguir\u00e3o sendo feitos at\u00e9 dezembro. N\u00e3o foi revelado o calend\u00e1rio para quem n\u00e3o recebe o Bolsa Fam\u00edlia.<\/p>\n<p>Confira:<\/p>\n<ul>\n<li>Conseguiu emprego formal ap\u00f3s o recebimento do aux\u00edlio emergencial;<\/li>\n<li>Recebeu benef\u00edcio previdenci\u00e1rio, seguro-desemprego ou programa de transfer\u00eancia de renda federal ap\u00f3s o recebimento de aux\u00edlio emergencial;<\/li>\n<li>Tem renda mensal per capita acima de meio sal\u00e1rio m\u00ednimo e renda familiar mensal total acima de tr\u00eas sal\u00e1rios m\u00ednimos;<\/li>\n<li>Mora no exterior;<\/li>\n<li>Recebeu em 2019 rendimentos tribut\u00e1veis acima de R$ 28.559,70;<\/li>\n<li>Tinha em 31 de dezembro de 2019 a posse ou a propriedades de bens ou direitos no valor total superior a R$ 300 mil reais;<\/li>\n<li>No ano de 2019 recebeu rendimentos isentos n\u00e3o tribut\u00e1veis ou tributados exclusivamente na fonte cuja soma seja superior a R$ 40 mil;<\/li>\n<li>Tenha sido inclu\u00eddo em 2019 como dependente de declarante do Imposto de Renda nas hip\u00f3teses 5, 6 e 7 acima na condi\u00e7\u00e3o c\u00f4njuge, companheiro com o qual contribuinte tenha filho ou com o qual conviva h\u00e1 mais de 5 anos; ou filho ou enteado com menor de 21 anos ou com menos de 24 anos que esteja matriculado em estabelecimento de ensino superior ou de ensino t\u00e9cnico de n\u00edvel m\u00e9dio;<\/li>\n<li>Esteja preso em regime fechado;<\/li>\n<li>Tenha menos de 18 anos, exceto em caso de m\u00e3es adolescente;<\/li>\n<li>Possua indicativo de \u00f3bito nas bases de dados do governo federal.<\/li>\n<\/ul>\n","protected":false},"excerpt":{"rendered":"<p>As novas parcelas de R$ 300 do aux\u00edlio emergencial ser\u00e3o pagos pelo Governo Federal aos benefici\u00e1rios do Bolsa Fam\u00edlia a partir de 17 de setembro. Segundo o site Metr\u00f3poles, o<\/p>\n","protected":false},"author":1,"featured_media":455465,"comment_status":"closed","ping_status":"closed","sticky":false,"template":"","format":"standard","meta":[],"categories":[3],"tags":[],"acf":[],"yoast_head":"<!-- This site is optimized with the Yoast SEO plugin v20.8 - https:\/\/yoast.com\/wordpress\/plugins\/seo\/ -->\n<title>GOVERNO REVELA DATAS DAS PARCELAS DE R$ 300 DO AUX\u00cdLIO EMERGENCIAL - Bahia Economica<\/title>\n<meta name=\"description\" content=\"O maior portal de Economia da Bahia ECONOMIA \/ POL\u00cdTICA Bahia Economica\" \/>\n<meta name=\"robots\" content=\"index, follow, max-snippet:-1, max-image-preview:large, max-video-preview:-1\" \/>\n<link rel=\"canonical\" href=\"https:\/\/bahiaeconomica.com.br\/wp\/2020\/09\/08\/governo-revela-datas-das-parcelas-de-r-300-do-auxilio-emergencial\/\" \/>\n<meta property=\"og:locale\" content=\"pt_BR\" \/>\n<meta property=\"og:type\" content=\"article\" \/>\n<meta property=\"og:title\" content=\"GOVERNO REVELA DATAS DAS PARCELAS DE R$ 300 DO AUX\u00cdLIO EMERGENCIAL - Bahia Economica\" \/>\n<meta property=\"og:description\" content=\"O maior portal de Economia da Bahia ECONOMIA \/ POL\u00cdTICA Bahia Economica\" \/>\n<meta property=\"og:url\" content=\"https:\/\/bahiaeconomica.com.br\/wp\/2020\/09\/08\/governo-revela-datas-das-parcelas-de-r-300-do-auxilio-emergencial\/\" \/>\n<meta property=\"og:site_name\" content=\"Bahia Economica\" \/>\n<meta property=\"article:publisher\" content=\"https:\/\/www.facebook.com\/bahiaeconomica\" \/>\n<meta property=\"article:published_time\" content=\"2020-09-08T12:10:32+00:00\" \/>\n<meta property=\"og:image\" content=\"https:\/\/bahiaeconomica.com.br\/wp\/wp-content\/uploads\/2020\/04\/PRESIDENTE-DA-CAIXA.jpg\" \/>\n\t<meta property=\"og:image:width\" content=\"475\" \/>\n\t<meta property=\"og:image:height\" content=\"365\" \/>\n\t<meta property=\"og:image:type\" content=\"image\/jpeg\" \/>\n<meta name=\"author\" content=\"admin\" \/>\n<meta name=\"twitter:card\" content=\"summary_large_image\" \/>\n<meta name=\"twitter:label1\" content=\"Escrito por\" \/>\n\t<meta name=\"twitter:data1\" content=\"admin\" \/>\n\t<meta name=\"twitter:label2\" content=\"Est. tempo de leitura\" \/>\n\t<meta name=\"twitter:data2\" content=\"2 minutos\" \/>\n<script type=\"application\/ld+json\" class=\"yoast-schema-graph\">{\"@context\":\"https:\/\/schema.org\",\"@graph\":[{\"@type\":\"Article\",\"@id\":\"https:\/\/bahiaeconomica.com.br\/wp\/2020\/09\/08\/governo-revela-datas-das-parcelas-de-r-300-do-auxilio-emergencial\/#article\",\"isPartOf\":{\"@id\":\"https:\/\/bahiaeconomica.com.br\/wp\/2020\/09\/08\/governo-revela-datas-das-parcelas-de-r-300-do-auxilio-emergencial\/\"},\"author\":{\"name\":\"admin\",\"@id\":\"https:\/\/bahiaeconomica.com.br\/wp\/#\/schema\/person\/cb1ab5ba96ad3d9390805381c76284ec\"},\"headline\":\"GOVERNO REVELA DATAS DAS PARCELAS DE R$ 300 DO AUX\u00cdLIO EMERGENCIAL\",\"datePublished\":\"2020-09-08T12:10:32+00:00\",\"dateModified\":\"2020-09-08T12:10:32+00:00\",\"mainEntityOfPage\":{\"@id\":\"https:\/\/bahiaeconomica.com.br\/wp\/2020\/09\/08\/governo-revela-datas-das-parcelas-de-r-300-do-auxilio-emergencial\/\"},\"wordCount\":314,\"publisher\":{\"@id\":\"https:\/\/bahiaeconomica.com.br\/wp\/#organization\"},\"articleSection\":[\"ECONOMIA \/ POL\u00cdTICA\"],\"inLanguage\":\"pt-BR\"},{\"@type\":\"WebPage\",\"@id\":\"https:\/\/bahiaeconomica.com.br\/wp\/2020\/09\/08\/governo-revela-datas-das-parcelas-de-r-300-do-auxilio-emergencial\/\",\"url\":\"https:\/\/bahiaeconomica.com.br\/wp\/2020\/09\/08\/governo-revela-datas-das-parcelas-de-r-300-do-auxilio-emergencial\/\",\"name\":\"GOVERNO REVELA DATAS DAS PARCELAS DE R$ 300 DO AUX\u00cdLIO EMERGENCIAL - Bahia Economica\",\"isPartOf\":{\"@id\":\"https:\/\/bahiaeconomica.com.br\/wp\/#website\"},\"datePublished\":\"2020-09-08T12:10:32+00:00\",\"dateModified\":\"2020-09-08T12:10:32+00:00\",\"description\":\"O maior portal de Economia da Bahia ECONOMIA \/ POL\u00cdTICA Bahia Economica\",\"breadcrumb\":{\"@id\":\"https:\/\/bahiaeconomica.com.br\/wp\/2020\/09\/08\/governo-revela-datas-das-parcelas-de-r-300-do-auxilio-emergencial\/#breadcrumb\"},\"inLanguage\":\"pt-BR\",\"potentialAction\":[{\"@type\":\"ReadAction\",\"target\":[\"https:\/\/bahiaeconomica.com.br\/wp\/2020\/09\/08\/governo-revela-datas-das-parcelas-de-r-300-do-auxilio-emergencial\/\"]}]},{\"@type\":\"BreadcrumbList\",\"@id\":\"https:\/\/bahiaeconomica.com.br\/wp\/2020\/09\/08\/governo-revela-datas-das-parcelas-de-r-300-do-auxilio-emergencial\/#breadcrumb\",\"itemListElement\":[{\"@type\":\"ListItem\",\"position\":1,\"name\":\"In\u00edcio\",\"item\":\"https:\/\/bahiaeconomica.com.br\/wp\/\"},{\"@type\":\"ListItem\",\"position\":2,\"name\":\"GOVERNO REVELA DATAS DAS PARCELAS DE R$ 300 DO AUX\u00cdLIO EMERGENCIAL\"}]},{\"@type\":\"WebSite\",\"@id\":\"https:\/\/bahiaeconomica.com.br\/wp\/#website\",\"url\":\"https:\/\/bahiaeconomica.com.br\/wp\/\",\"name\":\"Bahia Economica\",\"description\":\"O maior portal de Economia da Bahia\",\"publisher\":{\"@id\":\"https:\/\/bahiaeconomica.com.br\/wp\/#organization\"},\"potentialAction\":[{\"@type\":\"SearchAction\",\"target\":{\"@type\":\"EntryPoint\",\"urlTemplate\":\"https:\/\/bahiaeconomica.com.br\/wp\/?s={search_term_string}\"},\"query-input\":\"required name=search_term_string\"}],\"inLanguage\":\"pt-BR\"},{\"@type\":\"Organization\",\"@id\":\"https:\/\/bahiaeconomica.com.br\/wp\/#organization\",\"name\":\"Bahia Econ\u00f4mica\",\"url\":\"https:\/\/bahiaeconomica.com.br\/wp\/\",\"logo\":{\"@type\":\"ImageObject\",\"inLanguage\":\"pt-BR\",\"@id\":\"https:\/\/bahiaeconomica.com.br\/wp\/#\/schema\/logo\/image\/\",\"url\":\"https:\/\/bahiaeconomica.com.br\/wp\/wp-content\/uploads\/2020\/12\/cropped-BE.png\",\"contentUrl\":\"https:\/\/bahiaeconomica.com.br\/wp\/wp-content\/uploads\/2020\/12\/cropped-BE.png\",\"width\":512,\"height\":512,\"caption\":\"Bahia Econ\u00f4mica\"},\"image\":{\"@id\":\"https:\/\/bahiaeconomica.com.br\/wp\/#\/schema\/logo\/image\/\"},\"sameAs\":[\"https:\/\/www.facebook.com\/bahiaeconomica\"]},{\"@type\":\"Person\",\"@id\":\"https:\/\/bahiaeconomica.com.br\/wp\/#\/schema\/person\/cb1ab5ba96ad3d9390805381c76284ec\",\"name\":\"admin\",\"url\":\"https:\/\/bahiaeconomica.com.br\/wp\/author\/admin\/\"}]}<\/script>\n<!-- \/ Yoast SEO plugin. -->","yoast_head_json":{"title":"GOVERNO REVELA DATAS DAS PARCELAS DE R$ 300 DO AUX\u00cdLIO EMERGENCIAL - Bahia Economica","description":"O maior portal de Economia da Bahia ECONOMIA \/ POL\u00cdTICA Bahia Economica","robots":{"index":"index","follow":"follow","max-snippet":"max-snippet:-1","max-image-preview":"max-image-preview:large","max-video-preview":"max-video-preview:-1"},"canonical":"https:\/\/bahiaeconomica.com.br\/wp\/2020\/09\/08\/governo-revela-datas-das-parcelas-de-r-300-do-auxilio-emergencial\/","og_locale":"pt_BR","og_type":"article","og_title":"GOVERNO REVELA DATAS DAS PARCELAS DE R$ 300 DO AUX\u00cdLIO EMERGENCIAL - Bahia Economica","og_description":"O maior portal de Economia da Bahia ECONOMIA \/ POL\u00cdTICA Bahia Economica","og_url":"https:\/\/bahiaeconomica.com.br\/wp\/2020\/09\/08\/governo-revela-datas-das-parcelas-de-r-300-do-auxilio-emergencial\/","og_site_name":"Bahia Economica","article_publisher":"https:\/\/www.facebook.com\/bahiaeconomica","article_published_time":"2020-09-08T12:10:32+00:00","og_image":[{"width":475,"height":365,"url":"https:\/\/bahiaeconomica.com.br\/wp\/wp-content\/uploads\/2020\/04\/PRESIDENTE-DA-CAIXA.jpg","type":"image\/jpeg"}],"author":"admin","twitter_card":"summary_large_image","twitter_misc":{"Escrito por":"admin","Est. tempo de leitura":"2 minutos"},"schema":{"@context":"https:\/\/schema.org","@graph":[{"@type":"Article","@id":"https:\/\/bahiaeconomica.com.br\/wp\/2020\/09\/08\/governo-revela-datas-das-parcelas-de-r-300-do-auxilio-emergencial\/#article","isPartOf":{"@id":"https:\/\/bahiaeconomica.com.br\/wp\/2020\/09\/08\/governo-revela-datas-das-parcelas-de-r-300-do-auxilio-emergencial\/"},"author":{"name":"admin","@id":"https:\/\/bahiaeconomica.com.br\/wp\/#\/schema\/person\/cb1ab5ba96ad3d9390805381c76284ec"},"headline":"GOVERNO REVELA DATAS DAS PARCELAS DE R$ 300 DO AUX\u00cdLIO EMERGENCIAL","datePublished":"2020-09-08T12:10:32+00:00","dateModified":"2020-09-08T12:10:32+00:00","mainEntityOfPage":{"@id":"https:\/\/bahiaeconomica.com.br\/wp\/2020\/09\/08\/governo-revela-datas-das-parcelas-de-r-300-do-auxilio-emergencial\/"},"wordCount":314,"publisher":{"@id":"https:\/\/bahiaeconomica.com.br\/wp\/#organization"},"articleSection":["ECONOMIA \/ POL\u00cdTICA"],"inLanguage":"pt-BR"},{"@type":"WebPage","@id":"https:\/\/bahiaeconomica.com.br\/wp\/2020\/09\/08\/governo-revela-datas-das-parcelas-de-r-300-do-auxilio-emergencial\/","url":"https:\/\/bahiaeconomica.com.br\/wp\/2020\/09\/08\/governo-revela-datas-das-parcelas-de-r-300-do-auxilio-emergencial\/","name":"GOVERNO REVELA DATAS DAS PARCELAS DE R$ 300 DO AUX\u00cdLIO EMERGENCIAL - Bahia Economica","isPartOf":{"@id":"https:\/\/bahiaeconomica.com.br\/wp\/#website"},"datePublished":"2020-09-08T12:10:32+00:00","dateModified":"2020-09-08T12:10:32+00:00","description":"O maior portal de Economia da Bahia ECONOMIA \/ POL\u00cdTICA Bahia Economica","breadcrumb":{"@id":"https:\/\/bahiaeconomica.com.br\/wp\/2020\/09\/08\/governo-revela-datas-das-parcelas-de-r-300-do-auxilio-emergencial\/#breadcrumb"},"inLanguage":"pt-BR","potentialAction":[{"@type":"ReadAction","target":["https:\/\/bahiaeconomica.com.br\/wp\/2020\/09\/08\/governo-revela-datas-das-parcelas-de-r-300-do-auxilio-emergencial\/"]}]},{"@type":"BreadcrumbList","@id":"https:\/\/bahiaeconomica.com.br\/wp\/2020\/09\/08\/governo-revela-datas-das-parcelas-de-r-300-do-auxilio-emergencial\/#breadcrumb","itemListElement":[{"@type":"ListItem","position":1,"name":"In\u00edcio","item":"https:\/\/bahiaeconomica.com.br\/wp\/"},{"@type":"ListItem","position":2,"name":"GOVERNO REVELA DATAS DAS PARCELAS DE R$ 300 DO AUX\u00cdLIO EMERGENCIAL"}]},{"@type":"WebSite","@id":"https:\/\/bahiaeconomica.com.br\/wp\/#website","url":"https:\/\/bahiaeconomica.com.br\/wp\/","name":"Bahia Economica","description":"O maior portal de Economia da Bahia","publisher":{"@id":"https:\/\/bahiaeconomica.com.br\/wp\/#organization"},"potentialAction":[{"@type":"SearchAction","target":{"@type":"EntryPoint","urlTemplate":"https:\/\/bahiaeconomica.com.br\/wp\/?s={search_term_string}"},"query-input":"required name=search_term_string"}],"inLanguage":"pt-BR"},{"@type":"Organization","@id":"https:\/\/bahiaeconomica.com.br\/wp\/#organization","name":"Bahia Econ\u00f4mica","url":"https:\/\/bahiaeconomica.com.br\/wp\/","logo":{"@type":"ImageObject","inLanguage":"pt-BR","@id":"https:\/\/bahiaeconomica.com.br\/wp\/#\/schema\/logo\/image\/","url":"https:\/\/bahiaeconomica.com.br\/wp\/wp-content\/uploads\/2020\/12\/cropped-BE.png","contentUrl":"https:\/\/bahiaeconomica.com.br\/wp\/wp-content\/uploads\/2020\/12\/cropped-BE.png","width":512,"height":512,"caption":"Bahia Econ\u00f4mica"},"image":{"@id":"https:\/\/bahiaeconomica.com.br\/wp\/#\/schema\/logo\/image\/"},"sameAs":["https:\/\/www.facebook.com\/bahiaeconomica"]},{"@type":"Person","@id":"https:\/\/bahiaeconomica.com.br\/wp\/#\/schema\/person\/cb1ab5ba96ad3d9390805381c76284ec","name":"admin","url":"https:\/\/bahiaeconomica.com.br\/wp\/author\/admin\/"}]}},"views":2,"_links":{"self":[{"href":"https:\/\/bahiaeconomica.com.br\/wp\/wp-json\/wp\/v2\/posts\/490980"}],"collection":[{"href":"https:\/\/bahiaeconomica.com.br\/wp\/wp-json\/wp\/v2\/posts"}],"about":[{"href":"https:\/\/bahiaeconomica.com.br\/wp\/wp-json\/wp\/v2\/types\/post"}],"author":[{"embeddable":true,"href":"https:\/\/bahiaeconomica.com.br\/wp\/wp-json\/wp\/v2\/users\/1"}],"replies":[{"embeddable":true,"href":"https:\/\/bahiaeconomica.com.br\/wp\/wp-json\/wp\/v2\/comments?post=490980"}],"version-history":[{"count":1,"href":"https:\/\/bahiaeconomica.com.br\/wp\/wp-json\/wp\/v2\/posts\/490980\/revisions"}],"predecessor-version":[{"id":490983,"href":"https:\/\/bahiaeconomica.com.br\/wp\/wp-json\/wp\/v2\/posts\/490980\/revisions\/490983"}],"wp:featuredmedia":[{"embeddable":true,"href":"https:\/\/bahiaeconomica.com.br\/wp\/wp-json\/wp\/v2\/media\/455465"}],"wp:attachment":[{"href":"https:\/\/bahiaeconomica.com.br\/wp\/wp-json\/wp\/v2\/media?parent=490980"}],"wp:term":[{"taxonomy":"category","embeddable":true,"href":"https:\/\/bahiaeconomica.com.br\/wp\/wp-json\/wp\/v2\/categories?post=490980"},{"taxonomy":"post_tag","embeddable":true,"href":"https:\/\/bahiaeconomica.com.br\/wp\/wp-json\/wp\/v2\/tags?post=490980"}],"curies":[{"name":"wp","href":"https:\/\/api.w.org\/{rel}","templated":true}]}}