{"id":490898,"date":"2020-09-08T07:50:36","date_gmt":"2020-09-08T10:50:36","guid":{"rendered":"https:\/\/bahiaeconomica.com.br\/wp\/beta\/?p=490898"},"modified":"2020-09-08T07:59:03","modified_gmt":"2020-09-08T10:59:03","slug":"brasil-em-pauta-presidente-da-cnc-fala-sobre-reforma-tributaria","status":"publish","type":"post","link":"https:\/\/bahiaeconomica.com.br\/wp\/2020\/09\/08\/brasil-em-pauta-presidente-da-cnc-fala-sobre-reforma-tributaria\/","title":{"rendered":"PRESIDENTE DA CNC FALA SOBRE REFORMA TRIBUT\u00c1RIA"},"content":{"rendered":"<p>Representante do setor de com\u00e9rcio, bens, servi\u00e7o e turismo, o presidente da Confedera\u00e7\u00e3o Nacional do Com\u00e9rcio, Jos\u00e9 Roberto Tadros, lembrou que, juntas, essas atividades<!--more--> respondem por 73,8% da riqueza produzida no pa\u00eds, o Produto Interno Brasileiro (PIB). Em defesa dos setores, Tadros revelou preocupa\u00e7\u00e3o com as propostas de altera\u00e7\u00e3o da lei de tributos que est\u00e3o sendo discutidas por deputados e senadores.<\/p>\n<p>O empres\u00e1rio refere-se tanto \u00e0s Propostas de Emenda \u00e0 Constitui\u00e7\u00e3o (PEC 110 e PEC 45) quanto \u00e0 primeira parte da proposta de reforma tribut\u00e1ria apresentada pelo Executivo em julho. O Planalto enviou um texto que prev\u00ea a unifica\u00e7\u00e3o de dois impostos federais: o Programa de Integra\u00e7\u00e3o Social e de Forma\u00e7\u00e3o do Patrim\u00f4nio do Servidor P\u00fablico (PIS\/Pasep) e a Contribui\u00e7\u00e3o sobre o Financiamento da Seguridade Social (Cofins). No lugar desses impostos, haveria a cria\u00e7\u00e3o da Contribui\u00e7\u00e3o Social sobre Opera\u00e7\u00f5es com Bens e Servi\u00e7os (CBS), com al\u00edquota \u00fanica de 12%. A ideia \u00e9 que a CBS incida apenas sobre a receita bruta do faturamento empresarial, e n\u00e3o pelo c\u00e1lculo da receita total, como ocorre atualmente com o PIS e a Cofins.<\/p>\n<p>\u201cImposto sobre servi\u00e7o incide sobre transportes. Na hora que for buscar o produto no campo para distribuir nas cidades, voc\u00ea tem um incremento de 400%. Vai onerar internamente. E, externamente, na hora que voc\u00ea precisa, desesperadamente, incrementar o turismo no Brasil, na hora em que aumenta em 400% os tributos, voc\u00ea est\u00e1 afugentando o turista do pa\u00eds\u201d, disse Tadros.<\/p>\n<p>Ao programa Brasil Em Pauta \u2013 Especial Reforma Tribut\u00e1ria, da TV Brasil, que vai ao ar nesta segunda-feira (7), \u00e0s 22h30, o presidente da CNC afirmou que, antes de uma Reforma Tribut\u00e1ria, o pa\u00eds precisa discutir uma Reforma Administrativa. \u201cAcima do Estado est\u00e1 a na\u00e7\u00e3o que quer normas claras e que n\u00e3o se aumente tributos. Antes de sabermos quanto vamos tributar, temos que saber quanto o Estado vai gastar e se esse tamanho desse Estado cabe dentro do or\u00e7amento dos brasileiros\u201d, defendeu.<\/p>\n<p>As mudan\u00e7as nas regras sobre arrecada\u00e7\u00e3o de impostos t\u00eam sido defendidas desde a Constitui\u00e7\u00e3o de 1988. Para Tadros, essas altera\u00e7\u00f5es n\u00e3o foram alcan\u00e7adas at\u00e9 hoje \u201cporque tem que ter uma discuss\u00e3o ampla com todas as c\u00e9lulas vivas da sociedade. Essa discuss\u00e3o ainda n\u00e3o aconteceu\u201d. Segundo ele, aumentar impostos sobre o setor de servi\u00e7os, que \u00e9 o que mais emprega no pa\u00eds, vai resultar na onera\u00e7\u00e3o dos mais pobres e no comprometimento da capacidade de competitividade do brasileiro por impactos em \u00e1reas como a da educa\u00e7\u00e3o.<\/p>\n<p>Doutora em direito tribut\u00e1rio, Hadassah Santana, professora da Escola de Pol\u00edticas P\u00fablicas e Governo da Funda\u00e7\u00e3o Get\u00falio Vargas (FGV) disse que o pa\u00eds precisa compreender o debate como uma quest\u00e3o de na\u00e7\u00e3o. \u201c\u00c9 mais do que fazer uma reforma pontual. H\u00e1 possibilidade de uma reforma tribut\u00e1ria que seja melhor para o pa\u00eds que a gente est\u00e1 vivendo, que determine um rumo para o desenvolvimento\u201d, disse.<\/p>\n<p>Segundo ela, \u00e9 necess\u00e1rio que a discuss\u00e3o seja transparente, \u201cporque todos n\u00f3s seremos muito impactados por ela\u201d. A especialista destacou que as mudan\u00e7as podem incidir sobre diferentes bases tribut\u00e1veis &#8211; como renda, consumo e propriedade -, mas que, acima de tudo, precisa refletir as mudan\u00e7as de h\u00e1bitos de consumo da sociedade.<\/p>\n<p>Hadassah alertou que todos os pa\u00edses est\u00e3o pensando no impacto que a mudan\u00e7a de comportamento da sociedade tem provocado sobre as bases tribut\u00e1rias. Para ela, a pandemia agravou ainda mais a situa\u00e7\u00e3o, em casos como o do Brasil, que j\u00e1 contabilizava endividamento. \u201cQuando a gente fala de Reforma Tribut\u00e1ria, em nenhum momento houve diminui\u00e7\u00e3o da carga. A grande quest\u00e3o \u00e9 como fazer isso e re-onerar a sociedade de forma mais justa e equilibrada. E esse equil\u00edbrio que \u00e9 a grande discuss\u00e3o\u201d, completou.<\/p>\n<p>Foto: divulga\u00e7\u00e3o<\/p>\n","protected":false},"excerpt":{"rendered":"<p>Representante do setor de com\u00e9rcio, bens, servi\u00e7o e turismo, o presidente da Confedera\u00e7\u00e3o Nacional do Com\u00e9rcio, Jos\u00e9 Roberto Tadros, lembrou que, juntas, essas atividades<\/p>\n","protected":false},"author":1,"featured_media":460569,"comment_status":"closed","ping_status":"closed","sticky":false,"template":"","format":"standard","meta":[],"categories":[14,3],"tags":[],"acf":[],"yoast_head":"<!-- This site is optimized with the Yoast SEO plugin v20.8 - https:\/\/yoast.com\/wordpress\/plugins\/seo\/ -->\n<title>PRESIDENTE DA CNC FALA SOBRE REFORMA TRIBUT\u00c1RIA - Bahia Economica<\/title>\n<meta name=\"description\" content=\"O maior portal de Economia da Bahia DESTAQUE DO DIA, ECONOMIA \/ POL\u00cdTICA Bahia Economica\" \/>\n<meta name=\"robots\" content=\"index, follow, max-snippet:-1, max-image-preview:large, max-video-preview:-1\" \/>\n<link rel=\"canonical\" href=\"https:\/\/bahiaeconomica.com.br\/wp\/2020\/09\/08\/brasil-em-pauta-presidente-da-cnc-fala-sobre-reforma-tributaria\/\" \/>\n<meta property=\"og:locale\" content=\"pt_BR\" \/>\n<meta property=\"og:type\" content=\"article\" \/>\n<meta property=\"og:title\" content=\"PRESIDENTE DA CNC FALA SOBRE REFORMA TRIBUT\u00c1RIA - Bahia Economica\" \/>\n<meta property=\"og:description\" content=\"O maior portal de Economia da Bahia DESTAQUE DO DIA, ECONOMIA \/ POL\u00cdTICA Bahia Economica\" \/>\n<meta property=\"og:url\" content=\"https:\/\/bahiaeconomica.com.br\/wp\/2020\/09\/08\/brasil-em-pauta-presidente-da-cnc-fala-sobre-reforma-tributaria\/\" \/>\n<meta property=\"og:site_name\" content=\"Bahia Economica\" \/>\n<meta property=\"article:publisher\" content=\"https:\/\/www.facebook.com\/bahiaeconomica\" \/>\n<meta property=\"article:published_time\" content=\"2020-09-08T10:50:36+00:00\" \/>\n<meta property=\"article:modified_time\" content=\"2020-09-08T10:59:03+00:00\" \/>\n<meta property=\"og:image\" content=\"https:\/\/bahiaeconomica.com.br\/wp\/wp-content\/uploads\/2020\/05\/cnc.jpg\" \/>\n\t<meta property=\"og:image:width\" content=\"500\" \/>\n\t<meta property=\"og:image:height\" content=\"300\" \/>\n\t<meta property=\"og:image:type\" content=\"image\/jpeg\" \/>\n<meta name=\"author\" content=\"admin\" \/>\n<meta name=\"twitter:card\" content=\"summary_large_image\" \/>\n<meta name=\"twitter:label1\" content=\"Escrito por\" \/>\n\t<meta name=\"twitter:data1\" content=\"admin\" \/>\n\t<meta name=\"twitter:label2\" content=\"Est. tempo de leitura\" \/>\n\t<meta name=\"twitter:data2\" content=\"3 minutos\" \/>\n<script type=\"application\/ld+json\" class=\"yoast-schema-graph\">{\"@context\":\"https:\/\/schema.org\",\"@graph\":[{\"@type\":\"Article\",\"@id\":\"https:\/\/bahiaeconomica.com.br\/wp\/2020\/09\/08\/brasil-em-pauta-presidente-da-cnc-fala-sobre-reforma-tributaria\/#article\",\"isPartOf\":{\"@id\":\"https:\/\/bahiaeconomica.com.br\/wp\/2020\/09\/08\/brasil-em-pauta-presidente-da-cnc-fala-sobre-reforma-tributaria\/\"},\"author\":{\"name\":\"admin\",\"@id\":\"https:\/\/bahiaeconomica.com.br\/wp\/#\/schema\/person\/cb1ab5ba96ad3d9390805381c76284ec\"},\"headline\":\"PRESIDENTE DA CNC FALA SOBRE REFORMA TRIBUT\u00c1RIA\",\"datePublished\":\"2020-09-08T10:50:36+00:00\",\"dateModified\":\"2020-09-08T10:59:03+00:00\",\"mainEntityOfPage\":{\"@id\":\"https:\/\/bahiaeconomica.com.br\/wp\/2020\/09\/08\/brasil-em-pauta-presidente-da-cnc-fala-sobre-reforma-tributaria\/\"},\"wordCount\":673,\"publisher\":{\"@id\":\"https:\/\/bahiaeconomica.com.br\/wp\/#organization\"},\"articleSection\":[\"DESTAQUE DO DIA\",\"ECONOMIA \/ POL\u00cdTICA\"],\"inLanguage\":\"pt-BR\"},{\"@type\":\"WebPage\",\"@id\":\"https:\/\/bahiaeconomica.com.br\/wp\/2020\/09\/08\/brasil-em-pauta-presidente-da-cnc-fala-sobre-reforma-tributaria\/\",\"url\":\"https:\/\/bahiaeconomica.com.br\/wp\/2020\/09\/08\/brasil-em-pauta-presidente-da-cnc-fala-sobre-reforma-tributaria\/\",\"name\":\"PRESIDENTE DA CNC FALA SOBRE REFORMA TRIBUT\u00c1RIA - Bahia Economica\",\"isPartOf\":{\"@id\":\"https:\/\/bahiaeconomica.com.br\/wp\/#website\"},\"datePublished\":\"2020-09-08T10:50:36+00:00\",\"dateModified\":\"2020-09-08T10:59:03+00:00\",\"description\":\"O maior portal de Economia da Bahia DESTAQUE DO DIA, ECONOMIA \/ POL\u00cdTICA Bahia Economica\",\"breadcrumb\":{\"@id\":\"https:\/\/bahiaeconomica.com.br\/wp\/2020\/09\/08\/brasil-em-pauta-presidente-da-cnc-fala-sobre-reforma-tributaria\/#breadcrumb\"},\"inLanguage\":\"pt-BR\",\"potentialAction\":[{\"@type\":\"ReadAction\",\"target\":[\"https:\/\/bahiaeconomica.com.br\/wp\/2020\/09\/08\/brasil-em-pauta-presidente-da-cnc-fala-sobre-reforma-tributaria\/\"]}]},{\"@type\":\"BreadcrumbList\",\"@id\":\"https:\/\/bahiaeconomica.com.br\/wp\/2020\/09\/08\/brasil-em-pauta-presidente-da-cnc-fala-sobre-reforma-tributaria\/#breadcrumb\",\"itemListElement\":[{\"@type\":\"ListItem\",\"position\":1,\"name\":\"In\u00edcio\",\"item\":\"https:\/\/bahiaeconomica.com.br\/wp\/\"},{\"@type\":\"ListItem\",\"position\":2,\"name\":\"PRESIDENTE DA CNC FALA SOBRE REFORMA TRIBUT\u00c1RIA\"}]},{\"@type\":\"WebSite\",\"@id\":\"https:\/\/bahiaeconomica.com.br\/wp\/#website\",\"url\":\"https:\/\/bahiaeconomica.com.br\/wp\/\",\"name\":\"Bahia Economica\",\"description\":\"O maior portal de Economia da Bahia\",\"publisher\":{\"@id\":\"https:\/\/bahiaeconomica.com.br\/wp\/#organization\"},\"potentialAction\":[{\"@type\":\"SearchAction\",\"target\":{\"@type\":\"EntryPoint\",\"urlTemplate\":\"https:\/\/bahiaeconomica.com.br\/wp\/?s={search_term_string}\"},\"query-input\":\"required name=search_term_string\"}],\"inLanguage\":\"pt-BR\"},{\"@type\":\"Organization\",\"@id\":\"https:\/\/bahiaeconomica.com.br\/wp\/#organization\",\"name\":\"Bahia Econ\u00f4mica\",\"url\":\"https:\/\/bahiaeconomica.com.br\/wp\/\",\"logo\":{\"@type\":\"ImageObject\",\"inLanguage\":\"pt-BR\",\"@id\":\"https:\/\/bahiaeconomica.com.br\/wp\/#\/schema\/logo\/image\/\",\"url\":\"https:\/\/bahiaeconomica.com.br\/wp\/wp-content\/uploads\/2020\/12\/cropped-BE.png\",\"contentUrl\":\"https:\/\/bahiaeconomica.com.br\/wp\/wp-content\/uploads\/2020\/12\/cropped-BE.png\",\"width\":512,\"height\":512,\"caption\":\"Bahia Econ\u00f4mica\"},\"image\":{\"@id\":\"https:\/\/bahiaeconomica.com.br\/wp\/#\/schema\/logo\/image\/\"},\"sameAs\":[\"https:\/\/www.facebook.com\/bahiaeconomica\"]},{\"@type\":\"Person\",\"@id\":\"https:\/\/bahiaeconomica.com.br\/wp\/#\/schema\/person\/cb1ab5ba96ad3d9390805381c76284ec\",\"name\":\"admin\",\"url\":\"https:\/\/bahiaeconomica.com.br\/wp\/author\/admin\/\"}]}<\/script>\n<!-- \/ Yoast SEO plugin. -->","yoast_head_json":{"title":"PRESIDENTE DA CNC FALA SOBRE REFORMA TRIBUT\u00c1RIA - Bahia Economica","description":"O maior portal de Economia da Bahia DESTAQUE DO DIA, ECONOMIA \/ POL\u00cdTICA Bahia Economica","robots":{"index":"index","follow":"follow","max-snippet":"max-snippet:-1","max-image-preview":"max-image-preview:large","max-video-preview":"max-video-preview:-1"},"canonical":"https:\/\/bahiaeconomica.com.br\/wp\/2020\/09\/08\/brasil-em-pauta-presidente-da-cnc-fala-sobre-reforma-tributaria\/","og_locale":"pt_BR","og_type":"article","og_title":"PRESIDENTE DA CNC FALA SOBRE REFORMA TRIBUT\u00c1RIA - Bahia Economica","og_description":"O maior portal de Economia da Bahia DESTAQUE DO DIA, ECONOMIA \/ POL\u00cdTICA Bahia Economica","og_url":"https:\/\/bahiaeconomica.com.br\/wp\/2020\/09\/08\/brasil-em-pauta-presidente-da-cnc-fala-sobre-reforma-tributaria\/","og_site_name":"Bahia Economica","article_publisher":"https:\/\/www.facebook.com\/bahiaeconomica","article_published_time":"2020-09-08T10:50:36+00:00","article_modified_time":"2020-09-08T10:59:03+00:00","og_image":[{"width":500,"height":300,"url":"https:\/\/bahiaeconomica.com.br\/wp\/wp-content\/uploads\/2020\/05\/cnc.jpg","type":"image\/jpeg"}],"author":"admin","twitter_card":"summary_large_image","twitter_misc":{"Escrito por":"admin","Est. tempo de leitura":"3 minutos"},"schema":{"@context":"https:\/\/schema.org","@graph":[{"@type":"Article","@id":"https:\/\/bahiaeconomica.com.br\/wp\/2020\/09\/08\/brasil-em-pauta-presidente-da-cnc-fala-sobre-reforma-tributaria\/#article","isPartOf":{"@id":"https:\/\/bahiaeconomica.com.br\/wp\/2020\/09\/08\/brasil-em-pauta-presidente-da-cnc-fala-sobre-reforma-tributaria\/"},"author":{"name":"admin","@id":"https:\/\/bahiaeconomica.com.br\/wp\/#\/schema\/person\/cb1ab5ba96ad3d9390805381c76284ec"},"headline":"PRESIDENTE DA CNC FALA SOBRE REFORMA TRIBUT\u00c1RIA","datePublished":"2020-09-08T10:50:36+00:00","dateModified":"2020-09-08T10:59:03+00:00","mainEntityOfPage":{"@id":"https:\/\/bahiaeconomica.com.br\/wp\/2020\/09\/08\/brasil-em-pauta-presidente-da-cnc-fala-sobre-reforma-tributaria\/"},"wordCount":673,"publisher":{"@id":"https:\/\/bahiaeconomica.com.br\/wp\/#organization"},"articleSection":["DESTAQUE DO DIA","ECONOMIA \/ POL\u00cdTICA"],"inLanguage":"pt-BR"},{"@type":"WebPage","@id":"https:\/\/bahiaeconomica.com.br\/wp\/2020\/09\/08\/brasil-em-pauta-presidente-da-cnc-fala-sobre-reforma-tributaria\/","url":"https:\/\/bahiaeconomica.com.br\/wp\/2020\/09\/08\/brasil-em-pauta-presidente-da-cnc-fala-sobre-reforma-tributaria\/","name":"PRESIDENTE DA CNC FALA SOBRE REFORMA TRIBUT\u00c1RIA - Bahia Economica","isPartOf":{"@id":"https:\/\/bahiaeconomica.com.br\/wp\/#website"},"datePublished":"2020-09-08T10:50:36+00:00","dateModified":"2020-09-08T10:59:03+00:00","description":"O maior portal de Economia da Bahia DESTAQUE DO DIA, ECONOMIA \/ POL\u00cdTICA Bahia Economica","breadcrumb":{"@id":"https:\/\/bahiaeconomica.com.br\/wp\/2020\/09\/08\/brasil-em-pauta-presidente-da-cnc-fala-sobre-reforma-tributaria\/#breadcrumb"},"inLanguage":"pt-BR","potentialAction":[{"@type":"ReadAction","target":["https:\/\/bahiaeconomica.com.br\/wp\/2020\/09\/08\/brasil-em-pauta-presidente-da-cnc-fala-sobre-reforma-tributaria\/"]}]},{"@type":"BreadcrumbList","@id":"https:\/\/bahiaeconomica.com.br\/wp\/2020\/09\/08\/brasil-em-pauta-presidente-da-cnc-fala-sobre-reforma-tributaria\/#breadcrumb","itemListElement":[{"@type":"ListItem","position":1,"name":"In\u00edcio","item":"https:\/\/bahiaeconomica.com.br\/wp\/"},{"@type":"ListItem","position":2,"name":"PRESIDENTE DA CNC FALA SOBRE REFORMA TRIBUT\u00c1RIA"}]},{"@type":"WebSite","@id":"https:\/\/bahiaeconomica.com.br\/wp\/#website","url":"https:\/\/bahiaeconomica.com.br\/wp\/","name":"Bahia Economica","description":"O maior portal de Economia da Bahia","publisher":{"@id":"https:\/\/bahiaeconomica.com.br\/wp\/#organization"},"potentialAction":[{"@type":"SearchAction","target":{"@type":"EntryPoint","urlTemplate":"https:\/\/bahiaeconomica.com.br\/wp\/?s={search_term_string}"},"query-input":"required name=search_term_string"}],"inLanguage":"pt-BR"},{"@type":"Organization","@id":"https:\/\/bahiaeconomica.com.br\/wp\/#organization","name":"Bahia Econ\u00f4mica","url":"https:\/\/bahiaeconomica.com.br\/wp\/","logo":{"@type":"ImageObject","inLanguage":"pt-BR","@id":"https:\/\/bahiaeconomica.com.br\/wp\/#\/schema\/logo\/image\/","url":"https:\/\/bahiaeconomica.com.br\/wp\/wp-content\/uploads\/2020\/12\/cropped-BE.png","contentUrl":"https:\/\/bahiaeconomica.com.br\/wp\/wp-content\/uploads\/2020\/12\/cropped-BE.png","width":512,"height":512,"caption":"Bahia Econ\u00f4mica"},"image":{"@id":"https:\/\/bahiaeconomica.com.br\/wp\/#\/schema\/logo\/image\/"},"sameAs":["https:\/\/www.facebook.com\/bahiaeconomica"]},{"@type":"Person","@id":"https:\/\/bahiaeconomica.com.br\/wp\/#\/schema\/person\/cb1ab5ba96ad3d9390805381c76284ec","name":"admin","url":"https:\/\/bahiaeconomica.com.br\/wp\/author\/admin\/"}]}},"views":3,"_links":{"self":[{"href":"https:\/\/bahiaeconomica.com.br\/wp\/wp-json\/wp\/v2\/posts\/490898"}],"collection":[{"href":"https:\/\/bahiaeconomica.com.br\/wp\/wp-json\/wp\/v2\/posts"}],"about":[{"href":"https:\/\/bahiaeconomica.com.br\/wp\/wp-json\/wp\/v2\/types\/post"}],"author":[{"embeddable":true,"href":"https:\/\/bahiaeconomica.com.br\/wp\/wp-json\/wp\/v2\/users\/1"}],"replies":[{"embeddable":true,"href":"https:\/\/bahiaeconomica.com.br\/wp\/wp-json\/wp\/v2\/comments?post=490898"}],"version-history":[{"count":2,"href":"https:\/\/bahiaeconomica.com.br\/wp\/wp-json\/wp\/v2\/posts\/490898\/revisions"}],"predecessor-version":[{"id":490911,"href":"https:\/\/bahiaeconomica.com.br\/wp\/wp-json\/wp\/v2\/posts\/490898\/revisions\/490911"}],"wp:featuredmedia":[{"embeddable":true,"href":"https:\/\/bahiaeconomica.com.br\/wp\/wp-json\/wp\/v2\/media\/460569"}],"wp:attachment":[{"href":"https:\/\/bahiaeconomica.com.br\/wp\/wp-json\/wp\/v2\/media?parent=490898"}],"wp:term":[{"taxonomy":"category","embeddable":true,"href":"https:\/\/bahiaeconomica.com.br\/wp\/wp-json\/wp\/v2\/categories?post=490898"},{"taxonomy":"post_tag","embeddable":true,"href":"https:\/\/bahiaeconomica.com.br\/wp\/wp-json\/wp\/v2\/tags?post=490898"}],"curies":[{"name":"wp","href":"https:\/\/api.w.org\/{rel}","templated":true}]}}