{"id":489584,"date":"2020-09-01T11:22:43","date_gmt":"2020-09-01T14:22:43","guid":{"rendered":"https:\/\/bahiaeconomica.com.br\/wp\/beta\/?p=489584"},"modified":"2020-09-01T11:22:43","modified_gmt":"2020-09-01T14:22:43","slug":"prefeitura-vai-construir-ponte-na-regiao-do-iguatemi","status":"publish","type":"post","link":"https:\/\/bahiaeconomica.com.br\/wp\/2020\/09\/01\/prefeitura-vai-construir-ponte-na-regiao-do-iguatemi\/","title":{"rendered":"PREFEITURA VAI CONSTRUIR PONTE NA REGI\u00c3O DO IGUATEMI"},"content":{"rendered":"<p>A regi\u00e3o do Iguatemi ter\u00e1 novidade no tr\u00e2nsito. Nesta ter\u00e7a-feira (1), o prefeito ACM Neto deu ordem de servi\u00e7o para iniciar as obras de constru\u00e7\u00e3o da ponte sobre o <!--more-->Rio Camarajipe, na Liga\u00e7\u00e3o Iguatemi-Paralela. O munic\u00edpio acredita que ela vai permitir maior fluidez no tr\u00e1fego em um dos pontos mais movimentados da cidade. &#8220;N\u00f3s vamos ter um volume de ve\u00edculos, \u00f4nibus, autom\u00f3veis, motos, muito maior, com muito mais fluidez porque vai aumentar a capacidade de tr\u00e1fego de ve\u00edculos e essa ponte j\u00e1 existe hoje. N\u00f3s vamos construir outra ponte, exatamente ao lado dessa que j\u00e1 existe, mas passando pelo Rio Camarajipe&#8221;, explicou o prefeito.<\/p>\n<p>ACM Neto disse ainda que a ponte foi pensada a partir do projeto do BRT. &#8220;Quando foi fazer o projeto do BRT, n\u00f3s percebemos que n\u00e3o adiantaria dar fluidez no tr\u00e2nsito da Garibaldi ou da Vasco da Gama se n\u00f3s n\u00e3o fiz\u00e9ssemos um conjunto de interven\u00e7\u00f5es aqui na Tancredo Neves porque muitos pr\u00e9dios comerciais est\u00e3o aqui, h\u00e1 um volume muito grande de ocupa\u00e7\u00e3o empresarial, assim como tamb\u00e9m de shoppings&#8221;, explicou. O investimento ser\u00e1 de R$ 14,2 milh\u00f5es e ela ficar\u00e1 pronta em at\u00e9 9 meses. A ponte ter\u00e1 85 metros de extens\u00e3o, passeio, ilumina\u00e7\u00e3o, drenagem e pavimenta\u00e7\u00e3o. A solenidade aconteceu na regi\u00e3o da Avenida Tancredo Neves, em frente ao local onde ser\u00e1 constru\u00eddo o novo equipamento.<\/p>\n<p>Foto: divulga\u00e7\u00e3o<\/p>\n","protected":false},"excerpt":{"rendered":"<p>A regi\u00e3o do Iguatemi ter\u00e1 novidade no tr\u00e2nsito. Nesta ter\u00e7a-feira (1), o prefeito ACM Neto deu ordem de servi\u00e7o para iniciar as obras de constru\u00e7\u00e3o da ponte sobre o<\/p>\n","protected":false},"author":1,"featured_media":488517,"comment_status":"closed","ping_status":"closed","sticky":false,"template":"","format":"standard","meta":[],"categories":[14,3],"tags":[],"acf":[],"yoast_head":"<!-- This site is optimized with the Yoast SEO plugin v20.8 - https:\/\/yoast.com\/wordpress\/plugins\/seo\/ -->\n<title>PREFEITURA VAI CONSTRUIR PONTE NA REGI\u00c3O DO IGUATEMI - Bahia Economica<\/title>\n<meta name=\"description\" content=\"O maior portal de Economia da Bahia DESTAQUE DO DIA, ECONOMIA \/ POL\u00cdTICA Bahia Economica\" \/>\n<meta name=\"robots\" content=\"index, follow, max-snippet:-1, max-image-preview:large, max-video-preview:-1\" \/>\n<link rel=\"canonical\" href=\"https:\/\/bahiaeconomica.com.br\/wp\/2020\/09\/01\/prefeitura-vai-construir-ponte-na-regiao-do-iguatemi\/\" \/>\n<meta property=\"og:locale\" content=\"pt_BR\" \/>\n<meta property=\"og:type\" content=\"article\" \/>\n<meta property=\"og:title\" content=\"PREFEITURA VAI CONSTRUIR PONTE NA REGI\u00c3O DO IGUATEMI - Bahia Economica\" \/>\n<meta property=\"og:description\" content=\"O maior portal de Economia da Bahia DESTAQUE DO DIA, ECONOMIA \/ POL\u00cdTICA Bahia Economica\" \/>\n<meta property=\"og:url\" content=\"https:\/\/bahiaeconomica.com.br\/wp\/2020\/09\/01\/prefeitura-vai-construir-ponte-na-regiao-do-iguatemi\/\" \/>\n<meta property=\"og:site_name\" content=\"Bahia Economica\" \/>\n<meta property=\"article:publisher\" content=\"https:\/\/www.facebook.com\/bahiaeconomica\" \/>\n<meta property=\"article:published_time\" content=\"2020-09-01T14:22:43+00:00\" \/>\n<meta property=\"og:image\" content=\"https:\/\/bahiaeconomica.com.br\/wp\/wp-content\/uploads\/2020\/08\/Prefeito-ACM-Neto_USF-Jardim-Campo-Verde_Foto-Max-Haack_Secom-PMS-31-Copia.jpg\" \/>\n\t<meta property=\"og:image:width\" content=\"500\" \/>\n\t<meta property=\"og:image:height\" content=\"307\" \/>\n\t<meta property=\"og:image:type\" content=\"image\/jpeg\" \/>\n<meta name=\"author\" content=\"admin\" \/>\n<meta name=\"twitter:card\" content=\"summary_large_image\" \/>\n<meta name=\"twitter:label1\" content=\"Escrito por\" \/>\n\t<meta name=\"twitter:data1\" content=\"admin\" \/>\n\t<meta name=\"twitter:label2\" content=\"Est. tempo de leitura\" \/>\n\t<meta name=\"twitter:data2\" content=\"1 minuto\" \/>\n<script type=\"application\/ld+json\" class=\"yoast-schema-graph\">{\"@context\":\"https:\/\/schema.org\",\"@graph\":[{\"@type\":\"Article\",\"@id\":\"https:\/\/bahiaeconomica.com.br\/wp\/2020\/09\/01\/prefeitura-vai-construir-ponte-na-regiao-do-iguatemi\/#article\",\"isPartOf\":{\"@id\":\"https:\/\/bahiaeconomica.com.br\/wp\/2020\/09\/01\/prefeitura-vai-construir-ponte-na-regiao-do-iguatemi\/\"},\"author\":{\"name\":\"admin\",\"@id\":\"https:\/\/bahiaeconomica.com.br\/wp\/#\/schema\/person\/cb1ab5ba96ad3d9390805381c76284ec\"},\"headline\":\"PREFEITURA VAI CONSTRUIR PONTE NA REGI\u00c3O DO IGUATEMI\",\"datePublished\":\"2020-09-01T14:22:43+00:00\",\"dateModified\":\"2020-09-01T14:22:43+00:00\",\"mainEntityOfPage\":{\"@id\":\"https:\/\/bahiaeconomica.com.br\/wp\/2020\/09\/01\/prefeitura-vai-construir-ponte-na-regiao-do-iguatemi\/\"},\"wordCount\":259,\"publisher\":{\"@id\":\"https:\/\/bahiaeconomica.com.br\/wp\/#organization\"},\"articleSection\":[\"DESTAQUE DO DIA\",\"ECONOMIA \/ POL\u00cdTICA\"],\"inLanguage\":\"pt-BR\"},{\"@type\":\"WebPage\",\"@id\":\"https:\/\/bahiaeconomica.com.br\/wp\/2020\/09\/01\/prefeitura-vai-construir-ponte-na-regiao-do-iguatemi\/\",\"url\":\"https:\/\/bahiaeconomica.com.br\/wp\/2020\/09\/01\/prefeitura-vai-construir-ponte-na-regiao-do-iguatemi\/\",\"name\":\"PREFEITURA VAI CONSTRUIR PONTE NA REGI\u00c3O DO IGUATEMI - Bahia Economica\",\"isPartOf\":{\"@id\":\"https:\/\/bahiaeconomica.com.br\/wp\/#website\"},\"datePublished\":\"2020-09-01T14:22:43+00:00\",\"dateModified\":\"2020-09-01T14:22:43+00:00\",\"description\":\"O maior portal de Economia da Bahia DESTAQUE DO DIA, ECONOMIA \/ POL\u00cdTICA Bahia Economica\",\"breadcrumb\":{\"@id\":\"https:\/\/bahiaeconomica.com.br\/wp\/2020\/09\/01\/prefeitura-vai-construir-ponte-na-regiao-do-iguatemi\/#breadcrumb\"},\"inLanguage\":\"pt-BR\",\"potentialAction\":[{\"@type\":\"ReadAction\",\"target\":[\"https:\/\/bahiaeconomica.com.br\/wp\/2020\/09\/01\/prefeitura-vai-construir-ponte-na-regiao-do-iguatemi\/\"]}]},{\"@type\":\"BreadcrumbList\",\"@id\":\"https:\/\/bahiaeconomica.com.br\/wp\/2020\/09\/01\/prefeitura-vai-construir-ponte-na-regiao-do-iguatemi\/#breadcrumb\",\"itemListElement\":[{\"@type\":\"ListItem\",\"position\":1,\"name\":\"In\u00edcio\",\"item\":\"https:\/\/bahiaeconomica.com.br\/wp\/\"},{\"@type\":\"ListItem\",\"position\":2,\"name\":\"PREFEITURA VAI CONSTRUIR PONTE NA REGI\u00c3O DO IGUATEMI\"}]},{\"@type\":\"WebSite\",\"@id\":\"https:\/\/bahiaeconomica.com.br\/wp\/#website\",\"url\":\"https:\/\/bahiaeconomica.com.br\/wp\/\",\"name\":\"Bahia Economica\",\"description\":\"O maior portal de Economia da Bahia\",\"publisher\":{\"@id\":\"https:\/\/bahiaeconomica.com.br\/wp\/#organization\"},\"potentialAction\":[{\"@type\":\"SearchAction\",\"target\":{\"@type\":\"EntryPoint\",\"urlTemplate\":\"https:\/\/bahiaeconomica.com.br\/wp\/?s={search_term_string}\"},\"query-input\":\"required name=search_term_string\"}],\"inLanguage\":\"pt-BR\"},{\"@type\":\"Organization\",\"@id\":\"https:\/\/bahiaeconomica.com.br\/wp\/#organization\",\"name\":\"Bahia Econ\u00f4mica\",\"url\":\"https:\/\/bahiaeconomica.com.br\/wp\/\",\"logo\":{\"@type\":\"ImageObject\",\"inLanguage\":\"pt-BR\",\"@id\":\"https:\/\/bahiaeconomica.com.br\/wp\/#\/schema\/logo\/image\/\",\"url\":\"https:\/\/bahiaeconomica.com.br\/wp\/wp-content\/uploads\/2020\/12\/cropped-BE.png\",\"contentUrl\":\"https:\/\/bahiaeconomica.com.br\/wp\/wp-content\/uploads\/2020\/12\/cropped-BE.png\",\"width\":512,\"height\":512,\"caption\":\"Bahia Econ\u00f4mica\"},\"image\":{\"@id\":\"https:\/\/bahiaeconomica.com.br\/wp\/#\/schema\/logo\/image\/\"},\"sameAs\":[\"https:\/\/www.facebook.com\/bahiaeconomica\"]},{\"@type\":\"Person\",\"@id\":\"https:\/\/bahiaeconomica.com.br\/wp\/#\/schema\/person\/cb1ab5ba96ad3d9390805381c76284ec\",\"name\":\"admin\",\"url\":\"https:\/\/bahiaeconomica.com.br\/wp\/author\/admin\/\"}]}<\/script>\n<!-- \/ Yoast SEO plugin. -->","yoast_head_json":{"title":"PREFEITURA VAI CONSTRUIR PONTE NA REGI\u00c3O DO IGUATEMI - Bahia Economica","description":"O maior portal de Economia da Bahia DESTAQUE DO DIA, ECONOMIA \/ POL\u00cdTICA Bahia Economica","robots":{"index":"index","follow":"follow","max-snippet":"max-snippet:-1","max-image-preview":"max-image-preview:large","max-video-preview":"max-video-preview:-1"},"canonical":"https:\/\/bahiaeconomica.com.br\/wp\/2020\/09\/01\/prefeitura-vai-construir-ponte-na-regiao-do-iguatemi\/","og_locale":"pt_BR","og_type":"article","og_title":"PREFEITURA VAI CONSTRUIR PONTE NA REGI\u00c3O DO IGUATEMI - Bahia Economica","og_description":"O maior portal de Economia da Bahia DESTAQUE DO DIA, ECONOMIA \/ POL\u00cdTICA Bahia Economica","og_url":"https:\/\/bahiaeconomica.com.br\/wp\/2020\/09\/01\/prefeitura-vai-construir-ponte-na-regiao-do-iguatemi\/","og_site_name":"Bahia Economica","article_publisher":"https:\/\/www.facebook.com\/bahiaeconomica","article_published_time":"2020-09-01T14:22:43+00:00","og_image":[{"width":500,"height":307,"url":"https:\/\/bahiaeconomica.com.br\/wp\/wp-content\/uploads\/2020\/08\/Prefeito-ACM-Neto_USF-Jardim-Campo-Verde_Foto-Max-Haack_Secom-PMS-31-Copia.jpg","type":"image\/jpeg"}],"author":"admin","twitter_card":"summary_large_image","twitter_misc":{"Escrito por":"admin","Est. tempo de leitura":"1 minuto"},"schema":{"@context":"https:\/\/schema.org","@graph":[{"@type":"Article","@id":"https:\/\/bahiaeconomica.com.br\/wp\/2020\/09\/01\/prefeitura-vai-construir-ponte-na-regiao-do-iguatemi\/#article","isPartOf":{"@id":"https:\/\/bahiaeconomica.com.br\/wp\/2020\/09\/01\/prefeitura-vai-construir-ponte-na-regiao-do-iguatemi\/"},"author":{"name":"admin","@id":"https:\/\/bahiaeconomica.com.br\/wp\/#\/schema\/person\/cb1ab5ba96ad3d9390805381c76284ec"},"headline":"PREFEITURA VAI CONSTRUIR PONTE NA REGI\u00c3O DO IGUATEMI","datePublished":"2020-09-01T14:22:43+00:00","dateModified":"2020-09-01T14:22:43+00:00","mainEntityOfPage":{"@id":"https:\/\/bahiaeconomica.com.br\/wp\/2020\/09\/01\/prefeitura-vai-construir-ponte-na-regiao-do-iguatemi\/"},"wordCount":259,"publisher":{"@id":"https:\/\/bahiaeconomica.com.br\/wp\/#organization"},"articleSection":["DESTAQUE DO DIA","ECONOMIA \/ POL\u00cdTICA"],"inLanguage":"pt-BR"},{"@type":"WebPage","@id":"https:\/\/bahiaeconomica.com.br\/wp\/2020\/09\/01\/prefeitura-vai-construir-ponte-na-regiao-do-iguatemi\/","url":"https:\/\/bahiaeconomica.com.br\/wp\/2020\/09\/01\/prefeitura-vai-construir-ponte-na-regiao-do-iguatemi\/","name":"PREFEITURA VAI CONSTRUIR PONTE NA REGI\u00c3O DO IGUATEMI - Bahia Economica","isPartOf":{"@id":"https:\/\/bahiaeconomica.com.br\/wp\/#website"},"datePublished":"2020-09-01T14:22:43+00:00","dateModified":"2020-09-01T14:22:43+00:00","description":"O maior portal de Economia da Bahia DESTAQUE DO DIA, ECONOMIA \/ POL\u00cdTICA Bahia Economica","breadcrumb":{"@id":"https:\/\/bahiaeconomica.com.br\/wp\/2020\/09\/01\/prefeitura-vai-construir-ponte-na-regiao-do-iguatemi\/#breadcrumb"},"inLanguage":"pt-BR","potentialAction":[{"@type":"ReadAction","target":["https:\/\/bahiaeconomica.com.br\/wp\/2020\/09\/01\/prefeitura-vai-construir-ponte-na-regiao-do-iguatemi\/"]}]},{"@type":"BreadcrumbList","@id":"https:\/\/bahiaeconomica.com.br\/wp\/2020\/09\/01\/prefeitura-vai-construir-ponte-na-regiao-do-iguatemi\/#breadcrumb","itemListElement":[{"@type":"ListItem","position":1,"name":"In\u00edcio","item":"https:\/\/bahiaeconomica.com.br\/wp\/"},{"@type":"ListItem","position":2,"name":"PREFEITURA VAI CONSTRUIR PONTE NA REGI\u00c3O DO IGUATEMI"}]},{"@type":"WebSite","@id":"https:\/\/bahiaeconomica.com.br\/wp\/#website","url":"https:\/\/bahiaeconomica.com.br\/wp\/","name":"Bahia Economica","description":"O maior portal de Economia da Bahia","publisher":{"@id":"https:\/\/bahiaeconomica.com.br\/wp\/#organization"},"potentialAction":[{"@type":"SearchAction","target":{"@type":"EntryPoint","urlTemplate":"https:\/\/bahiaeconomica.com.br\/wp\/?s={search_term_string}"},"query-input":"required name=search_term_string"}],"inLanguage":"pt-BR"},{"@type":"Organization","@id":"https:\/\/bahiaeconomica.com.br\/wp\/#organization","name":"Bahia Econ\u00f4mica","url":"https:\/\/bahiaeconomica.com.br\/wp\/","logo":{"@type":"ImageObject","inLanguage":"pt-BR","@id":"https:\/\/bahiaeconomica.com.br\/wp\/#\/schema\/logo\/image\/","url":"https:\/\/bahiaeconomica.com.br\/wp\/wp-content\/uploads\/2020\/12\/cropped-BE.png","contentUrl":"https:\/\/bahiaeconomica.com.br\/wp\/wp-content\/uploads\/2020\/12\/cropped-BE.png","width":512,"height":512,"caption":"Bahia Econ\u00f4mica"},"image":{"@id":"https:\/\/bahiaeconomica.com.br\/wp\/#\/schema\/logo\/image\/"},"sameAs":["https:\/\/www.facebook.com\/bahiaeconomica"]},{"@type":"Person","@id":"https:\/\/bahiaeconomica.com.br\/wp\/#\/schema\/person\/cb1ab5ba96ad3d9390805381c76284ec","name":"admin","url":"https:\/\/bahiaeconomica.com.br\/wp\/author\/admin\/"}]}},"views":18,"_links":{"self":[{"href":"https:\/\/bahiaeconomica.com.br\/wp\/wp-json\/wp\/v2\/posts\/489584"}],"collection":[{"href":"https:\/\/bahiaeconomica.com.br\/wp\/wp-json\/wp\/v2\/posts"}],"about":[{"href":"https:\/\/bahiaeconomica.com.br\/wp\/wp-json\/wp\/v2\/types\/post"}],"author":[{"embeddable":true,"href":"https:\/\/bahiaeconomica.com.br\/wp\/wp-json\/wp\/v2\/users\/1"}],"replies":[{"embeddable":true,"href":"https:\/\/bahiaeconomica.com.br\/wp\/wp-json\/wp\/v2\/comments?post=489584"}],"version-history":[{"count":1,"href":"https:\/\/bahiaeconomica.com.br\/wp\/wp-json\/wp\/v2\/posts\/489584\/revisions"}],"predecessor-version":[{"id":489586,"href":"https:\/\/bahiaeconomica.com.br\/wp\/wp-json\/wp\/v2\/posts\/489584\/revisions\/489586"}],"wp:featuredmedia":[{"embeddable":true,"href":"https:\/\/bahiaeconomica.com.br\/wp\/wp-json\/wp\/v2\/media\/488517"}],"wp:attachment":[{"href":"https:\/\/bahiaeconomica.com.br\/wp\/wp-json\/wp\/v2\/media?parent=489584"}],"wp:term":[{"taxonomy":"category","embeddable":true,"href":"https:\/\/bahiaeconomica.com.br\/wp\/wp-json\/wp\/v2\/categories?post=489584"},{"taxonomy":"post_tag","embeddable":true,"href":"https:\/\/bahiaeconomica.com.br\/wp\/wp-json\/wp\/v2\/tags?post=489584"}],"curies":[{"name":"wp","href":"https:\/\/api.w.org\/{rel}","templated":true}]}}