{"id":487676,"date":"2020-08-25T14:50:04","date_gmt":"2020-08-25T17:50:04","guid":{"rendered":"https:\/\/bahiaeconomica.com.br\/wp\/beta\/?p=487676"},"modified":"2020-08-25T14:55:04","modified_gmt":"2020-08-25T17:55:04","slug":"souto-diz-que-perda-da-arrecadacao-no-semestre-nao-tirou-salvador-do-seu-patamar-na-regiao-nordeste","status":"publish","type":"post","link":"https:\/\/bahiaeconomica.com.br\/wp\/2020\/08\/25\/souto-diz-que-perda-da-arrecadacao-no-semestre-nao-tirou-salvador-do-seu-patamar-na-regiao-nordeste\/","title":{"rendered":"SOUTO DIZ QUE PERDA DA ARRECADA\u00c7\u00c3O NO SEMESTRE N\u00c3O TIROU SALVADOR DO SEU PATAMAR NA REGI\u00c3O NORDESTE"},"content":{"rendered":"<p><strong>Por: Jo\u00e3o Paulo Almeida<\/strong><\/p>\n<p>A crise impulsionada pela pandemia do novo coronav\u00edrus fez com que a arrecada\u00e7\u00e3o com tributos ca\u00edsse em pelo menos 19 capitais de estados brasileiros no primeiro semestre<!--more--> de 2020. E Salvador foi a 9\u00aa cidade que mais perdeu arrecada\u00e7\u00e3o no 1\u00ba trimestre de 2020 em rela\u00e7\u00e3o a igual per\u00edodo do ano anterior.<\/p>\n<p>A informa\u00e7\u00e3o \u00e9 do jornal Folha de S\u00e3o Paulo que afirma que a perda na arrecada\u00e7\u00e3o pr\u00f3pria na capital foi de R$ 90 milh\u00f5es, o que significa uma\u00a0 redu\u00e7\u00e3o de 5,1% em rela\u00e7\u00e3o ao ano passado.\u00a0 Houve queda de R$ 49 milh\u00f5es do ISS (Imposto Sobre Servi\u00e7os), impulsionado pela queda de setores-chave para Salvador como turismo e constru\u00e7\u00e3o civil e perda de R$ 26 milh\u00f5es com o IPTU.<\/p>\n<p><strong>Em entrevista com ao portal Bahia Econ\u00f4mica<\/strong> o secret\u00e1rio da fazenda do munic\u00edpio Paulo Souto confirmou a perda de arrecada\u00e7\u00e3o em setores fundamentais da economia de salvador como o turismo e os servi\u00e7os, por\u00e9m afirmou que a capital manteve a m\u00e9dia de for\u00e7a no nordeste, n\u00e3o perdendo espa\u00e7o em rela\u00e7\u00e3o a outras capitais do estado como recife e Pernambuco.<\/p>\n<p>\u201cN\u00f3s estamos vivento um momento onde a pandemia afetou setores importantes para economia de Salvador. O setor do turismo teve hot\u00e9is fechados por mais de quatro meses e isso prejudicou a arrecada\u00e7\u00e3o desse setor. O mesmo para o com\u00e9rcio e para outros servi\u00e7os que n\u00e3o puderam cumpri as obriga\u00e7\u00f5es tribut\u00e1rias por estarem fechados. N\u00f3s entendemos que o momento a perda existiu foi grave no semestre, mas se voc\u00ea comparar com outras capitais do nordeste n\u00f3s mantivemos a m\u00e9dia, ent\u00e3o n\u00e3o houve nenhum momento de desproporcionalidade em rela\u00e7\u00e3o a regi\u00e3o\u201d , disse.<\/p>\n<p>No nordeste Salvador foi a quarta capital que mais perdeu recursos. Apenas, S\u00e3o Luis (13,4%), Jo\u00e3o Pessoa (7,1%) e Fortaleza (5,1%), perderam mais que a Bahia que perdeu 4,2%. Natal, Aracaju (1,9%), Macei\u00f3 (2,5%) e Recife (-2,9%) tiveram perdas menores ou n\u00e3o tiveram perdas no per\u00edodo.<\/p>\n<p>Foto: divulga\u00e7\u00e3o<\/p>\n","protected":false},"excerpt":{"rendered":"<p>Por: Jo\u00e3o Paulo Almeida A crise impulsionada pela pandemia do novo coronav\u00edrus fez com que a arrecada\u00e7\u00e3o com tributos ca\u00edsse em pelo menos 19 capitais de estados brasileiros no primeiro semestre<\/p>\n","protected":false},"author":1,"featured_media":425332,"comment_status":"closed","ping_status":"closed","sticky":false,"template":"","format":"standard","meta":[],"categories":[3],"tags":[],"acf":[],"yoast_head":"<!-- This site is optimized with the Yoast SEO plugin v20.8 - https:\/\/yoast.com\/wordpress\/plugins\/seo\/ -->\n<title>SOUTO DIZ QUE PERDA DA ARRECADA\u00c7\u00c3O NO SEMESTRE N\u00c3O TIROU SALVADOR DO SEU PATAMAR NA REGI\u00c3O NORDESTE - Bahia Economica<\/title>\n<meta name=\"description\" content=\"O maior portal de Economia da Bahia ECONOMIA \/ POL\u00cdTICA Bahia Economica\" \/>\n<meta name=\"robots\" content=\"index, follow, max-snippet:-1, max-image-preview:large, max-video-preview:-1\" \/>\n<link rel=\"canonical\" href=\"https:\/\/bahiaeconomica.com.br\/wp\/2020\/08\/25\/souto-diz-que-perda-da-arrecadacao-no-semestre-nao-tirou-salvador-do-seu-patamar-na-regiao-nordeste\/\" \/>\n<meta property=\"og:locale\" content=\"pt_BR\" \/>\n<meta property=\"og:type\" content=\"article\" \/>\n<meta property=\"og:title\" content=\"SOUTO DIZ QUE PERDA DA ARRECADA\u00c7\u00c3O NO SEMESTRE N\u00c3O TIROU SALVADOR DO SEU PATAMAR NA REGI\u00c3O NORDESTE - Bahia Economica\" \/>\n<meta property=\"og:description\" content=\"O maior portal de Economia da Bahia ECONOMIA \/ POL\u00cdTICA Bahia Economica\" \/>\n<meta property=\"og:url\" content=\"https:\/\/bahiaeconomica.com.br\/wp\/2020\/08\/25\/souto-diz-que-perda-da-arrecadacao-no-semestre-nao-tirou-salvador-do-seu-patamar-na-regiao-nordeste\/\" \/>\n<meta property=\"og:site_name\" content=\"Bahia Economica\" \/>\n<meta property=\"article:publisher\" content=\"https:\/\/www.facebook.com\/bahiaeconomica\" \/>\n<meta property=\"article:published_time\" content=\"2020-08-25T17:50:04+00:00\" \/>\n<meta property=\"article:modified_time\" content=\"2020-08-25T17:55:04+00:00\" \/>\n<meta property=\"og:image\" content=\"https:\/\/bahiaeconomica.com.br\/wp\/wp-content\/uploads\/2019\/12\/paulo-souto-e1576101910416.jpeg\" \/>\n\t<meta property=\"og:image:width\" content=\"500\" \/>\n\t<meta property=\"og:image:height\" content=\"294\" \/>\n\t<meta property=\"og:image:type\" content=\"image\/jpeg\" \/>\n<meta name=\"author\" content=\"admin\" \/>\n<meta name=\"twitter:card\" content=\"summary_large_image\" \/>\n<meta name=\"twitter:label1\" content=\"Escrito por\" \/>\n\t<meta name=\"twitter:data1\" content=\"admin\" \/>\n\t<meta name=\"twitter:label2\" content=\"Est. tempo de leitura\" \/>\n\t<meta name=\"twitter:data2\" content=\"2 minutos\" \/>\n<script type=\"application\/ld+json\" class=\"yoast-schema-graph\">{\"@context\":\"https:\/\/schema.org\",\"@graph\":[{\"@type\":\"Article\",\"@id\":\"https:\/\/bahiaeconomica.com.br\/wp\/2020\/08\/25\/souto-diz-que-perda-da-arrecadacao-no-semestre-nao-tirou-salvador-do-seu-patamar-na-regiao-nordeste\/#article\",\"isPartOf\":{\"@id\":\"https:\/\/bahiaeconomica.com.br\/wp\/2020\/08\/25\/souto-diz-que-perda-da-arrecadacao-no-semestre-nao-tirou-salvador-do-seu-patamar-na-regiao-nordeste\/\"},\"author\":{\"name\":\"admin\",\"@id\":\"https:\/\/bahiaeconomica.com.br\/wp\/#\/schema\/person\/cb1ab5ba96ad3d9390805381c76284ec\"},\"headline\":\"SOUTO DIZ QUE PERDA DA ARRECADA\u00c7\u00c3O NO SEMESTRE N\u00c3O TIROU SALVADOR DO SEU PATAMAR NA REGI\u00c3O NORDESTE\",\"datePublished\":\"2020-08-25T17:50:04+00:00\",\"dateModified\":\"2020-08-25T17:55:04+00:00\",\"mainEntityOfPage\":{\"@id\":\"https:\/\/bahiaeconomica.com.br\/wp\/2020\/08\/25\/souto-diz-que-perda-da-arrecadacao-no-semestre-nao-tirou-salvador-do-seu-patamar-na-regiao-nordeste\/\"},\"wordCount\":374,\"publisher\":{\"@id\":\"https:\/\/bahiaeconomica.com.br\/wp\/#organization\"},\"articleSection\":[\"ECONOMIA \/ POL\u00cdTICA\"],\"inLanguage\":\"pt-BR\"},{\"@type\":\"WebPage\",\"@id\":\"https:\/\/bahiaeconomica.com.br\/wp\/2020\/08\/25\/souto-diz-que-perda-da-arrecadacao-no-semestre-nao-tirou-salvador-do-seu-patamar-na-regiao-nordeste\/\",\"url\":\"https:\/\/bahiaeconomica.com.br\/wp\/2020\/08\/25\/souto-diz-que-perda-da-arrecadacao-no-semestre-nao-tirou-salvador-do-seu-patamar-na-regiao-nordeste\/\",\"name\":\"SOUTO DIZ QUE PERDA DA ARRECADA\u00c7\u00c3O NO SEMESTRE N\u00c3O TIROU SALVADOR DO SEU PATAMAR NA REGI\u00c3O NORDESTE - Bahia Economica\",\"isPartOf\":{\"@id\":\"https:\/\/bahiaeconomica.com.br\/wp\/#website\"},\"datePublished\":\"2020-08-25T17:50:04+00:00\",\"dateModified\":\"2020-08-25T17:55:04+00:00\",\"description\":\"O maior portal de Economia da Bahia ECONOMIA \/ POL\u00cdTICA Bahia Economica\",\"breadcrumb\":{\"@id\":\"https:\/\/bahiaeconomica.com.br\/wp\/2020\/08\/25\/souto-diz-que-perda-da-arrecadacao-no-semestre-nao-tirou-salvador-do-seu-patamar-na-regiao-nordeste\/#breadcrumb\"},\"inLanguage\":\"pt-BR\",\"potentialAction\":[{\"@type\":\"ReadAction\",\"target\":[\"https:\/\/bahiaeconomica.com.br\/wp\/2020\/08\/25\/souto-diz-que-perda-da-arrecadacao-no-semestre-nao-tirou-salvador-do-seu-patamar-na-regiao-nordeste\/\"]}]},{\"@type\":\"BreadcrumbList\",\"@id\":\"https:\/\/bahiaeconomica.com.br\/wp\/2020\/08\/25\/souto-diz-que-perda-da-arrecadacao-no-semestre-nao-tirou-salvador-do-seu-patamar-na-regiao-nordeste\/#breadcrumb\",\"itemListElement\":[{\"@type\":\"ListItem\",\"position\":1,\"name\":\"In\u00edcio\",\"item\":\"https:\/\/bahiaeconomica.com.br\/wp\/\"},{\"@type\":\"ListItem\",\"position\":2,\"name\":\"SOUTO DIZ QUE PERDA DA ARRECADA\u00c7\u00c3O NO SEMESTRE N\u00c3O TIROU SALVADOR DO SEU PATAMAR NA REGI\u00c3O NORDESTE\"}]},{\"@type\":\"WebSite\",\"@id\":\"https:\/\/bahiaeconomica.com.br\/wp\/#website\",\"url\":\"https:\/\/bahiaeconomica.com.br\/wp\/\",\"name\":\"Bahia Economica\",\"description\":\"O maior portal de Economia da Bahia\",\"publisher\":{\"@id\":\"https:\/\/bahiaeconomica.com.br\/wp\/#organization\"},\"potentialAction\":[{\"@type\":\"SearchAction\",\"target\":{\"@type\":\"EntryPoint\",\"urlTemplate\":\"https:\/\/bahiaeconomica.com.br\/wp\/?s={search_term_string}\"},\"query-input\":\"required name=search_term_string\"}],\"inLanguage\":\"pt-BR\"},{\"@type\":\"Organization\",\"@id\":\"https:\/\/bahiaeconomica.com.br\/wp\/#organization\",\"name\":\"Bahia Econ\u00f4mica\",\"url\":\"https:\/\/bahiaeconomica.com.br\/wp\/\",\"logo\":{\"@type\":\"ImageObject\",\"inLanguage\":\"pt-BR\",\"@id\":\"https:\/\/bahiaeconomica.com.br\/wp\/#\/schema\/logo\/image\/\",\"url\":\"https:\/\/bahiaeconomica.com.br\/wp\/wp-content\/uploads\/2020\/12\/cropped-BE.png\",\"contentUrl\":\"https:\/\/bahiaeconomica.com.br\/wp\/wp-content\/uploads\/2020\/12\/cropped-BE.png\",\"width\":512,\"height\":512,\"caption\":\"Bahia Econ\u00f4mica\"},\"image\":{\"@id\":\"https:\/\/bahiaeconomica.com.br\/wp\/#\/schema\/logo\/image\/\"},\"sameAs\":[\"https:\/\/www.facebook.com\/bahiaeconomica\"]},{\"@type\":\"Person\",\"@id\":\"https:\/\/bahiaeconomica.com.br\/wp\/#\/schema\/person\/cb1ab5ba96ad3d9390805381c76284ec\",\"name\":\"admin\",\"url\":\"https:\/\/bahiaeconomica.com.br\/wp\/author\/admin\/\"}]}<\/script>\n<!-- \/ Yoast SEO plugin. -->","yoast_head_json":{"title":"SOUTO DIZ QUE PERDA DA ARRECADA\u00c7\u00c3O NO SEMESTRE N\u00c3O TIROU SALVADOR DO SEU PATAMAR NA REGI\u00c3O NORDESTE - Bahia Economica","description":"O maior portal de Economia da Bahia ECONOMIA \/ POL\u00cdTICA Bahia Economica","robots":{"index":"index","follow":"follow","max-snippet":"max-snippet:-1","max-image-preview":"max-image-preview:large","max-video-preview":"max-video-preview:-1"},"canonical":"https:\/\/bahiaeconomica.com.br\/wp\/2020\/08\/25\/souto-diz-que-perda-da-arrecadacao-no-semestre-nao-tirou-salvador-do-seu-patamar-na-regiao-nordeste\/","og_locale":"pt_BR","og_type":"article","og_title":"SOUTO DIZ QUE PERDA DA ARRECADA\u00c7\u00c3O NO SEMESTRE N\u00c3O TIROU SALVADOR DO SEU PATAMAR NA REGI\u00c3O NORDESTE - Bahia Economica","og_description":"O maior portal de Economia da Bahia ECONOMIA \/ POL\u00cdTICA Bahia Economica","og_url":"https:\/\/bahiaeconomica.com.br\/wp\/2020\/08\/25\/souto-diz-que-perda-da-arrecadacao-no-semestre-nao-tirou-salvador-do-seu-patamar-na-regiao-nordeste\/","og_site_name":"Bahia Economica","article_publisher":"https:\/\/www.facebook.com\/bahiaeconomica","article_published_time":"2020-08-25T17:50:04+00:00","article_modified_time":"2020-08-25T17:55:04+00:00","og_image":[{"width":500,"height":294,"url":"https:\/\/bahiaeconomica.com.br\/wp\/wp-content\/uploads\/2019\/12\/paulo-souto-e1576101910416.jpeg","type":"image\/jpeg"}],"author":"admin","twitter_card":"summary_large_image","twitter_misc":{"Escrito por":"admin","Est. tempo de leitura":"2 minutos"},"schema":{"@context":"https:\/\/schema.org","@graph":[{"@type":"Article","@id":"https:\/\/bahiaeconomica.com.br\/wp\/2020\/08\/25\/souto-diz-que-perda-da-arrecadacao-no-semestre-nao-tirou-salvador-do-seu-patamar-na-regiao-nordeste\/#article","isPartOf":{"@id":"https:\/\/bahiaeconomica.com.br\/wp\/2020\/08\/25\/souto-diz-que-perda-da-arrecadacao-no-semestre-nao-tirou-salvador-do-seu-patamar-na-regiao-nordeste\/"},"author":{"name":"admin","@id":"https:\/\/bahiaeconomica.com.br\/wp\/#\/schema\/person\/cb1ab5ba96ad3d9390805381c76284ec"},"headline":"SOUTO DIZ QUE PERDA DA ARRECADA\u00c7\u00c3O NO SEMESTRE N\u00c3O TIROU SALVADOR DO SEU PATAMAR NA REGI\u00c3O NORDESTE","datePublished":"2020-08-25T17:50:04+00:00","dateModified":"2020-08-25T17:55:04+00:00","mainEntityOfPage":{"@id":"https:\/\/bahiaeconomica.com.br\/wp\/2020\/08\/25\/souto-diz-que-perda-da-arrecadacao-no-semestre-nao-tirou-salvador-do-seu-patamar-na-regiao-nordeste\/"},"wordCount":374,"publisher":{"@id":"https:\/\/bahiaeconomica.com.br\/wp\/#organization"},"articleSection":["ECONOMIA \/ POL\u00cdTICA"],"inLanguage":"pt-BR"},{"@type":"WebPage","@id":"https:\/\/bahiaeconomica.com.br\/wp\/2020\/08\/25\/souto-diz-que-perda-da-arrecadacao-no-semestre-nao-tirou-salvador-do-seu-patamar-na-regiao-nordeste\/","url":"https:\/\/bahiaeconomica.com.br\/wp\/2020\/08\/25\/souto-diz-que-perda-da-arrecadacao-no-semestre-nao-tirou-salvador-do-seu-patamar-na-regiao-nordeste\/","name":"SOUTO DIZ QUE PERDA DA ARRECADA\u00c7\u00c3O NO SEMESTRE N\u00c3O TIROU SALVADOR DO SEU PATAMAR NA REGI\u00c3O NORDESTE - Bahia Economica","isPartOf":{"@id":"https:\/\/bahiaeconomica.com.br\/wp\/#website"},"datePublished":"2020-08-25T17:50:04+00:00","dateModified":"2020-08-25T17:55:04+00:00","description":"O maior portal de Economia da Bahia ECONOMIA \/ POL\u00cdTICA Bahia Economica","breadcrumb":{"@id":"https:\/\/bahiaeconomica.com.br\/wp\/2020\/08\/25\/souto-diz-que-perda-da-arrecadacao-no-semestre-nao-tirou-salvador-do-seu-patamar-na-regiao-nordeste\/#breadcrumb"},"inLanguage":"pt-BR","potentialAction":[{"@type":"ReadAction","target":["https:\/\/bahiaeconomica.com.br\/wp\/2020\/08\/25\/souto-diz-que-perda-da-arrecadacao-no-semestre-nao-tirou-salvador-do-seu-patamar-na-regiao-nordeste\/"]}]},{"@type":"BreadcrumbList","@id":"https:\/\/bahiaeconomica.com.br\/wp\/2020\/08\/25\/souto-diz-que-perda-da-arrecadacao-no-semestre-nao-tirou-salvador-do-seu-patamar-na-regiao-nordeste\/#breadcrumb","itemListElement":[{"@type":"ListItem","position":1,"name":"In\u00edcio","item":"https:\/\/bahiaeconomica.com.br\/wp\/"},{"@type":"ListItem","position":2,"name":"SOUTO DIZ QUE PERDA DA ARRECADA\u00c7\u00c3O NO SEMESTRE N\u00c3O TIROU SALVADOR DO SEU PATAMAR NA REGI\u00c3O NORDESTE"}]},{"@type":"WebSite","@id":"https:\/\/bahiaeconomica.com.br\/wp\/#website","url":"https:\/\/bahiaeconomica.com.br\/wp\/","name":"Bahia Economica","description":"O maior portal de Economia da Bahia","publisher":{"@id":"https:\/\/bahiaeconomica.com.br\/wp\/#organization"},"potentialAction":[{"@type":"SearchAction","target":{"@type":"EntryPoint","urlTemplate":"https:\/\/bahiaeconomica.com.br\/wp\/?s={search_term_string}"},"query-input":"required name=search_term_string"}],"inLanguage":"pt-BR"},{"@type":"Organization","@id":"https:\/\/bahiaeconomica.com.br\/wp\/#organization","name":"Bahia Econ\u00f4mica","url":"https:\/\/bahiaeconomica.com.br\/wp\/","logo":{"@type":"ImageObject","inLanguage":"pt-BR","@id":"https:\/\/bahiaeconomica.com.br\/wp\/#\/schema\/logo\/image\/","url":"https:\/\/bahiaeconomica.com.br\/wp\/wp-content\/uploads\/2020\/12\/cropped-BE.png","contentUrl":"https:\/\/bahiaeconomica.com.br\/wp\/wp-content\/uploads\/2020\/12\/cropped-BE.png","width":512,"height":512,"caption":"Bahia Econ\u00f4mica"},"image":{"@id":"https:\/\/bahiaeconomica.com.br\/wp\/#\/schema\/logo\/image\/"},"sameAs":["https:\/\/www.facebook.com\/bahiaeconomica"]},{"@type":"Person","@id":"https:\/\/bahiaeconomica.com.br\/wp\/#\/schema\/person\/cb1ab5ba96ad3d9390805381c76284ec","name":"admin","url":"https:\/\/bahiaeconomica.com.br\/wp\/author\/admin\/"}]}},"views":0,"_links":{"self":[{"href":"https:\/\/bahiaeconomica.com.br\/wp\/wp-json\/wp\/v2\/posts\/487676"}],"collection":[{"href":"https:\/\/bahiaeconomica.com.br\/wp\/wp-json\/wp\/v2\/posts"}],"about":[{"href":"https:\/\/bahiaeconomica.com.br\/wp\/wp-json\/wp\/v2\/types\/post"}],"author":[{"embeddable":true,"href":"https:\/\/bahiaeconomica.com.br\/wp\/wp-json\/wp\/v2\/users\/1"}],"replies":[{"embeddable":true,"href":"https:\/\/bahiaeconomica.com.br\/wp\/wp-json\/wp\/v2\/comments?post=487676"}],"version-history":[{"count":1,"href":"https:\/\/bahiaeconomica.com.br\/wp\/wp-json\/wp\/v2\/posts\/487676\/revisions"}],"predecessor-version":[{"id":487680,"href":"https:\/\/bahiaeconomica.com.br\/wp\/wp-json\/wp\/v2\/posts\/487676\/revisions\/487680"}],"wp:featuredmedia":[{"embeddable":true,"href":"https:\/\/bahiaeconomica.com.br\/wp\/wp-json\/wp\/v2\/media\/425332"}],"wp:attachment":[{"href":"https:\/\/bahiaeconomica.com.br\/wp\/wp-json\/wp\/v2\/media?parent=487676"}],"wp:term":[{"taxonomy":"category","embeddable":true,"href":"https:\/\/bahiaeconomica.com.br\/wp\/wp-json\/wp\/v2\/categories?post=487676"},{"taxonomy":"post_tag","embeddable":true,"href":"https:\/\/bahiaeconomica.com.br\/wp\/wp-json\/wp\/v2\/tags?post=487676"}],"curies":[{"name":"wp","href":"https:\/\/api.w.org\/{rel}","templated":true}]}}