{"id":486511,"date":"2020-08-20T08:08:01","date_gmt":"2020-08-20T11:08:01","guid":{"rendered":"https:\/\/bahiaeconomica.com.br\/wp\/beta\/?p=486511"},"modified":"2020-08-20T08:08:01","modified_gmt":"2020-08-20T11:08:01","slug":"turismo-calcula-as-perdas-e-planeja-volta-as-atividades","status":"publish","type":"post","link":"https:\/\/bahiaeconomica.com.br\/wp\/2020\/08\/20\/turismo-calcula-as-perdas-e-planeja-volta-as-atividades\/","title":{"rendered":"TURISMO CALCULA AS PERDAS E PLANEJA VOLTA AS ATIVIDADES"},"content":{"rendered":"<p>Desde mar\u00e7o, quando a pandemia chegou ao Brasil, os propriet\u00e1rios de empresas relacionadas ao turismo na Bahia lamentam uma perda de R$ 7,3 bilh\u00f5es,<!--more--> enquanto preparam a retomada, caso a infec\u00e7\u00e3o regrida. Participaram do negativo c\u00e1lculo a equipe de servidores da Confedera\u00e7\u00e3o Nacional do Com\u00e9rcio de Bens, Servi\u00e7os e Turismo e do Instituto Brasileiro de Geografia e Estat\u00edsticas (IBGE): em todo o Brasil os donos de operadoras, ag\u00eancias, hot\u00e9is e outros estabelecimentos registram perda de R$ 153 bilh\u00f5es.<\/p>\n<p>O Brasil tem operado com 14% de sua capacidade de receita, tomando como base o per\u00edodo entre mar\u00e7o e o m\u00eas de julho, mas, apesar dos esfor\u00e7os do setor para tentar reduzir o impacto das perdas, as proje\u00e7\u00f5es s\u00e3o incertas. Entre as medidas protetivas visando reduzir o ritmo de expans\u00e3o da doen\u00e7a, a circula\u00e7\u00e3o e aglomera\u00e7\u00e3o de pessoas tornam o turismo impratic\u00e1vel, impossibilitando a marca\u00e7\u00e3o de viagens.<\/p>\n<p>Pernambuco, com perda de R$ 4,4 bilh\u00f5es, e Cear\u00e1, R$ 3,3 bilh\u00f5es, tamb\u00e9m est\u00e3o relacionados como os estados mais impactados no Nordeste. No Brasil, S\u00e3o Paulo, com R$ 55 bilh\u00f5es, e Rio, com metade deste valor, lideram a fila dos empres\u00e1rios queixosos. Embora junho tenha sido um m\u00eas auspicioso, com o crescimento de 19% em todo o pa\u00eds, mesmo considerando o cancelamento das festas de S\u00e3o Jo\u00e3o no Nordeste, o decl\u00ednio da atividade alcan\u00e7a os 59%, no geral do pa\u00eds, tendo como base o percentual do ano anterior. A situa\u00e7\u00e3o \u00e9 inusitada a ponto de munic\u00edpios tur\u00edsticos terem montado barreiras \u00e0 entrada das sedes, em uma invers\u00e3o total da estrat\u00e9gia de atra\u00e7\u00e3o de pessoas para os passeios. As informa\u00e7\u00f5es s\u00e3o da coluna Tempo Presente do Jornal A Tarde.<\/p>\n<p>Foto: divulga\u00e7\u00e3o<\/p>\n","protected":false},"excerpt":{"rendered":"<p>Desde mar\u00e7o, quando a pandemia chegou ao Brasil, os propriet\u00e1rios de empresas relacionadas ao turismo na Bahia lamentam uma perda de R$ 7,3 bilh\u00f5es,<\/p>\n","protected":false},"author":1,"featured_media":425640,"comment_status":"closed","ping_status":"closed","sticky":false,"template":"","format":"standard","meta":[],"categories":[3],"tags":[],"acf":[],"yoast_head":"<!-- This site is optimized with the Yoast SEO plugin v20.8 - https:\/\/yoast.com\/wordpress\/plugins\/seo\/ -->\n<title>TURISMO CALCULA AS PERDAS E PLANEJA VOLTA AS ATIVIDADES - Bahia Economica<\/title>\n<meta name=\"description\" content=\"O maior portal de Economia da Bahia ECONOMIA \/ POL\u00cdTICA Bahia Economica\" \/>\n<meta name=\"robots\" content=\"index, follow, max-snippet:-1, max-image-preview:large, max-video-preview:-1\" \/>\n<link rel=\"canonical\" href=\"https:\/\/bahiaeconomica.com.br\/wp\/2020\/08\/20\/turismo-calcula-as-perdas-e-planeja-volta-as-atividades\/\" \/>\n<meta property=\"og:locale\" content=\"pt_BR\" \/>\n<meta property=\"og:type\" content=\"article\" \/>\n<meta property=\"og:title\" content=\"TURISMO CALCULA AS PERDAS E PLANEJA VOLTA AS ATIVIDADES - Bahia Economica\" \/>\n<meta property=\"og:description\" content=\"O maior portal de Economia da Bahia ECONOMIA \/ POL\u00cdTICA Bahia Economica\" \/>\n<meta property=\"og:url\" content=\"https:\/\/bahiaeconomica.com.br\/wp\/2020\/08\/20\/turismo-calcula-as-perdas-e-planeja-volta-as-atividades\/\" \/>\n<meta property=\"og:site_name\" content=\"Bahia Economica\" \/>\n<meta property=\"article:publisher\" content=\"https:\/\/www.facebook.com\/bahiaeconomica\" \/>\n<meta property=\"article:published_time\" content=\"2020-08-20T11:08:01+00:00\" \/>\n<meta property=\"og:image\" content=\"https:\/\/bahiaeconomica.com.br\/wp\/wp-content\/uploads\/2019\/12\/turismo500.jpg\" \/>\n\t<meta property=\"og:image:width\" content=\"500\" \/>\n\t<meta property=\"og:image:height\" content=\"300\" \/>\n\t<meta property=\"og:image:type\" content=\"image\/jpeg\" \/>\n<meta name=\"author\" content=\"admin\" \/>\n<meta name=\"twitter:card\" content=\"summary_large_image\" \/>\n<meta name=\"twitter:label1\" content=\"Escrito por\" \/>\n\t<meta name=\"twitter:data1\" content=\"admin\" \/>\n\t<meta name=\"twitter:label2\" content=\"Est. tempo de leitura\" \/>\n\t<meta name=\"twitter:data2\" content=\"2 minutos\" \/>\n<script type=\"application\/ld+json\" class=\"yoast-schema-graph\">{\"@context\":\"https:\/\/schema.org\",\"@graph\":[{\"@type\":\"Article\",\"@id\":\"https:\/\/bahiaeconomica.com.br\/wp\/2020\/08\/20\/turismo-calcula-as-perdas-e-planeja-volta-as-atividades\/#article\",\"isPartOf\":{\"@id\":\"https:\/\/bahiaeconomica.com.br\/wp\/2020\/08\/20\/turismo-calcula-as-perdas-e-planeja-volta-as-atividades\/\"},\"author\":{\"name\":\"admin\",\"@id\":\"https:\/\/bahiaeconomica.com.br\/wp\/#\/schema\/person\/cb1ab5ba96ad3d9390805381c76284ec\"},\"headline\":\"TURISMO CALCULA AS PERDAS E PLANEJA VOLTA AS ATIVIDADES\",\"datePublished\":\"2020-08-20T11:08:01+00:00\",\"dateModified\":\"2020-08-20T11:08:01+00:00\",\"mainEntityOfPage\":{\"@id\":\"https:\/\/bahiaeconomica.com.br\/wp\/2020\/08\/20\/turismo-calcula-as-perdas-e-planeja-volta-as-atividades\/\"},\"wordCount\":321,\"publisher\":{\"@id\":\"https:\/\/bahiaeconomica.com.br\/wp\/#organization\"},\"articleSection\":[\"ECONOMIA \/ POL\u00cdTICA\"],\"inLanguage\":\"pt-BR\"},{\"@type\":\"WebPage\",\"@id\":\"https:\/\/bahiaeconomica.com.br\/wp\/2020\/08\/20\/turismo-calcula-as-perdas-e-planeja-volta-as-atividades\/\",\"url\":\"https:\/\/bahiaeconomica.com.br\/wp\/2020\/08\/20\/turismo-calcula-as-perdas-e-planeja-volta-as-atividades\/\",\"name\":\"TURISMO CALCULA AS PERDAS E PLANEJA VOLTA AS ATIVIDADES - Bahia Economica\",\"isPartOf\":{\"@id\":\"https:\/\/bahiaeconomica.com.br\/wp\/#website\"},\"datePublished\":\"2020-08-20T11:08:01+00:00\",\"dateModified\":\"2020-08-20T11:08:01+00:00\",\"description\":\"O maior portal de Economia da Bahia ECONOMIA \/ POL\u00cdTICA Bahia Economica\",\"breadcrumb\":{\"@id\":\"https:\/\/bahiaeconomica.com.br\/wp\/2020\/08\/20\/turismo-calcula-as-perdas-e-planeja-volta-as-atividades\/#breadcrumb\"},\"inLanguage\":\"pt-BR\",\"potentialAction\":[{\"@type\":\"ReadAction\",\"target\":[\"https:\/\/bahiaeconomica.com.br\/wp\/2020\/08\/20\/turismo-calcula-as-perdas-e-planeja-volta-as-atividades\/\"]}]},{\"@type\":\"BreadcrumbList\",\"@id\":\"https:\/\/bahiaeconomica.com.br\/wp\/2020\/08\/20\/turismo-calcula-as-perdas-e-planeja-volta-as-atividades\/#breadcrumb\",\"itemListElement\":[{\"@type\":\"ListItem\",\"position\":1,\"name\":\"In\u00edcio\",\"item\":\"https:\/\/bahiaeconomica.com.br\/wp\/\"},{\"@type\":\"ListItem\",\"position\":2,\"name\":\"TURISMO CALCULA AS PERDAS E PLANEJA VOLTA AS ATIVIDADES\"}]},{\"@type\":\"WebSite\",\"@id\":\"https:\/\/bahiaeconomica.com.br\/wp\/#website\",\"url\":\"https:\/\/bahiaeconomica.com.br\/wp\/\",\"name\":\"Bahia Economica\",\"description\":\"O maior portal de Economia da Bahia\",\"publisher\":{\"@id\":\"https:\/\/bahiaeconomica.com.br\/wp\/#organization\"},\"potentialAction\":[{\"@type\":\"SearchAction\",\"target\":{\"@type\":\"EntryPoint\",\"urlTemplate\":\"https:\/\/bahiaeconomica.com.br\/wp\/?s={search_term_string}\"},\"query-input\":\"required name=search_term_string\"}],\"inLanguage\":\"pt-BR\"},{\"@type\":\"Organization\",\"@id\":\"https:\/\/bahiaeconomica.com.br\/wp\/#organization\",\"name\":\"Bahia Econ\u00f4mica\",\"url\":\"https:\/\/bahiaeconomica.com.br\/wp\/\",\"logo\":{\"@type\":\"ImageObject\",\"inLanguage\":\"pt-BR\",\"@id\":\"https:\/\/bahiaeconomica.com.br\/wp\/#\/schema\/logo\/image\/\",\"url\":\"https:\/\/bahiaeconomica.com.br\/wp\/wp-content\/uploads\/2020\/12\/cropped-BE.png\",\"contentUrl\":\"https:\/\/bahiaeconomica.com.br\/wp\/wp-content\/uploads\/2020\/12\/cropped-BE.png\",\"width\":512,\"height\":512,\"caption\":\"Bahia Econ\u00f4mica\"},\"image\":{\"@id\":\"https:\/\/bahiaeconomica.com.br\/wp\/#\/schema\/logo\/image\/\"},\"sameAs\":[\"https:\/\/www.facebook.com\/bahiaeconomica\"]},{\"@type\":\"Person\",\"@id\":\"https:\/\/bahiaeconomica.com.br\/wp\/#\/schema\/person\/cb1ab5ba96ad3d9390805381c76284ec\",\"name\":\"admin\",\"url\":\"https:\/\/bahiaeconomica.com.br\/wp\/author\/admin\/\"}]}<\/script>\n<!-- \/ Yoast SEO plugin. -->","yoast_head_json":{"title":"TURISMO CALCULA AS PERDAS E PLANEJA VOLTA AS ATIVIDADES - Bahia Economica","description":"O maior portal de Economia da Bahia ECONOMIA \/ POL\u00cdTICA Bahia Economica","robots":{"index":"index","follow":"follow","max-snippet":"max-snippet:-1","max-image-preview":"max-image-preview:large","max-video-preview":"max-video-preview:-1"},"canonical":"https:\/\/bahiaeconomica.com.br\/wp\/2020\/08\/20\/turismo-calcula-as-perdas-e-planeja-volta-as-atividades\/","og_locale":"pt_BR","og_type":"article","og_title":"TURISMO CALCULA AS PERDAS E PLANEJA VOLTA AS ATIVIDADES - Bahia Economica","og_description":"O maior portal de Economia da Bahia ECONOMIA \/ POL\u00cdTICA Bahia Economica","og_url":"https:\/\/bahiaeconomica.com.br\/wp\/2020\/08\/20\/turismo-calcula-as-perdas-e-planeja-volta-as-atividades\/","og_site_name":"Bahia Economica","article_publisher":"https:\/\/www.facebook.com\/bahiaeconomica","article_published_time":"2020-08-20T11:08:01+00:00","og_image":[{"width":500,"height":300,"url":"https:\/\/bahiaeconomica.com.br\/wp\/wp-content\/uploads\/2019\/12\/turismo500.jpg","type":"image\/jpeg"}],"author":"admin","twitter_card":"summary_large_image","twitter_misc":{"Escrito por":"admin","Est. tempo de leitura":"2 minutos"},"schema":{"@context":"https:\/\/schema.org","@graph":[{"@type":"Article","@id":"https:\/\/bahiaeconomica.com.br\/wp\/2020\/08\/20\/turismo-calcula-as-perdas-e-planeja-volta-as-atividades\/#article","isPartOf":{"@id":"https:\/\/bahiaeconomica.com.br\/wp\/2020\/08\/20\/turismo-calcula-as-perdas-e-planeja-volta-as-atividades\/"},"author":{"name":"admin","@id":"https:\/\/bahiaeconomica.com.br\/wp\/#\/schema\/person\/cb1ab5ba96ad3d9390805381c76284ec"},"headline":"TURISMO CALCULA AS PERDAS E PLANEJA VOLTA AS ATIVIDADES","datePublished":"2020-08-20T11:08:01+00:00","dateModified":"2020-08-20T11:08:01+00:00","mainEntityOfPage":{"@id":"https:\/\/bahiaeconomica.com.br\/wp\/2020\/08\/20\/turismo-calcula-as-perdas-e-planeja-volta-as-atividades\/"},"wordCount":321,"publisher":{"@id":"https:\/\/bahiaeconomica.com.br\/wp\/#organization"},"articleSection":["ECONOMIA \/ POL\u00cdTICA"],"inLanguage":"pt-BR"},{"@type":"WebPage","@id":"https:\/\/bahiaeconomica.com.br\/wp\/2020\/08\/20\/turismo-calcula-as-perdas-e-planeja-volta-as-atividades\/","url":"https:\/\/bahiaeconomica.com.br\/wp\/2020\/08\/20\/turismo-calcula-as-perdas-e-planeja-volta-as-atividades\/","name":"TURISMO CALCULA AS PERDAS E PLANEJA VOLTA AS ATIVIDADES - Bahia Economica","isPartOf":{"@id":"https:\/\/bahiaeconomica.com.br\/wp\/#website"},"datePublished":"2020-08-20T11:08:01+00:00","dateModified":"2020-08-20T11:08:01+00:00","description":"O maior portal de Economia da Bahia ECONOMIA \/ POL\u00cdTICA Bahia Economica","breadcrumb":{"@id":"https:\/\/bahiaeconomica.com.br\/wp\/2020\/08\/20\/turismo-calcula-as-perdas-e-planeja-volta-as-atividades\/#breadcrumb"},"inLanguage":"pt-BR","potentialAction":[{"@type":"ReadAction","target":["https:\/\/bahiaeconomica.com.br\/wp\/2020\/08\/20\/turismo-calcula-as-perdas-e-planeja-volta-as-atividades\/"]}]},{"@type":"BreadcrumbList","@id":"https:\/\/bahiaeconomica.com.br\/wp\/2020\/08\/20\/turismo-calcula-as-perdas-e-planeja-volta-as-atividades\/#breadcrumb","itemListElement":[{"@type":"ListItem","position":1,"name":"In\u00edcio","item":"https:\/\/bahiaeconomica.com.br\/wp\/"},{"@type":"ListItem","position":2,"name":"TURISMO CALCULA AS PERDAS E PLANEJA VOLTA AS ATIVIDADES"}]},{"@type":"WebSite","@id":"https:\/\/bahiaeconomica.com.br\/wp\/#website","url":"https:\/\/bahiaeconomica.com.br\/wp\/","name":"Bahia Economica","description":"O maior portal de Economia da Bahia","publisher":{"@id":"https:\/\/bahiaeconomica.com.br\/wp\/#organization"},"potentialAction":[{"@type":"SearchAction","target":{"@type":"EntryPoint","urlTemplate":"https:\/\/bahiaeconomica.com.br\/wp\/?s={search_term_string}"},"query-input":"required name=search_term_string"}],"inLanguage":"pt-BR"},{"@type":"Organization","@id":"https:\/\/bahiaeconomica.com.br\/wp\/#organization","name":"Bahia Econ\u00f4mica","url":"https:\/\/bahiaeconomica.com.br\/wp\/","logo":{"@type":"ImageObject","inLanguage":"pt-BR","@id":"https:\/\/bahiaeconomica.com.br\/wp\/#\/schema\/logo\/image\/","url":"https:\/\/bahiaeconomica.com.br\/wp\/wp-content\/uploads\/2020\/12\/cropped-BE.png","contentUrl":"https:\/\/bahiaeconomica.com.br\/wp\/wp-content\/uploads\/2020\/12\/cropped-BE.png","width":512,"height":512,"caption":"Bahia Econ\u00f4mica"},"image":{"@id":"https:\/\/bahiaeconomica.com.br\/wp\/#\/schema\/logo\/image\/"},"sameAs":["https:\/\/www.facebook.com\/bahiaeconomica"]},{"@type":"Person","@id":"https:\/\/bahiaeconomica.com.br\/wp\/#\/schema\/person\/cb1ab5ba96ad3d9390805381c76284ec","name":"admin","url":"https:\/\/bahiaeconomica.com.br\/wp\/author\/admin\/"}]}},"views":1,"_links":{"self":[{"href":"https:\/\/bahiaeconomica.com.br\/wp\/wp-json\/wp\/v2\/posts\/486511"}],"collection":[{"href":"https:\/\/bahiaeconomica.com.br\/wp\/wp-json\/wp\/v2\/posts"}],"about":[{"href":"https:\/\/bahiaeconomica.com.br\/wp\/wp-json\/wp\/v2\/types\/post"}],"author":[{"embeddable":true,"href":"https:\/\/bahiaeconomica.com.br\/wp\/wp-json\/wp\/v2\/users\/1"}],"replies":[{"embeddable":true,"href":"https:\/\/bahiaeconomica.com.br\/wp\/wp-json\/wp\/v2\/comments?post=486511"}],"version-history":[{"count":1,"href":"https:\/\/bahiaeconomica.com.br\/wp\/wp-json\/wp\/v2\/posts\/486511\/revisions"}],"predecessor-version":[{"id":486513,"href":"https:\/\/bahiaeconomica.com.br\/wp\/wp-json\/wp\/v2\/posts\/486511\/revisions\/486513"}],"wp:featuredmedia":[{"embeddable":true,"href":"https:\/\/bahiaeconomica.com.br\/wp\/wp-json\/wp\/v2\/media\/425640"}],"wp:attachment":[{"href":"https:\/\/bahiaeconomica.com.br\/wp\/wp-json\/wp\/v2\/media?parent=486511"}],"wp:term":[{"taxonomy":"category","embeddable":true,"href":"https:\/\/bahiaeconomica.com.br\/wp\/wp-json\/wp\/v2\/categories?post=486511"},{"taxonomy":"post_tag","embeddable":true,"href":"https:\/\/bahiaeconomica.com.br\/wp\/wp-json\/wp\/v2\/tags?post=486511"}],"curies":[{"name":"wp","href":"https:\/\/api.w.org\/{rel}","templated":true}]}}