{"id":486187,"date":"2020-08-19T08:49:25","date_gmt":"2020-08-19T11:49:25","guid":{"rendered":"https:\/\/bahiaeconomica.com.br\/wp\/beta\/?p=486187"},"modified":"2020-08-19T08:50:23","modified_gmt":"2020-08-19T11:50:23","slug":"netinho-e-denunciado-por-racismo","status":"publish","type":"post","link":"https:\/\/bahiaeconomica.com.br\/wp\/2020\/08\/19\/netinho-e-denunciado-por-racismo\/","title":{"rendered":"NETINHO \u00c9 DENUNCIADO POR RACISMO"},"content":{"rendered":"<p style=\"text-align: justify;\">Ap\u00f3s a den\u00fancia do ativista LGBTI+ Agripino Magalh\u00e3es por ofensas homof\u00f3bicas e transf\u00f3bicas, o cantor Netinho est\u00e1 sendo processado pela mesma pessoa, agora pelo crime de racismo.<\/p>\n<p style=\"text-align: justify;\">De acordo com o site \u2018TV e Famosos\u2019 do \u2018UOL\u2019, o ativista se baseou em uma entrevista do baiano para o canal Na Lata, da apresentadora Antonia Fontenelle, no qual os dois comentam sobre a m\u00fasica Fricote, de Luiz Caldas.<\/p>\n<p style=\"text-align: justify;\">Na ocasi\u00e3o, Netinho critica o \u201cpoliticamente correto\u201d, que pontuou o fato do trecho \u201cNega do cabelo duro que n\u00e3o gosta de pentear\u201d ser racista.<\/p>\n<p style=\"text-align: justify;\">\u201cA vida da gente hoje\u2026 A gente est\u00e1 cercado de todos os lados, vigiado por todos os lados, infelizmente\u201d, diz Netinho que \u00e9 acompanhado por Antonia. \u201c\u00c9 uma liberdade vigiada, voc\u00ea n\u00e3o pode nada, tudo \u00e9 um problema, \u00e9 uma grande confus\u00e3o\u201d.<\/p>\n<p style=\"text-align: justify;\">Agripino pede para que a entrevista seja retirada do ar pelo seu conte\u00fado pejorativo, racista e homof\u00f3bico.<\/p>\n<p style=\"text-align: justify;\">\u201cOs querelados, ao que parece, acreditam que est\u00e3o num Pa\u00eds de impunidade, onde n\u00e3o existe lei nem justi\u00e7a, e com isso pisam nos LGBTI+, agridem minorias e mesmo com processo em andamento fazem pouco caso e desprezam o Minist\u00e9rio P\u00fablico e o Ju\u00edzo Criminal, como se eles n\u00e3o existissem\u201d.<\/p>\n<p style=\"text-align: justify;\">A assessoria de Netinho n\u00e3o quis comentar o assunto.<\/p>\n<p>Foto: Instagram<\/p>\n","protected":false},"excerpt":{"rendered":"<p>Ap\u00f3s a den\u00fancia do ativista LGBTI+ Agripino Magalh\u00e3es por ofensas homof\u00f3bicas e transf\u00f3bicas, o cantor Netinho est\u00e1 sendo processado pela mesma pessoa, agora pelo crime de racismo. De acordo com o site \u2018TV e Famosos\u2019 do \u2018UOL\u2019, o ativista se baseou em uma entrevista do baiano para o canal Na Lata, da apresentadora Antonia Fontenelle, [&hellip;]<\/p>\n","protected":false},"author":1,"featured_media":480991,"comment_status":"closed","ping_status":"closed","sticky":false,"template":"","format":"standard","meta":[],"categories":[4],"tags":[],"acf":[],"yoast_head":"<!-- This site is optimized with the Yoast SEO plugin v20.8 - https:\/\/yoast.com\/wordpress\/plugins\/seo\/ -->\n<title>NETINHO \u00c9 DENUNCIADO POR RACISMO - Bahia Economica<\/title>\n<meta name=\"description\" content=\"O maior portal de Economia da Bahia ENTRETENIMENTO Bahia Economica\" \/>\n<meta name=\"robots\" content=\"index, follow, max-snippet:-1, max-image-preview:large, max-video-preview:-1\" \/>\n<link rel=\"canonical\" href=\"https:\/\/bahiaeconomica.com.br\/wp\/2020\/08\/19\/netinho-e-denunciado-por-racismo\/\" \/>\n<meta property=\"og:locale\" content=\"pt_BR\" \/>\n<meta property=\"og:type\" content=\"article\" \/>\n<meta property=\"og:title\" content=\"NETINHO \u00c9 DENUNCIADO POR RACISMO - Bahia Economica\" \/>\n<meta property=\"og:description\" content=\"O maior portal de Economia da Bahia ENTRETENIMENTO Bahia Economica\" \/>\n<meta property=\"og:url\" content=\"https:\/\/bahiaeconomica.com.br\/wp\/2020\/08\/19\/netinho-e-denunciado-por-racismo\/\" \/>\n<meta property=\"og:site_name\" content=\"Bahia Economica\" \/>\n<meta property=\"article:publisher\" content=\"https:\/\/www.facebook.com\/bahiaeconomica\" \/>\n<meta property=\"article:published_time\" content=\"2020-08-19T11:49:25+00:00\" \/>\n<meta property=\"article:modified_time\" content=\"2020-08-19T11:50:23+00:00\" \/>\n<meta property=\"og:image\" content=\"https:\/\/bahiaeconomica.com.br\/wp\/wp-content\/uploads\/2020\/07\/netinho-youtube.jpg\" \/>\n\t<meta property=\"og:image:width\" content=\"448\" \/>\n\t<meta property=\"og:image:height\" content=\"197\" \/>\n\t<meta property=\"og:image:type\" content=\"image\/jpeg\" \/>\n<meta name=\"author\" content=\"admin\" \/>\n<meta name=\"twitter:card\" content=\"summary_large_image\" \/>\n<meta name=\"twitter:label1\" content=\"Escrito por\" \/>\n\t<meta name=\"twitter:data1\" content=\"admin\" \/>\n\t<meta name=\"twitter:label2\" content=\"Est. tempo de leitura\" \/>\n\t<meta name=\"twitter:data2\" content=\"1 minuto\" \/>\n<script type=\"application\/ld+json\" class=\"yoast-schema-graph\">{\"@context\":\"https:\/\/schema.org\",\"@graph\":[{\"@type\":\"Article\",\"@id\":\"https:\/\/bahiaeconomica.com.br\/wp\/2020\/08\/19\/netinho-e-denunciado-por-racismo\/#article\",\"isPartOf\":{\"@id\":\"https:\/\/bahiaeconomica.com.br\/wp\/2020\/08\/19\/netinho-e-denunciado-por-racismo\/\"},\"author\":{\"name\":\"admin\",\"@id\":\"https:\/\/bahiaeconomica.com.br\/wp\/#\/schema\/person\/cb1ab5ba96ad3d9390805381c76284ec\"},\"headline\":\"NETINHO \u00c9 DENUNCIADO POR RACISMO\",\"datePublished\":\"2020-08-19T11:49:25+00:00\",\"dateModified\":\"2020-08-19T11:50:23+00:00\",\"mainEntityOfPage\":{\"@id\":\"https:\/\/bahiaeconomica.com.br\/wp\/2020\/08\/19\/netinho-e-denunciado-por-racismo\/\"},\"wordCount\":231,\"publisher\":{\"@id\":\"https:\/\/bahiaeconomica.com.br\/wp\/#organization\"},\"articleSection\":[\"ENTRETENIMENTO\"],\"inLanguage\":\"pt-BR\"},{\"@type\":\"WebPage\",\"@id\":\"https:\/\/bahiaeconomica.com.br\/wp\/2020\/08\/19\/netinho-e-denunciado-por-racismo\/\",\"url\":\"https:\/\/bahiaeconomica.com.br\/wp\/2020\/08\/19\/netinho-e-denunciado-por-racismo\/\",\"name\":\"NETINHO \u00c9 DENUNCIADO POR RACISMO - Bahia Economica\",\"isPartOf\":{\"@id\":\"https:\/\/bahiaeconomica.com.br\/wp\/#website\"},\"datePublished\":\"2020-08-19T11:49:25+00:00\",\"dateModified\":\"2020-08-19T11:50:23+00:00\",\"description\":\"O maior portal de Economia da Bahia ENTRETENIMENTO Bahia Economica\",\"breadcrumb\":{\"@id\":\"https:\/\/bahiaeconomica.com.br\/wp\/2020\/08\/19\/netinho-e-denunciado-por-racismo\/#breadcrumb\"},\"inLanguage\":\"pt-BR\",\"potentialAction\":[{\"@type\":\"ReadAction\",\"target\":[\"https:\/\/bahiaeconomica.com.br\/wp\/2020\/08\/19\/netinho-e-denunciado-por-racismo\/\"]}]},{\"@type\":\"BreadcrumbList\",\"@id\":\"https:\/\/bahiaeconomica.com.br\/wp\/2020\/08\/19\/netinho-e-denunciado-por-racismo\/#breadcrumb\",\"itemListElement\":[{\"@type\":\"ListItem\",\"position\":1,\"name\":\"In\u00edcio\",\"item\":\"https:\/\/bahiaeconomica.com.br\/wp\/\"},{\"@type\":\"ListItem\",\"position\":2,\"name\":\"NETINHO \u00c9 DENUNCIADO POR RACISMO\"}]},{\"@type\":\"WebSite\",\"@id\":\"https:\/\/bahiaeconomica.com.br\/wp\/#website\",\"url\":\"https:\/\/bahiaeconomica.com.br\/wp\/\",\"name\":\"Bahia Economica\",\"description\":\"O maior portal de Economia da Bahia\",\"publisher\":{\"@id\":\"https:\/\/bahiaeconomica.com.br\/wp\/#organization\"},\"potentialAction\":[{\"@type\":\"SearchAction\",\"target\":{\"@type\":\"EntryPoint\",\"urlTemplate\":\"https:\/\/bahiaeconomica.com.br\/wp\/?s={search_term_string}\"},\"query-input\":\"required name=search_term_string\"}],\"inLanguage\":\"pt-BR\"},{\"@type\":\"Organization\",\"@id\":\"https:\/\/bahiaeconomica.com.br\/wp\/#organization\",\"name\":\"Bahia Econ\u00f4mica\",\"url\":\"https:\/\/bahiaeconomica.com.br\/wp\/\",\"logo\":{\"@type\":\"ImageObject\",\"inLanguage\":\"pt-BR\",\"@id\":\"https:\/\/bahiaeconomica.com.br\/wp\/#\/schema\/logo\/image\/\",\"url\":\"https:\/\/bahiaeconomica.com.br\/wp\/wp-content\/uploads\/2020\/12\/cropped-BE.png\",\"contentUrl\":\"https:\/\/bahiaeconomica.com.br\/wp\/wp-content\/uploads\/2020\/12\/cropped-BE.png\",\"width\":512,\"height\":512,\"caption\":\"Bahia Econ\u00f4mica\"},\"image\":{\"@id\":\"https:\/\/bahiaeconomica.com.br\/wp\/#\/schema\/logo\/image\/\"},\"sameAs\":[\"https:\/\/www.facebook.com\/bahiaeconomica\"]},{\"@type\":\"Person\",\"@id\":\"https:\/\/bahiaeconomica.com.br\/wp\/#\/schema\/person\/cb1ab5ba96ad3d9390805381c76284ec\",\"name\":\"admin\",\"url\":\"https:\/\/bahiaeconomica.com.br\/wp\/author\/admin\/\"}]}<\/script>\n<!-- \/ Yoast SEO plugin. -->","yoast_head_json":{"title":"NETINHO \u00c9 DENUNCIADO POR RACISMO - Bahia Economica","description":"O maior portal de Economia da Bahia ENTRETENIMENTO Bahia Economica","robots":{"index":"index","follow":"follow","max-snippet":"max-snippet:-1","max-image-preview":"max-image-preview:large","max-video-preview":"max-video-preview:-1"},"canonical":"https:\/\/bahiaeconomica.com.br\/wp\/2020\/08\/19\/netinho-e-denunciado-por-racismo\/","og_locale":"pt_BR","og_type":"article","og_title":"NETINHO \u00c9 DENUNCIADO POR RACISMO - Bahia Economica","og_description":"O maior portal de Economia da Bahia ENTRETENIMENTO Bahia Economica","og_url":"https:\/\/bahiaeconomica.com.br\/wp\/2020\/08\/19\/netinho-e-denunciado-por-racismo\/","og_site_name":"Bahia Economica","article_publisher":"https:\/\/www.facebook.com\/bahiaeconomica","article_published_time":"2020-08-19T11:49:25+00:00","article_modified_time":"2020-08-19T11:50:23+00:00","og_image":[{"width":448,"height":197,"url":"https:\/\/bahiaeconomica.com.br\/wp\/wp-content\/uploads\/2020\/07\/netinho-youtube.jpg","type":"image\/jpeg"}],"author":"admin","twitter_card":"summary_large_image","twitter_misc":{"Escrito por":"admin","Est. tempo de leitura":"1 minuto"},"schema":{"@context":"https:\/\/schema.org","@graph":[{"@type":"Article","@id":"https:\/\/bahiaeconomica.com.br\/wp\/2020\/08\/19\/netinho-e-denunciado-por-racismo\/#article","isPartOf":{"@id":"https:\/\/bahiaeconomica.com.br\/wp\/2020\/08\/19\/netinho-e-denunciado-por-racismo\/"},"author":{"name":"admin","@id":"https:\/\/bahiaeconomica.com.br\/wp\/#\/schema\/person\/cb1ab5ba96ad3d9390805381c76284ec"},"headline":"NETINHO \u00c9 DENUNCIADO POR RACISMO","datePublished":"2020-08-19T11:49:25+00:00","dateModified":"2020-08-19T11:50:23+00:00","mainEntityOfPage":{"@id":"https:\/\/bahiaeconomica.com.br\/wp\/2020\/08\/19\/netinho-e-denunciado-por-racismo\/"},"wordCount":231,"publisher":{"@id":"https:\/\/bahiaeconomica.com.br\/wp\/#organization"},"articleSection":["ENTRETENIMENTO"],"inLanguage":"pt-BR"},{"@type":"WebPage","@id":"https:\/\/bahiaeconomica.com.br\/wp\/2020\/08\/19\/netinho-e-denunciado-por-racismo\/","url":"https:\/\/bahiaeconomica.com.br\/wp\/2020\/08\/19\/netinho-e-denunciado-por-racismo\/","name":"NETINHO \u00c9 DENUNCIADO POR RACISMO - Bahia Economica","isPartOf":{"@id":"https:\/\/bahiaeconomica.com.br\/wp\/#website"},"datePublished":"2020-08-19T11:49:25+00:00","dateModified":"2020-08-19T11:50:23+00:00","description":"O maior portal de Economia da Bahia ENTRETENIMENTO Bahia Economica","breadcrumb":{"@id":"https:\/\/bahiaeconomica.com.br\/wp\/2020\/08\/19\/netinho-e-denunciado-por-racismo\/#breadcrumb"},"inLanguage":"pt-BR","potentialAction":[{"@type":"ReadAction","target":["https:\/\/bahiaeconomica.com.br\/wp\/2020\/08\/19\/netinho-e-denunciado-por-racismo\/"]}]},{"@type":"BreadcrumbList","@id":"https:\/\/bahiaeconomica.com.br\/wp\/2020\/08\/19\/netinho-e-denunciado-por-racismo\/#breadcrumb","itemListElement":[{"@type":"ListItem","position":1,"name":"In\u00edcio","item":"https:\/\/bahiaeconomica.com.br\/wp\/"},{"@type":"ListItem","position":2,"name":"NETINHO \u00c9 DENUNCIADO POR RACISMO"}]},{"@type":"WebSite","@id":"https:\/\/bahiaeconomica.com.br\/wp\/#website","url":"https:\/\/bahiaeconomica.com.br\/wp\/","name":"Bahia Economica","description":"O maior portal de Economia da Bahia","publisher":{"@id":"https:\/\/bahiaeconomica.com.br\/wp\/#organization"},"potentialAction":[{"@type":"SearchAction","target":{"@type":"EntryPoint","urlTemplate":"https:\/\/bahiaeconomica.com.br\/wp\/?s={search_term_string}"},"query-input":"required name=search_term_string"}],"inLanguage":"pt-BR"},{"@type":"Organization","@id":"https:\/\/bahiaeconomica.com.br\/wp\/#organization","name":"Bahia Econ\u00f4mica","url":"https:\/\/bahiaeconomica.com.br\/wp\/","logo":{"@type":"ImageObject","inLanguage":"pt-BR","@id":"https:\/\/bahiaeconomica.com.br\/wp\/#\/schema\/logo\/image\/","url":"https:\/\/bahiaeconomica.com.br\/wp\/wp-content\/uploads\/2020\/12\/cropped-BE.png","contentUrl":"https:\/\/bahiaeconomica.com.br\/wp\/wp-content\/uploads\/2020\/12\/cropped-BE.png","width":512,"height":512,"caption":"Bahia Econ\u00f4mica"},"image":{"@id":"https:\/\/bahiaeconomica.com.br\/wp\/#\/schema\/logo\/image\/"},"sameAs":["https:\/\/www.facebook.com\/bahiaeconomica"]},{"@type":"Person","@id":"https:\/\/bahiaeconomica.com.br\/wp\/#\/schema\/person\/cb1ab5ba96ad3d9390805381c76284ec","name":"admin","url":"https:\/\/bahiaeconomica.com.br\/wp\/author\/admin\/"}]}},"views":8,"_links":{"self":[{"href":"https:\/\/bahiaeconomica.com.br\/wp\/wp-json\/wp\/v2\/posts\/486187"}],"collection":[{"href":"https:\/\/bahiaeconomica.com.br\/wp\/wp-json\/wp\/v2\/posts"}],"about":[{"href":"https:\/\/bahiaeconomica.com.br\/wp\/wp-json\/wp\/v2\/types\/post"}],"author":[{"embeddable":true,"href":"https:\/\/bahiaeconomica.com.br\/wp\/wp-json\/wp\/v2\/users\/1"}],"replies":[{"embeddable":true,"href":"https:\/\/bahiaeconomica.com.br\/wp\/wp-json\/wp\/v2\/comments?post=486187"}],"version-history":[{"count":2,"href":"https:\/\/bahiaeconomica.com.br\/wp\/wp-json\/wp\/v2\/posts\/486187\/revisions"}],"predecessor-version":[{"id":486194,"href":"https:\/\/bahiaeconomica.com.br\/wp\/wp-json\/wp\/v2\/posts\/486187\/revisions\/486194"}],"wp:featuredmedia":[{"embeddable":true,"href":"https:\/\/bahiaeconomica.com.br\/wp\/wp-json\/wp\/v2\/media\/480991"}],"wp:attachment":[{"href":"https:\/\/bahiaeconomica.com.br\/wp\/wp-json\/wp\/v2\/media?parent=486187"}],"wp:term":[{"taxonomy":"category","embeddable":true,"href":"https:\/\/bahiaeconomica.com.br\/wp\/wp-json\/wp\/v2\/categories?post=486187"},{"taxonomy":"post_tag","embeddable":true,"href":"https:\/\/bahiaeconomica.com.br\/wp\/wp-json\/wp\/v2\/tags?post=486187"}],"curies":[{"name":"wp","href":"https:\/\/api.w.org\/{rel}","templated":true}]}}