{"id":485751,"date":"2020-08-17T19:38:28","date_gmt":"2020-08-17T22:38:28","guid":{"rendered":"https:\/\/bahiaeconomica.com.br\/wp\/beta\/?p=485751"},"modified":"2020-08-17T19:38:42","modified_gmt":"2020-08-17T22:38:42","slug":"banco-latino-americano-empresta-us-350-mi-para-ministerio-da-economia","status":"publish","type":"post","link":"https:\/\/bahiaeconomica.com.br\/wp\/2020\/08\/17\/banco-latino-americano-empresta-us-350-mi-para-ministerio-da-economia\/","title":{"rendered":"BANCO LATINO-AMERICANO EMPRESTA US$ 350 MI PARA MINIST\u00c9RIO DA ECONOMIA"},"content":{"rendered":"<p>O Banco de Desenvolvimento da Am\u00e9rica Latina (CAF) aprovou um empr\u00e9stimo de US$ 350 milh\u00f5es para o<!--more--> Minist\u00e9rio da Economia aplicar nas medidas de enfrentamento \u00e0 crise provocada pela pandemia no novo coronav\u00edrus. O financiamento complementar\u00e1 as a\u00e7\u00f5es do governo em curso que reduzam o impacto sobre os setores econ\u00f4micos e sociais mais vulner\u00e1veis, principalmente o pagamento do aux\u00edlio emergencial.<\/p>\n<p>Antigamente chamado de Corpora\u00e7\u00e3o Andina de Fomento, o banco informou que o dinheiro refor\u00e7ar\u00e1 as medidas antic\u00edclicas (de aumento de gastos em tempo de crise) para reduzir os feitos da pandemia.<\/p>\n<p>\u201cCom este empr\u00e9stimo, o CAF refor\u00e7a seu compromisso com o Brasil ao promover a disponibilidade de recursos p\u00fablicos para atender aos impactos econ\u00f4micos e sociais gerados pela pandemia, por meio do pagamento de aux\u00edlio emergencial aos cidad\u00e3os mais vulner\u00e1veis do pa\u00eds\u201d, afirmou Luis Carranza Ugarte, presidente-executivo do CAF.<\/p>\n<p>Durante a pandemia, o CAF ofereceu US$ 2,5 bilh\u00f5es em linhas emergenciais de cr\u00e9dito para pa\u00edses da Am\u00e9rica Latina. O banco tamb\u00e9m ofereceu doa\u00e7\u00f5es de US$ 400 mil por pa\u00eds.<\/p>\n<p>Fundado em 1970, o CAF \u00e9 constitu\u00eddo por 19 pa\u00edses \u2013 17 da Am\u00e9rica Latina e do Caribe mais Portugal e Espanha \u2013 e por 13 bancos privados. Os principais acionistas s\u00e3o cinco pa\u00edses da Cordilheira dos Andes: Bol\u00edvia, Peru, Equador, Col\u00f4mbia e Venezuela. O Brasil participa como membro associado. (Ag\u00eancia Brasil)<\/p>\n<p>&nbsp;<\/p>\n<p>Foto: Shutterstock<\/p>\n","protected":false},"excerpt":{"rendered":"<p>O Banco de Desenvolvimento da Am\u00e9rica Latina (CAF) aprovou um empr\u00e9stimo de US$ 350 milh\u00f5es para o<\/p>\n","protected":false},"author":1,"featured_media":407342,"comment_status":"closed","ping_status":"closed","sticky":false,"template":"","format":"standard","meta":[],"categories":[3],"tags":[],"acf":[],"yoast_head":"<!-- This site is optimized with the Yoast SEO plugin v20.8 - https:\/\/yoast.com\/wordpress\/plugins\/seo\/ -->\n<title>BANCO LATINO-AMERICANO EMPRESTA US$ 350 MI PARA MINIST\u00c9RIO DA ECONOMIA - Bahia Economica<\/title>\n<meta name=\"description\" content=\"O maior portal de Economia da Bahia ECONOMIA \/ POL\u00cdTICA Bahia Economica\" \/>\n<meta name=\"robots\" content=\"index, follow, max-snippet:-1, max-image-preview:large, max-video-preview:-1\" \/>\n<link rel=\"canonical\" href=\"https:\/\/bahiaeconomica.com.br\/wp\/2020\/08\/17\/banco-latino-americano-empresta-us-350-mi-para-ministerio-da-economia\/\" \/>\n<meta property=\"og:locale\" content=\"pt_BR\" \/>\n<meta property=\"og:type\" content=\"article\" \/>\n<meta property=\"og:title\" content=\"BANCO LATINO-AMERICANO EMPRESTA US$ 350 MI PARA MINIST\u00c9RIO DA ECONOMIA - Bahia Economica\" \/>\n<meta property=\"og:description\" content=\"O maior portal de Economia da Bahia ECONOMIA \/ POL\u00cdTICA Bahia Economica\" \/>\n<meta property=\"og:url\" content=\"https:\/\/bahiaeconomica.com.br\/wp\/2020\/08\/17\/banco-latino-americano-empresta-us-350-mi-para-ministerio-da-economia\/\" \/>\n<meta property=\"og:site_name\" content=\"Bahia Economica\" \/>\n<meta property=\"article:publisher\" content=\"https:\/\/www.facebook.com\/bahiaeconomica\" \/>\n<meta property=\"article:published_time\" content=\"2020-08-17T22:38:28+00:00\" \/>\n<meta property=\"article:modified_time\" content=\"2020-08-17T22:38:42+00:00\" \/>\n<meta property=\"og:image\" content=\"https:\/\/bahiaeconomica.com.br\/wp\/wp-content\/uploads\/2019\/10\/dolar-Shutterstock-1.jpg\" \/>\n\t<meta property=\"og:image:width\" content=\"500\" \/>\n\t<meta property=\"og:image:height\" content=\"300\" \/>\n\t<meta property=\"og:image:type\" content=\"image\/jpeg\" \/>\n<meta name=\"author\" content=\"admin\" \/>\n<meta name=\"twitter:card\" content=\"summary_large_image\" \/>\n<meta name=\"twitter:label1\" content=\"Escrito por\" \/>\n\t<meta name=\"twitter:data1\" content=\"admin\" \/>\n\t<meta name=\"twitter:label2\" content=\"Est. tempo de leitura\" \/>\n\t<meta name=\"twitter:data2\" content=\"1 minuto\" \/>\n<script type=\"application\/ld+json\" class=\"yoast-schema-graph\">{\"@context\":\"https:\/\/schema.org\",\"@graph\":[{\"@type\":\"Article\",\"@id\":\"https:\/\/bahiaeconomica.com.br\/wp\/2020\/08\/17\/banco-latino-americano-empresta-us-350-mi-para-ministerio-da-economia\/#article\",\"isPartOf\":{\"@id\":\"https:\/\/bahiaeconomica.com.br\/wp\/2020\/08\/17\/banco-latino-americano-empresta-us-350-mi-para-ministerio-da-economia\/\"},\"author\":{\"name\":\"admin\",\"@id\":\"https:\/\/bahiaeconomica.com.br\/wp\/#\/schema\/person\/cb1ab5ba96ad3d9390805381c76284ec\"},\"headline\":\"BANCO LATINO-AMERICANO EMPRESTA US$ 350 MI PARA MINIST\u00c9RIO DA ECONOMIA\",\"datePublished\":\"2020-08-17T22:38:28+00:00\",\"dateModified\":\"2020-08-17T22:38:42+00:00\",\"mainEntityOfPage\":{\"@id\":\"https:\/\/bahiaeconomica.com.br\/wp\/2020\/08\/17\/banco-latino-americano-empresta-us-350-mi-para-ministerio-da-economia\/\"},\"wordCount\":258,\"publisher\":{\"@id\":\"https:\/\/bahiaeconomica.com.br\/wp\/#organization\"},\"articleSection\":[\"ECONOMIA \/ POL\u00cdTICA\"],\"inLanguage\":\"pt-BR\"},{\"@type\":\"WebPage\",\"@id\":\"https:\/\/bahiaeconomica.com.br\/wp\/2020\/08\/17\/banco-latino-americano-empresta-us-350-mi-para-ministerio-da-economia\/\",\"url\":\"https:\/\/bahiaeconomica.com.br\/wp\/2020\/08\/17\/banco-latino-americano-empresta-us-350-mi-para-ministerio-da-economia\/\",\"name\":\"BANCO LATINO-AMERICANO EMPRESTA US$ 350 MI PARA MINIST\u00c9RIO DA ECONOMIA - Bahia Economica\",\"isPartOf\":{\"@id\":\"https:\/\/bahiaeconomica.com.br\/wp\/#website\"},\"datePublished\":\"2020-08-17T22:38:28+00:00\",\"dateModified\":\"2020-08-17T22:38:42+00:00\",\"description\":\"O maior portal de Economia da Bahia ECONOMIA \/ POL\u00cdTICA Bahia Economica\",\"breadcrumb\":{\"@id\":\"https:\/\/bahiaeconomica.com.br\/wp\/2020\/08\/17\/banco-latino-americano-empresta-us-350-mi-para-ministerio-da-economia\/#breadcrumb\"},\"inLanguage\":\"pt-BR\",\"potentialAction\":[{\"@type\":\"ReadAction\",\"target\":[\"https:\/\/bahiaeconomica.com.br\/wp\/2020\/08\/17\/banco-latino-americano-empresta-us-350-mi-para-ministerio-da-economia\/\"]}]},{\"@type\":\"BreadcrumbList\",\"@id\":\"https:\/\/bahiaeconomica.com.br\/wp\/2020\/08\/17\/banco-latino-americano-empresta-us-350-mi-para-ministerio-da-economia\/#breadcrumb\",\"itemListElement\":[{\"@type\":\"ListItem\",\"position\":1,\"name\":\"In\u00edcio\",\"item\":\"https:\/\/bahiaeconomica.com.br\/wp\/\"},{\"@type\":\"ListItem\",\"position\":2,\"name\":\"BANCO LATINO-AMERICANO EMPRESTA US$ 350 MI PARA MINIST\u00c9RIO DA ECONOMIA\"}]},{\"@type\":\"WebSite\",\"@id\":\"https:\/\/bahiaeconomica.com.br\/wp\/#website\",\"url\":\"https:\/\/bahiaeconomica.com.br\/wp\/\",\"name\":\"Bahia Economica\",\"description\":\"O maior portal de Economia da Bahia\",\"publisher\":{\"@id\":\"https:\/\/bahiaeconomica.com.br\/wp\/#organization\"},\"potentialAction\":[{\"@type\":\"SearchAction\",\"target\":{\"@type\":\"EntryPoint\",\"urlTemplate\":\"https:\/\/bahiaeconomica.com.br\/wp\/?s={search_term_string}\"},\"query-input\":\"required name=search_term_string\"}],\"inLanguage\":\"pt-BR\"},{\"@type\":\"Organization\",\"@id\":\"https:\/\/bahiaeconomica.com.br\/wp\/#organization\",\"name\":\"Bahia Econ\u00f4mica\",\"url\":\"https:\/\/bahiaeconomica.com.br\/wp\/\",\"logo\":{\"@type\":\"ImageObject\",\"inLanguage\":\"pt-BR\",\"@id\":\"https:\/\/bahiaeconomica.com.br\/wp\/#\/schema\/logo\/image\/\",\"url\":\"https:\/\/bahiaeconomica.com.br\/wp\/wp-content\/uploads\/2020\/12\/cropped-BE.png\",\"contentUrl\":\"https:\/\/bahiaeconomica.com.br\/wp\/wp-content\/uploads\/2020\/12\/cropped-BE.png\",\"width\":512,\"height\":512,\"caption\":\"Bahia Econ\u00f4mica\"},\"image\":{\"@id\":\"https:\/\/bahiaeconomica.com.br\/wp\/#\/schema\/logo\/image\/\"},\"sameAs\":[\"https:\/\/www.facebook.com\/bahiaeconomica\"]},{\"@type\":\"Person\",\"@id\":\"https:\/\/bahiaeconomica.com.br\/wp\/#\/schema\/person\/cb1ab5ba96ad3d9390805381c76284ec\",\"name\":\"admin\",\"url\":\"https:\/\/bahiaeconomica.com.br\/wp\/author\/admin\/\"}]}<\/script>\n<!-- \/ Yoast SEO plugin. -->","yoast_head_json":{"title":"BANCO LATINO-AMERICANO EMPRESTA US$ 350 MI PARA MINIST\u00c9RIO DA ECONOMIA - Bahia Economica","description":"O maior portal de Economia da Bahia ECONOMIA \/ POL\u00cdTICA Bahia Economica","robots":{"index":"index","follow":"follow","max-snippet":"max-snippet:-1","max-image-preview":"max-image-preview:large","max-video-preview":"max-video-preview:-1"},"canonical":"https:\/\/bahiaeconomica.com.br\/wp\/2020\/08\/17\/banco-latino-americano-empresta-us-350-mi-para-ministerio-da-economia\/","og_locale":"pt_BR","og_type":"article","og_title":"BANCO LATINO-AMERICANO EMPRESTA US$ 350 MI PARA MINIST\u00c9RIO DA ECONOMIA - Bahia Economica","og_description":"O maior portal de Economia da Bahia ECONOMIA \/ POL\u00cdTICA Bahia Economica","og_url":"https:\/\/bahiaeconomica.com.br\/wp\/2020\/08\/17\/banco-latino-americano-empresta-us-350-mi-para-ministerio-da-economia\/","og_site_name":"Bahia Economica","article_publisher":"https:\/\/www.facebook.com\/bahiaeconomica","article_published_time":"2020-08-17T22:38:28+00:00","article_modified_time":"2020-08-17T22:38:42+00:00","og_image":[{"width":500,"height":300,"url":"https:\/\/bahiaeconomica.com.br\/wp\/wp-content\/uploads\/2019\/10\/dolar-Shutterstock-1.jpg","type":"image\/jpeg"}],"author":"admin","twitter_card":"summary_large_image","twitter_misc":{"Escrito por":"admin","Est. tempo de leitura":"1 minuto"},"schema":{"@context":"https:\/\/schema.org","@graph":[{"@type":"Article","@id":"https:\/\/bahiaeconomica.com.br\/wp\/2020\/08\/17\/banco-latino-americano-empresta-us-350-mi-para-ministerio-da-economia\/#article","isPartOf":{"@id":"https:\/\/bahiaeconomica.com.br\/wp\/2020\/08\/17\/banco-latino-americano-empresta-us-350-mi-para-ministerio-da-economia\/"},"author":{"name":"admin","@id":"https:\/\/bahiaeconomica.com.br\/wp\/#\/schema\/person\/cb1ab5ba96ad3d9390805381c76284ec"},"headline":"BANCO LATINO-AMERICANO EMPRESTA US$ 350 MI PARA MINIST\u00c9RIO DA ECONOMIA","datePublished":"2020-08-17T22:38:28+00:00","dateModified":"2020-08-17T22:38:42+00:00","mainEntityOfPage":{"@id":"https:\/\/bahiaeconomica.com.br\/wp\/2020\/08\/17\/banco-latino-americano-empresta-us-350-mi-para-ministerio-da-economia\/"},"wordCount":258,"publisher":{"@id":"https:\/\/bahiaeconomica.com.br\/wp\/#organization"},"articleSection":["ECONOMIA \/ POL\u00cdTICA"],"inLanguage":"pt-BR"},{"@type":"WebPage","@id":"https:\/\/bahiaeconomica.com.br\/wp\/2020\/08\/17\/banco-latino-americano-empresta-us-350-mi-para-ministerio-da-economia\/","url":"https:\/\/bahiaeconomica.com.br\/wp\/2020\/08\/17\/banco-latino-americano-empresta-us-350-mi-para-ministerio-da-economia\/","name":"BANCO LATINO-AMERICANO EMPRESTA US$ 350 MI PARA MINIST\u00c9RIO DA ECONOMIA - Bahia Economica","isPartOf":{"@id":"https:\/\/bahiaeconomica.com.br\/wp\/#website"},"datePublished":"2020-08-17T22:38:28+00:00","dateModified":"2020-08-17T22:38:42+00:00","description":"O maior portal de Economia da Bahia ECONOMIA \/ POL\u00cdTICA Bahia Economica","breadcrumb":{"@id":"https:\/\/bahiaeconomica.com.br\/wp\/2020\/08\/17\/banco-latino-americano-empresta-us-350-mi-para-ministerio-da-economia\/#breadcrumb"},"inLanguage":"pt-BR","potentialAction":[{"@type":"ReadAction","target":["https:\/\/bahiaeconomica.com.br\/wp\/2020\/08\/17\/banco-latino-americano-empresta-us-350-mi-para-ministerio-da-economia\/"]}]},{"@type":"BreadcrumbList","@id":"https:\/\/bahiaeconomica.com.br\/wp\/2020\/08\/17\/banco-latino-americano-empresta-us-350-mi-para-ministerio-da-economia\/#breadcrumb","itemListElement":[{"@type":"ListItem","position":1,"name":"In\u00edcio","item":"https:\/\/bahiaeconomica.com.br\/wp\/"},{"@type":"ListItem","position":2,"name":"BANCO LATINO-AMERICANO EMPRESTA US$ 350 MI PARA MINIST\u00c9RIO DA ECONOMIA"}]},{"@type":"WebSite","@id":"https:\/\/bahiaeconomica.com.br\/wp\/#website","url":"https:\/\/bahiaeconomica.com.br\/wp\/","name":"Bahia Economica","description":"O maior portal de Economia da Bahia","publisher":{"@id":"https:\/\/bahiaeconomica.com.br\/wp\/#organization"},"potentialAction":[{"@type":"SearchAction","target":{"@type":"EntryPoint","urlTemplate":"https:\/\/bahiaeconomica.com.br\/wp\/?s={search_term_string}"},"query-input":"required name=search_term_string"}],"inLanguage":"pt-BR"},{"@type":"Organization","@id":"https:\/\/bahiaeconomica.com.br\/wp\/#organization","name":"Bahia Econ\u00f4mica","url":"https:\/\/bahiaeconomica.com.br\/wp\/","logo":{"@type":"ImageObject","inLanguage":"pt-BR","@id":"https:\/\/bahiaeconomica.com.br\/wp\/#\/schema\/logo\/image\/","url":"https:\/\/bahiaeconomica.com.br\/wp\/wp-content\/uploads\/2020\/12\/cropped-BE.png","contentUrl":"https:\/\/bahiaeconomica.com.br\/wp\/wp-content\/uploads\/2020\/12\/cropped-BE.png","width":512,"height":512,"caption":"Bahia Econ\u00f4mica"},"image":{"@id":"https:\/\/bahiaeconomica.com.br\/wp\/#\/schema\/logo\/image\/"},"sameAs":["https:\/\/www.facebook.com\/bahiaeconomica"]},{"@type":"Person","@id":"https:\/\/bahiaeconomica.com.br\/wp\/#\/schema\/person\/cb1ab5ba96ad3d9390805381c76284ec","name":"admin","url":"https:\/\/bahiaeconomica.com.br\/wp\/author\/admin\/"}]}},"views":0,"_links":{"self":[{"href":"https:\/\/bahiaeconomica.com.br\/wp\/wp-json\/wp\/v2\/posts\/485751"}],"collection":[{"href":"https:\/\/bahiaeconomica.com.br\/wp\/wp-json\/wp\/v2\/posts"}],"about":[{"href":"https:\/\/bahiaeconomica.com.br\/wp\/wp-json\/wp\/v2\/types\/post"}],"author":[{"embeddable":true,"href":"https:\/\/bahiaeconomica.com.br\/wp\/wp-json\/wp\/v2\/users\/1"}],"replies":[{"embeddable":true,"href":"https:\/\/bahiaeconomica.com.br\/wp\/wp-json\/wp\/v2\/comments?post=485751"}],"version-history":[{"count":1,"href":"https:\/\/bahiaeconomica.com.br\/wp\/wp-json\/wp\/v2\/posts\/485751\/revisions"}],"predecessor-version":[{"id":485757,"href":"https:\/\/bahiaeconomica.com.br\/wp\/wp-json\/wp\/v2\/posts\/485751\/revisions\/485757"}],"wp:featuredmedia":[{"embeddable":true,"href":"https:\/\/bahiaeconomica.com.br\/wp\/wp-json\/wp\/v2\/media\/407342"}],"wp:attachment":[{"href":"https:\/\/bahiaeconomica.com.br\/wp\/wp-json\/wp\/v2\/media?parent=485751"}],"wp:term":[{"taxonomy":"category","embeddable":true,"href":"https:\/\/bahiaeconomica.com.br\/wp\/wp-json\/wp\/v2\/categories?post=485751"},{"taxonomy":"post_tag","embeddable":true,"href":"https:\/\/bahiaeconomica.com.br\/wp\/wp-json\/wp\/v2\/tags?post=485751"}],"curies":[{"name":"wp","href":"https:\/\/api.w.org\/{rel}","templated":true}]}}