{"id":484919,"date":"2020-08-14T06:50:09","date_gmt":"2020-08-14T09:50:09","guid":{"rendered":"https:\/\/bahiaeconomica.com.br\/wp\/beta\/?p=484919"},"modified":"2020-08-14T07:00:07","modified_gmt":"2020-08-14T10:00:07","slug":"rui-fara-entrega-de-equipamentos-para-consorcios-publicos-amanha-14","status":"publish","type":"post","link":"https:\/\/bahiaeconomica.com.br\/wp\/2020\/08\/14\/rui-fara-entrega-de-equipamentos-para-consorcios-publicos-amanha-14\/","title":{"rendered":"RUI ENTREGA EQUIPAMENTOS PARA CONS\u00d3RCIOS HOJE (14)"},"content":{"rendered":"<p>Em ato nesta sexta-feira (14), \u00e0s 14h, no Parque de Exposi\u00e7\u00f5es de Salvador, o governador Rui Costa far\u00e1 a entrega de <!--more-->equipamentos que v\u00e3o beneficiar dez cons\u00f3rcios p\u00fablicos multifinalit\u00e1rios do estado. Os cons\u00f3rcios v\u00e3o receber um total de quatros p\u00e1s carregadeiras, tr\u00eas rolos compactadores, uma motoniveladora e dois caminh\u00f5es basculantes. O evento ter\u00e1 a presen\u00e7a de prefeitos e representantes dos munic\u00edpios beneficiados.<\/p>\n<p>Os cons\u00f3rcios que receber\u00e3o os equipamentos s\u00e3o os seguintes: CDS Tipni &#8211; Cons\u00f3rcio de Desenvolvimento Sustent\u00e1vel do Territ\u00f3rio Piemonte Norte do Itapicuru (um caminh\u00e3o basculante); Cisan &#8211; Cons\u00f3rcio Intermunicipal do Semin\u00e1rio Nordeste II (uma motoniveladora); CDS Piemonte da Diamantina &#8211; Cons\u00f3rcio de Desenvolvimento Sustent\u00e1vel do Territ\u00f3rio da Diamantina (uma p\u00e1 carregadeira); Consid &#8211; Cons\u00f3rcio P\u00fablico Intermunicipal dos Munic\u00edpios do Oeste da Bahia (um caminh\u00e3o basculante); Ciapra &#8211; Cons\u00f3rcio Intermunicipal da APA do Pratigi (uma p\u00e1 carregadeira); Condesc &#8211; Cons\u00f3rcio de Desenvolvimento Sustent\u00e1vel do Territ\u00f3rio da Costa do Descobrimento (uma p\u00e1 carregadeira); CDS Alto do Sert\u00e3o &#8211; Cons\u00f3rcio P\u00fabilco de Desenvolvimento Sustent\u00e1vel Alto Sert\u00e3o (um rolo compactador); Construir &#8211; Cons\u00f3rcio P\u00fablico Intermunicipal de Infraestrutura do Extremo Sul da Bahia (um rolo compactador); Cima &#8211; Cons\u00f3rcio Intermunicipal da Mata Atl\u00e2ntica (um rolo compactador) e CDS Velho Chico &#8211; Cons\u00f3rcio P\u00fablico de Desenvolvimento Sustent\u00e1vel do Territ\u00f3rio do Velho Chico (uma p\u00e1 carregadeira).<\/p>\n<p>&nbsp;<\/p>\n<p>&nbsp;<\/p>\n<p>&nbsp;<\/p>\n<p>Foto: Jonne Roriz\/VEJA<\/p>\n","protected":false},"excerpt":{"rendered":"<p>Em ato nesta sexta-feira (14), \u00e0s 14h, no Parque de Exposi\u00e7\u00f5es de Salvador, o governador Rui Costa far\u00e1 a entrega de<\/p>\n","protected":false},"author":1,"featured_media":444830,"comment_status":"closed","ping_status":"closed","sticky":false,"template":"","format":"standard","meta":[],"categories":[3],"tags":[],"acf":[],"yoast_head":"<!-- This site is optimized with the Yoast SEO plugin v20.8 - https:\/\/yoast.com\/wordpress\/plugins\/seo\/ -->\n<title>RUI ENTREGA EQUIPAMENTOS PARA CONS\u00d3RCIOS HOJE (14) - Bahia Economica<\/title>\n<meta name=\"description\" content=\"O maior portal de Economia da Bahia ECONOMIA \/ POL\u00cdTICA Bahia Economica\" \/>\n<meta name=\"robots\" content=\"index, follow, max-snippet:-1, max-image-preview:large, max-video-preview:-1\" \/>\n<link rel=\"canonical\" href=\"https:\/\/bahiaeconomica.com.br\/wp\/2020\/08\/14\/rui-fara-entrega-de-equipamentos-para-consorcios-publicos-amanha-14\/\" \/>\n<meta property=\"og:locale\" content=\"pt_BR\" \/>\n<meta property=\"og:type\" content=\"article\" \/>\n<meta property=\"og:title\" content=\"RUI ENTREGA EQUIPAMENTOS PARA CONS\u00d3RCIOS HOJE (14) - Bahia Economica\" \/>\n<meta property=\"og:description\" content=\"O maior portal de Economia da Bahia ECONOMIA \/ POL\u00cdTICA Bahia Economica\" \/>\n<meta property=\"og:url\" content=\"https:\/\/bahiaeconomica.com.br\/wp\/2020\/08\/14\/rui-fara-entrega-de-equipamentos-para-consorcios-publicos-amanha-14\/\" \/>\n<meta property=\"og:site_name\" content=\"Bahia Economica\" \/>\n<meta property=\"article:publisher\" content=\"https:\/\/www.facebook.com\/bahiaeconomica\" \/>\n<meta property=\"article:published_time\" content=\"2020-08-14T09:50:09+00:00\" \/>\n<meta property=\"article:modified_time\" content=\"2020-08-14T10:00:07+00:00\" \/>\n<meta property=\"og:image\" content=\"https:\/\/bahiaeconomica.com.br\/wp\/wp-content\/uploads\/2020\/03\/rui-costa-governador-bahia-2019-11-10.jpg\" \/>\n\t<meta property=\"og:image:width\" content=\"500\" \/>\n\t<meta property=\"og:image:height\" content=\"300\" \/>\n\t<meta property=\"og:image:type\" content=\"image\/jpeg\" \/>\n<meta name=\"author\" content=\"admin\" \/>\n<meta name=\"twitter:card\" content=\"summary_large_image\" \/>\n<meta name=\"twitter:label1\" content=\"Escrito por\" \/>\n\t<meta name=\"twitter:data1\" content=\"admin\" \/>\n\t<meta name=\"twitter:label2\" content=\"Est. tempo de leitura\" \/>\n\t<meta name=\"twitter:data2\" content=\"1 minuto\" \/>\n<script type=\"application\/ld+json\" class=\"yoast-schema-graph\">{\"@context\":\"https:\/\/schema.org\",\"@graph\":[{\"@type\":\"Article\",\"@id\":\"https:\/\/bahiaeconomica.com.br\/wp\/2020\/08\/14\/rui-fara-entrega-de-equipamentos-para-consorcios-publicos-amanha-14\/#article\",\"isPartOf\":{\"@id\":\"https:\/\/bahiaeconomica.com.br\/wp\/2020\/08\/14\/rui-fara-entrega-de-equipamentos-para-consorcios-publicos-amanha-14\/\"},\"author\":{\"name\":\"admin\",\"@id\":\"https:\/\/bahiaeconomica.com.br\/wp\/#\/schema\/person\/cb1ab5ba96ad3d9390805381c76284ec\"},\"headline\":\"RUI ENTREGA EQUIPAMENTOS PARA CONS\u00d3RCIOS HOJE (14)\",\"datePublished\":\"2020-08-14T09:50:09+00:00\",\"dateModified\":\"2020-08-14T10:00:07+00:00\",\"mainEntityOfPage\":{\"@id\":\"https:\/\/bahiaeconomica.com.br\/wp\/2020\/08\/14\/rui-fara-entrega-de-equipamentos-para-consorcios-publicos-amanha-14\/\"},\"wordCount\":269,\"publisher\":{\"@id\":\"https:\/\/bahiaeconomica.com.br\/wp\/#organization\"},\"articleSection\":[\"ECONOMIA \/ POL\u00cdTICA\"],\"inLanguage\":\"pt-BR\"},{\"@type\":\"WebPage\",\"@id\":\"https:\/\/bahiaeconomica.com.br\/wp\/2020\/08\/14\/rui-fara-entrega-de-equipamentos-para-consorcios-publicos-amanha-14\/\",\"url\":\"https:\/\/bahiaeconomica.com.br\/wp\/2020\/08\/14\/rui-fara-entrega-de-equipamentos-para-consorcios-publicos-amanha-14\/\",\"name\":\"RUI ENTREGA EQUIPAMENTOS PARA CONS\u00d3RCIOS HOJE (14) - Bahia Economica\",\"isPartOf\":{\"@id\":\"https:\/\/bahiaeconomica.com.br\/wp\/#website\"},\"datePublished\":\"2020-08-14T09:50:09+00:00\",\"dateModified\":\"2020-08-14T10:00:07+00:00\",\"description\":\"O maior portal de Economia da Bahia ECONOMIA \/ POL\u00cdTICA Bahia Economica\",\"breadcrumb\":{\"@id\":\"https:\/\/bahiaeconomica.com.br\/wp\/2020\/08\/14\/rui-fara-entrega-de-equipamentos-para-consorcios-publicos-amanha-14\/#breadcrumb\"},\"inLanguage\":\"pt-BR\",\"potentialAction\":[{\"@type\":\"ReadAction\",\"target\":[\"https:\/\/bahiaeconomica.com.br\/wp\/2020\/08\/14\/rui-fara-entrega-de-equipamentos-para-consorcios-publicos-amanha-14\/\"]}]},{\"@type\":\"BreadcrumbList\",\"@id\":\"https:\/\/bahiaeconomica.com.br\/wp\/2020\/08\/14\/rui-fara-entrega-de-equipamentos-para-consorcios-publicos-amanha-14\/#breadcrumb\",\"itemListElement\":[{\"@type\":\"ListItem\",\"position\":1,\"name\":\"In\u00edcio\",\"item\":\"https:\/\/bahiaeconomica.com.br\/wp\/\"},{\"@type\":\"ListItem\",\"position\":2,\"name\":\"RUI ENTREGA EQUIPAMENTOS PARA CONS\u00d3RCIOS HOJE (14)\"}]},{\"@type\":\"WebSite\",\"@id\":\"https:\/\/bahiaeconomica.com.br\/wp\/#website\",\"url\":\"https:\/\/bahiaeconomica.com.br\/wp\/\",\"name\":\"Bahia Economica\",\"description\":\"O maior portal de Economia da Bahia\",\"publisher\":{\"@id\":\"https:\/\/bahiaeconomica.com.br\/wp\/#organization\"},\"potentialAction\":[{\"@type\":\"SearchAction\",\"target\":{\"@type\":\"EntryPoint\",\"urlTemplate\":\"https:\/\/bahiaeconomica.com.br\/wp\/?s={search_term_string}\"},\"query-input\":\"required name=search_term_string\"}],\"inLanguage\":\"pt-BR\"},{\"@type\":\"Organization\",\"@id\":\"https:\/\/bahiaeconomica.com.br\/wp\/#organization\",\"name\":\"Bahia Econ\u00f4mica\",\"url\":\"https:\/\/bahiaeconomica.com.br\/wp\/\",\"logo\":{\"@type\":\"ImageObject\",\"inLanguage\":\"pt-BR\",\"@id\":\"https:\/\/bahiaeconomica.com.br\/wp\/#\/schema\/logo\/image\/\",\"url\":\"https:\/\/bahiaeconomica.com.br\/wp\/wp-content\/uploads\/2020\/12\/cropped-BE.png\",\"contentUrl\":\"https:\/\/bahiaeconomica.com.br\/wp\/wp-content\/uploads\/2020\/12\/cropped-BE.png\",\"width\":512,\"height\":512,\"caption\":\"Bahia Econ\u00f4mica\"},\"image\":{\"@id\":\"https:\/\/bahiaeconomica.com.br\/wp\/#\/schema\/logo\/image\/\"},\"sameAs\":[\"https:\/\/www.facebook.com\/bahiaeconomica\"]},{\"@type\":\"Person\",\"@id\":\"https:\/\/bahiaeconomica.com.br\/wp\/#\/schema\/person\/cb1ab5ba96ad3d9390805381c76284ec\",\"name\":\"admin\",\"url\":\"https:\/\/bahiaeconomica.com.br\/wp\/author\/admin\/\"}]}<\/script>\n<!-- \/ Yoast SEO plugin. -->","yoast_head_json":{"title":"RUI ENTREGA EQUIPAMENTOS PARA CONS\u00d3RCIOS HOJE (14) - Bahia Economica","description":"O maior portal de Economia da Bahia ECONOMIA \/ POL\u00cdTICA Bahia Economica","robots":{"index":"index","follow":"follow","max-snippet":"max-snippet:-1","max-image-preview":"max-image-preview:large","max-video-preview":"max-video-preview:-1"},"canonical":"https:\/\/bahiaeconomica.com.br\/wp\/2020\/08\/14\/rui-fara-entrega-de-equipamentos-para-consorcios-publicos-amanha-14\/","og_locale":"pt_BR","og_type":"article","og_title":"RUI ENTREGA EQUIPAMENTOS PARA CONS\u00d3RCIOS HOJE (14) - Bahia Economica","og_description":"O maior portal de Economia da Bahia ECONOMIA \/ POL\u00cdTICA Bahia Economica","og_url":"https:\/\/bahiaeconomica.com.br\/wp\/2020\/08\/14\/rui-fara-entrega-de-equipamentos-para-consorcios-publicos-amanha-14\/","og_site_name":"Bahia Economica","article_publisher":"https:\/\/www.facebook.com\/bahiaeconomica","article_published_time":"2020-08-14T09:50:09+00:00","article_modified_time":"2020-08-14T10:00:07+00:00","og_image":[{"width":500,"height":300,"url":"https:\/\/bahiaeconomica.com.br\/wp\/wp-content\/uploads\/2020\/03\/rui-costa-governador-bahia-2019-11-10.jpg","type":"image\/jpeg"}],"author":"admin","twitter_card":"summary_large_image","twitter_misc":{"Escrito por":"admin","Est. tempo de leitura":"1 minuto"},"schema":{"@context":"https:\/\/schema.org","@graph":[{"@type":"Article","@id":"https:\/\/bahiaeconomica.com.br\/wp\/2020\/08\/14\/rui-fara-entrega-de-equipamentos-para-consorcios-publicos-amanha-14\/#article","isPartOf":{"@id":"https:\/\/bahiaeconomica.com.br\/wp\/2020\/08\/14\/rui-fara-entrega-de-equipamentos-para-consorcios-publicos-amanha-14\/"},"author":{"name":"admin","@id":"https:\/\/bahiaeconomica.com.br\/wp\/#\/schema\/person\/cb1ab5ba96ad3d9390805381c76284ec"},"headline":"RUI ENTREGA EQUIPAMENTOS PARA CONS\u00d3RCIOS HOJE (14)","datePublished":"2020-08-14T09:50:09+00:00","dateModified":"2020-08-14T10:00:07+00:00","mainEntityOfPage":{"@id":"https:\/\/bahiaeconomica.com.br\/wp\/2020\/08\/14\/rui-fara-entrega-de-equipamentos-para-consorcios-publicos-amanha-14\/"},"wordCount":269,"publisher":{"@id":"https:\/\/bahiaeconomica.com.br\/wp\/#organization"},"articleSection":["ECONOMIA \/ POL\u00cdTICA"],"inLanguage":"pt-BR"},{"@type":"WebPage","@id":"https:\/\/bahiaeconomica.com.br\/wp\/2020\/08\/14\/rui-fara-entrega-de-equipamentos-para-consorcios-publicos-amanha-14\/","url":"https:\/\/bahiaeconomica.com.br\/wp\/2020\/08\/14\/rui-fara-entrega-de-equipamentos-para-consorcios-publicos-amanha-14\/","name":"RUI ENTREGA EQUIPAMENTOS PARA CONS\u00d3RCIOS HOJE (14) - Bahia Economica","isPartOf":{"@id":"https:\/\/bahiaeconomica.com.br\/wp\/#website"},"datePublished":"2020-08-14T09:50:09+00:00","dateModified":"2020-08-14T10:00:07+00:00","description":"O maior portal de Economia da Bahia ECONOMIA \/ POL\u00cdTICA Bahia Economica","breadcrumb":{"@id":"https:\/\/bahiaeconomica.com.br\/wp\/2020\/08\/14\/rui-fara-entrega-de-equipamentos-para-consorcios-publicos-amanha-14\/#breadcrumb"},"inLanguage":"pt-BR","potentialAction":[{"@type":"ReadAction","target":["https:\/\/bahiaeconomica.com.br\/wp\/2020\/08\/14\/rui-fara-entrega-de-equipamentos-para-consorcios-publicos-amanha-14\/"]}]},{"@type":"BreadcrumbList","@id":"https:\/\/bahiaeconomica.com.br\/wp\/2020\/08\/14\/rui-fara-entrega-de-equipamentos-para-consorcios-publicos-amanha-14\/#breadcrumb","itemListElement":[{"@type":"ListItem","position":1,"name":"In\u00edcio","item":"https:\/\/bahiaeconomica.com.br\/wp\/"},{"@type":"ListItem","position":2,"name":"RUI ENTREGA EQUIPAMENTOS PARA CONS\u00d3RCIOS HOJE (14)"}]},{"@type":"WebSite","@id":"https:\/\/bahiaeconomica.com.br\/wp\/#website","url":"https:\/\/bahiaeconomica.com.br\/wp\/","name":"Bahia Economica","description":"O maior portal de Economia da Bahia","publisher":{"@id":"https:\/\/bahiaeconomica.com.br\/wp\/#organization"},"potentialAction":[{"@type":"SearchAction","target":{"@type":"EntryPoint","urlTemplate":"https:\/\/bahiaeconomica.com.br\/wp\/?s={search_term_string}"},"query-input":"required name=search_term_string"}],"inLanguage":"pt-BR"},{"@type":"Organization","@id":"https:\/\/bahiaeconomica.com.br\/wp\/#organization","name":"Bahia Econ\u00f4mica","url":"https:\/\/bahiaeconomica.com.br\/wp\/","logo":{"@type":"ImageObject","inLanguage":"pt-BR","@id":"https:\/\/bahiaeconomica.com.br\/wp\/#\/schema\/logo\/image\/","url":"https:\/\/bahiaeconomica.com.br\/wp\/wp-content\/uploads\/2020\/12\/cropped-BE.png","contentUrl":"https:\/\/bahiaeconomica.com.br\/wp\/wp-content\/uploads\/2020\/12\/cropped-BE.png","width":512,"height":512,"caption":"Bahia Econ\u00f4mica"},"image":{"@id":"https:\/\/bahiaeconomica.com.br\/wp\/#\/schema\/logo\/image\/"},"sameAs":["https:\/\/www.facebook.com\/bahiaeconomica"]},{"@type":"Person","@id":"https:\/\/bahiaeconomica.com.br\/wp\/#\/schema\/person\/cb1ab5ba96ad3d9390805381c76284ec","name":"admin","url":"https:\/\/bahiaeconomica.com.br\/wp\/author\/admin\/"}]}},"views":2,"_links":{"self":[{"href":"https:\/\/bahiaeconomica.com.br\/wp\/wp-json\/wp\/v2\/posts\/484919"}],"collection":[{"href":"https:\/\/bahiaeconomica.com.br\/wp\/wp-json\/wp\/v2\/posts"}],"about":[{"href":"https:\/\/bahiaeconomica.com.br\/wp\/wp-json\/wp\/v2\/types\/post"}],"author":[{"embeddable":true,"href":"https:\/\/bahiaeconomica.com.br\/wp\/wp-json\/wp\/v2\/users\/1"}],"replies":[{"embeddable":true,"href":"https:\/\/bahiaeconomica.com.br\/wp\/wp-json\/wp\/v2\/comments?post=484919"}],"version-history":[{"count":3,"href":"https:\/\/bahiaeconomica.com.br\/wp\/wp-json\/wp\/v2\/posts\/484919\/revisions"}],"predecessor-version":[{"id":485000,"href":"https:\/\/bahiaeconomica.com.br\/wp\/wp-json\/wp\/v2\/posts\/484919\/revisions\/485000"}],"wp:featuredmedia":[{"embeddable":true,"href":"https:\/\/bahiaeconomica.com.br\/wp\/wp-json\/wp\/v2\/media\/444830"}],"wp:attachment":[{"href":"https:\/\/bahiaeconomica.com.br\/wp\/wp-json\/wp\/v2\/media?parent=484919"}],"wp:term":[{"taxonomy":"category","embeddable":true,"href":"https:\/\/bahiaeconomica.com.br\/wp\/wp-json\/wp\/v2\/categories?post=484919"},{"taxonomy":"post_tag","embeddable":true,"href":"https:\/\/bahiaeconomica.com.br\/wp\/wp-json\/wp\/v2\/tags?post=484919"}],"curies":[{"name":"wp","href":"https:\/\/api.w.org\/{rel}","templated":true}]}}