{"id":483966,"date":"2020-08-10T19:25:47","date_gmt":"2020-08-10T22:25:47","guid":{"rendered":"https:\/\/bahiaeconomica.com.br\/wp\/beta\/?p=483966"},"modified":"2020-08-10T19:25:34","modified_gmt":"2020-08-10T22:25:34","slug":"saloes-de-beleza-retomam-as-atividades-sem-barba-e-maquiagem","status":"publish","type":"post","link":"https:\/\/bahiaeconomica.com.br\/wp\/2020\/08\/10\/saloes-de-beleza-retomam-as-atividades-sem-barba-e-maquiagem\/","title":{"rendered":"SAL\u00d5ES RETOMAM AS ATIVIDADES SEM BARBA E MAQUIAGEM"},"content":{"rendered":"<p>Sal\u00f5es de beleza e barbearias de Salvador retomaram as atividades hoje (10) com uma nova realidade. O funcionamento <!--more-->dos estabelecimentos est\u00e1 condicionado ao cumprimento de protocolos de seguran\u00e7a que envolvem, inclusive, o uso obrigat\u00f3rio de m\u00e1scara por parte de clientes e trabalhadores o tempo inteiro dentro dos espa\u00e7os. Ou seja, procedimentos que envolveriam a retirada do utens\u00edlio de prote\u00e7\u00e3o est\u00e3o proibidos, a exemplo de maquiagem e barba.<\/p>\n<p>Com uma rotina diferente, os profissionais desses estabelecimentos passam a realizar atendimento individual e com hora marcada, sempre de segunda a s\u00e1bado, das 10h \u00e0s 19h, com 30% da capacidade total do ambiente e efetuando medi\u00e7\u00e3o de temperatura em funcion\u00e1rios e clientes. Outra medida \u00e9 que o intervalo entre um cliente e outro deve ser de, no m\u00ednimo, 15 minutos, para possibilitar a higieniza\u00e7\u00e3o do local.<\/p>\n<p>Nos sal\u00f5es de beleza, barbearias e similares, \u00e9 recomendado tamb\u00e9m evitar o compartilhamento, entre os funcion\u00e1rios, de produtos como shampoos, condicionadores e cremes, sendo que, ap\u00f3s cada uso, os recipientes devem ser higienizados com \u00e1gua e sab\u00e3o.<\/p>\n<p>Deve ser mantido o distanciamento de 1,5m entre bancadas, cadeiras e\/ou macas de atendimento. Sempre que poss\u00edvel, devem ser utilizadas divis\u00f3rias confeccionadas com produto de f\u00e1cil desinfec\u00e7\u00e3o para separa\u00e7\u00e3o das bancadas de trabalho. As portas e janelas abertas precisam ser abertas constantemente para melhorar a ventila\u00e7\u00e3o do local. E, havendo ambiente refrigerado, o sistema deve ser mantido em ventila\u00e7\u00e3o, n\u00e3o podendo \u00adficar no modo de recircula\u00e7\u00e3o do ar.<\/p>\n<p>N\u00e3o \u00e9 permitida a comercializa\u00e7\u00e3o ou degusta\u00e7\u00e3o de alimentos e bebidas no local, inclusive \u00e1gua, caf\u00e9, cappuccino, ch\u00e1, biscoitos, sequilhos e similares. S\u00f3 pode ser realizada a comercializa\u00e7\u00e3o de produtos n\u00e3o aliment\u00edcios, desde que industrializados e na embalagem original do fabricante, devendo os mesmos ser devidamente higienizados com \u00e1lcool 70% no momento da venda.<\/p>\n<p>Os trabalhadores n\u00e3o devem usar adornos do tipo pulseiras, brincos, rel\u00f3gios e an\u00e9is, al\u00e9m de evitar unhas de gel e unhas compridas, que dificultam a higieniza\u00e7\u00e3o adequada das m\u00e3os. Nas bancadas, devem ser mantidos apenas instrumentos e produtos utilizados durante o atendimento. A roupa de trabalho, as toalhas e os penteadores n\u00e3o descart\u00e1veis, ap\u00f3s terem sido usados por cada cliente, precisam ser lavados separadamente, a uma temperatura superior a 60\u00ba C.<\/p>\n<p>No caso dos utens\u00edlios perfurocortantes, como alicates de unha, esp\u00e1tula de metal, navalhas, curetas para podologia, devem ser descart\u00e1veis ou de uso pessoal de cada cliente. Caso sejam usados utens\u00edlios perfurocortantes reutiliz\u00e1veis, estes devem ser obrigatoriamente lavados com \u00e1gua e sab\u00e3o e, posteriormente, esterilizados em autoclave ap\u00f3s cada uso. N\u00e3o \u00e9 permitido o compartilhamento desses utens\u00edlios entre clientes. Os materiais de uso m\u00faltiplo, como pentes, tesouras e m\u00e1quinas de cortar, precisam ser desinfetados ap\u00f3s cada uso, segundo as instru\u00e7\u00f5es do fabricante.<\/p>\n<p>Para os procedimentos de depila\u00e7\u00e3o, os profissionais de est\u00e9tica devem utilizar esp\u00e1tulas e palitos descart\u00e1veis. A cera precisa ser acondicionada em outro recipiente pr\u00f3prio e descartada em seguida, juntamente com todos os itens que forem utilizados no atendimento. No caso do uso de pin\u00e7as, se elas n\u00e3o forem de propriedade do cliente, devem ser esterilizadas em autoclave. Os len\u00e7\u00f3is precisam ser descart\u00e1veis em todos os procedimentos, sendo trocados a cada atendimento. O uso de luvas descart\u00e1veis \u00e9 obrigat\u00f3rio e elas devem ser trocadas a cada atendimento.<\/p>\n<p>Os estabelecimentos devem programar um plano de limpeza, higieniza\u00e7\u00e3o e desinfec\u00e7\u00e3o que preveja uma maior freq\u00fc\u00eancia desses cuidados para todas as superf\u00edcies, principalmente naquelas em que o toque seja mais freq\u00fcente, como mesas de manicure, bra\u00e7os das cadeiras, interruptores e ma\u00e7anetas.<\/p>\n<p>Todos os espa\u00e7os de beleza devem disponibilizar tapetes higienizadores para limpeza dos p\u00e9s nas entradas dos estabelecimentos. O ambiente deve ser higienizado com \u00e1lcool a 70% antes da abertura do estabelecimento, incluindo bancadas, utens\u00edlios, lavat\u00f3rios, cadeiras e instrumentos de trabalho. Os estabelecimentos localizados em shopping centers e centros comerciais seguir\u00e3o o hor\u00e1rio desses empreendimentos.<\/p>\n<p>&nbsp;<\/p>\n<p>&nbsp;<\/p>\n<p>Foto: Divulga\u00e7\u00e3o\/Secom<\/p>\n","protected":false},"excerpt":{"rendered":"<p>Sal\u00f5es de beleza e barbearias de Salvador retomaram as atividades hoje (10) com uma nova realidade. O funcionamento<\/p>\n","protected":false},"author":1,"featured_media":483972,"comment_status":"closed","ping_status":"closed","sticky":false,"template":"","format":"standard","meta":[],"categories":[14,3],"tags":[],"acf":[],"yoast_head":"<!-- This site is optimized with the Yoast SEO plugin v20.8 - https:\/\/yoast.com\/wordpress\/plugins\/seo\/ -->\n<title>SAL\u00d5ES RETOMAM AS ATIVIDADES SEM BARBA E MAQUIAGEM - Bahia Economica<\/title>\n<meta name=\"description\" content=\"O maior portal de Economia da Bahia DESTAQUE DO DIA, ECONOMIA \/ POL\u00cdTICA Bahia Economica\" \/>\n<meta name=\"robots\" content=\"index, follow, max-snippet:-1, max-image-preview:large, max-video-preview:-1\" \/>\n<link rel=\"canonical\" href=\"https:\/\/bahiaeconomica.com.br\/wp\/2020\/08\/10\/saloes-de-beleza-retomam-as-atividades-sem-barba-e-maquiagem\/\" \/>\n<meta property=\"og:locale\" content=\"pt_BR\" \/>\n<meta property=\"og:type\" content=\"article\" \/>\n<meta property=\"og:title\" content=\"SAL\u00d5ES RETOMAM AS ATIVIDADES SEM BARBA E MAQUIAGEM - Bahia Economica\" \/>\n<meta property=\"og:description\" content=\"O maior portal de Economia da Bahia DESTAQUE DO DIA, ECONOMIA \/ POL\u00cdTICA Bahia Economica\" \/>\n<meta property=\"og:url\" content=\"https:\/\/bahiaeconomica.com.br\/wp\/2020\/08\/10\/saloes-de-beleza-retomam-as-atividades-sem-barba-e-maquiagem\/\" \/>\n<meta property=\"og:site_name\" content=\"Bahia Economica\" \/>\n<meta property=\"article:publisher\" content=\"https:\/\/www.facebook.com\/bahiaeconomica\" \/>\n<meta property=\"article:published_time\" content=\"2020-08-10T22:25:47+00:00\" \/>\n<meta property=\"article:modified_time\" content=\"2020-08-10T22:25:34+00:00\" \/>\n<meta property=\"og:image\" content=\"https:\/\/bahiaeconomica.com.br\/wp\/wp-content\/uploads\/2020\/08\/sal\u00e3o-de-belez_-barbearia.jpg500.jpg\" \/>\n\t<meta property=\"og:image:width\" content=\"500\" \/>\n\t<meta property=\"og:image:height\" content=\"300\" \/>\n\t<meta property=\"og:image:type\" content=\"image\/jpeg\" \/>\n<meta name=\"author\" content=\"admin\" \/>\n<meta name=\"twitter:card\" content=\"summary_large_image\" \/>\n<meta name=\"twitter:label1\" content=\"Escrito por\" \/>\n\t<meta name=\"twitter:data1\" content=\"admin\" \/>\n\t<meta name=\"twitter:label2\" content=\"Est. tempo de leitura\" \/>\n\t<meta name=\"twitter:data2\" content=\"4 minutos\" \/>\n<script type=\"application\/ld+json\" class=\"yoast-schema-graph\">{\"@context\":\"https:\/\/schema.org\",\"@graph\":[{\"@type\":\"Article\",\"@id\":\"https:\/\/bahiaeconomica.com.br\/wp\/2020\/08\/10\/saloes-de-beleza-retomam-as-atividades-sem-barba-e-maquiagem\/#article\",\"isPartOf\":{\"@id\":\"https:\/\/bahiaeconomica.com.br\/wp\/2020\/08\/10\/saloes-de-beleza-retomam-as-atividades-sem-barba-e-maquiagem\/\"},\"author\":{\"name\":\"admin\",\"@id\":\"https:\/\/bahiaeconomica.com.br\/wp\/#\/schema\/person\/cb1ab5ba96ad3d9390805381c76284ec\"},\"headline\":\"SAL\u00d5ES RETOMAM AS ATIVIDADES SEM BARBA E MAQUIAGEM\",\"datePublished\":\"2020-08-10T22:25:47+00:00\",\"dateModified\":\"2020-08-10T22:25:34+00:00\",\"mainEntityOfPage\":{\"@id\":\"https:\/\/bahiaeconomica.com.br\/wp\/2020\/08\/10\/saloes-de-beleza-retomam-as-atividades-sem-barba-e-maquiagem\/\"},\"wordCount\":709,\"publisher\":{\"@id\":\"https:\/\/bahiaeconomica.com.br\/wp\/#organization\"},\"articleSection\":[\"DESTAQUE DO DIA\",\"ECONOMIA \/ POL\u00cdTICA\"],\"inLanguage\":\"pt-BR\"},{\"@type\":\"WebPage\",\"@id\":\"https:\/\/bahiaeconomica.com.br\/wp\/2020\/08\/10\/saloes-de-beleza-retomam-as-atividades-sem-barba-e-maquiagem\/\",\"url\":\"https:\/\/bahiaeconomica.com.br\/wp\/2020\/08\/10\/saloes-de-beleza-retomam-as-atividades-sem-barba-e-maquiagem\/\",\"name\":\"SAL\u00d5ES RETOMAM AS ATIVIDADES SEM BARBA E MAQUIAGEM - Bahia Economica\",\"isPartOf\":{\"@id\":\"https:\/\/bahiaeconomica.com.br\/wp\/#website\"},\"datePublished\":\"2020-08-10T22:25:47+00:00\",\"dateModified\":\"2020-08-10T22:25:34+00:00\",\"description\":\"O maior portal de Economia da Bahia DESTAQUE DO DIA, ECONOMIA \/ POL\u00cdTICA Bahia Economica\",\"breadcrumb\":{\"@id\":\"https:\/\/bahiaeconomica.com.br\/wp\/2020\/08\/10\/saloes-de-beleza-retomam-as-atividades-sem-barba-e-maquiagem\/#breadcrumb\"},\"inLanguage\":\"pt-BR\",\"potentialAction\":[{\"@type\":\"ReadAction\",\"target\":[\"https:\/\/bahiaeconomica.com.br\/wp\/2020\/08\/10\/saloes-de-beleza-retomam-as-atividades-sem-barba-e-maquiagem\/\"]}]},{\"@type\":\"BreadcrumbList\",\"@id\":\"https:\/\/bahiaeconomica.com.br\/wp\/2020\/08\/10\/saloes-de-beleza-retomam-as-atividades-sem-barba-e-maquiagem\/#breadcrumb\",\"itemListElement\":[{\"@type\":\"ListItem\",\"position\":1,\"name\":\"In\u00edcio\",\"item\":\"https:\/\/bahiaeconomica.com.br\/wp\/\"},{\"@type\":\"ListItem\",\"position\":2,\"name\":\"SAL\u00d5ES RETOMAM AS ATIVIDADES SEM BARBA E MAQUIAGEM\"}]},{\"@type\":\"WebSite\",\"@id\":\"https:\/\/bahiaeconomica.com.br\/wp\/#website\",\"url\":\"https:\/\/bahiaeconomica.com.br\/wp\/\",\"name\":\"Bahia Economica\",\"description\":\"O maior portal de Economia da Bahia\",\"publisher\":{\"@id\":\"https:\/\/bahiaeconomica.com.br\/wp\/#organization\"},\"potentialAction\":[{\"@type\":\"SearchAction\",\"target\":{\"@type\":\"EntryPoint\",\"urlTemplate\":\"https:\/\/bahiaeconomica.com.br\/wp\/?s={search_term_string}\"},\"query-input\":\"required name=search_term_string\"}],\"inLanguage\":\"pt-BR\"},{\"@type\":\"Organization\",\"@id\":\"https:\/\/bahiaeconomica.com.br\/wp\/#organization\",\"name\":\"Bahia Econ\u00f4mica\",\"url\":\"https:\/\/bahiaeconomica.com.br\/wp\/\",\"logo\":{\"@type\":\"ImageObject\",\"inLanguage\":\"pt-BR\",\"@id\":\"https:\/\/bahiaeconomica.com.br\/wp\/#\/schema\/logo\/image\/\",\"url\":\"https:\/\/bahiaeconomica.com.br\/wp\/wp-content\/uploads\/2020\/12\/cropped-BE.png\",\"contentUrl\":\"https:\/\/bahiaeconomica.com.br\/wp\/wp-content\/uploads\/2020\/12\/cropped-BE.png\",\"width\":512,\"height\":512,\"caption\":\"Bahia Econ\u00f4mica\"},\"image\":{\"@id\":\"https:\/\/bahiaeconomica.com.br\/wp\/#\/schema\/logo\/image\/\"},\"sameAs\":[\"https:\/\/www.facebook.com\/bahiaeconomica\"]},{\"@type\":\"Person\",\"@id\":\"https:\/\/bahiaeconomica.com.br\/wp\/#\/schema\/person\/cb1ab5ba96ad3d9390805381c76284ec\",\"name\":\"admin\",\"url\":\"https:\/\/bahiaeconomica.com.br\/wp\/author\/admin\/\"}]}<\/script>\n<!-- \/ Yoast SEO plugin. -->","yoast_head_json":{"title":"SAL\u00d5ES RETOMAM AS ATIVIDADES SEM BARBA E MAQUIAGEM - Bahia Economica","description":"O maior portal de Economia da Bahia DESTAQUE DO DIA, ECONOMIA \/ POL\u00cdTICA Bahia Economica","robots":{"index":"index","follow":"follow","max-snippet":"max-snippet:-1","max-image-preview":"max-image-preview:large","max-video-preview":"max-video-preview:-1"},"canonical":"https:\/\/bahiaeconomica.com.br\/wp\/2020\/08\/10\/saloes-de-beleza-retomam-as-atividades-sem-barba-e-maquiagem\/","og_locale":"pt_BR","og_type":"article","og_title":"SAL\u00d5ES RETOMAM AS ATIVIDADES SEM BARBA E MAQUIAGEM - Bahia Economica","og_description":"O maior portal de Economia da Bahia DESTAQUE DO DIA, ECONOMIA \/ POL\u00cdTICA Bahia Economica","og_url":"https:\/\/bahiaeconomica.com.br\/wp\/2020\/08\/10\/saloes-de-beleza-retomam-as-atividades-sem-barba-e-maquiagem\/","og_site_name":"Bahia Economica","article_publisher":"https:\/\/www.facebook.com\/bahiaeconomica","article_published_time":"2020-08-10T22:25:47+00:00","article_modified_time":"2020-08-10T22:25:34+00:00","og_image":[{"width":500,"height":300,"url":"https:\/\/bahiaeconomica.com.br\/wp\/wp-content\/uploads\/2020\/08\/sal\u00e3o-de-belez_-barbearia.jpg500.jpg","type":"image\/jpeg"}],"author":"admin","twitter_card":"summary_large_image","twitter_misc":{"Escrito por":"admin","Est. tempo de leitura":"4 minutos"},"schema":{"@context":"https:\/\/schema.org","@graph":[{"@type":"Article","@id":"https:\/\/bahiaeconomica.com.br\/wp\/2020\/08\/10\/saloes-de-beleza-retomam-as-atividades-sem-barba-e-maquiagem\/#article","isPartOf":{"@id":"https:\/\/bahiaeconomica.com.br\/wp\/2020\/08\/10\/saloes-de-beleza-retomam-as-atividades-sem-barba-e-maquiagem\/"},"author":{"name":"admin","@id":"https:\/\/bahiaeconomica.com.br\/wp\/#\/schema\/person\/cb1ab5ba96ad3d9390805381c76284ec"},"headline":"SAL\u00d5ES RETOMAM AS ATIVIDADES SEM BARBA E MAQUIAGEM","datePublished":"2020-08-10T22:25:47+00:00","dateModified":"2020-08-10T22:25:34+00:00","mainEntityOfPage":{"@id":"https:\/\/bahiaeconomica.com.br\/wp\/2020\/08\/10\/saloes-de-beleza-retomam-as-atividades-sem-barba-e-maquiagem\/"},"wordCount":709,"publisher":{"@id":"https:\/\/bahiaeconomica.com.br\/wp\/#organization"},"articleSection":["DESTAQUE DO DIA","ECONOMIA \/ POL\u00cdTICA"],"inLanguage":"pt-BR"},{"@type":"WebPage","@id":"https:\/\/bahiaeconomica.com.br\/wp\/2020\/08\/10\/saloes-de-beleza-retomam-as-atividades-sem-barba-e-maquiagem\/","url":"https:\/\/bahiaeconomica.com.br\/wp\/2020\/08\/10\/saloes-de-beleza-retomam-as-atividades-sem-barba-e-maquiagem\/","name":"SAL\u00d5ES RETOMAM AS ATIVIDADES SEM BARBA E MAQUIAGEM - Bahia Economica","isPartOf":{"@id":"https:\/\/bahiaeconomica.com.br\/wp\/#website"},"datePublished":"2020-08-10T22:25:47+00:00","dateModified":"2020-08-10T22:25:34+00:00","description":"O maior portal de Economia da Bahia DESTAQUE DO DIA, ECONOMIA \/ POL\u00cdTICA Bahia Economica","breadcrumb":{"@id":"https:\/\/bahiaeconomica.com.br\/wp\/2020\/08\/10\/saloes-de-beleza-retomam-as-atividades-sem-barba-e-maquiagem\/#breadcrumb"},"inLanguage":"pt-BR","potentialAction":[{"@type":"ReadAction","target":["https:\/\/bahiaeconomica.com.br\/wp\/2020\/08\/10\/saloes-de-beleza-retomam-as-atividades-sem-barba-e-maquiagem\/"]}]},{"@type":"BreadcrumbList","@id":"https:\/\/bahiaeconomica.com.br\/wp\/2020\/08\/10\/saloes-de-beleza-retomam-as-atividades-sem-barba-e-maquiagem\/#breadcrumb","itemListElement":[{"@type":"ListItem","position":1,"name":"In\u00edcio","item":"https:\/\/bahiaeconomica.com.br\/wp\/"},{"@type":"ListItem","position":2,"name":"SAL\u00d5ES RETOMAM AS ATIVIDADES SEM BARBA E MAQUIAGEM"}]},{"@type":"WebSite","@id":"https:\/\/bahiaeconomica.com.br\/wp\/#website","url":"https:\/\/bahiaeconomica.com.br\/wp\/","name":"Bahia Economica","description":"O maior portal de Economia da Bahia","publisher":{"@id":"https:\/\/bahiaeconomica.com.br\/wp\/#organization"},"potentialAction":[{"@type":"SearchAction","target":{"@type":"EntryPoint","urlTemplate":"https:\/\/bahiaeconomica.com.br\/wp\/?s={search_term_string}"},"query-input":"required name=search_term_string"}],"inLanguage":"pt-BR"},{"@type":"Organization","@id":"https:\/\/bahiaeconomica.com.br\/wp\/#organization","name":"Bahia Econ\u00f4mica","url":"https:\/\/bahiaeconomica.com.br\/wp\/","logo":{"@type":"ImageObject","inLanguage":"pt-BR","@id":"https:\/\/bahiaeconomica.com.br\/wp\/#\/schema\/logo\/image\/","url":"https:\/\/bahiaeconomica.com.br\/wp\/wp-content\/uploads\/2020\/12\/cropped-BE.png","contentUrl":"https:\/\/bahiaeconomica.com.br\/wp\/wp-content\/uploads\/2020\/12\/cropped-BE.png","width":512,"height":512,"caption":"Bahia Econ\u00f4mica"},"image":{"@id":"https:\/\/bahiaeconomica.com.br\/wp\/#\/schema\/logo\/image\/"},"sameAs":["https:\/\/www.facebook.com\/bahiaeconomica"]},{"@type":"Person","@id":"https:\/\/bahiaeconomica.com.br\/wp\/#\/schema\/person\/cb1ab5ba96ad3d9390805381c76284ec","name":"admin","url":"https:\/\/bahiaeconomica.com.br\/wp\/author\/admin\/"}]}},"views":3,"_links":{"self":[{"href":"https:\/\/bahiaeconomica.com.br\/wp\/wp-json\/wp\/v2\/posts\/483966"}],"collection":[{"href":"https:\/\/bahiaeconomica.com.br\/wp\/wp-json\/wp\/v2\/posts"}],"about":[{"href":"https:\/\/bahiaeconomica.com.br\/wp\/wp-json\/wp\/v2\/types\/post"}],"author":[{"embeddable":true,"href":"https:\/\/bahiaeconomica.com.br\/wp\/wp-json\/wp\/v2\/users\/1"}],"replies":[{"embeddable":true,"href":"https:\/\/bahiaeconomica.com.br\/wp\/wp-json\/wp\/v2\/comments?post=483966"}],"version-history":[{"count":2,"href":"https:\/\/bahiaeconomica.com.br\/wp\/wp-json\/wp\/v2\/posts\/483966\/revisions"}],"predecessor-version":[{"id":483992,"href":"https:\/\/bahiaeconomica.com.br\/wp\/wp-json\/wp\/v2\/posts\/483966\/revisions\/483992"}],"wp:featuredmedia":[{"embeddable":true,"href":"https:\/\/bahiaeconomica.com.br\/wp\/wp-json\/wp\/v2\/media\/483972"}],"wp:attachment":[{"href":"https:\/\/bahiaeconomica.com.br\/wp\/wp-json\/wp\/v2\/media?parent=483966"}],"wp:term":[{"taxonomy":"category","embeddable":true,"href":"https:\/\/bahiaeconomica.com.br\/wp\/wp-json\/wp\/v2\/categories?post=483966"},{"taxonomy":"post_tag","embeddable":true,"href":"https:\/\/bahiaeconomica.com.br\/wp\/wp-json\/wp\/v2\/tags?post=483966"}],"curies":[{"name":"wp","href":"https:\/\/api.w.org\/{rel}","templated":true}]}}