{"id":483022,"date":"2020-08-10T07:00:37","date_gmt":"2020-08-10T10:00:37","guid":{"rendered":"https:\/\/bahiaeconomica.com.br\/wp\/beta\/?p=483022"},"modified":"2020-08-10T13:19:59","modified_gmt":"2020-08-10T16:19:59","slug":"entrevista-fernando-rocha-diretor-regional-de-operacoes-ba-se-do-grupo-jcpm-que-administra-o-salvador-shopping-e-o-salvador-norte","status":"publish","type":"post","link":"https:\/\/bahiaeconomica.com.br\/wp\/2020\/08\/10\/entrevista-fernando-rocha-diretor-regional-de-operacoes-ba-se-do-grupo-jcpm-que-administra-o-salvador-shopping-e-o-salvador-norte\/","title":{"rendered":"ENTREVISTA : FERNANDO ROCHA, DIRETOR REGIONAL DE OPERA\u00c7\u00d5ES BA\/SE DO GRUPO JCPM, QUE ADMINISTRA O SALVADOR SHOPPING E O SALVADOR NORTE"},"content":{"rendered":"<p><strong>Por: Jo\u00e3o Paulo Almeida&nbsp;<\/strong><\/p>\n<p><strong>Bahia Econ\u00f4mica &#8211; Como o senhor est\u00e1 avaliando esse retorno dos shoppings na quest\u00e3o da movimenta\u00e7\u00e3o?<\/strong><\/p>\n<p><strong>Fernando Rocha &#8211;<\/strong> O retorno foi dentro do esperado nos dois shoppings, cerca de 40% da m\u00e9dia de fluxo normal. Ent\u00e3o, temos consci\u00eancia de que esta \u00e9 uma retomada gradual e isso \u00e9 importante para a seguran\u00e7a de todos. Nos primeiros dias de retorno, notamos um consumidor mais objetivo. Vai ao shopping para comprar o que precisa e retorna para a casa. Ou seja, deve se manter um fluxo abaixo do normal, mas com uma convers\u00e3o de vendas boa. Essa percep\u00e7\u00e3o tamb\u00e9m ocorreu nas demais pra\u00e7as onde o Grupo JCPM tem atua\u00e7\u00e3o, como Fortaleza e Recife, h\u00e1 algumas semanas.<\/p>\n<p><strong>BE &#8211; Qual a expectativa do setor para os feriados que ainda restam no ano, a expectativa \u00e9 que as vendas aumentem?<\/strong><\/p>\n<p><strong>FR &#8211;<\/strong> Qualquer percentual agora seria especula\u00e7\u00e3o. Estamos voltando p\u00f3s um per\u00edodo totalmente at\u00edpico, com caracter\u00edsticas que nunca foram vivenciadas por n\u00f3s. Mas o que podemos dizer \u00e9 que n\u00f3s e os lojistas estamos otimistas em retomar as atividades e voltar a trabalhar intensamente para atender os clientes.<\/p>\n<p><strong>BE &#8211; Varios shoppings da capital foram acionados na justi\u00e7a pelos sindicatos dos lojistas do estado da Bahia impedindo qualquer tipo de cobran\u00e7a nesse per\u00edodo de pandemia. Como o senhor avalia essa medida?<\/strong><\/p>\n<p><strong>FR &#8211;<\/strong> Por ser algo nunca vivenciado, exige muita cautela em qualquer an\u00e1lise. N\u00f3s, desde quando iniciou a pandemia, adotamos medidas de apoio aos lojistas que foram poss\u00edveis no momento e sempre visando a sustentabilidade do neg\u00f3cio como um todo. Entre elas, a suspens\u00e3o inicial do valor m\u00ednimo do aluguel. Desde abril, passamos a conceder descontos de 100% do valor do aluguel m\u00ednimo e reduzir consideravelmente outras despesas como condom\u00ednio e FPP, enquanto est\u00e1vamos fechados.<\/p>\n<p><strong>BE &#8211; Qual a expectativa do setor para esse ano de 2020?<\/strong><\/p>\n<p><strong>FR &#8211;<\/strong> Toda a cadeia produtiva foi afetada pela pandemia. A expectativa \u00e9 de unir esfor\u00e7os para retomar as vendas com responsabilidade e cuidado.<\/p>\n<p><strong>BE &#8211; Qual a expectativa do setor para gera\u00e7\u00e3o de empregos nesse segundo semestre e as festas de final de ano?<\/strong><\/p>\n<p><strong>FR &#8211;<\/strong> Ainda \u00e9 cedo para avaliar porque estamos caminhando para a segunda semana em funcionamento e com opera\u00e7\u00f5es ainda fechadas, em virtude do faseamento estabelecido pela Prefeitura. Tamb\u00e9m n\u00e3o sabemos como o cen\u00e1rio estar\u00e1 at\u00e9 l\u00e1. Mas preferimos sempre nos manter otimistas para a retomada da economia.<\/p>\n<p><strong>BE &#8211; Quais as principais novidades que os estabelecimentos v\u00e3o trazer nesse segundo semestre para atrair os consumidores?<\/strong><\/p>\n<p><strong>FR &#8211;<\/strong> Entendemos que estamos retomando nossas atividades com a preocupa\u00e7\u00e3o de atender a todas as normas vigentes e garantir medidas de seguran\u00e7a para nosso p\u00fablico, a fim de que se sintam confort\u00e1veis em visitar nossos empreendimentos. Mas, as plataformas online em que compras podem ser realizadas em diversas lojas dos shoppings ser\u00e3o continuamente trabalhadas. Semana passada, por exemplo, de quinta a domingo (30\/07 a 02\/08), o Salvador Shopping promoveu a primeira grande liquida\u00e7\u00e3o online, atrav\u00e9s da ferramenta www.salvadorshoppingonline.com.br. Tamb\u00e9m lan\u00e7amos recentemente a plataforma Online do Salvador Norte. Assim como manteremos o servi\u00e7o Drive Thru nos dois shoppings. Nosso relacionamento com o consumidor, que sempre recebeu servi\u00e7o de excel\u00eancia, continuar\u00e1 recebendo aten\u00e7\u00e3o, e este \u00e9 o nosso foco para os pr\u00f3ximos meses.<\/p>\n<p><strong>BE &#8211; Como o senhor avalia o tempo que Salvador ficou em quarentena com os shoppings fechados? O senhor acredita que a prefeitura demorou muito para elaborar os protocolos?<\/strong><\/p>\n<p><strong>FR &#8211;<\/strong> Ao longo da suspens\u00e3o das atividades, usamos o tempo para nos adaptar e isso trouxe muitos desafios e aprendizados para todos. Alguns lojistas precisaram apenas ajustar a opera\u00e7\u00e3o, pois j\u00e1 atuavam com e-commerce, por exemplo. J\u00e1 para outros, a venda online era uma grande novidade e oportunidade para se reinventar, fator que gerou muitas d\u00favidas no primeiro momento. Foi preciso entender a din\u00e2mica, os anseios dos seus clientes, criatividade para comunicar sobre essa nova forma de venda, ampliar a divulga\u00e7\u00e3o nas redes sociais, treinar os funcion\u00e1rios para esse trabalho corpo-a-corpo para esclarecer d\u00favidas, estreitar o relacionamento, promover uma intera\u00e7\u00e3o quase que integral no ambiente virtual e a import\u00e2ncia de atender com excel\u00eancia, velocidade e dinamismo os consumidores. Outro ponto foi a din\u00e2mica de retirada dos produtos do drive thru dos shoppings, onde deixamos uma equipe voltada para esse apoio. Estivemos sempre em contato com os \u00f3rg\u00e3os p\u00fablicos e, em parceria com a Associa\u00e7\u00e3o Brasileira de Shoppings Centers (Abrasce), auxiliamos na elabora\u00e7\u00e3o deste protocolo. Entendemos que era necess\u00e1rio um esfor\u00e7o conjunto e iniciar o processo de reabertura com responsabilidade e cuidado com a sa\u00fade de todos.<\/p>\n<p>Foto: divulga\u00e7\u00e3o<\/p>\n","protected":false},"excerpt":{"rendered":"<p>Por: Jo\u00e3o Paulo Almeida&nbsp; Bahia Econ\u00f4mica &#8211; Como o senhor est\u00e1 avaliando esse retorno dos shoppings na quest\u00e3o da movimenta\u00e7\u00e3o? Fernando Rocha &#8211; O retorno foi dentro do esperado nos dois shoppings, cerca de 40% da m\u00e9dia de fluxo normal. Ent\u00e3o, temos consci\u00eancia de que esta \u00e9 uma retomada gradual e isso \u00e9 importante para [&hellip;]<\/p>\n","protected":false},"author":1,"featured_media":483859,"comment_status":"closed","ping_status":"closed","sticky":false,"template":"","format":"standard","meta":[],"categories":[9],"tags":[],"acf":[],"yoast_head":"<!-- This site is optimized with the Yoast SEO plugin v20.8 - https:\/\/yoast.com\/wordpress\/plugins\/seo\/ -->\n<title>ENTREVISTA : FERNANDO ROCHA, DIRETOR REGIONAL DE OPERA\u00c7\u00d5ES BA\/SE DO GRUPO JCPM, QUE ADMINISTRA O SALVADOR SHOPPING E O SALVADOR NORTE - Bahia Economica<\/title>\n<meta name=\"description\" content=\"O maior portal de Economia da Bahia ENTREVISTAS Bahia Economica\" \/>\n<meta name=\"robots\" content=\"index, follow, max-snippet:-1, max-image-preview:large, max-video-preview:-1\" \/>\n<link rel=\"canonical\" href=\"https:\/\/bahiaeconomica.com.br\/wp\/2020\/08\/10\/entrevista-fernando-rocha-diretor-regional-de-operacoes-ba-se-do-grupo-jcpm-que-administra-o-salvador-shopping-e-o-salvador-norte\/\" \/>\n<meta property=\"og:locale\" content=\"pt_BR\" \/>\n<meta property=\"og:type\" content=\"article\" \/>\n<meta property=\"og:title\" content=\"ENTREVISTA : FERNANDO ROCHA, DIRETOR REGIONAL DE OPERA\u00c7\u00d5ES BA\/SE DO GRUPO JCPM, QUE ADMINISTRA O SALVADOR SHOPPING E O SALVADOR NORTE - Bahia Economica\" \/>\n<meta property=\"og:description\" content=\"O maior portal de Economia da Bahia ENTREVISTAS Bahia Economica\" \/>\n<meta property=\"og:url\" content=\"https:\/\/bahiaeconomica.com.br\/wp\/2020\/08\/10\/entrevista-fernando-rocha-diretor-regional-de-operacoes-ba-se-do-grupo-jcpm-que-administra-o-salvador-shopping-e-o-salvador-norte\/\" \/>\n<meta property=\"og:site_name\" content=\"Bahia Economica\" \/>\n<meta property=\"article:publisher\" content=\"https:\/\/www.facebook.com\/bahiaeconomica\" \/>\n<meta property=\"article:published_time\" content=\"2020-08-10T10:00:37+00:00\" \/>\n<meta property=\"article:modified_time\" content=\"2020-08-10T16:19:59+00:00\" \/>\n<meta property=\"og:image\" content=\"https:\/\/bahiaeconomica.com.br\/wp\/wp-content\/uploads\/2020\/08\/Fernando-Rocha_Diretor-Regional-de-Opera\u00e7\u00f5es-BA-SE-do-Grupo-JCPM_Foto-Marco-Aur\u00e9lio-Martins-3.jpg\" \/>\n\t<meta property=\"og:image:width\" content=\"1000\" \/>\n\t<meta property=\"og:image:height\" content=\"683\" \/>\n\t<meta property=\"og:image:type\" content=\"image\/jpeg\" \/>\n<meta name=\"author\" content=\"admin\" \/>\n<meta name=\"twitter:card\" content=\"summary_large_image\" \/>\n<meta name=\"twitter:label1\" content=\"Escrito por\" \/>\n\t<meta name=\"twitter:data1\" content=\"admin\" \/>\n\t<meta name=\"twitter:label2\" content=\"Est. tempo de leitura\" \/>\n\t<meta name=\"twitter:data2\" content=\"4 minutos\" \/>\n<script type=\"application\/ld+json\" class=\"yoast-schema-graph\">{\"@context\":\"https:\/\/schema.org\",\"@graph\":[{\"@type\":\"Article\",\"@id\":\"https:\/\/bahiaeconomica.com.br\/wp\/2020\/08\/10\/entrevista-fernando-rocha-diretor-regional-de-operacoes-ba-se-do-grupo-jcpm-que-administra-o-salvador-shopping-e-o-salvador-norte\/#article\",\"isPartOf\":{\"@id\":\"https:\/\/bahiaeconomica.com.br\/wp\/2020\/08\/10\/entrevista-fernando-rocha-diretor-regional-de-operacoes-ba-se-do-grupo-jcpm-que-administra-o-salvador-shopping-e-o-salvador-norte\/\"},\"author\":{\"name\":\"admin\",\"@id\":\"https:\/\/bahiaeconomica.com.br\/wp\/#\/schema\/person\/cb1ab5ba96ad3d9390805381c76284ec\"},\"headline\":\"ENTREVISTA : FERNANDO ROCHA, DIRETOR REGIONAL DE OPERA\u00c7\u00d5ES BA\/SE DO GRUPO JCPM, QUE ADMINISTRA O SALVADOR SHOPPING E O SALVADOR NORTE\",\"datePublished\":\"2020-08-10T10:00:37+00:00\",\"dateModified\":\"2020-08-10T16:19:59+00:00\",\"mainEntityOfPage\":{\"@id\":\"https:\/\/bahiaeconomica.com.br\/wp\/2020\/08\/10\/entrevista-fernando-rocha-diretor-regional-de-operacoes-ba-se-do-grupo-jcpm-que-administra-o-salvador-shopping-e-o-salvador-norte\/\"},\"wordCount\":846,\"publisher\":{\"@id\":\"https:\/\/bahiaeconomica.com.br\/wp\/#organization\"},\"articleSection\":[\"ENTREVISTAS\"],\"inLanguage\":\"pt-BR\"},{\"@type\":\"WebPage\",\"@id\":\"https:\/\/bahiaeconomica.com.br\/wp\/2020\/08\/10\/entrevista-fernando-rocha-diretor-regional-de-operacoes-ba-se-do-grupo-jcpm-que-administra-o-salvador-shopping-e-o-salvador-norte\/\",\"url\":\"https:\/\/bahiaeconomica.com.br\/wp\/2020\/08\/10\/entrevista-fernando-rocha-diretor-regional-de-operacoes-ba-se-do-grupo-jcpm-que-administra-o-salvador-shopping-e-o-salvador-norte\/\",\"name\":\"ENTREVISTA : FERNANDO ROCHA, DIRETOR REGIONAL DE OPERA\u00c7\u00d5ES BA\/SE DO GRUPO JCPM, QUE ADMINISTRA O SALVADOR SHOPPING E O SALVADOR NORTE - Bahia Economica\",\"isPartOf\":{\"@id\":\"https:\/\/bahiaeconomica.com.br\/wp\/#website\"},\"datePublished\":\"2020-08-10T10:00:37+00:00\",\"dateModified\":\"2020-08-10T16:19:59+00:00\",\"description\":\"O maior portal de Economia da Bahia ENTREVISTAS Bahia Economica\",\"breadcrumb\":{\"@id\":\"https:\/\/bahiaeconomica.com.br\/wp\/2020\/08\/10\/entrevista-fernando-rocha-diretor-regional-de-operacoes-ba-se-do-grupo-jcpm-que-administra-o-salvador-shopping-e-o-salvador-norte\/#breadcrumb\"},\"inLanguage\":\"pt-BR\",\"potentialAction\":[{\"@type\":\"ReadAction\",\"target\":[\"https:\/\/bahiaeconomica.com.br\/wp\/2020\/08\/10\/entrevista-fernando-rocha-diretor-regional-de-operacoes-ba-se-do-grupo-jcpm-que-administra-o-salvador-shopping-e-o-salvador-norte\/\"]}]},{\"@type\":\"BreadcrumbList\",\"@id\":\"https:\/\/bahiaeconomica.com.br\/wp\/2020\/08\/10\/entrevista-fernando-rocha-diretor-regional-de-operacoes-ba-se-do-grupo-jcpm-que-administra-o-salvador-shopping-e-o-salvador-norte\/#breadcrumb\",\"itemListElement\":[{\"@type\":\"ListItem\",\"position\":1,\"name\":\"In\u00edcio\",\"item\":\"https:\/\/bahiaeconomica.com.br\/wp\/\"},{\"@type\":\"ListItem\",\"position\":2,\"name\":\"ENTREVISTA : FERNANDO ROCHA, DIRETOR REGIONAL DE OPERA\u00c7\u00d5ES BA\/SE DO GRUPO JCPM, QUE ADMINISTRA O SALVADOR SHOPPING E O SALVADOR NORTE\"}]},{\"@type\":\"WebSite\",\"@id\":\"https:\/\/bahiaeconomica.com.br\/wp\/#website\",\"url\":\"https:\/\/bahiaeconomica.com.br\/wp\/\",\"name\":\"Bahia Economica\",\"description\":\"O maior portal de Economia da Bahia\",\"publisher\":{\"@id\":\"https:\/\/bahiaeconomica.com.br\/wp\/#organization\"},\"potentialAction\":[{\"@type\":\"SearchAction\",\"target\":{\"@type\":\"EntryPoint\",\"urlTemplate\":\"https:\/\/bahiaeconomica.com.br\/wp\/?s={search_term_string}\"},\"query-input\":\"required name=search_term_string\"}],\"inLanguage\":\"pt-BR\"},{\"@type\":\"Organization\",\"@id\":\"https:\/\/bahiaeconomica.com.br\/wp\/#organization\",\"name\":\"Bahia Econ\u00f4mica\",\"url\":\"https:\/\/bahiaeconomica.com.br\/wp\/\",\"logo\":{\"@type\":\"ImageObject\",\"inLanguage\":\"pt-BR\",\"@id\":\"https:\/\/bahiaeconomica.com.br\/wp\/#\/schema\/logo\/image\/\",\"url\":\"https:\/\/bahiaeconomica.com.br\/wp\/wp-content\/uploads\/2020\/12\/cropped-BE.png\",\"contentUrl\":\"https:\/\/bahiaeconomica.com.br\/wp\/wp-content\/uploads\/2020\/12\/cropped-BE.png\",\"width\":512,\"height\":512,\"caption\":\"Bahia Econ\u00f4mica\"},\"image\":{\"@id\":\"https:\/\/bahiaeconomica.com.br\/wp\/#\/schema\/logo\/image\/\"},\"sameAs\":[\"https:\/\/www.facebook.com\/bahiaeconomica\"]},{\"@type\":\"Person\",\"@id\":\"https:\/\/bahiaeconomica.com.br\/wp\/#\/schema\/person\/cb1ab5ba96ad3d9390805381c76284ec\",\"name\":\"admin\",\"url\":\"https:\/\/bahiaeconomica.com.br\/wp\/author\/admin\/\"}]}<\/script>\n<!-- \/ Yoast SEO plugin. -->","yoast_head_json":{"title":"ENTREVISTA : FERNANDO ROCHA, DIRETOR REGIONAL DE OPERA\u00c7\u00d5ES BA\/SE DO GRUPO JCPM, QUE ADMINISTRA O SALVADOR SHOPPING E O SALVADOR NORTE - Bahia Economica","description":"O maior portal de Economia da Bahia ENTREVISTAS Bahia Economica","robots":{"index":"index","follow":"follow","max-snippet":"max-snippet:-1","max-image-preview":"max-image-preview:large","max-video-preview":"max-video-preview:-1"},"canonical":"https:\/\/bahiaeconomica.com.br\/wp\/2020\/08\/10\/entrevista-fernando-rocha-diretor-regional-de-operacoes-ba-se-do-grupo-jcpm-que-administra-o-salvador-shopping-e-o-salvador-norte\/","og_locale":"pt_BR","og_type":"article","og_title":"ENTREVISTA : FERNANDO ROCHA, DIRETOR REGIONAL DE OPERA\u00c7\u00d5ES BA\/SE DO GRUPO JCPM, QUE ADMINISTRA O SALVADOR SHOPPING E O SALVADOR NORTE - Bahia Economica","og_description":"O maior portal de Economia da Bahia ENTREVISTAS Bahia Economica","og_url":"https:\/\/bahiaeconomica.com.br\/wp\/2020\/08\/10\/entrevista-fernando-rocha-diretor-regional-de-operacoes-ba-se-do-grupo-jcpm-que-administra-o-salvador-shopping-e-o-salvador-norte\/","og_site_name":"Bahia Economica","article_publisher":"https:\/\/www.facebook.com\/bahiaeconomica","article_published_time":"2020-08-10T10:00:37+00:00","article_modified_time":"2020-08-10T16:19:59+00:00","og_image":[{"width":1000,"height":683,"url":"https:\/\/bahiaeconomica.com.br\/wp\/wp-content\/uploads\/2020\/08\/Fernando-Rocha_Diretor-Regional-de-Opera\u00e7\u00f5es-BA-SE-do-Grupo-JCPM_Foto-Marco-Aur\u00e9lio-Martins-3.jpg","type":"image\/jpeg"}],"author":"admin","twitter_card":"summary_large_image","twitter_misc":{"Escrito por":"admin","Est. tempo de leitura":"4 minutos"},"schema":{"@context":"https:\/\/schema.org","@graph":[{"@type":"Article","@id":"https:\/\/bahiaeconomica.com.br\/wp\/2020\/08\/10\/entrevista-fernando-rocha-diretor-regional-de-operacoes-ba-se-do-grupo-jcpm-que-administra-o-salvador-shopping-e-o-salvador-norte\/#article","isPartOf":{"@id":"https:\/\/bahiaeconomica.com.br\/wp\/2020\/08\/10\/entrevista-fernando-rocha-diretor-regional-de-operacoes-ba-se-do-grupo-jcpm-que-administra-o-salvador-shopping-e-o-salvador-norte\/"},"author":{"name":"admin","@id":"https:\/\/bahiaeconomica.com.br\/wp\/#\/schema\/person\/cb1ab5ba96ad3d9390805381c76284ec"},"headline":"ENTREVISTA : FERNANDO ROCHA, DIRETOR REGIONAL DE OPERA\u00c7\u00d5ES BA\/SE DO GRUPO JCPM, QUE ADMINISTRA O SALVADOR SHOPPING E O SALVADOR NORTE","datePublished":"2020-08-10T10:00:37+00:00","dateModified":"2020-08-10T16:19:59+00:00","mainEntityOfPage":{"@id":"https:\/\/bahiaeconomica.com.br\/wp\/2020\/08\/10\/entrevista-fernando-rocha-diretor-regional-de-operacoes-ba-se-do-grupo-jcpm-que-administra-o-salvador-shopping-e-o-salvador-norte\/"},"wordCount":846,"publisher":{"@id":"https:\/\/bahiaeconomica.com.br\/wp\/#organization"},"articleSection":["ENTREVISTAS"],"inLanguage":"pt-BR"},{"@type":"WebPage","@id":"https:\/\/bahiaeconomica.com.br\/wp\/2020\/08\/10\/entrevista-fernando-rocha-diretor-regional-de-operacoes-ba-se-do-grupo-jcpm-que-administra-o-salvador-shopping-e-o-salvador-norte\/","url":"https:\/\/bahiaeconomica.com.br\/wp\/2020\/08\/10\/entrevista-fernando-rocha-diretor-regional-de-operacoes-ba-se-do-grupo-jcpm-que-administra-o-salvador-shopping-e-o-salvador-norte\/","name":"ENTREVISTA : FERNANDO ROCHA, DIRETOR REGIONAL DE OPERA\u00c7\u00d5ES BA\/SE DO GRUPO JCPM, QUE ADMINISTRA O SALVADOR SHOPPING E O SALVADOR NORTE - Bahia Economica","isPartOf":{"@id":"https:\/\/bahiaeconomica.com.br\/wp\/#website"},"datePublished":"2020-08-10T10:00:37+00:00","dateModified":"2020-08-10T16:19:59+00:00","description":"O maior portal de Economia da Bahia ENTREVISTAS Bahia Economica","breadcrumb":{"@id":"https:\/\/bahiaeconomica.com.br\/wp\/2020\/08\/10\/entrevista-fernando-rocha-diretor-regional-de-operacoes-ba-se-do-grupo-jcpm-que-administra-o-salvador-shopping-e-o-salvador-norte\/#breadcrumb"},"inLanguage":"pt-BR","potentialAction":[{"@type":"ReadAction","target":["https:\/\/bahiaeconomica.com.br\/wp\/2020\/08\/10\/entrevista-fernando-rocha-diretor-regional-de-operacoes-ba-se-do-grupo-jcpm-que-administra-o-salvador-shopping-e-o-salvador-norte\/"]}]},{"@type":"BreadcrumbList","@id":"https:\/\/bahiaeconomica.com.br\/wp\/2020\/08\/10\/entrevista-fernando-rocha-diretor-regional-de-operacoes-ba-se-do-grupo-jcpm-que-administra-o-salvador-shopping-e-o-salvador-norte\/#breadcrumb","itemListElement":[{"@type":"ListItem","position":1,"name":"In\u00edcio","item":"https:\/\/bahiaeconomica.com.br\/wp\/"},{"@type":"ListItem","position":2,"name":"ENTREVISTA : FERNANDO ROCHA, DIRETOR REGIONAL DE OPERA\u00c7\u00d5ES BA\/SE DO GRUPO JCPM, QUE ADMINISTRA O SALVADOR SHOPPING E O SALVADOR NORTE"}]},{"@type":"WebSite","@id":"https:\/\/bahiaeconomica.com.br\/wp\/#website","url":"https:\/\/bahiaeconomica.com.br\/wp\/","name":"Bahia Economica","description":"O maior portal de Economia da Bahia","publisher":{"@id":"https:\/\/bahiaeconomica.com.br\/wp\/#organization"},"potentialAction":[{"@type":"SearchAction","target":{"@type":"EntryPoint","urlTemplate":"https:\/\/bahiaeconomica.com.br\/wp\/?s={search_term_string}"},"query-input":"required name=search_term_string"}],"inLanguage":"pt-BR"},{"@type":"Organization","@id":"https:\/\/bahiaeconomica.com.br\/wp\/#organization","name":"Bahia Econ\u00f4mica","url":"https:\/\/bahiaeconomica.com.br\/wp\/","logo":{"@type":"ImageObject","inLanguage":"pt-BR","@id":"https:\/\/bahiaeconomica.com.br\/wp\/#\/schema\/logo\/image\/","url":"https:\/\/bahiaeconomica.com.br\/wp\/wp-content\/uploads\/2020\/12\/cropped-BE.png","contentUrl":"https:\/\/bahiaeconomica.com.br\/wp\/wp-content\/uploads\/2020\/12\/cropped-BE.png","width":512,"height":512,"caption":"Bahia Econ\u00f4mica"},"image":{"@id":"https:\/\/bahiaeconomica.com.br\/wp\/#\/schema\/logo\/image\/"},"sameAs":["https:\/\/www.facebook.com\/bahiaeconomica"]},{"@type":"Person","@id":"https:\/\/bahiaeconomica.com.br\/wp\/#\/schema\/person\/cb1ab5ba96ad3d9390805381c76284ec","name":"admin","url":"https:\/\/bahiaeconomica.com.br\/wp\/author\/admin\/"}]}},"views":52,"_links":{"self":[{"href":"https:\/\/bahiaeconomica.com.br\/wp\/wp-json\/wp\/v2\/posts\/483022"}],"collection":[{"href":"https:\/\/bahiaeconomica.com.br\/wp\/wp-json\/wp\/v2\/posts"}],"about":[{"href":"https:\/\/bahiaeconomica.com.br\/wp\/wp-json\/wp\/v2\/types\/post"}],"author":[{"embeddable":true,"href":"https:\/\/bahiaeconomica.com.br\/wp\/wp-json\/wp\/v2\/users\/1"}],"replies":[{"embeddable":true,"href":"https:\/\/bahiaeconomica.com.br\/wp\/wp-json\/wp\/v2\/comments?post=483022"}],"version-history":[{"count":2,"href":"https:\/\/bahiaeconomica.com.br\/wp\/wp-json\/wp\/v2\/posts\/483022\/revisions"}],"predecessor-version":[{"id":483692,"href":"https:\/\/bahiaeconomica.com.br\/wp\/wp-json\/wp\/v2\/posts\/483022\/revisions\/483692"}],"wp:featuredmedia":[{"embeddable":true,"href":"https:\/\/bahiaeconomica.com.br\/wp\/wp-json\/wp\/v2\/media\/483859"}],"wp:attachment":[{"href":"https:\/\/bahiaeconomica.com.br\/wp\/wp-json\/wp\/v2\/media?parent=483022"}],"wp:term":[{"taxonomy":"category","embeddable":true,"href":"https:\/\/bahiaeconomica.com.br\/wp\/wp-json\/wp\/v2\/categories?post=483022"},{"taxonomy":"post_tag","embeddable":true,"href":"https:\/\/bahiaeconomica.com.br\/wp\/wp-json\/wp\/v2\/tags?post=483022"}],"curies":[{"name":"wp","href":"https:\/\/api.w.org\/{rel}","templated":true}]}}