{"id":480241,"date":"2020-07-28T10:45:31","date_gmt":"2020-07-28T13:45:31","guid":{"rendered":"https:\/\/bahiaeconomica.com.br\/wp\/beta\/?p=480241"},"modified":"2020-07-28T12:32:07","modified_gmt":"2020-07-28T15:32:07","slug":"mais-dois-municipios-tem-transporte-suspenso-total-389","status":"publish","type":"post","link":"https:\/\/bahiaeconomica.com.br\/wp\/2020\/07\/28\/mais-dois-municipios-tem-transporte-suspenso-total-389\/","title":{"rendered":"MAIS 2 CIDADES TEM TRANSPORTE SUSPENSO NA BAHIA"},"content":{"rendered":"<p>O transporte intermunicipal ser\u00e1 suspenso a partir de&nbsp; quarta-feira (29) em <!--more-->Ibipeba e Wagner. A medida, que tem o objetivo de conter o avan\u00e7o do novo coronav\u00edrus na popula\u00e7\u00e3o baiana, foi publicada em decreto no Di\u00e1rio Oficial do Estado (DOE) desta ter\u00e7a (28).<\/p>\n<p>Ficam suspensas nesses munic\u00edpios, at\u00e9 31 de julho, a circula\u00e7\u00e3o, a sa\u00edda e a chegada de qualquer transporte coletivo intermunicipal, p\u00fablico e privado, rodovi\u00e1rio e hidrovi\u00e1rio, nas modalidades regular, fretamento, complementar, alternativo e de vans.<\/p>\n<p>O decreto tamb\u00e9m autoriza a retomada do transporte intermunicipal em Formosa do Rio Preto, Ichu, Ipupiara e Itagua\u00e7u da Bahia, cidades com 14 dias ou mais sem novos casos de Covid-19.<\/p>\n<p>Lista de munic\u00edpios<\/p>\n<p>No total, a Bahia possui 389 cidades com transporte suspenso. S\u00e3o elas: Abar\u00e9, Acajutiba, Adustina, \u00c1gua Fria, Aiquara, Alagoinhas, Alcoba\u00e7a, Almadina, Amargosa, Am\u00e9lia Rodrigues, Am\u00e9rica Dourada, Anag\u00e9, Andara\u00ed, Andorinha, Angical, Anguera, Antas, Ant\u00f4nio Cardoso, Ant\u00f4nio Gon\u00e7alves, Apor\u00e1, Apuarema, Ara\u00e7\u00e1s, Aracatu, Araci, Aramari, Arataca, Aratu\u00edpe, Aurelino Leal, Baian\u00f3polis, Baixa Grande, Banza\u00ea, Barra, Barra da Estiva, Barra do Cho\u00e7a, Barra do Mendes, Barra do Rocha, Barreiras, Barro Alto, Barro Preto, Barrocas, Belmonte, Belo Campo, Biritinga, Boa Nova, Boa Vista do Tupim, Bom Jesus da Lapa, Bom Jesus da Serra, Bonito, Boquira, Botupor\u00e3, Brej\u00f5es, Brumado, Buerarema, Buritirama, Caatiba, Cabaceiras do Paragua\u00e7u, Cachoeira, Cacul\u00e9, Caetanos, Caetit\u00e9, Cafarnaum, Cairu, Caldeir\u00e3o Grande, Camac\u00e3, Cama\u00e7ari, Camamu, Campo Alegre de Lourdes, Campo Formoso, Canarana, Canavieiras, Candeal, Candeias, Candiba, C\u00e2ndido Sales, Cansan\u00e7\u00e3o, Canudos, Capela do Alto Alegre, Capim Grosso, Caravelas, Cardeal da Silva, Carinhanha, Casa Nova, Castro Alves, Catol\u00e2ndia, Catu, Caturama, Central, Chorroch\u00f3, C\u00edcero Dantas, Cip\u00f3, Coaraci, Cocos, Concei\u00e7\u00e3o da Feira, Concei\u00e7\u00e3o do Almeida, Concei\u00e7\u00e3o do Coit\u00e9, Concei\u00e7\u00e3o do Jacu\u00edpe, Conde, Conde\u00faba,&nbsp; Contendas do Sincor\u00e1, Cora\u00e7\u00e3o de Maria, Cordeiros, Coribe, Coronel Jo\u00e3o S\u00e1, Correntina, Cotegipe, Cravol\u00e2ndia, Cris\u00f3polis, Crist\u00f3polis, Cruz das Almas, Cura\u00e7\u00e1, D\u00e1rio Meira, Dias d\u2019\u00c1vila, Dom Bas\u00edlio, Dom Macedo Costa, El\u00edsio Medrado, Encruzilhada, Entre Rios, Esplanada, Euclides da Cunha, Eun\u00e1polis, F\u00e1tima, Feira da Mata, Feira de Santana, Filad\u00e9lfia, Firmino Alves, Floresta Azul, Gandu, Gentio do Ouro, Gl\u00f3ria, Gongogi, Governador Mangabeira, Guanambi, Guaratinga e Heli\u00f3polis.<\/p>\n<p>A restri\u00e7\u00e3o inclui ainda Ia\u00e7u, Ibiassuc\u00ea, Ibicara\u00ed, Ibicoara, Ibicu\u00ed, Ibipeba, Ibipitanga, Ibiquera, Ibirapitanga, Ibirapu\u00e3, Ibirataia, Ibitit\u00e1, Ibotirama, Igapor\u00e3, Igrapi\u00fana, Igua\u00ed, Ilh\u00e9us, Inhambupe, Ipecaet\u00e1, Ipia\u00fa, Ipir\u00e1, Irajuba, Iramaia, Iraquara, Irar\u00e1, Irec\u00ea, Itabela, Itaberaba, Itabuna, Itacar\u00e9, Itaet\u00ea, Itagi, Itagib\u00e1, Itagimirim, Itaju do Col\u00f4nia, Itaju\u00edpe, Itamaraju, Itamari, Itamb\u00e9, Itanagra, Itanh\u00e9m, Itaparica, Itap\u00e9, Itapebi, Itapetinga, Itapicuru, Itapitanga, Itaquara, Itarantim, Itatim, Itiru\u00e7u, Iti\u00faba, Itoror\u00f3, Itua\u00e7u, Ituber\u00e1, Iuiu, Jaborandi, Jacobina, Jaguaquara, Jaguarari, Jaguaripe, Janda\u00edra, Jequi\u00e9, Jeremoabo, Jiquiri\u00e7\u00e1, Jita\u00fana, Jo\u00e3o Dourado, Juazeiro, Jucuru\u00e7u, Jussara, Jussari, Lafaiete Coutinho, Lagoa Real, Laje, Lajed\u00e3o, Lajedinho, Lajedo do Tabocal, Lamar\u00e3o, Lap\u00e3o, Lauro de Freitas, Len\u00e7\u00f3is, Lic\u00ednio de Almeida, Livramento de Nossa Senhora, Lu\u00eds Eduardo Magalh\u00e3es, Macajuba, Macarani, Maca\u00fabas, Macurur\u00e9, Madre de Deus, Maetinga, Mairi, Malhada, Malhada de Pedras, Manoel Vitorino, Mansid\u00e3o, Marac\u00e1s, Maragogipe, Mara\u00fa, Marcion\u00edlio Souza, Mascote, Mata de S\u00e3o Jo\u00e3o, Matina, Medeiros Neto, Miguel Calmon, Milagres, Mirangaba, Mirante, Monte Santo, Morpar\u00e1, Morro do Chap\u00e9u, Mortugaba, Mucug\u00ea, Mucuri, Mulungu do Morro, Mundo Novo, Muniz Ferreira, Muqu\u00e9m do S\u00e3o Francisco, Muritiba, Mutu\u00edpe, Nazar\u00e9, Nilo Pe\u00e7anha, Nordestina, Nova Cana\u00e3, Nova F\u00e1tima, Nova Ibi\u00e1, Nova Itarana, Nova Soure, Nova Vi\u00e7osa, Novo Triunfo, Olindina, Oliveira dos Brejinhos, Ouri\u00e7angas, Ourol\u00e2ndia, Palmas de Monte Alto, Palmeiras, Paramirim, Paratinga, Paripiranga, Pau Brasil, Paulo Afonso, P\u00e9 de Serra, Pedr\u00e3o, Pedro Alexandre, Piat\u00e3, Pil\u00e3o Arcado, Pindoba\u00e7u, Pintadas, Pira\u00ed do Norte, Pirip\u00e1, Piritiba, Planaltino, Planalto, Po\u00e7\u00f5es, Pojuca, Ponto Novo e Porto Seguro.<\/p>\n<p>Tamb\u00e9m est\u00e3o com transporte suspenso Potiragu\u00e1, Prado, Presidente Dutra, Presidente J\u00e2nio Quadros, Presidente Tancredo Neves, Queimadas, Quijingue, Quixabeira, Rafael Jambeiro, Remanso, Retirol\u00e2ndia, Riach\u00e3o das Neves, Riach\u00e3o do Jacu\u00edpe, Riacho de Santana, Ribeira do Amparo, Ribeira do Pombal, Ribeir\u00e3o do Largo, Rio de Contas, Rio do Ant\u00f4nio, Rio do Pires, Rio Real, Rodelas, Ruy Barbosa, Salinas da Margarida, Salvador, Santa B\u00e1rbara, Santa Br\u00edgida, Santa Cruz Cabr\u00e1lia, Santa Cruz da Vit\u00f3ria, Santa In\u00eas, Santa Luzia, Santa Maria da Vit\u00f3ria, Santa Rita de C\u00e1ssia, Santa Teresinha, Santaluz, Santan\u00f3polis, Santo Amaro, Santo Ant\u00f4nio de Jesus, Santo Est\u00eav\u00e3o, S\u00e3o Desid\u00e9rio, S\u00e3o Felipe, S\u00e3o F\u00e9lix, S\u00e3o F\u00e9lix do Coribe, S\u00e3o Francisco do Conde, S\u00e3o Gabriel, S\u00e3o Gon\u00e7alo dos Campos, S\u00e3o Jos\u00e9 da Vit\u00f3ria, S\u00e3o Jos\u00e9 do Jacu\u00edpe, S\u00e3o Miguel das Matas, S\u00e3o Sebasti\u00e3o do Pass\u00e9, Sapea\u00e7u, S\u00e1tiro Dias, Saubara, Sa\u00fade, Seabra, Sebasti\u00e3o Laranjeiras, Senhor do Bonfim, Sento S\u00e9, Serra Dourada, Serra Preta, Serrinha, Serrol\u00e2ndia, Sim\u00f5es Filho, S\u00edtio do Quinto, Sobradinho, Souto Soares, Tanha\u00e7u, Tanquinho, Tapero\u00e1, Tapiramut\u00e1, Teixeira de Freitas, Teodoro Sampaio, Teofil\u00e2ndia, Teol\u00e2ndia, Terra Nova, Tremedal, Tucano, Uau\u00e1, Uba\u00edra, Ubaitaba, Ubat\u00e3, Uiba\u00ed, Umburanas, Uma, Urandi, Uru\u00e7uca, Utinga, Valen\u00e7a, V\u00e1rzea da Ro\u00e7a, V\u00e1rzea do Po\u00e7o, V\u00e1rzea Nova, Varzedo, Vera Cruz, Vereda, Vit\u00f3ria da Conquista, Wagner, Wenceslau Guimar\u00e3es e Xique-Xique.<\/p>\n<p>Foto: Elza Fi\u00faza\/Ag\u00eancia Brasil<\/p>\n","protected":false},"excerpt":{"rendered":"<p>O transporte intermunicipal ser\u00e1 suspenso a partir de&nbsp; quarta-feira (29) em<\/p>\n","protected":false},"author":1,"featured_media":469791,"comment_status":"closed","ping_status":"closed","sticky":false,"template":"","format":"standard","meta":[],"categories":[14,3],"tags":[],"acf":[],"yoast_head":"<!-- This site is optimized with the Yoast SEO plugin v20.8 - https:\/\/yoast.com\/wordpress\/plugins\/seo\/ -->\n<title>MAIS 2 CIDADES TEM TRANSPORTE SUSPENSO NA BAHIA - Bahia Economica<\/title>\n<meta name=\"description\" content=\"O maior portal de Economia da Bahia DESTAQUE DO DIA, ECONOMIA \/ POL\u00cdTICA Bahia Economica\" \/>\n<meta name=\"robots\" content=\"index, follow, max-snippet:-1, max-image-preview:large, max-video-preview:-1\" \/>\n<link rel=\"canonical\" href=\"https:\/\/bahiaeconomica.com.br\/wp\/2020\/07\/28\/mais-dois-municipios-tem-transporte-suspenso-total-389\/\" \/>\n<meta property=\"og:locale\" content=\"pt_BR\" \/>\n<meta property=\"og:type\" content=\"article\" \/>\n<meta property=\"og:title\" content=\"MAIS 2 CIDADES TEM TRANSPORTE SUSPENSO NA BAHIA - Bahia Economica\" \/>\n<meta property=\"og:description\" content=\"O maior portal de Economia da Bahia DESTAQUE DO DIA, ECONOMIA \/ POL\u00cdTICA Bahia Economica\" \/>\n<meta property=\"og:url\" content=\"https:\/\/bahiaeconomica.com.br\/wp\/2020\/07\/28\/mais-dois-municipios-tem-transporte-suspenso-total-389\/\" \/>\n<meta property=\"og:site_name\" content=\"Bahia Economica\" \/>\n<meta property=\"article:publisher\" content=\"https:\/\/www.facebook.com\/bahiaeconomica\" \/>\n<meta property=\"article:published_time\" content=\"2020-07-28T13:45:31+00:00\" \/>\n<meta property=\"article:modified_time\" content=\"2020-07-28T15:32:07+00:00\" \/>\n<meta property=\"og:image\" content=\"https:\/\/bahiaeconomica.com.br\/wp\/wp-content\/uploads\/2020\/06\/viajando-de-\u00f4nibus_rodoviaria.jpg\" \/>\n\t<meta property=\"og:image:width\" content=\"500\" \/>\n\t<meta property=\"og:image:height\" content=\"300\" \/>\n\t<meta property=\"og:image:type\" content=\"image\/jpeg\" \/>\n<meta name=\"author\" content=\"admin\" \/>\n<meta name=\"twitter:card\" content=\"summary_large_image\" \/>\n<meta name=\"twitter:label1\" content=\"Escrito por\" \/>\n\t<meta name=\"twitter:data1\" content=\"admin\" \/>\n\t<meta name=\"twitter:label2\" content=\"Est. tempo de leitura\" \/>\n\t<meta name=\"twitter:data2\" content=\"5 minutos\" \/>\n<script type=\"application\/ld+json\" class=\"yoast-schema-graph\">{\"@context\":\"https:\/\/schema.org\",\"@graph\":[{\"@type\":\"Article\",\"@id\":\"https:\/\/bahiaeconomica.com.br\/wp\/2020\/07\/28\/mais-dois-municipios-tem-transporte-suspenso-total-389\/#article\",\"isPartOf\":{\"@id\":\"https:\/\/bahiaeconomica.com.br\/wp\/2020\/07\/28\/mais-dois-municipios-tem-transporte-suspenso-total-389\/\"},\"author\":{\"name\":\"admin\",\"@id\":\"https:\/\/bahiaeconomica.com.br\/wp\/#\/schema\/person\/cb1ab5ba96ad3d9390805381c76284ec\"},\"headline\":\"MAIS 2 CIDADES TEM TRANSPORTE SUSPENSO NA BAHIA\",\"datePublished\":\"2020-07-28T13:45:31+00:00\",\"dateModified\":\"2020-07-28T15:32:07+00:00\",\"mainEntityOfPage\":{\"@id\":\"https:\/\/bahiaeconomica.com.br\/wp\/2020\/07\/28\/mais-dois-municipios-tem-transporte-suspenso-total-389\/\"},\"wordCount\":923,\"publisher\":{\"@id\":\"https:\/\/bahiaeconomica.com.br\/wp\/#organization\"},\"articleSection\":[\"DESTAQUE DO DIA\",\"ECONOMIA \/ POL\u00cdTICA\"],\"inLanguage\":\"pt-BR\"},{\"@type\":\"WebPage\",\"@id\":\"https:\/\/bahiaeconomica.com.br\/wp\/2020\/07\/28\/mais-dois-municipios-tem-transporte-suspenso-total-389\/\",\"url\":\"https:\/\/bahiaeconomica.com.br\/wp\/2020\/07\/28\/mais-dois-municipios-tem-transporte-suspenso-total-389\/\",\"name\":\"MAIS 2 CIDADES TEM TRANSPORTE SUSPENSO NA BAHIA - Bahia Economica\",\"isPartOf\":{\"@id\":\"https:\/\/bahiaeconomica.com.br\/wp\/#website\"},\"datePublished\":\"2020-07-28T13:45:31+00:00\",\"dateModified\":\"2020-07-28T15:32:07+00:00\",\"description\":\"O maior portal de Economia da Bahia DESTAQUE DO DIA, ECONOMIA \/ POL\u00cdTICA Bahia Economica\",\"breadcrumb\":{\"@id\":\"https:\/\/bahiaeconomica.com.br\/wp\/2020\/07\/28\/mais-dois-municipios-tem-transporte-suspenso-total-389\/#breadcrumb\"},\"inLanguage\":\"pt-BR\",\"potentialAction\":[{\"@type\":\"ReadAction\",\"target\":[\"https:\/\/bahiaeconomica.com.br\/wp\/2020\/07\/28\/mais-dois-municipios-tem-transporte-suspenso-total-389\/\"]}]},{\"@type\":\"BreadcrumbList\",\"@id\":\"https:\/\/bahiaeconomica.com.br\/wp\/2020\/07\/28\/mais-dois-municipios-tem-transporte-suspenso-total-389\/#breadcrumb\",\"itemListElement\":[{\"@type\":\"ListItem\",\"position\":1,\"name\":\"In\u00edcio\",\"item\":\"https:\/\/bahiaeconomica.com.br\/wp\/\"},{\"@type\":\"ListItem\",\"position\":2,\"name\":\"MAIS 2 CIDADES TEM TRANSPORTE SUSPENSO NA BAHIA\"}]},{\"@type\":\"WebSite\",\"@id\":\"https:\/\/bahiaeconomica.com.br\/wp\/#website\",\"url\":\"https:\/\/bahiaeconomica.com.br\/wp\/\",\"name\":\"Bahia Economica\",\"description\":\"O maior portal de Economia da Bahia\",\"publisher\":{\"@id\":\"https:\/\/bahiaeconomica.com.br\/wp\/#organization\"},\"potentialAction\":[{\"@type\":\"SearchAction\",\"target\":{\"@type\":\"EntryPoint\",\"urlTemplate\":\"https:\/\/bahiaeconomica.com.br\/wp\/?s={search_term_string}\"},\"query-input\":\"required name=search_term_string\"}],\"inLanguage\":\"pt-BR\"},{\"@type\":\"Organization\",\"@id\":\"https:\/\/bahiaeconomica.com.br\/wp\/#organization\",\"name\":\"Bahia Econ\u00f4mica\",\"url\":\"https:\/\/bahiaeconomica.com.br\/wp\/\",\"logo\":{\"@type\":\"ImageObject\",\"inLanguage\":\"pt-BR\",\"@id\":\"https:\/\/bahiaeconomica.com.br\/wp\/#\/schema\/logo\/image\/\",\"url\":\"https:\/\/bahiaeconomica.com.br\/wp\/wp-content\/uploads\/2020\/12\/cropped-BE.png\",\"contentUrl\":\"https:\/\/bahiaeconomica.com.br\/wp\/wp-content\/uploads\/2020\/12\/cropped-BE.png\",\"width\":512,\"height\":512,\"caption\":\"Bahia Econ\u00f4mica\"},\"image\":{\"@id\":\"https:\/\/bahiaeconomica.com.br\/wp\/#\/schema\/logo\/image\/\"},\"sameAs\":[\"https:\/\/www.facebook.com\/bahiaeconomica\"]},{\"@type\":\"Person\",\"@id\":\"https:\/\/bahiaeconomica.com.br\/wp\/#\/schema\/person\/cb1ab5ba96ad3d9390805381c76284ec\",\"name\":\"admin\",\"url\":\"https:\/\/bahiaeconomica.com.br\/wp\/author\/admin\/\"}]}<\/script>\n<!-- \/ Yoast SEO plugin. -->","yoast_head_json":{"title":"MAIS 2 CIDADES TEM TRANSPORTE SUSPENSO NA BAHIA - Bahia Economica","description":"O maior portal de Economia da Bahia DESTAQUE DO DIA, ECONOMIA \/ POL\u00cdTICA Bahia Economica","robots":{"index":"index","follow":"follow","max-snippet":"max-snippet:-1","max-image-preview":"max-image-preview:large","max-video-preview":"max-video-preview:-1"},"canonical":"https:\/\/bahiaeconomica.com.br\/wp\/2020\/07\/28\/mais-dois-municipios-tem-transporte-suspenso-total-389\/","og_locale":"pt_BR","og_type":"article","og_title":"MAIS 2 CIDADES TEM TRANSPORTE SUSPENSO NA BAHIA - Bahia Economica","og_description":"O maior portal de Economia da Bahia DESTAQUE DO DIA, ECONOMIA \/ POL\u00cdTICA Bahia Economica","og_url":"https:\/\/bahiaeconomica.com.br\/wp\/2020\/07\/28\/mais-dois-municipios-tem-transporte-suspenso-total-389\/","og_site_name":"Bahia Economica","article_publisher":"https:\/\/www.facebook.com\/bahiaeconomica","article_published_time":"2020-07-28T13:45:31+00:00","article_modified_time":"2020-07-28T15:32:07+00:00","og_image":[{"width":500,"height":300,"url":"https:\/\/bahiaeconomica.com.br\/wp\/wp-content\/uploads\/2020\/06\/viajando-de-\u00f4nibus_rodoviaria.jpg","type":"image\/jpeg"}],"author":"admin","twitter_card":"summary_large_image","twitter_misc":{"Escrito por":"admin","Est. tempo de leitura":"5 minutos"},"schema":{"@context":"https:\/\/schema.org","@graph":[{"@type":"Article","@id":"https:\/\/bahiaeconomica.com.br\/wp\/2020\/07\/28\/mais-dois-municipios-tem-transporte-suspenso-total-389\/#article","isPartOf":{"@id":"https:\/\/bahiaeconomica.com.br\/wp\/2020\/07\/28\/mais-dois-municipios-tem-transporte-suspenso-total-389\/"},"author":{"name":"admin","@id":"https:\/\/bahiaeconomica.com.br\/wp\/#\/schema\/person\/cb1ab5ba96ad3d9390805381c76284ec"},"headline":"MAIS 2 CIDADES TEM TRANSPORTE SUSPENSO NA BAHIA","datePublished":"2020-07-28T13:45:31+00:00","dateModified":"2020-07-28T15:32:07+00:00","mainEntityOfPage":{"@id":"https:\/\/bahiaeconomica.com.br\/wp\/2020\/07\/28\/mais-dois-municipios-tem-transporte-suspenso-total-389\/"},"wordCount":923,"publisher":{"@id":"https:\/\/bahiaeconomica.com.br\/wp\/#organization"},"articleSection":["DESTAQUE DO DIA","ECONOMIA \/ POL\u00cdTICA"],"inLanguage":"pt-BR"},{"@type":"WebPage","@id":"https:\/\/bahiaeconomica.com.br\/wp\/2020\/07\/28\/mais-dois-municipios-tem-transporte-suspenso-total-389\/","url":"https:\/\/bahiaeconomica.com.br\/wp\/2020\/07\/28\/mais-dois-municipios-tem-transporte-suspenso-total-389\/","name":"MAIS 2 CIDADES TEM TRANSPORTE SUSPENSO NA BAHIA - Bahia Economica","isPartOf":{"@id":"https:\/\/bahiaeconomica.com.br\/wp\/#website"},"datePublished":"2020-07-28T13:45:31+00:00","dateModified":"2020-07-28T15:32:07+00:00","description":"O maior portal de Economia da Bahia DESTAQUE DO DIA, ECONOMIA \/ POL\u00cdTICA Bahia Economica","breadcrumb":{"@id":"https:\/\/bahiaeconomica.com.br\/wp\/2020\/07\/28\/mais-dois-municipios-tem-transporte-suspenso-total-389\/#breadcrumb"},"inLanguage":"pt-BR","potentialAction":[{"@type":"ReadAction","target":["https:\/\/bahiaeconomica.com.br\/wp\/2020\/07\/28\/mais-dois-municipios-tem-transporte-suspenso-total-389\/"]}]},{"@type":"BreadcrumbList","@id":"https:\/\/bahiaeconomica.com.br\/wp\/2020\/07\/28\/mais-dois-municipios-tem-transporte-suspenso-total-389\/#breadcrumb","itemListElement":[{"@type":"ListItem","position":1,"name":"In\u00edcio","item":"https:\/\/bahiaeconomica.com.br\/wp\/"},{"@type":"ListItem","position":2,"name":"MAIS 2 CIDADES TEM TRANSPORTE SUSPENSO NA BAHIA"}]},{"@type":"WebSite","@id":"https:\/\/bahiaeconomica.com.br\/wp\/#website","url":"https:\/\/bahiaeconomica.com.br\/wp\/","name":"Bahia Economica","description":"O maior portal de Economia da Bahia","publisher":{"@id":"https:\/\/bahiaeconomica.com.br\/wp\/#organization"},"potentialAction":[{"@type":"SearchAction","target":{"@type":"EntryPoint","urlTemplate":"https:\/\/bahiaeconomica.com.br\/wp\/?s={search_term_string}"},"query-input":"required name=search_term_string"}],"inLanguage":"pt-BR"},{"@type":"Organization","@id":"https:\/\/bahiaeconomica.com.br\/wp\/#organization","name":"Bahia Econ\u00f4mica","url":"https:\/\/bahiaeconomica.com.br\/wp\/","logo":{"@type":"ImageObject","inLanguage":"pt-BR","@id":"https:\/\/bahiaeconomica.com.br\/wp\/#\/schema\/logo\/image\/","url":"https:\/\/bahiaeconomica.com.br\/wp\/wp-content\/uploads\/2020\/12\/cropped-BE.png","contentUrl":"https:\/\/bahiaeconomica.com.br\/wp\/wp-content\/uploads\/2020\/12\/cropped-BE.png","width":512,"height":512,"caption":"Bahia Econ\u00f4mica"},"image":{"@id":"https:\/\/bahiaeconomica.com.br\/wp\/#\/schema\/logo\/image\/"},"sameAs":["https:\/\/www.facebook.com\/bahiaeconomica"]},{"@type":"Person","@id":"https:\/\/bahiaeconomica.com.br\/wp\/#\/schema\/person\/cb1ab5ba96ad3d9390805381c76284ec","name":"admin","url":"https:\/\/bahiaeconomica.com.br\/wp\/author\/admin\/"}]}},"views":2,"_links":{"self":[{"href":"https:\/\/bahiaeconomica.com.br\/wp\/wp-json\/wp\/v2\/posts\/480241"}],"collection":[{"href":"https:\/\/bahiaeconomica.com.br\/wp\/wp-json\/wp\/v2\/posts"}],"about":[{"href":"https:\/\/bahiaeconomica.com.br\/wp\/wp-json\/wp\/v2\/types\/post"}],"author":[{"embeddable":true,"href":"https:\/\/bahiaeconomica.com.br\/wp\/wp-json\/wp\/v2\/users\/1"}],"replies":[{"embeddable":true,"href":"https:\/\/bahiaeconomica.com.br\/wp\/wp-json\/wp\/v2\/comments?post=480241"}],"version-history":[{"count":5,"href":"https:\/\/bahiaeconomica.com.br\/wp\/wp-json\/wp\/v2\/posts\/480241\/revisions"}],"predecessor-version":[{"id":480289,"href":"https:\/\/bahiaeconomica.com.br\/wp\/wp-json\/wp\/v2\/posts\/480241\/revisions\/480289"}],"wp:featuredmedia":[{"embeddable":true,"href":"https:\/\/bahiaeconomica.com.br\/wp\/wp-json\/wp\/v2\/media\/469791"}],"wp:attachment":[{"href":"https:\/\/bahiaeconomica.com.br\/wp\/wp-json\/wp\/v2\/media?parent=480241"}],"wp:term":[{"taxonomy":"category","embeddable":true,"href":"https:\/\/bahiaeconomica.com.br\/wp\/wp-json\/wp\/v2\/categories?post=480241"},{"taxonomy":"post_tag","embeddable":true,"href":"https:\/\/bahiaeconomica.com.br\/wp\/wp-json\/wp\/v2\/tags?post=480241"}],"curies":[{"name":"wp","href":"https:\/\/api.w.org\/{rel}","templated":true}]}}