{"id":476813,"date":"2020-07-15T16:48:44","date_gmt":"2020-07-15T19:48:44","guid":{"rendered":"https:\/\/bahiaeconomica.com.br\/wp\/beta\/?p=476813"},"modified":"2020-07-15T16:48:44","modified_gmt":"2020-07-15T19:48:44","slug":"governo-federal-estuda-fortalecer-orgaos-ambientais","status":"publish","type":"post","link":"https:\/\/bahiaeconomica.com.br\/wp\/2020\/07\/15\/governo-federal-estuda-fortalecer-orgaos-ambientais\/","title":{"rendered":"GOVERNO FEDERAL ESTUDA FORTALECER \u00d3RG\u00c3OS AMBIENTAIS"},"content":{"rendered":"<p>O vice-presidente da Rep\u00fablica, Hamilton Mour\u00e3o, disse nesta quarta-feira<!--more-->, 15, que o governo estuda fortalecer os \u00f3rg\u00e3os federais de controle ambiental para, assim, liberar os militares das For\u00e7as Armadas de a\u00e7\u00f5es cont\u00ednuas de combate ao desmatamento, inc\u00eandios e outros crimes contra o meio ambiente.<\/p>\n<p>\u201cEstamos trabalhando no planejamento do fortalecimento dos \u00f3rg\u00e3os de combate aos delitos ambientais; para recuperar a capacidade operacional do Ibama [Instituto Brasileiro do Meio Ambiente e dos Recursos Naturais Renov\u00e1veis], do ICMBio [Instituto Chico Mendes de Conserva\u00e7\u00e3o da Biodiversidade], e tamb\u00e9m do Incra [Instituto Nacional de Coloniza\u00e7\u00e3o e Reforma Agr\u00e1ria] e da Funai [Funda\u00e7\u00e3o Nacional do \u00cdndio]\u201d, disse Mour\u00e3o ao participar, pela manh\u00e3, da segunda reuni\u00e3o do Conselho Nacional da Amaz\u00f4nia Legal.<\/p>\n<p>Mour\u00e3o preside o conselho, \u00f3rg\u00e3o interministerial respons\u00e1vel por coordenar e acompanhar a implementa\u00e7\u00e3o das pol\u00edticas p\u00fablicas relacionadas aos nove estados que integram a chamada Amaz\u00f4nia Legal (Acre, Amap\u00e1, Amazonas, parte do Maranh\u00e3o, Mato Grosso, Par\u00e1, Rond\u00f4nia, Roraima e Tocantins).<\/p>\n","protected":false},"excerpt":{"rendered":"<p>O vice-presidente da Rep\u00fablica, Hamilton Mour\u00e3o, disse nesta quarta-feira<\/p>\n","protected":false},"author":1,"featured_media":424884,"comment_status":"closed","ping_status":"closed","sticky":false,"template":"","format":"standard","meta":[],"categories":[14,3],"tags":[],"acf":[],"yoast_head":"<!-- This site is optimized with the Yoast SEO plugin v20.8 - https:\/\/yoast.com\/wordpress\/plugins\/seo\/ -->\n<title>GOVERNO FEDERAL ESTUDA FORTALECER \u00d3RG\u00c3OS AMBIENTAIS - Bahia Economica<\/title>\n<meta name=\"description\" content=\"O maior portal de Economia da Bahia DESTAQUE DO DIA, ECONOMIA \/ POL\u00cdTICA Bahia Economica\" \/>\n<meta name=\"robots\" content=\"index, follow, max-snippet:-1, max-image-preview:large, max-video-preview:-1\" \/>\n<link rel=\"canonical\" href=\"https:\/\/bahiaeconomica.com.br\/wp\/2020\/07\/15\/governo-federal-estuda-fortalecer-orgaos-ambientais\/\" \/>\n<meta property=\"og:locale\" content=\"pt_BR\" \/>\n<meta property=\"og:type\" content=\"article\" \/>\n<meta property=\"og:title\" content=\"GOVERNO FEDERAL ESTUDA FORTALECER \u00d3RG\u00c3OS AMBIENTAIS - Bahia Economica\" \/>\n<meta property=\"og:description\" content=\"O maior portal de Economia da Bahia DESTAQUE DO DIA, ECONOMIA \/ POL\u00cdTICA Bahia Economica\" \/>\n<meta property=\"og:url\" content=\"https:\/\/bahiaeconomica.com.br\/wp\/2020\/07\/15\/governo-federal-estuda-fortalecer-orgaos-ambientais\/\" \/>\n<meta property=\"og:site_name\" content=\"Bahia Economica\" \/>\n<meta property=\"article:publisher\" content=\"https:\/\/www.facebook.com\/bahiaeconomica\" \/>\n<meta property=\"article:published_time\" content=\"2020-07-15T19:48:44+00:00\" \/>\n<meta property=\"og:image\" content=\"https:\/\/bahiaeconomica.com.br\/wp\/wp-content\/uploads\/2019\/12\/mour\u00e3o-e1576009297922.jpg\" \/>\n\t<meta property=\"og:image:width\" content=\"500\" \/>\n\t<meta property=\"og:image:height\" content=\"271\" \/>\n\t<meta property=\"og:image:type\" content=\"image\/jpeg\" \/>\n<meta name=\"author\" content=\"admin\" \/>\n<meta name=\"twitter:card\" content=\"summary_large_image\" \/>\n<meta name=\"twitter:label1\" content=\"Escrito por\" \/>\n\t<meta name=\"twitter:data1\" content=\"admin\" \/>\n\t<meta name=\"twitter:label2\" content=\"Est. tempo de leitura\" \/>\n\t<meta name=\"twitter:data2\" content=\"1 minuto\" \/>\n<script type=\"application\/ld+json\" class=\"yoast-schema-graph\">{\"@context\":\"https:\/\/schema.org\",\"@graph\":[{\"@type\":\"Article\",\"@id\":\"https:\/\/bahiaeconomica.com.br\/wp\/2020\/07\/15\/governo-federal-estuda-fortalecer-orgaos-ambientais\/#article\",\"isPartOf\":{\"@id\":\"https:\/\/bahiaeconomica.com.br\/wp\/2020\/07\/15\/governo-federal-estuda-fortalecer-orgaos-ambientais\/\"},\"author\":{\"name\":\"admin\",\"@id\":\"https:\/\/bahiaeconomica.com.br\/wp\/#\/schema\/person\/cb1ab5ba96ad3d9390805381c76284ec\"},\"headline\":\"GOVERNO FEDERAL ESTUDA FORTALECER \u00d3RG\u00c3OS AMBIENTAIS\",\"datePublished\":\"2020-07-15T19:48:44+00:00\",\"dateModified\":\"2020-07-15T19:48:44+00:00\",\"mainEntityOfPage\":{\"@id\":\"https:\/\/bahiaeconomica.com.br\/wp\/2020\/07\/15\/governo-federal-estuda-fortalecer-orgaos-ambientais\/\"},\"wordCount\":187,\"publisher\":{\"@id\":\"https:\/\/bahiaeconomica.com.br\/wp\/#organization\"},\"articleSection\":[\"DESTAQUE DO DIA\",\"ECONOMIA \/ POL\u00cdTICA\"],\"inLanguage\":\"pt-BR\"},{\"@type\":\"WebPage\",\"@id\":\"https:\/\/bahiaeconomica.com.br\/wp\/2020\/07\/15\/governo-federal-estuda-fortalecer-orgaos-ambientais\/\",\"url\":\"https:\/\/bahiaeconomica.com.br\/wp\/2020\/07\/15\/governo-federal-estuda-fortalecer-orgaos-ambientais\/\",\"name\":\"GOVERNO FEDERAL ESTUDA FORTALECER \u00d3RG\u00c3OS AMBIENTAIS - Bahia Economica\",\"isPartOf\":{\"@id\":\"https:\/\/bahiaeconomica.com.br\/wp\/#website\"},\"datePublished\":\"2020-07-15T19:48:44+00:00\",\"dateModified\":\"2020-07-15T19:48:44+00:00\",\"description\":\"O maior portal de Economia da Bahia DESTAQUE DO DIA, ECONOMIA \/ POL\u00cdTICA Bahia Economica\",\"breadcrumb\":{\"@id\":\"https:\/\/bahiaeconomica.com.br\/wp\/2020\/07\/15\/governo-federal-estuda-fortalecer-orgaos-ambientais\/#breadcrumb\"},\"inLanguage\":\"pt-BR\",\"potentialAction\":[{\"@type\":\"ReadAction\",\"target\":[\"https:\/\/bahiaeconomica.com.br\/wp\/2020\/07\/15\/governo-federal-estuda-fortalecer-orgaos-ambientais\/\"]}]},{\"@type\":\"BreadcrumbList\",\"@id\":\"https:\/\/bahiaeconomica.com.br\/wp\/2020\/07\/15\/governo-federal-estuda-fortalecer-orgaos-ambientais\/#breadcrumb\",\"itemListElement\":[{\"@type\":\"ListItem\",\"position\":1,\"name\":\"In\u00edcio\",\"item\":\"https:\/\/bahiaeconomica.com.br\/wp\/\"},{\"@type\":\"ListItem\",\"position\":2,\"name\":\"GOVERNO FEDERAL ESTUDA FORTALECER \u00d3RG\u00c3OS AMBIENTAIS\"}]},{\"@type\":\"WebSite\",\"@id\":\"https:\/\/bahiaeconomica.com.br\/wp\/#website\",\"url\":\"https:\/\/bahiaeconomica.com.br\/wp\/\",\"name\":\"Bahia Economica\",\"description\":\"O maior portal de Economia da Bahia\",\"publisher\":{\"@id\":\"https:\/\/bahiaeconomica.com.br\/wp\/#organization\"},\"potentialAction\":[{\"@type\":\"SearchAction\",\"target\":{\"@type\":\"EntryPoint\",\"urlTemplate\":\"https:\/\/bahiaeconomica.com.br\/wp\/?s={search_term_string}\"},\"query-input\":\"required name=search_term_string\"}],\"inLanguage\":\"pt-BR\"},{\"@type\":\"Organization\",\"@id\":\"https:\/\/bahiaeconomica.com.br\/wp\/#organization\",\"name\":\"Bahia Econ\u00f4mica\",\"url\":\"https:\/\/bahiaeconomica.com.br\/wp\/\",\"logo\":{\"@type\":\"ImageObject\",\"inLanguage\":\"pt-BR\",\"@id\":\"https:\/\/bahiaeconomica.com.br\/wp\/#\/schema\/logo\/image\/\",\"url\":\"https:\/\/bahiaeconomica.com.br\/wp\/wp-content\/uploads\/2020\/12\/cropped-BE.png\",\"contentUrl\":\"https:\/\/bahiaeconomica.com.br\/wp\/wp-content\/uploads\/2020\/12\/cropped-BE.png\",\"width\":512,\"height\":512,\"caption\":\"Bahia Econ\u00f4mica\"},\"image\":{\"@id\":\"https:\/\/bahiaeconomica.com.br\/wp\/#\/schema\/logo\/image\/\"},\"sameAs\":[\"https:\/\/www.facebook.com\/bahiaeconomica\"]},{\"@type\":\"Person\",\"@id\":\"https:\/\/bahiaeconomica.com.br\/wp\/#\/schema\/person\/cb1ab5ba96ad3d9390805381c76284ec\",\"name\":\"admin\",\"url\":\"https:\/\/bahiaeconomica.com.br\/wp\/author\/admin\/\"}]}<\/script>\n<!-- \/ Yoast SEO plugin. -->","yoast_head_json":{"title":"GOVERNO FEDERAL ESTUDA FORTALECER \u00d3RG\u00c3OS AMBIENTAIS - Bahia Economica","description":"O maior portal de Economia da Bahia DESTAQUE DO DIA, ECONOMIA \/ POL\u00cdTICA Bahia Economica","robots":{"index":"index","follow":"follow","max-snippet":"max-snippet:-1","max-image-preview":"max-image-preview:large","max-video-preview":"max-video-preview:-1"},"canonical":"https:\/\/bahiaeconomica.com.br\/wp\/2020\/07\/15\/governo-federal-estuda-fortalecer-orgaos-ambientais\/","og_locale":"pt_BR","og_type":"article","og_title":"GOVERNO FEDERAL ESTUDA FORTALECER \u00d3RG\u00c3OS AMBIENTAIS - Bahia Economica","og_description":"O maior portal de Economia da Bahia DESTAQUE DO DIA, ECONOMIA \/ POL\u00cdTICA Bahia Economica","og_url":"https:\/\/bahiaeconomica.com.br\/wp\/2020\/07\/15\/governo-federal-estuda-fortalecer-orgaos-ambientais\/","og_site_name":"Bahia Economica","article_publisher":"https:\/\/www.facebook.com\/bahiaeconomica","article_published_time":"2020-07-15T19:48:44+00:00","og_image":[{"width":500,"height":271,"url":"https:\/\/bahiaeconomica.com.br\/wp\/wp-content\/uploads\/2019\/12\/mour\u00e3o-e1576009297922.jpg","type":"image\/jpeg"}],"author":"admin","twitter_card":"summary_large_image","twitter_misc":{"Escrito por":"admin","Est. tempo de leitura":"1 minuto"},"schema":{"@context":"https:\/\/schema.org","@graph":[{"@type":"Article","@id":"https:\/\/bahiaeconomica.com.br\/wp\/2020\/07\/15\/governo-federal-estuda-fortalecer-orgaos-ambientais\/#article","isPartOf":{"@id":"https:\/\/bahiaeconomica.com.br\/wp\/2020\/07\/15\/governo-federal-estuda-fortalecer-orgaos-ambientais\/"},"author":{"name":"admin","@id":"https:\/\/bahiaeconomica.com.br\/wp\/#\/schema\/person\/cb1ab5ba96ad3d9390805381c76284ec"},"headline":"GOVERNO FEDERAL ESTUDA FORTALECER \u00d3RG\u00c3OS AMBIENTAIS","datePublished":"2020-07-15T19:48:44+00:00","dateModified":"2020-07-15T19:48:44+00:00","mainEntityOfPage":{"@id":"https:\/\/bahiaeconomica.com.br\/wp\/2020\/07\/15\/governo-federal-estuda-fortalecer-orgaos-ambientais\/"},"wordCount":187,"publisher":{"@id":"https:\/\/bahiaeconomica.com.br\/wp\/#organization"},"articleSection":["DESTAQUE DO DIA","ECONOMIA \/ POL\u00cdTICA"],"inLanguage":"pt-BR"},{"@type":"WebPage","@id":"https:\/\/bahiaeconomica.com.br\/wp\/2020\/07\/15\/governo-federal-estuda-fortalecer-orgaos-ambientais\/","url":"https:\/\/bahiaeconomica.com.br\/wp\/2020\/07\/15\/governo-federal-estuda-fortalecer-orgaos-ambientais\/","name":"GOVERNO FEDERAL ESTUDA FORTALECER \u00d3RG\u00c3OS AMBIENTAIS - Bahia Economica","isPartOf":{"@id":"https:\/\/bahiaeconomica.com.br\/wp\/#website"},"datePublished":"2020-07-15T19:48:44+00:00","dateModified":"2020-07-15T19:48:44+00:00","description":"O maior portal de Economia da Bahia DESTAQUE DO DIA, ECONOMIA \/ POL\u00cdTICA Bahia Economica","breadcrumb":{"@id":"https:\/\/bahiaeconomica.com.br\/wp\/2020\/07\/15\/governo-federal-estuda-fortalecer-orgaos-ambientais\/#breadcrumb"},"inLanguage":"pt-BR","potentialAction":[{"@type":"ReadAction","target":["https:\/\/bahiaeconomica.com.br\/wp\/2020\/07\/15\/governo-federal-estuda-fortalecer-orgaos-ambientais\/"]}]},{"@type":"BreadcrumbList","@id":"https:\/\/bahiaeconomica.com.br\/wp\/2020\/07\/15\/governo-federal-estuda-fortalecer-orgaos-ambientais\/#breadcrumb","itemListElement":[{"@type":"ListItem","position":1,"name":"In\u00edcio","item":"https:\/\/bahiaeconomica.com.br\/wp\/"},{"@type":"ListItem","position":2,"name":"GOVERNO FEDERAL ESTUDA FORTALECER \u00d3RG\u00c3OS AMBIENTAIS"}]},{"@type":"WebSite","@id":"https:\/\/bahiaeconomica.com.br\/wp\/#website","url":"https:\/\/bahiaeconomica.com.br\/wp\/","name":"Bahia Economica","description":"O maior portal de Economia da Bahia","publisher":{"@id":"https:\/\/bahiaeconomica.com.br\/wp\/#organization"},"potentialAction":[{"@type":"SearchAction","target":{"@type":"EntryPoint","urlTemplate":"https:\/\/bahiaeconomica.com.br\/wp\/?s={search_term_string}"},"query-input":"required name=search_term_string"}],"inLanguage":"pt-BR"},{"@type":"Organization","@id":"https:\/\/bahiaeconomica.com.br\/wp\/#organization","name":"Bahia Econ\u00f4mica","url":"https:\/\/bahiaeconomica.com.br\/wp\/","logo":{"@type":"ImageObject","inLanguage":"pt-BR","@id":"https:\/\/bahiaeconomica.com.br\/wp\/#\/schema\/logo\/image\/","url":"https:\/\/bahiaeconomica.com.br\/wp\/wp-content\/uploads\/2020\/12\/cropped-BE.png","contentUrl":"https:\/\/bahiaeconomica.com.br\/wp\/wp-content\/uploads\/2020\/12\/cropped-BE.png","width":512,"height":512,"caption":"Bahia Econ\u00f4mica"},"image":{"@id":"https:\/\/bahiaeconomica.com.br\/wp\/#\/schema\/logo\/image\/"},"sameAs":["https:\/\/www.facebook.com\/bahiaeconomica"]},{"@type":"Person","@id":"https:\/\/bahiaeconomica.com.br\/wp\/#\/schema\/person\/cb1ab5ba96ad3d9390805381c76284ec","name":"admin","url":"https:\/\/bahiaeconomica.com.br\/wp\/author\/admin\/"}]}},"views":1,"_links":{"self":[{"href":"https:\/\/bahiaeconomica.com.br\/wp\/wp-json\/wp\/v2\/posts\/476813"}],"collection":[{"href":"https:\/\/bahiaeconomica.com.br\/wp\/wp-json\/wp\/v2\/posts"}],"about":[{"href":"https:\/\/bahiaeconomica.com.br\/wp\/wp-json\/wp\/v2\/types\/post"}],"author":[{"embeddable":true,"href":"https:\/\/bahiaeconomica.com.br\/wp\/wp-json\/wp\/v2\/users\/1"}],"replies":[{"embeddable":true,"href":"https:\/\/bahiaeconomica.com.br\/wp\/wp-json\/wp\/v2\/comments?post=476813"}],"version-history":[{"count":1,"href":"https:\/\/bahiaeconomica.com.br\/wp\/wp-json\/wp\/v2\/posts\/476813\/revisions"}],"predecessor-version":[{"id":476815,"href":"https:\/\/bahiaeconomica.com.br\/wp\/wp-json\/wp\/v2\/posts\/476813\/revisions\/476815"}],"wp:featuredmedia":[{"embeddable":true,"href":"https:\/\/bahiaeconomica.com.br\/wp\/wp-json\/wp\/v2\/media\/424884"}],"wp:attachment":[{"href":"https:\/\/bahiaeconomica.com.br\/wp\/wp-json\/wp\/v2\/media?parent=476813"}],"wp:term":[{"taxonomy":"category","embeddable":true,"href":"https:\/\/bahiaeconomica.com.br\/wp\/wp-json\/wp\/v2\/categories?post=476813"},{"taxonomy":"post_tag","embeddable":true,"href":"https:\/\/bahiaeconomica.com.br\/wp\/wp-json\/wp\/v2\/tags?post=476813"}],"curies":[{"name":"wp","href":"https:\/\/api.w.org\/{rel}","templated":true}]}}