{"id":476763,"date":"2020-07-15T15:14:43","date_gmt":"2020-07-15T18:14:43","guid":{"rendered":"https:\/\/bahiaeconomica.com.br\/wp\/beta\/?p=476763"},"modified":"2020-07-15T15:16:37","modified_gmt":"2020-07-15T18:16:37","slug":"tayrone-fala-sobre-ter-tirado-o-cigano-do-nome-nao-tenho-vergonha","status":"publish","type":"post","link":"https:\/\/bahiaeconomica.com.br\/wp\/2020\/07\/15\/tayrone-fala-sobre-ter-tirado-o-cigano-do-nome-nao-tenho-vergonha\/","title":{"rendered":"TAYRONE FALA SOBRE TER MUDADO O NOME: &#8216;N\u00c3O TENHO VERGONHA&#8217;"},"content":{"rendered":"<p style=\"text-align: justify;\">Ano novo, vida nova, casa nova, mas a ess\u00eancia permanece. Pelo menos \u00e9 isso que o cantor Tayrone garante.<\/p>\n<p style=\"text-align: justify;\">Convidado do&nbsp;<em>bahia.ba<\/em>&nbsp;na live realizada na \u00faltima ter\u00e7a-feira (14) no Instagram, o cantor revelou que a retirada do Cigano de seu nome art\u00edstico aconteceu de forma natural para ele, mas gerou atrito na fam\u00edlia.<\/p>\n<p style=\"text-align: justify;\">\u201cTodo mundo j\u00e1 me conhecia como cigano, todo mundo sabe que eu sou cigano, meus pais s\u00e3o, minha fam\u00edlia \u00e9 cigana. Foi na \u00e9poca do meu antigo empres\u00e1rio, eu falei \u2018vou tirar o cigano, todo mundo j\u00e1 me conhece, achei melhor\u2019. Deu um probleminha com uma parte da fam\u00edlia, achou que foi preconceito. Nunca eu vou ter preconceito da minha origem p\u00f4, como \u00e9 que eu vou ter vergonha?\u201d, contou.<\/p>\n<p style=\"text-align: justify;\">E al\u00e9m da origem cigana, o artista faz quest\u00e3o de se manter na origem do arrocha. O pr\u00f3ximo lan\u00e7amento do artista, que estar\u00e1 dispon\u00edvel no s\u00e1bado (18) para o p\u00fablico ouvir, ser\u00e1 como o pr\u00f3prio artista disse, um breg\u00e3o, com can\u00e7\u00f5es in\u00e9ditas e regrava\u00e7\u00f5es.<\/p>\n<p style=\"text-align: justify;\">A live, intitulada de \u2018Raiz, Mod\u00e3o &amp; Arrocha\u2019 tamb\u00e9m segue o mesmo estilo e ter\u00e1 como inspira\u00e7\u00e3o o DVD do artista lan\u00e7ado no come\u00e7o do ano. O artista promete as can\u00e7\u00f5es dos primeiros CDs e as mais recentes para fazer o povo sofrer e arrochar ao mesmo tempo.<\/p>\n<p>Foto: divulga\u00e7\u00e3o-armazen da alegria<\/p>\n","protected":false},"excerpt":{"rendered":"<p>Ano novo, vida nova, casa nova, mas a ess\u00eancia permanece. Pelo menos \u00e9 isso que o cantor Tayrone garante. Convidado do&nbsp;bahia.ba&nbsp;na live realizada na \u00faltima ter\u00e7a-feira (14) no Instagram, o cantor revelou que a retirada do Cigano de seu nome art\u00edstico aconteceu de forma natural para ele, mas gerou atrito na fam\u00edlia. \u201cTodo mundo j\u00e1 [&hellip;]<\/p>\n","protected":false},"author":1,"featured_media":476770,"comment_status":"closed","ping_status":"closed","sticky":false,"template":"","format":"standard","meta":[],"categories":[4],"tags":[],"acf":[],"yoast_head":"<!-- This site is optimized with the Yoast SEO plugin v20.8 - https:\/\/yoast.com\/wordpress\/plugins\/seo\/ -->\n<title>TAYRONE FALA SOBRE TER MUDADO O NOME: &#039;N\u00c3O TENHO VERGONHA&#039; - Bahia Economica<\/title>\n<meta name=\"description\" content=\"O maior portal de Economia da Bahia ENTRETENIMENTO Bahia Economica\" \/>\n<meta name=\"robots\" content=\"index, follow, max-snippet:-1, max-image-preview:large, max-video-preview:-1\" \/>\n<link rel=\"canonical\" href=\"https:\/\/bahiaeconomica.com.br\/wp\/2020\/07\/15\/tayrone-fala-sobre-ter-tirado-o-cigano-do-nome-nao-tenho-vergonha\/\" \/>\n<meta property=\"og:locale\" content=\"pt_BR\" \/>\n<meta property=\"og:type\" content=\"article\" \/>\n<meta property=\"og:title\" content=\"TAYRONE FALA SOBRE TER MUDADO O NOME: &#039;N\u00c3O TENHO VERGONHA&#039; - Bahia Economica\" \/>\n<meta property=\"og:description\" content=\"O maior portal de Economia da Bahia ENTRETENIMENTO Bahia Economica\" \/>\n<meta property=\"og:url\" content=\"https:\/\/bahiaeconomica.com.br\/wp\/2020\/07\/15\/tayrone-fala-sobre-ter-tirado-o-cigano-do-nome-nao-tenho-vergonha\/\" \/>\n<meta property=\"og:site_name\" content=\"Bahia Economica\" \/>\n<meta property=\"article:publisher\" content=\"https:\/\/www.facebook.com\/bahiaeconomica\" \/>\n<meta property=\"article:published_time\" content=\"2020-07-15T18:14:43+00:00\" \/>\n<meta property=\"article:modified_time\" content=\"2020-07-15T18:16:37+00:00\" \/>\n<meta property=\"og:image\" content=\"https:\/\/bahiaeconomica.com.br\/wp\/wp-content\/uploads\/2020\/07\/tayrone-divulga\u00e7\u00e3o-armazen-da-alegria.jpg\" \/>\n\t<meta property=\"og:image:width\" content=\"600\" \/>\n\t<meta property=\"og:image:height\" content=\"420\" \/>\n\t<meta property=\"og:image:type\" content=\"image\/jpeg\" \/>\n<meta name=\"author\" content=\"admin\" \/>\n<meta name=\"twitter:card\" content=\"summary_large_image\" \/>\n<meta name=\"twitter:label1\" content=\"Escrito por\" \/>\n\t<meta name=\"twitter:data1\" content=\"admin\" \/>\n\t<meta name=\"twitter:label2\" content=\"Est. tempo de leitura\" \/>\n\t<meta name=\"twitter:data2\" content=\"1 minuto\" \/>\n<script type=\"application\/ld+json\" class=\"yoast-schema-graph\">{\"@context\":\"https:\/\/schema.org\",\"@graph\":[{\"@type\":\"Article\",\"@id\":\"https:\/\/bahiaeconomica.com.br\/wp\/2020\/07\/15\/tayrone-fala-sobre-ter-tirado-o-cigano-do-nome-nao-tenho-vergonha\/#article\",\"isPartOf\":{\"@id\":\"https:\/\/bahiaeconomica.com.br\/wp\/2020\/07\/15\/tayrone-fala-sobre-ter-tirado-o-cigano-do-nome-nao-tenho-vergonha\/\"},\"author\":{\"name\":\"admin\",\"@id\":\"https:\/\/bahiaeconomica.com.br\/wp\/#\/schema\/person\/cb1ab5ba96ad3d9390805381c76284ec\"},\"headline\":\"TAYRONE FALA SOBRE TER MUDADO O NOME: &#8216;N\u00c3O TENHO VERGONHA&#8217;\",\"datePublished\":\"2020-07-15T18:14:43+00:00\",\"dateModified\":\"2020-07-15T18:16:37+00:00\",\"mainEntityOfPage\":{\"@id\":\"https:\/\/bahiaeconomica.com.br\/wp\/2020\/07\/15\/tayrone-fala-sobre-ter-tirado-o-cigano-do-nome-nao-tenho-vergonha\/\"},\"wordCount\":256,\"publisher\":{\"@id\":\"https:\/\/bahiaeconomica.com.br\/wp\/#organization\"},\"articleSection\":[\"ENTRETENIMENTO\"],\"inLanguage\":\"pt-BR\"},{\"@type\":\"WebPage\",\"@id\":\"https:\/\/bahiaeconomica.com.br\/wp\/2020\/07\/15\/tayrone-fala-sobre-ter-tirado-o-cigano-do-nome-nao-tenho-vergonha\/\",\"url\":\"https:\/\/bahiaeconomica.com.br\/wp\/2020\/07\/15\/tayrone-fala-sobre-ter-tirado-o-cigano-do-nome-nao-tenho-vergonha\/\",\"name\":\"TAYRONE FALA SOBRE TER MUDADO O NOME: 'N\u00c3O TENHO VERGONHA' - Bahia Economica\",\"isPartOf\":{\"@id\":\"https:\/\/bahiaeconomica.com.br\/wp\/#website\"},\"datePublished\":\"2020-07-15T18:14:43+00:00\",\"dateModified\":\"2020-07-15T18:16:37+00:00\",\"description\":\"O maior portal de Economia da Bahia ENTRETENIMENTO Bahia Economica\",\"breadcrumb\":{\"@id\":\"https:\/\/bahiaeconomica.com.br\/wp\/2020\/07\/15\/tayrone-fala-sobre-ter-tirado-o-cigano-do-nome-nao-tenho-vergonha\/#breadcrumb\"},\"inLanguage\":\"pt-BR\",\"potentialAction\":[{\"@type\":\"ReadAction\",\"target\":[\"https:\/\/bahiaeconomica.com.br\/wp\/2020\/07\/15\/tayrone-fala-sobre-ter-tirado-o-cigano-do-nome-nao-tenho-vergonha\/\"]}]},{\"@type\":\"BreadcrumbList\",\"@id\":\"https:\/\/bahiaeconomica.com.br\/wp\/2020\/07\/15\/tayrone-fala-sobre-ter-tirado-o-cigano-do-nome-nao-tenho-vergonha\/#breadcrumb\",\"itemListElement\":[{\"@type\":\"ListItem\",\"position\":1,\"name\":\"In\u00edcio\",\"item\":\"https:\/\/bahiaeconomica.com.br\/wp\/\"},{\"@type\":\"ListItem\",\"position\":2,\"name\":\"TAYRONE FALA SOBRE TER MUDADO O NOME: &#8216;N\u00c3O TENHO VERGONHA&#8217;\"}]},{\"@type\":\"WebSite\",\"@id\":\"https:\/\/bahiaeconomica.com.br\/wp\/#website\",\"url\":\"https:\/\/bahiaeconomica.com.br\/wp\/\",\"name\":\"Bahia Economica\",\"description\":\"O maior portal de Economia da Bahia\",\"publisher\":{\"@id\":\"https:\/\/bahiaeconomica.com.br\/wp\/#organization\"},\"potentialAction\":[{\"@type\":\"SearchAction\",\"target\":{\"@type\":\"EntryPoint\",\"urlTemplate\":\"https:\/\/bahiaeconomica.com.br\/wp\/?s={search_term_string}\"},\"query-input\":\"required name=search_term_string\"}],\"inLanguage\":\"pt-BR\"},{\"@type\":\"Organization\",\"@id\":\"https:\/\/bahiaeconomica.com.br\/wp\/#organization\",\"name\":\"Bahia Econ\u00f4mica\",\"url\":\"https:\/\/bahiaeconomica.com.br\/wp\/\",\"logo\":{\"@type\":\"ImageObject\",\"inLanguage\":\"pt-BR\",\"@id\":\"https:\/\/bahiaeconomica.com.br\/wp\/#\/schema\/logo\/image\/\",\"url\":\"https:\/\/bahiaeconomica.com.br\/wp\/wp-content\/uploads\/2020\/12\/cropped-BE.png\",\"contentUrl\":\"https:\/\/bahiaeconomica.com.br\/wp\/wp-content\/uploads\/2020\/12\/cropped-BE.png\",\"width\":512,\"height\":512,\"caption\":\"Bahia Econ\u00f4mica\"},\"image\":{\"@id\":\"https:\/\/bahiaeconomica.com.br\/wp\/#\/schema\/logo\/image\/\"},\"sameAs\":[\"https:\/\/www.facebook.com\/bahiaeconomica\"]},{\"@type\":\"Person\",\"@id\":\"https:\/\/bahiaeconomica.com.br\/wp\/#\/schema\/person\/cb1ab5ba96ad3d9390805381c76284ec\",\"name\":\"admin\",\"url\":\"https:\/\/bahiaeconomica.com.br\/wp\/author\/admin\/\"}]}<\/script>\n<!-- \/ Yoast SEO plugin. -->","yoast_head_json":{"title":"TAYRONE FALA SOBRE TER MUDADO O NOME: 'N\u00c3O TENHO VERGONHA' - Bahia Economica","description":"O maior portal de Economia da Bahia ENTRETENIMENTO Bahia Economica","robots":{"index":"index","follow":"follow","max-snippet":"max-snippet:-1","max-image-preview":"max-image-preview:large","max-video-preview":"max-video-preview:-1"},"canonical":"https:\/\/bahiaeconomica.com.br\/wp\/2020\/07\/15\/tayrone-fala-sobre-ter-tirado-o-cigano-do-nome-nao-tenho-vergonha\/","og_locale":"pt_BR","og_type":"article","og_title":"TAYRONE FALA SOBRE TER MUDADO O NOME: 'N\u00c3O TENHO VERGONHA' - Bahia Economica","og_description":"O maior portal de Economia da Bahia ENTRETENIMENTO Bahia Economica","og_url":"https:\/\/bahiaeconomica.com.br\/wp\/2020\/07\/15\/tayrone-fala-sobre-ter-tirado-o-cigano-do-nome-nao-tenho-vergonha\/","og_site_name":"Bahia Economica","article_publisher":"https:\/\/www.facebook.com\/bahiaeconomica","article_published_time":"2020-07-15T18:14:43+00:00","article_modified_time":"2020-07-15T18:16:37+00:00","og_image":[{"width":600,"height":420,"url":"https:\/\/bahiaeconomica.com.br\/wp\/wp-content\/uploads\/2020\/07\/tayrone-divulga\u00e7\u00e3o-armazen-da-alegria.jpg","type":"image\/jpeg"}],"author":"admin","twitter_card":"summary_large_image","twitter_misc":{"Escrito por":"admin","Est. tempo de leitura":"1 minuto"},"schema":{"@context":"https:\/\/schema.org","@graph":[{"@type":"Article","@id":"https:\/\/bahiaeconomica.com.br\/wp\/2020\/07\/15\/tayrone-fala-sobre-ter-tirado-o-cigano-do-nome-nao-tenho-vergonha\/#article","isPartOf":{"@id":"https:\/\/bahiaeconomica.com.br\/wp\/2020\/07\/15\/tayrone-fala-sobre-ter-tirado-o-cigano-do-nome-nao-tenho-vergonha\/"},"author":{"name":"admin","@id":"https:\/\/bahiaeconomica.com.br\/wp\/#\/schema\/person\/cb1ab5ba96ad3d9390805381c76284ec"},"headline":"TAYRONE FALA SOBRE TER MUDADO O NOME: &#8216;N\u00c3O TENHO VERGONHA&#8217;","datePublished":"2020-07-15T18:14:43+00:00","dateModified":"2020-07-15T18:16:37+00:00","mainEntityOfPage":{"@id":"https:\/\/bahiaeconomica.com.br\/wp\/2020\/07\/15\/tayrone-fala-sobre-ter-tirado-o-cigano-do-nome-nao-tenho-vergonha\/"},"wordCount":256,"publisher":{"@id":"https:\/\/bahiaeconomica.com.br\/wp\/#organization"},"articleSection":["ENTRETENIMENTO"],"inLanguage":"pt-BR"},{"@type":"WebPage","@id":"https:\/\/bahiaeconomica.com.br\/wp\/2020\/07\/15\/tayrone-fala-sobre-ter-tirado-o-cigano-do-nome-nao-tenho-vergonha\/","url":"https:\/\/bahiaeconomica.com.br\/wp\/2020\/07\/15\/tayrone-fala-sobre-ter-tirado-o-cigano-do-nome-nao-tenho-vergonha\/","name":"TAYRONE FALA SOBRE TER MUDADO O NOME: 'N\u00c3O TENHO VERGONHA' - Bahia Economica","isPartOf":{"@id":"https:\/\/bahiaeconomica.com.br\/wp\/#website"},"datePublished":"2020-07-15T18:14:43+00:00","dateModified":"2020-07-15T18:16:37+00:00","description":"O maior portal de Economia da Bahia ENTRETENIMENTO Bahia Economica","breadcrumb":{"@id":"https:\/\/bahiaeconomica.com.br\/wp\/2020\/07\/15\/tayrone-fala-sobre-ter-tirado-o-cigano-do-nome-nao-tenho-vergonha\/#breadcrumb"},"inLanguage":"pt-BR","potentialAction":[{"@type":"ReadAction","target":["https:\/\/bahiaeconomica.com.br\/wp\/2020\/07\/15\/tayrone-fala-sobre-ter-tirado-o-cigano-do-nome-nao-tenho-vergonha\/"]}]},{"@type":"BreadcrumbList","@id":"https:\/\/bahiaeconomica.com.br\/wp\/2020\/07\/15\/tayrone-fala-sobre-ter-tirado-o-cigano-do-nome-nao-tenho-vergonha\/#breadcrumb","itemListElement":[{"@type":"ListItem","position":1,"name":"In\u00edcio","item":"https:\/\/bahiaeconomica.com.br\/wp\/"},{"@type":"ListItem","position":2,"name":"TAYRONE FALA SOBRE TER MUDADO O NOME: &#8216;N\u00c3O TENHO VERGONHA&#8217;"}]},{"@type":"WebSite","@id":"https:\/\/bahiaeconomica.com.br\/wp\/#website","url":"https:\/\/bahiaeconomica.com.br\/wp\/","name":"Bahia Economica","description":"O maior portal de Economia da Bahia","publisher":{"@id":"https:\/\/bahiaeconomica.com.br\/wp\/#organization"},"potentialAction":[{"@type":"SearchAction","target":{"@type":"EntryPoint","urlTemplate":"https:\/\/bahiaeconomica.com.br\/wp\/?s={search_term_string}"},"query-input":"required name=search_term_string"}],"inLanguage":"pt-BR"},{"@type":"Organization","@id":"https:\/\/bahiaeconomica.com.br\/wp\/#organization","name":"Bahia Econ\u00f4mica","url":"https:\/\/bahiaeconomica.com.br\/wp\/","logo":{"@type":"ImageObject","inLanguage":"pt-BR","@id":"https:\/\/bahiaeconomica.com.br\/wp\/#\/schema\/logo\/image\/","url":"https:\/\/bahiaeconomica.com.br\/wp\/wp-content\/uploads\/2020\/12\/cropped-BE.png","contentUrl":"https:\/\/bahiaeconomica.com.br\/wp\/wp-content\/uploads\/2020\/12\/cropped-BE.png","width":512,"height":512,"caption":"Bahia Econ\u00f4mica"},"image":{"@id":"https:\/\/bahiaeconomica.com.br\/wp\/#\/schema\/logo\/image\/"},"sameAs":["https:\/\/www.facebook.com\/bahiaeconomica"]},{"@type":"Person","@id":"https:\/\/bahiaeconomica.com.br\/wp\/#\/schema\/person\/cb1ab5ba96ad3d9390805381c76284ec","name":"admin","url":"https:\/\/bahiaeconomica.com.br\/wp\/author\/admin\/"}]}},"views":2199,"_links":{"self":[{"href":"https:\/\/bahiaeconomica.com.br\/wp\/wp-json\/wp\/v2\/posts\/476763"}],"collection":[{"href":"https:\/\/bahiaeconomica.com.br\/wp\/wp-json\/wp\/v2\/posts"}],"about":[{"href":"https:\/\/bahiaeconomica.com.br\/wp\/wp-json\/wp\/v2\/types\/post"}],"author":[{"embeddable":true,"href":"https:\/\/bahiaeconomica.com.br\/wp\/wp-json\/wp\/v2\/users\/1"}],"replies":[{"embeddable":true,"href":"https:\/\/bahiaeconomica.com.br\/wp\/wp-json\/wp\/v2\/comments?post=476763"}],"version-history":[{"count":2,"href":"https:\/\/bahiaeconomica.com.br\/wp\/wp-json\/wp\/v2\/posts\/476763\/revisions"}],"predecessor-version":[{"id":476772,"href":"https:\/\/bahiaeconomica.com.br\/wp\/wp-json\/wp\/v2\/posts\/476763\/revisions\/476772"}],"wp:featuredmedia":[{"embeddable":true,"href":"https:\/\/bahiaeconomica.com.br\/wp\/wp-json\/wp\/v2\/media\/476770"}],"wp:attachment":[{"href":"https:\/\/bahiaeconomica.com.br\/wp\/wp-json\/wp\/v2\/media?parent=476763"}],"wp:term":[{"taxonomy":"category","embeddable":true,"href":"https:\/\/bahiaeconomica.com.br\/wp\/wp-json\/wp\/v2\/categories?post=476763"},{"taxonomy":"post_tag","embeddable":true,"href":"https:\/\/bahiaeconomica.com.br\/wp\/wp-json\/wp\/v2\/tags?post=476763"}],"curies":[{"name":"wp","href":"https:\/\/api.w.org\/{rel}","templated":true}]}}