{"id":476663,"date":"2020-07-15T11:32:11","date_gmt":"2020-07-15T14:32:11","guid":{"rendered":"https:\/\/bahiaeconomica.com.br\/wp\/beta\/?p=476663"},"modified":"2020-07-15T11:47:05","modified_gmt":"2020-07-15T14:47:05","slug":"governo-federal-pede-ao-stf-permita-venda-de-refinaria-na-bahia","status":"publish","type":"post","link":"https:\/\/bahiaeconomica.com.br\/wp\/2020\/07\/15\/governo-federal-pede-ao-stf-permita-venda-de-refinaria-na-bahia\/","title":{"rendered":"GOVERNO FEDERAL PEDE AO STF QUE PERMITA VENDA DE REFINARIA NA BAHIA\u00a0\u00a0\u00a0\u00a0"},"content":{"rendered":"<p>O governo federal pediu ao Supremo Tribunal Federal (STF) que negue a solicita\u00e7\u00e3o do Congresso para suspender o processo de venda<!--more--> de refinarias da Petrobras na Bahia e no Paran\u00e1. Segundo o Estad\u00e3o, em manifesta\u00e7\u00e3o enviada ao Supremo, a Advocacia-Geral da Uni\u00e3o (AGU) avalia que a C\u00e2mara e o Senado n\u00e3o apresentaram provas de qualquer conduta il\u00edcita da Petrobras, al\u00e9m de terem perdido o prazo para pedir esclarecimentos sobre a decis\u00e3o da corte no caso julgado em 2019.<\/p>\n<p>A refinaria baiana Landulpho Alves fica no munic\u00edpio de S\u00e3o Francisco do Conde, Regi\u00e3o Metropolitana de Salvador (RMS). Segundo mat\u00e9ria na \u00c9poca Neg\u00f3cios, do \u00faltimo dia 24 de junho, estavam entre poss\u00edveis candidatos a compradores, o fundo soberano dos Emirados \u00c1rabes Unidos, Mubadala Investment Co e a gigante de refino chinesa Sinopec.<\/p>\n<p>No \u00faltimo dia 2 de julho, os presidentes da C\u00e2mara, Rodrigo Maia (DEM-RJ), e do Senado, Davi Alcolumbre (DEM-AP), pediram ao STF a concess\u00e3o de uma medida cautelar para impedir a venda das refinarias. Eles consideram que a companhia burlou a legisla\u00e7\u00e3o para repassar esses ativos \u00e0 iniciativa privada sem aval do Legislativo.<\/p>\n<p>Em manifesta\u00e7\u00e3o enviada ao STF, o ministro da AGU, Jos\u00e9 Levi Mello do Amaral Junior pondera, inicialmente, que o Legislativo n\u00e3o demonstrou qualquer ilegalidade cometida pela Petrobras ou que sugira que a petroleira esteja burlando a decis\u00e3o do Supremo.<\/p>\n<p>&#8220;Dito de outra forma, os peticionantes n\u00e3o indicam qualquer irregularidade na cria\u00e7\u00e3o das novas empresas subsidi\u00e1rias, exceto o suposto intuito de burlar a decis\u00e3o desta Suprema Corte, mediante a subsequente venda de ativos de tais empresas rec\u00e9m-criadas\u201d, diz a manifesta\u00e7\u00e3o. \u201cNesse contexto, resta evidente que o acolhimento dos pedidos formulados depende necessariamente de uma fase processual destinada \u00e0 produ\u00e7\u00e3o de provas, com o objetivo de comprovar o suscitado desvio de finalidade na atua\u00e7\u00e3o da Petrobras.\u201d<\/p>\n<p>Foto: Divulga\u00e7\u00e3o<\/p>\n","protected":false},"excerpt":{"rendered":"<p>O governo federal pediu ao Supremo Tribunal Federal (STF) que negue a solicita\u00e7\u00e3o do Congresso para suspender o processo de venda<\/p>\n","protected":false},"author":1,"featured_media":421510,"comment_status":"closed","ping_status":"closed","sticky":false,"template":"","format":"standard","meta":[],"categories":[3],"tags":[],"acf":[],"yoast_head":"<!-- This site is optimized with the Yoast SEO plugin v20.8 - https:\/\/yoast.com\/wordpress\/plugins\/seo\/ -->\n<title>GOVERNO FEDERAL PEDE AO STF QUE PERMITA VENDA DE REFINARIA NA BAHIA\u00a0\u00a0\u00a0\u00a0 - Bahia Economica<\/title>\n<meta name=\"description\" content=\"O maior portal de Economia da Bahia ECONOMIA \/ POL\u00cdTICA Bahia Economica\" \/>\n<meta name=\"robots\" content=\"index, follow, max-snippet:-1, max-image-preview:large, max-video-preview:-1\" \/>\n<link rel=\"canonical\" href=\"https:\/\/bahiaeconomica.com.br\/wp\/2020\/07\/15\/governo-federal-pede-ao-stf-permita-venda-de-refinaria-na-bahia\/\" \/>\n<meta property=\"og:locale\" content=\"pt_BR\" \/>\n<meta property=\"og:type\" content=\"article\" \/>\n<meta property=\"og:title\" content=\"GOVERNO FEDERAL PEDE AO STF QUE PERMITA VENDA DE REFINARIA NA BAHIA\u00a0\u00a0\u00a0\u00a0 - Bahia Economica\" \/>\n<meta property=\"og:description\" content=\"O maior portal de Economia da Bahia ECONOMIA \/ POL\u00cdTICA Bahia Economica\" \/>\n<meta property=\"og:url\" content=\"https:\/\/bahiaeconomica.com.br\/wp\/2020\/07\/15\/governo-federal-pede-ao-stf-permita-venda-de-refinaria-na-bahia\/\" \/>\n<meta property=\"og:site_name\" content=\"Bahia Economica\" \/>\n<meta property=\"article:publisher\" content=\"https:\/\/www.facebook.com\/bahiaeconomica\" \/>\n<meta property=\"article:published_time\" content=\"2020-07-15T14:32:11+00:00\" \/>\n<meta property=\"article:modified_time\" content=\"2020-07-15T14:47:05+00:00\" \/>\n<meta property=\"og:image\" content=\"https:\/\/bahiaeconomica.com.br\/wp\/wp-content\/uploads\/2019\/12\/REFINARIALANDULPHOALVES500.jpg\" \/>\n\t<meta property=\"og:image:width\" content=\"500\" \/>\n\t<meta property=\"og:image:height\" content=\"300\" \/>\n\t<meta property=\"og:image:type\" content=\"image\/jpeg\" \/>\n<meta name=\"author\" content=\"admin\" \/>\n<meta name=\"twitter:card\" content=\"summary_large_image\" \/>\n<meta name=\"twitter:label1\" content=\"Escrito por\" \/>\n\t<meta name=\"twitter:data1\" content=\"admin\" \/>\n\t<meta name=\"twitter:label2\" content=\"Est. tempo de leitura\" \/>\n\t<meta name=\"twitter:data2\" content=\"2 minutos\" \/>\n<script type=\"application\/ld+json\" class=\"yoast-schema-graph\">{\"@context\":\"https:\/\/schema.org\",\"@graph\":[{\"@type\":\"Article\",\"@id\":\"https:\/\/bahiaeconomica.com.br\/wp\/2020\/07\/15\/governo-federal-pede-ao-stf-permita-venda-de-refinaria-na-bahia\/#article\",\"isPartOf\":{\"@id\":\"https:\/\/bahiaeconomica.com.br\/wp\/2020\/07\/15\/governo-federal-pede-ao-stf-permita-venda-de-refinaria-na-bahia\/\"},\"author\":{\"name\":\"admin\",\"@id\":\"https:\/\/bahiaeconomica.com.br\/wp\/#\/schema\/person\/cb1ab5ba96ad3d9390805381c76284ec\"},\"headline\":\"GOVERNO FEDERAL PEDE AO STF QUE PERMITA VENDA DE REFINARIA NA BAHIA\u00a0\u00a0\u00a0\u00a0\",\"datePublished\":\"2020-07-15T14:32:11+00:00\",\"dateModified\":\"2020-07-15T14:47:05+00:00\",\"mainEntityOfPage\":{\"@id\":\"https:\/\/bahiaeconomica.com.br\/wp\/2020\/07\/15\/governo-federal-pede-ao-stf-permita-venda-de-refinaria-na-bahia\/\"},\"wordCount\":336,\"publisher\":{\"@id\":\"https:\/\/bahiaeconomica.com.br\/wp\/#organization\"},\"articleSection\":[\"ECONOMIA \/ POL\u00cdTICA\"],\"inLanguage\":\"pt-BR\"},{\"@type\":\"WebPage\",\"@id\":\"https:\/\/bahiaeconomica.com.br\/wp\/2020\/07\/15\/governo-federal-pede-ao-stf-permita-venda-de-refinaria-na-bahia\/\",\"url\":\"https:\/\/bahiaeconomica.com.br\/wp\/2020\/07\/15\/governo-federal-pede-ao-stf-permita-venda-de-refinaria-na-bahia\/\",\"name\":\"GOVERNO FEDERAL PEDE AO STF QUE PERMITA VENDA DE REFINARIA NA BAHIA\u00a0\u00a0\u00a0\u00a0 - Bahia Economica\",\"isPartOf\":{\"@id\":\"https:\/\/bahiaeconomica.com.br\/wp\/#website\"},\"datePublished\":\"2020-07-15T14:32:11+00:00\",\"dateModified\":\"2020-07-15T14:47:05+00:00\",\"description\":\"O maior portal de Economia da Bahia ECONOMIA \/ POL\u00cdTICA Bahia Economica\",\"breadcrumb\":{\"@id\":\"https:\/\/bahiaeconomica.com.br\/wp\/2020\/07\/15\/governo-federal-pede-ao-stf-permita-venda-de-refinaria-na-bahia\/#breadcrumb\"},\"inLanguage\":\"pt-BR\",\"potentialAction\":[{\"@type\":\"ReadAction\",\"target\":[\"https:\/\/bahiaeconomica.com.br\/wp\/2020\/07\/15\/governo-federal-pede-ao-stf-permita-venda-de-refinaria-na-bahia\/\"]}]},{\"@type\":\"BreadcrumbList\",\"@id\":\"https:\/\/bahiaeconomica.com.br\/wp\/2020\/07\/15\/governo-federal-pede-ao-stf-permita-venda-de-refinaria-na-bahia\/#breadcrumb\",\"itemListElement\":[{\"@type\":\"ListItem\",\"position\":1,\"name\":\"In\u00edcio\",\"item\":\"https:\/\/bahiaeconomica.com.br\/wp\/\"},{\"@type\":\"ListItem\",\"position\":2,\"name\":\"GOVERNO FEDERAL PEDE AO STF QUE PERMITA VENDA DE REFINARIA NA BAHIA\u00a0\u00a0\u00a0\u00a0\"}]},{\"@type\":\"WebSite\",\"@id\":\"https:\/\/bahiaeconomica.com.br\/wp\/#website\",\"url\":\"https:\/\/bahiaeconomica.com.br\/wp\/\",\"name\":\"Bahia Economica\",\"description\":\"O maior portal de Economia da Bahia\",\"publisher\":{\"@id\":\"https:\/\/bahiaeconomica.com.br\/wp\/#organization\"},\"potentialAction\":[{\"@type\":\"SearchAction\",\"target\":{\"@type\":\"EntryPoint\",\"urlTemplate\":\"https:\/\/bahiaeconomica.com.br\/wp\/?s={search_term_string}\"},\"query-input\":\"required name=search_term_string\"}],\"inLanguage\":\"pt-BR\"},{\"@type\":\"Organization\",\"@id\":\"https:\/\/bahiaeconomica.com.br\/wp\/#organization\",\"name\":\"Bahia Econ\u00f4mica\",\"url\":\"https:\/\/bahiaeconomica.com.br\/wp\/\",\"logo\":{\"@type\":\"ImageObject\",\"inLanguage\":\"pt-BR\",\"@id\":\"https:\/\/bahiaeconomica.com.br\/wp\/#\/schema\/logo\/image\/\",\"url\":\"https:\/\/bahiaeconomica.com.br\/wp\/wp-content\/uploads\/2020\/12\/cropped-BE.png\",\"contentUrl\":\"https:\/\/bahiaeconomica.com.br\/wp\/wp-content\/uploads\/2020\/12\/cropped-BE.png\",\"width\":512,\"height\":512,\"caption\":\"Bahia Econ\u00f4mica\"},\"image\":{\"@id\":\"https:\/\/bahiaeconomica.com.br\/wp\/#\/schema\/logo\/image\/\"},\"sameAs\":[\"https:\/\/www.facebook.com\/bahiaeconomica\"]},{\"@type\":\"Person\",\"@id\":\"https:\/\/bahiaeconomica.com.br\/wp\/#\/schema\/person\/cb1ab5ba96ad3d9390805381c76284ec\",\"name\":\"admin\",\"url\":\"https:\/\/bahiaeconomica.com.br\/wp\/author\/admin\/\"}]}<\/script>\n<!-- \/ Yoast SEO plugin. -->","yoast_head_json":{"title":"GOVERNO FEDERAL PEDE AO STF QUE PERMITA VENDA DE REFINARIA NA BAHIA\u00a0\u00a0\u00a0\u00a0 - Bahia Economica","description":"O maior portal de Economia da Bahia ECONOMIA \/ POL\u00cdTICA Bahia Economica","robots":{"index":"index","follow":"follow","max-snippet":"max-snippet:-1","max-image-preview":"max-image-preview:large","max-video-preview":"max-video-preview:-1"},"canonical":"https:\/\/bahiaeconomica.com.br\/wp\/2020\/07\/15\/governo-federal-pede-ao-stf-permita-venda-de-refinaria-na-bahia\/","og_locale":"pt_BR","og_type":"article","og_title":"GOVERNO FEDERAL PEDE AO STF QUE PERMITA VENDA DE REFINARIA NA BAHIA\u00a0\u00a0\u00a0\u00a0 - Bahia Economica","og_description":"O maior portal de Economia da Bahia ECONOMIA \/ POL\u00cdTICA Bahia Economica","og_url":"https:\/\/bahiaeconomica.com.br\/wp\/2020\/07\/15\/governo-federal-pede-ao-stf-permita-venda-de-refinaria-na-bahia\/","og_site_name":"Bahia Economica","article_publisher":"https:\/\/www.facebook.com\/bahiaeconomica","article_published_time":"2020-07-15T14:32:11+00:00","article_modified_time":"2020-07-15T14:47:05+00:00","og_image":[{"width":500,"height":300,"url":"https:\/\/bahiaeconomica.com.br\/wp\/wp-content\/uploads\/2019\/12\/REFINARIALANDULPHOALVES500.jpg","type":"image\/jpeg"}],"author":"admin","twitter_card":"summary_large_image","twitter_misc":{"Escrito por":"admin","Est. tempo de leitura":"2 minutos"},"schema":{"@context":"https:\/\/schema.org","@graph":[{"@type":"Article","@id":"https:\/\/bahiaeconomica.com.br\/wp\/2020\/07\/15\/governo-federal-pede-ao-stf-permita-venda-de-refinaria-na-bahia\/#article","isPartOf":{"@id":"https:\/\/bahiaeconomica.com.br\/wp\/2020\/07\/15\/governo-federal-pede-ao-stf-permita-venda-de-refinaria-na-bahia\/"},"author":{"name":"admin","@id":"https:\/\/bahiaeconomica.com.br\/wp\/#\/schema\/person\/cb1ab5ba96ad3d9390805381c76284ec"},"headline":"GOVERNO FEDERAL PEDE AO STF QUE PERMITA VENDA DE REFINARIA NA BAHIA\u00a0\u00a0\u00a0\u00a0","datePublished":"2020-07-15T14:32:11+00:00","dateModified":"2020-07-15T14:47:05+00:00","mainEntityOfPage":{"@id":"https:\/\/bahiaeconomica.com.br\/wp\/2020\/07\/15\/governo-federal-pede-ao-stf-permita-venda-de-refinaria-na-bahia\/"},"wordCount":336,"publisher":{"@id":"https:\/\/bahiaeconomica.com.br\/wp\/#organization"},"articleSection":["ECONOMIA \/ POL\u00cdTICA"],"inLanguage":"pt-BR"},{"@type":"WebPage","@id":"https:\/\/bahiaeconomica.com.br\/wp\/2020\/07\/15\/governo-federal-pede-ao-stf-permita-venda-de-refinaria-na-bahia\/","url":"https:\/\/bahiaeconomica.com.br\/wp\/2020\/07\/15\/governo-federal-pede-ao-stf-permita-venda-de-refinaria-na-bahia\/","name":"GOVERNO FEDERAL PEDE AO STF QUE PERMITA VENDA DE REFINARIA NA BAHIA\u00a0\u00a0\u00a0\u00a0 - Bahia Economica","isPartOf":{"@id":"https:\/\/bahiaeconomica.com.br\/wp\/#website"},"datePublished":"2020-07-15T14:32:11+00:00","dateModified":"2020-07-15T14:47:05+00:00","description":"O maior portal de Economia da Bahia ECONOMIA \/ POL\u00cdTICA Bahia Economica","breadcrumb":{"@id":"https:\/\/bahiaeconomica.com.br\/wp\/2020\/07\/15\/governo-federal-pede-ao-stf-permita-venda-de-refinaria-na-bahia\/#breadcrumb"},"inLanguage":"pt-BR","potentialAction":[{"@type":"ReadAction","target":["https:\/\/bahiaeconomica.com.br\/wp\/2020\/07\/15\/governo-federal-pede-ao-stf-permita-venda-de-refinaria-na-bahia\/"]}]},{"@type":"BreadcrumbList","@id":"https:\/\/bahiaeconomica.com.br\/wp\/2020\/07\/15\/governo-federal-pede-ao-stf-permita-venda-de-refinaria-na-bahia\/#breadcrumb","itemListElement":[{"@type":"ListItem","position":1,"name":"In\u00edcio","item":"https:\/\/bahiaeconomica.com.br\/wp\/"},{"@type":"ListItem","position":2,"name":"GOVERNO FEDERAL PEDE AO STF QUE PERMITA VENDA DE REFINARIA NA BAHIA\u00a0\u00a0\u00a0\u00a0"}]},{"@type":"WebSite","@id":"https:\/\/bahiaeconomica.com.br\/wp\/#website","url":"https:\/\/bahiaeconomica.com.br\/wp\/","name":"Bahia Economica","description":"O maior portal de Economia da Bahia","publisher":{"@id":"https:\/\/bahiaeconomica.com.br\/wp\/#organization"},"potentialAction":[{"@type":"SearchAction","target":{"@type":"EntryPoint","urlTemplate":"https:\/\/bahiaeconomica.com.br\/wp\/?s={search_term_string}"},"query-input":"required name=search_term_string"}],"inLanguage":"pt-BR"},{"@type":"Organization","@id":"https:\/\/bahiaeconomica.com.br\/wp\/#organization","name":"Bahia Econ\u00f4mica","url":"https:\/\/bahiaeconomica.com.br\/wp\/","logo":{"@type":"ImageObject","inLanguage":"pt-BR","@id":"https:\/\/bahiaeconomica.com.br\/wp\/#\/schema\/logo\/image\/","url":"https:\/\/bahiaeconomica.com.br\/wp\/wp-content\/uploads\/2020\/12\/cropped-BE.png","contentUrl":"https:\/\/bahiaeconomica.com.br\/wp\/wp-content\/uploads\/2020\/12\/cropped-BE.png","width":512,"height":512,"caption":"Bahia Econ\u00f4mica"},"image":{"@id":"https:\/\/bahiaeconomica.com.br\/wp\/#\/schema\/logo\/image\/"},"sameAs":["https:\/\/www.facebook.com\/bahiaeconomica"]},{"@type":"Person","@id":"https:\/\/bahiaeconomica.com.br\/wp\/#\/schema\/person\/cb1ab5ba96ad3d9390805381c76284ec","name":"admin","url":"https:\/\/bahiaeconomica.com.br\/wp\/author\/admin\/"}]}},"views":2,"_links":{"self":[{"href":"https:\/\/bahiaeconomica.com.br\/wp\/wp-json\/wp\/v2\/posts\/476663"}],"collection":[{"href":"https:\/\/bahiaeconomica.com.br\/wp\/wp-json\/wp\/v2\/posts"}],"about":[{"href":"https:\/\/bahiaeconomica.com.br\/wp\/wp-json\/wp\/v2\/types\/post"}],"author":[{"embeddable":true,"href":"https:\/\/bahiaeconomica.com.br\/wp\/wp-json\/wp\/v2\/users\/1"}],"replies":[{"embeddable":true,"href":"https:\/\/bahiaeconomica.com.br\/wp\/wp-json\/wp\/v2\/comments?post=476663"}],"version-history":[{"count":5,"href":"https:\/\/bahiaeconomica.com.br\/wp\/wp-json\/wp\/v2\/posts\/476663\/revisions"}],"predecessor-version":[{"id":476672,"href":"https:\/\/bahiaeconomica.com.br\/wp\/wp-json\/wp\/v2\/posts\/476663\/revisions\/476672"}],"wp:featuredmedia":[{"embeddable":true,"href":"https:\/\/bahiaeconomica.com.br\/wp\/wp-json\/wp\/v2\/media\/421510"}],"wp:attachment":[{"href":"https:\/\/bahiaeconomica.com.br\/wp\/wp-json\/wp\/v2\/media?parent=476663"}],"wp:term":[{"taxonomy":"category","embeddable":true,"href":"https:\/\/bahiaeconomica.com.br\/wp\/wp-json\/wp\/v2\/categories?post=476663"},{"taxonomy":"post_tag","embeddable":true,"href":"https:\/\/bahiaeconomica.com.br\/wp\/wp-json\/wp\/v2\/tags?post=476663"}],"curies":[{"name":"wp","href":"https:\/\/api.w.org\/{rel}","templated":true}]}}