{"id":475263,"date":"2020-07-10T07:30:14","date_gmt":"2020-07-10T10:30:14","guid":{"rendered":"https:\/\/bahiaeconomica.com.br\/wp\/beta\/?p=475263"},"modified":"2020-07-10T10:50:59","modified_gmt":"2020-07-10T13:50:59","slug":"queiroz-deve-deixar-a-cadeia-hoje-estou-indo-te-buscar-meu-pai-diz-filha-em-rede-social","status":"publish","type":"post","link":"https:\/\/bahiaeconomica.com.br\/wp\/2020\/07\/10\/queiroz-deve-deixar-a-cadeia-hoje-estou-indo-te-buscar-meu-pai-diz-filha-em-rede-social\/","title":{"rendered":"QUEIROZ DEVE DEIXAR A CADEIA AINDA HOJE"},"content":{"rendered":"<p>O ex-assessor do senador Fl\u00e1vio Bolsonaro (Republicanos-RJ), Fabr\u00edcio Queiroz, deve ir para a pris\u00e3o domiciliar na manh\u00e3 desta sexta-feira (10). O benef\u00edcio foi <!--more-->concedido ap\u00f3s uma decis\u00e3o do ministro Jo\u00e3o Ot\u00e1vio Noronha, presidente do Superior Tribunal de Justi\u00e7a (STJ), na quinta (9). Uma das filhas dele deixou uma mensagem emocionada avisando que vai buscar o pai no Complexo Penitenci\u00e1rio de Gericin\u00f3. &#8220;Estou indo te buscar, meu pai! E voc\u00ea vai ter o abra\u00e7o de todos os seus filhos que est\u00e3o cheios de saudades e tanto te amam e sabem o homem incr\u00edvel que voc\u00ea \u00e9!&#8221;, disse a filha na mensagem.<\/p>\n<p>Opera\u00e7\u00e3o Anjo<\/p>\n<p>Queiroz est\u00e1 preso desde 18 de junho, quando a Pol\u00edcia Federal deflagrou a Opera\u00e7\u00e3o Anjo. A defesa afirma que o ex-assessor est\u00e1 fazendo um tratamento contra um c\u00e2ncer e usou como argumento o &#8220;atual est\u00e1gio da pandemia do coronav\u00edrus&#8221;. Os advogados disseram que Queiroz &#8220;\u00e9 portador de c\u00e2ncer no c\u00f3lon e recentemente se submeteu a cirurgia de pr\u00f3stata&#8221;. O benef\u00edcio tamb\u00e9m contempla a mulher de Queiroz, M\u00e1rcia Aguiar, cuja pris\u00e3o foi determinada na opera\u00e7\u00e3o e \u00e9 considerada foragida. De acordo com a defesa, ela vai se apresentar. Queiroz \u00e9 alvo de investiga\u00e7\u00e3o sobre o esquema das &#8220;rachadinhas&#8221; na Assembleia Legislativa do Rio de Janeiro (Alerj).<\/p>\n<p>Regras<\/p>\n<p>Para a concess\u00e3o da pris\u00e3o domiciliar, a defesa teve que indicar o endere\u00e7o onde o casal deve cumprir a pris\u00e3o domiciliar. Ser\u00e1 na Taquara, na Zona Oeste do Rio. Autoridades policiais ter\u00e3o acesso ao local sempre que for necess\u00e1rio. Tamb\u00e9m h\u00e1 a proibi\u00e7\u00e3o de contato com terceiros, menos familiares pr\u00f3ximos, profissionais de sa\u00fade e advogados. Foi determinado o desligamento das linhas telef\u00f4nicas fixas e a entrega de todos os telefones m\u00f3veis, assim como computadores, laptops e tablets. A medida foi tomada porque, de acordo com a investiga\u00e7\u00e3o, havia uma interfer\u00eancia de Queiroz nas investiga\u00e7\u00f5es.<\/p>\n<p>Foto: Reprodu\u00e7\u00e3o<\/p>\n","protected":false},"excerpt":{"rendered":"<p>O ex-assessor do senador Fl\u00e1vio Bolsonaro (Republicanos-RJ), Fabr\u00edcio Queiroz, deve ir para a pris\u00e3o domiciliar na manh\u00e3 desta sexta-feira (10). O benef\u00edcio foi<\/p>\n","protected":false},"author":1,"featured_media":277471,"comment_status":"closed","ping_status":"closed","sticky":false,"template":"","format":"standard","meta":[],"categories":[14,3],"tags":[],"acf":[],"yoast_head":"<!-- This site is optimized with the Yoast SEO plugin v20.8 - https:\/\/yoast.com\/wordpress\/plugins\/seo\/ -->\n<title>QUEIROZ DEVE DEIXAR A CADEIA AINDA HOJE - Bahia Economica<\/title>\n<meta name=\"description\" content=\"O maior portal de Economia da Bahia DESTAQUE DO DIA, ECONOMIA \/ POL\u00cdTICA Bahia Economica\" \/>\n<meta name=\"robots\" content=\"index, follow, max-snippet:-1, max-image-preview:large, max-video-preview:-1\" \/>\n<link rel=\"canonical\" href=\"https:\/\/bahiaeconomica.com.br\/wp\/2020\/07\/10\/queiroz-deve-deixar-a-cadeia-hoje-estou-indo-te-buscar-meu-pai-diz-filha-em-rede-social\/\" \/>\n<meta property=\"og:locale\" content=\"pt_BR\" \/>\n<meta property=\"og:type\" content=\"article\" \/>\n<meta property=\"og:title\" content=\"QUEIROZ DEVE DEIXAR A CADEIA AINDA HOJE - Bahia Economica\" \/>\n<meta property=\"og:description\" content=\"O maior portal de Economia da Bahia DESTAQUE DO DIA, ECONOMIA \/ POL\u00cdTICA Bahia Economica\" \/>\n<meta property=\"og:url\" content=\"https:\/\/bahiaeconomica.com.br\/wp\/2020\/07\/10\/queiroz-deve-deixar-a-cadeia-hoje-estou-indo-te-buscar-meu-pai-diz-filha-em-rede-social\/\" \/>\n<meta property=\"og:site_name\" content=\"Bahia Economica\" \/>\n<meta property=\"article:publisher\" content=\"https:\/\/www.facebook.com\/bahiaeconomica\" \/>\n<meta property=\"article:published_time\" content=\"2020-07-10T10:30:14+00:00\" \/>\n<meta property=\"article:modified_time\" content=\"2020-07-10T13:50:59+00:00\" \/>\n<meta property=\"og:image\" content=\"https:\/\/bahiaeconomica.com.br\/wp\/wp-content\/uploads\/2019\/02\/69290ex-assessor-diz-que-dava-23-do-salario-a-queiroz-3.jpg\" \/>\n\t<meta property=\"og:image:width\" content=\"500\" \/>\n\t<meta property=\"og:image:height\" content=\"300\" \/>\n\t<meta property=\"og:image:type\" content=\"image\/jpeg\" \/>\n<meta name=\"author\" content=\"admin\" \/>\n<meta name=\"twitter:card\" content=\"summary_large_image\" \/>\n<meta name=\"twitter:label1\" content=\"Escrito por\" \/>\n\t<meta name=\"twitter:data1\" content=\"admin\" \/>\n\t<meta name=\"twitter:label2\" content=\"Est. tempo de leitura\" \/>\n\t<meta name=\"twitter:data2\" content=\"2 minutos\" \/>\n<script type=\"application\/ld+json\" class=\"yoast-schema-graph\">{\"@context\":\"https:\/\/schema.org\",\"@graph\":[{\"@type\":\"Article\",\"@id\":\"https:\/\/bahiaeconomica.com.br\/wp\/2020\/07\/10\/queiroz-deve-deixar-a-cadeia-hoje-estou-indo-te-buscar-meu-pai-diz-filha-em-rede-social\/#article\",\"isPartOf\":{\"@id\":\"https:\/\/bahiaeconomica.com.br\/wp\/2020\/07\/10\/queiroz-deve-deixar-a-cadeia-hoje-estou-indo-te-buscar-meu-pai-diz-filha-em-rede-social\/\"},\"author\":{\"name\":\"admin\",\"@id\":\"https:\/\/bahiaeconomica.com.br\/wp\/#\/schema\/person\/cb1ab5ba96ad3d9390805381c76284ec\"},\"headline\":\"QUEIROZ DEVE DEIXAR A CADEIA AINDA HOJE\",\"datePublished\":\"2020-07-10T10:30:14+00:00\",\"dateModified\":\"2020-07-10T13:50:59+00:00\",\"mainEntityOfPage\":{\"@id\":\"https:\/\/bahiaeconomica.com.br\/wp\/2020\/07\/10\/queiroz-deve-deixar-a-cadeia-hoje-estou-indo-te-buscar-meu-pai-diz-filha-em-rede-social\/\"},\"wordCount\":348,\"publisher\":{\"@id\":\"https:\/\/bahiaeconomica.com.br\/wp\/#organization\"},\"articleSection\":[\"DESTAQUE DO DIA\",\"ECONOMIA \/ POL\u00cdTICA\"],\"inLanguage\":\"pt-BR\"},{\"@type\":\"WebPage\",\"@id\":\"https:\/\/bahiaeconomica.com.br\/wp\/2020\/07\/10\/queiroz-deve-deixar-a-cadeia-hoje-estou-indo-te-buscar-meu-pai-diz-filha-em-rede-social\/\",\"url\":\"https:\/\/bahiaeconomica.com.br\/wp\/2020\/07\/10\/queiroz-deve-deixar-a-cadeia-hoje-estou-indo-te-buscar-meu-pai-diz-filha-em-rede-social\/\",\"name\":\"QUEIROZ DEVE DEIXAR A CADEIA AINDA HOJE - Bahia Economica\",\"isPartOf\":{\"@id\":\"https:\/\/bahiaeconomica.com.br\/wp\/#website\"},\"datePublished\":\"2020-07-10T10:30:14+00:00\",\"dateModified\":\"2020-07-10T13:50:59+00:00\",\"description\":\"O maior portal de Economia da Bahia DESTAQUE DO DIA, ECONOMIA \/ POL\u00cdTICA Bahia Economica\",\"breadcrumb\":{\"@id\":\"https:\/\/bahiaeconomica.com.br\/wp\/2020\/07\/10\/queiroz-deve-deixar-a-cadeia-hoje-estou-indo-te-buscar-meu-pai-diz-filha-em-rede-social\/#breadcrumb\"},\"inLanguage\":\"pt-BR\",\"potentialAction\":[{\"@type\":\"ReadAction\",\"target\":[\"https:\/\/bahiaeconomica.com.br\/wp\/2020\/07\/10\/queiroz-deve-deixar-a-cadeia-hoje-estou-indo-te-buscar-meu-pai-diz-filha-em-rede-social\/\"]}]},{\"@type\":\"BreadcrumbList\",\"@id\":\"https:\/\/bahiaeconomica.com.br\/wp\/2020\/07\/10\/queiroz-deve-deixar-a-cadeia-hoje-estou-indo-te-buscar-meu-pai-diz-filha-em-rede-social\/#breadcrumb\",\"itemListElement\":[{\"@type\":\"ListItem\",\"position\":1,\"name\":\"In\u00edcio\",\"item\":\"https:\/\/bahiaeconomica.com.br\/wp\/\"},{\"@type\":\"ListItem\",\"position\":2,\"name\":\"QUEIROZ DEVE DEIXAR A CADEIA AINDA HOJE\"}]},{\"@type\":\"WebSite\",\"@id\":\"https:\/\/bahiaeconomica.com.br\/wp\/#website\",\"url\":\"https:\/\/bahiaeconomica.com.br\/wp\/\",\"name\":\"Bahia Economica\",\"description\":\"O maior portal de Economia da Bahia\",\"publisher\":{\"@id\":\"https:\/\/bahiaeconomica.com.br\/wp\/#organization\"},\"potentialAction\":[{\"@type\":\"SearchAction\",\"target\":{\"@type\":\"EntryPoint\",\"urlTemplate\":\"https:\/\/bahiaeconomica.com.br\/wp\/?s={search_term_string}\"},\"query-input\":\"required name=search_term_string\"}],\"inLanguage\":\"pt-BR\"},{\"@type\":\"Organization\",\"@id\":\"https:\/\/bahiaeconomica.com.br\/wp\/#organization\",\"name\":\"Bahia Econ\u00f4mica\",\"url\":\"https:\/\/bahiaeconomica.com.br\/wp\/\",\"logo\":{\"@type\":\"ImageObject\",\"inLanguage\":\"pt-BR\",\"@id\":\"https:\/\/bahiaeconomica.com.br\/wp\/#\/schema\/logo\/image\/\",\"url\":\"https:\/\/bahiaeconomica.com.br\/wp\/wp-content\/uploads\/2020\/12\/cropped-BE.png\",\"contentUrl\":\"https:\/\/bahiaeconomica.com.br\/wp\/wp-content\/uploads\/2020\/12\/cropped-BE.png\",\"width\":512,\"height\":512,\"caption\":\"Bahia Econ\u00f4mica\"},\"image\":{\"@id\":\"https:\/\/bahiaeconomica.com.br\/wp\/#\/schema\/logo\/image\/\"},\"sameAs\":[\"https:\/\/www.facebook.com\/bahiaeconomica\"]},{\"@type\":\"Person\",\"@id\":\"https:\/\/bahiaeconomica.com.br\/wp\/#\/schema\/person\/cb1ab5ba96ad3d9390805381c76284ec\",\"name\":\"admin\",\"url\":\"https:\/\/bahiaeconomica.com.br\/wp\/author\/admin\/\"}]}<\/script>\n<!-- \/ Yoast SEO plugin. -->","yoast_head_json":{"title":"QUEIROZ DEVE DEIXAR A CADEIA AINDA HOJE - Bahia Economica","description":"O maior portal de Economia da Bahia DESTAQUE DO DIA, ECONOMIA \/ POL\u00cdTICA Bahia Economica","robots":{"index":"index","follow":"follow","max-snippet":"max-snippet:-1","max-image-preview":"max-image-preview:large","max-video-preview":"max-video-preview:-1"},"canonical":"https:\/\/bahiaeconomica.com.br\/wp\/2020\/07\/10\/queiroz-deve-deixar-a-cadeia-hoje-estou-indo-te-buscar-meu-pai-diz-filha-em-rede-social\/","og_locale":"pt_BR","og_type":"article","og_title":"QUEIROZ DEVE DEIXAR A CADEIA AINDA HOJE - Bahia Economica","og_description":"O maior portal de Economia da Bahia DESTAQUE DO DIA, ECONOMIA \/ POL\u00cdTICA Bahia Economica","og_url":"https:\/\/bahiaeconomica.com.br\/wp\/2020\/07\/10\/queiroz-deve-deixar-a-cadeia-hoje-estou-indo-te-buscar-meu-pai-diz-filha-em-rede-social\/","og_site_name":"Bahia Economica","article_publisher":"https:\/\/www.facebook.com\/bahiaeconomica","article_published_time":"2020-07-10T10:30:14+00:00","article_modified_time":"2020-07-10T13:50:59+00:00","og_image":[{"width":500,"height":300,"url":"https:\/\/bahiaeconomica.com.br\/wp\/wp-content\/uploads\/2019\/02\/69290ex-assessor-diz-que-dava-23-do-salario-a-queiroz-3.jpg","type":"image\/jpeg"}],"author":"admin","twitter_card":"summary_large_image","twitter_misc":{"Escrito por":"admin","Est. tempo de leitura":"2 minutos"},"schema":{"@context":"https:\/\/schema.org","@graph":[{"@type":"Article","@id":"https:\/\/bahiaeconomica.com.br\/wp\/2020\/07\/10\/queiroz-deve-deixar-a-cadeia-hoje-estou-indo-te-buscar-meu-pai-diz-filha-em-rede-social\/#article","isPartOf":{"@id":"https:\/\/bahiaeconomica.com.br\/wp\/2020\/07\/10\/queiroz-deve-deixar-a-cadeia-hoje-estou-indo-te-buscar-meu-pai-diz-filha-em-rede-social\/"},"author":{"name":"admin","@id":"https:\/\/bahiaeconomica.com.br\/wp\/#\/schema\/person\/cb1ab5ba96ad3d9390805381c76284ec"},"headline":"QUEIROZ DEVE DEIXAR A CADEIA AINDA HOJE","datePublished":"2020-07-10T10:30:14+00:00","dateModified":"2020-07-10T13:50:59+00:00","mainEntityOfPage":{"@id":"https:\/\/bahiaeconomica.com.br\/wp\/2020\/07\/10\/queiroz-deve-deixar-a-cadeia-hoje-estou-indo-te-buscar-meu-pai-diz-filha-em-rede-social\/"},"wordCount":348,"publisher":{"@id":"https:\/\/bahiaeconomica.com.br\/wp\/#organization"},"articleSection":["DESTAQUE DO DIA","ECONOMIA \/ POL\u00cdTICA"],"inLanguage":"pt-BR"},{"@type":"WebPage","@id":"https:\/\/bahiaeconomica.com.br\/wp\/2020\/07\/10\/queiroz-deve-deixar-a-cadeia-hoje-estou-indo-te-buscar-meu-pai-diz-filha-em-rede-social\/","url":"https:\/\/bahiaeconomica.com.br\/wp\/2020\/07\/10\/queiroz-deve-deixar-a-cadeia-hoje-estou-indo-te-buscar-meu-pai-diz-filha-em-rede-social\/","name":"QUEIROZ DEVE DEIXAR A CADEIA AINDA HOJE - Bahia Economica","isPartOf":{"@id":"https:\/\/bahiaeconomica.com.br\/wp\/#website"},"datePublished":"2020-07-10T10:30:14+00:00","dateModified":"2020-07-10T13:50:59+00:00","description":"O maior portal de Economia da Bahia DESTAQUE DO DIA, ECONOMIA \/ POL\u00cdTICA Bahia Economica","breadcrumb":{"@id":"https:\/\/bahiaeconomica.com.br\/wp\/2020\/07\/10\/queiroz-deve-deixar-a-cadeia-hoje-estou-indo-te-buscar-meu-pai-diz-filha-em-rede-social\/#breadcrumb"},"inLanguage":"pt-BR","potentialAction":[{"@type":"ReadAction","target":["https:\/\/bahiaeconomica.com.br\/wp\/2020\/07\/10\/queiroz-deve-deixar-a-cadeia-hoje-estou-indo-te-buscar-meu-pai-diz-filha-em-rede-social\/"]}]},{"@type":"BreadcrumbList","@id":"https:\/\/bahiaeconomica.com.br\/wp\/2020\/07\/10\/queiroz-deve-deixar-a-cadeia-hoje-estou-indo-te-buscar-meu-pai-diz-filha-em-rede-social\/#breadcrumb","itemListElement":[{"@type":"ListItem","position":1,"name":"In\u00edcio","item":"https:\/\/bahiaeconomica.com.br\/wp\/"},{"@type":"ListItem","position":2,"name":"QUEIROZ DEVE DEIXAR A CADEIA AINDA HOJE"}]},{"@type":"WebSite","@id":"https:\/\/bahiaeconomica.com.br\/wp\/#website","url":"https:\/\/bahiaeconomica.com.br\/wp\/","name":"Bahia Economica","description":"O maior portal de Economia da Bahia","publisher":{"@id":"https:\/\/bahiaeconomica.com.br\/wp\/#organization"},"potentialAction":[{"@type":"SearchAction","target":{"@type":"EntryPoint","urlTemplate":"https:\/\/bahiaeconomica.com.br\/wp\/?s={search_term_string}"},"query-input":"required name=search_term_string"}],"inLanguage":"pt-BR"},{"@type":"Organization","@id":"https:\/\/bahiaeconomica.com.br\/wp\/#organization","name":"Bahia Econ\u00f4mica","url":"https:\/\/bahiaeconomica.com.br\/wp\/","logo":{"@type":"ImageObject","inLanguage":"pt-BR","@id":"https:\/\/bahiaeconomica.com.br\/wp\/#\/schema\/logo\/image\/","url":"https:\/\/bahiaeconomica.com.br\/wp\/wp-content\/uploads\/2020\/12\/cropped-BE.png","contentUrl":"https:\/\/bahiaeconomica.com.br\/wp\/wp-content\/uploads\/2020\/12\/cropped-BE.png","width":512,"height":512,"caption":"Bahia Econ\u00f4mica"},"image":{"@id":"https:\/\/bahiaeconomica.com.br\/wp\/#\/schema\/logo\/image\/"},"sameAs":["https:\/\/www.facebook.com\/bahiaeconomica"]},{"@type":"Person","@id":"https:\/\/bahiaeconomica.com.br\/wp\/#\/schema\/person\/cb1ab5ba96ad3d9390805381c76284ec","name":"admin","url":"https:\/\/bahiaeconomica.com.br\/wp\/author\/admin\/"}]}},"views":4,"_links":{"self":[{"href":"https:\/\/bahiaeconomica.com.br\/wp\/wp-json\/wp\/v2\/posts\/475263"}],"collection":[{"href":"https:\/\/bahiaeconomica.com.br\/wp\/wp-json\/wp\/v2\/posts"}],"about":[{"href":"https:\/\/bahiaeconomica.com.br\/wp\/wp-json\/wp\/v2\/types\/post"}],"author":[{"embeddable":true,"href":"https:\/\/bahiaeconomica.com.br\/wp\/wp-json\/wp\/v2\/users\/1"}],"replies":[{"embeddable":true,"href":"https:\/\/bahiaeconomica.com.br\/wp\/wp-json\/wp\/v2\/comments?post=475263"}],"version-history":[{"count":2,"href":"https:\/\/bahiaeconomica.com.br\/wp\/wp-json\/wp\/v2\/posts\/475263\/revisions"}],"predecessor-version":[{"id":475356,"href":"https:\/\/bahiaeconomica.com.br\/wp\/wp-json\/wp\/v2\/posts\/475263\/revisions\/475356"}],"wp:featuredmedia":[{"embeddable":true,"href":"https:\/\/bahiaeconomica.com.br\/wp\/wp-json\/wp\/v2\/media\/277471"}],"wp:attachment":[{"href":"https:\/\/bahiaeconomica.com.br\/wp\/wp-json\/wp\/v2\/media?parent=475263"}],"wp:term":[{"taxonomy":"category","embeddable":true,"href":"https:\/\/bahiaeconomica.com.br\/wp\/wp-json\/wp\/v2\/categories?post=475263"},{"taxonomy":"post_tag","embeddable":true,"href":"https:\/\/bahiaeconomica.com.br\/wp\/wp-json\/wp\/v2\/tags?post=475263"}],"curies":[{"name":"wp","href":"https:\/\/api.w.org\/{rel}","templated":true}]}}