{"id":474630,"date":"2020-07-08T13:00:38","date_gmt":"2020-07-08T16:00:38","guid":{"rendered":"https:\/\/bahiaeconomica.com.br\/wp\/beta\/?p=474630"},"modified":"2020-07-08T13:03:43","modified_gmt":"2020-07-08T16:03:43","slug":"prefeitura-garante-99-novos-leitos-de-uti-para-pacientes-com-covid-19","status":"publish","type":"post","link":"https:\/\/bahiaeconomica.com.br\/wp\/2020\/07\/08\/prefeitura-garante-99-novos-leitos-de-uti-para-pacientes-com-covid-19\/","title":{"rendered":"PREFEITURA GARANTE 99 NOVOS LEITOS DE UTI PARA PACIENTES COM COVID-19"},"content":{"rendered":"<p>A Prefeitura est\u00e1 fazendo o maior esfor\u00e7o concentrado desde o in\u00edcio da pandemia para ampliar o n\u00famero de leitos de UTI exclusivos para pacientes com a Covid-19. Nas <!--more-->pr\u00f3ximas semanas, a expectativa da Secretaria Municipal de Sa\u00fade (SMS) \u00e9 de abertura de 99 leitos, sendo que dez j\u00e1 come\u00e7aram a funcionar hoje no Hospital Municipal de Salvador (HMS). Como explicou o titular da secretaria, Leo Prates, outros 20 ser\u00e3o abertos na unidade de emerg\u00eancia instalada no Hospital Sagrada Fam\u00edlia, 20 no Wet\u00b4n Wild, 24 no Hospital Salvador e 25 na Arena Fonte Nova, em parceria com o governo do Estado.<\/p>\n<p>&#8220;Com esse esfor\u00e7o, devemos baixar a taxa de ocupa\u00e7\u00e3o dos leitos de UTI em nossa cidade para a casa dos 71%. Hoje, estamos beirando os 80%. Isso \u00e9 fundamental porque a reabertura das atividades est\u00e1 ligada \u00e0 taxa de ocupa\u00e7\u00e3o dos leitos&#8221;, ressaltou Leo Prates. No caso do Hospital Salvador, a Prefeitura espera resolver nos pr\u00f3ximos dias as pend\u00eancias no \u00e2mbito da Justi\u00e7a com a Universidade Federal da Bahia (Ufba). Em rela\u00e7\u00e3o \u00e0 Fonte Nova, os detalhes da parceria est\u00e3o sendo finalizados. Nesse caso, a SMS vai doar os respiradores para o hospital de campanha montado pelo governo no est\u00e1dio, assumindo ainda os custos da opera\u00e7\u00e3o dos 25 leitos.<\/p>\n<p>Balan\u00e7o &#8211; Dez novos leitos de UTI para pacientes com o novo coronav\u00edrus j\u00e1 est\u00e3o funcionando no Hospital Municipal de Salvador (HMS), totalizando agora 20 na unidade. No total, o munic\u00edpio disp\u00f5e de 353 leitos entre contratualizados e hospitais de campanha. Al\u00e9m disso, a Prefeitura j\u00e1 inaugurou tr\u00eas grip\u00e1rios nas UPAs Piraj\u00e1\/Santo In\u00e1cio, Vale dos Barris e Paripe. Esses equipamentos s\u00e3o dedicados ao atendimento de pessoas com s\u00edndromes gripais e, assim, podem garantir suporte imediato a pacientes com a Covid-19.<\/p>\n<p>Interior &#8211; Hoje pela manh\u00e3, durante a inaugura\u00e7\u00e3o das c\u00e2meras de medi\u00e7\u00e3o de temperatura na Esta\u00e7\u00e3o da Lapa, o prefeito ACM Neto lembrou que muitos dos leitos para pacientes com a Covid-19 na capital s\u00e3o ocupados por pacientes vindos do interior, a maioria regulados via Unidades de Pronto Atendimento (UPAs). &#8220;N\u00e3o adianta Salvador reduzir a taxa de ocupa\u00e7\u00e3o dos leitos se o interior aumentar. Precisamos do esfor\u00e7o de todos, inclusive dos demais prefeitos, sobretudo daqueles da regi\u00e3o metropolitana da capital. Nunca vamos negar atendimento a esses pacientes, mas esse trabalho conjunto \u00e9 fundamental&#8221;, declarou ACM Neto.<\/p>\n<p>Foto: Max Haack\/Secom<\/p>\n","protected":false},"excerpt":{"rendered":"<p>A Prefeitura est\u00e1 fazendo o maior esfor\u00e7o concentrado desde o in\u00edcio da pandemia para ampliar o n\u00famero de leitos de UTI exclusivos para pacientes com a Covid-19. Nas<\/p>\n","protected":false},"author":1,"featured_media":454108,"comment_status":"closed","ping_status":"closed","sticky":false,"template":"","format":"standard","meta":[],"categories":[3],"tags":[],"acf":[],"yoast_head":"<!-- This site is optimized with the Yoast SEO plugin v20.8 - https:\/\/yoast.com\/wordpress\/plugins\/seo\/ -->\n<title>PREFEITURA GARANTE 99 NOVOS LEITOS DE UTI PARA PACIENTES COM COVID-19 - Bahia Economica<\/title>\n<meta name=\"description\" content=\"O maior portal de Economia da Bahia ECONOMIA \/ POL\u00cdTICA Bahia Economica\" \/>\n<meta name=\"robots\" content=\"index, follow, max-snippet:-1, max-image-preview:large, max-video-preview:-1\" \/>\n<link rel=\"canonical\" href=\"https:\/\/bahiaeconomica.com.br\/wp\/2020\/07\/08\/prefeitura-garante-99-novos-leitos-de-uti-para-pacientes-com-covid-19\/\" \/>\n<meta property=\"og:locale\" content=\"pt_BR\" \/>\n<meta property=\"og:type\" content=\"article\" \/>\n<meta property=\"og:title\" content=\"PREFEITURA GARANTE 99 NOVOS LEITOS DE UTI PARA PACIENTES COM COVID-19 - Bahia Economica\" \/>\n<meta property=\"og:description\" content=\"O maior portal de Economia da Bahia ECONOMIA \/ POL\u00cdTICA Bahia Economica\" \/>\n<meta property=\"og:url\" content=\"https:\/\/bahiaeconomica.com.br\/wp\/2020\/07\/08\/prefeitura-garante-99-novos-leitos-de-uti-para-pacientes-com-covid-19\/\" \/>\n<meta property=\"og:site_name\" content=\"Bahia Economica\" \/>\n<meta property=\"article:publisher\" content=\"https:\/\/www.facebook.com\/bahiaeconomica\" \/>\n<meta property=\"article:published_time\" content=\"2020-07-08T16:00:38+00:00\" \/>\n<meta property=\"article:modified_time\" content=\"2020-07-08T16:03:43+00:00\" \/>\n<meta property=\"og:image\" content=\"https:\/\/bahiaeconomica.com.br\/wp\/wp-content\/uploads\/2020\/04\/leo-prates-e-acm-neto-Foto-Reginaldo-Ip\u00ea-CMS.jpg\" \/>\n\t<meta property=\"og:image:width\" content=\"500\" \/>\n\t<meta property=\"og:image:height\" content=\"313\" \/>\n\t<meta property=\"og:image:type\" content=\"image\/jpeg\" \/>\n<meta name=\"author\" content=\"admin\" \/>\n<meta name=\"twitter:card\" content=\"summary_large_image\" \/>\n<meta name=\"twitter:label1\" content=\"Escrito por\" \/>\n\t<meta name=\"twitter:data1\" content=\"admin\" \/>\n\t<meta name=\"twitter:label2\" content=\"Est. tempo de leitura\" \/>\n\t<meta name=\"twitter:data2\" content=\"2 minutos\" \/>\n<script type=\"application\/ld+json\" class=\"yoast-schema-graph\">{\"@context\":\"https:\/\/schema.org\",\"@graph\":[{\"@type\":\"Article\",\"@id\":\"https:\/\/bahiaeconomica.com.br\/wp\/2020\/07\/08\/prefeitura-garante-99-novos-leitos-de-uti-para-pacientes-com-covid-19\/#article\",\"isPartOf\":{\"@id\":\"https:\/\/bahiaeconomica.com.br\/wp\/2020\/07\/08\/prefeitura-garante-99-novos-leitos-de-uti-para-pacientes-com-covid-19\/\"},\"author\":{\"name\":\"admin\",\"@id\":\"https:\/\/bahiaeconomica.com.br\/wp\/#\/schema\/person\/cb1ab5ba96ad3d9390805381c76284ec\"},\"headline\":\"PREFEITURA GARANTE 99 NOVOS LEITOS DE UTI PARA PACIENTES COM COVID-19\",\"datePublished\":\"2020-07-08T16:00:38+00:00\",\"dateModified\":\"2020-07-08T16:03:43+00:00\",\"mainEntityOfPage\":{\"@id\":\"https:\/\/bahiaeconomica.com.br\/wp\/2020\/07\/08\/prefeitura-garante-99-novos-leitos-de-uti-para-pacientes-com-covid-19\/\"},\"wordCount\":425,\"publisher\":{\"@id\":\"https:\/\/bahiaeconomica.com.br\/wp\/#organization\"},\"articleSection\":[\"ECONOMIA \/ POL\u00cdTICA\"],\"inLanguage\":\"pt-BR\"},{\"@type\":\"WebPage\",\"@id\":\"https:\/\/bahiaeconomica.com.br\/wp\/2020\/07\/08\/prefeitura-garante-99-novos-leitos-de-uti-para-pacientes-com-covid-19\/\",\"url\":\"https:\/\/bahiaeconomica.com.br\/wp\/2020\/07\/08\/prefeitura-garante-99-novos-leitos-de-uti-para-pacientes-com-covid-19\/\",\"name\":\"PREFEITURA GARANTE 99 NOVOS LEITOS DE UTI PARA PACIENTES COM COVID-19 - Bahia Economica\",\"isPartOf\":{\"@id\":\"https:\/\/bahiaeconomica.com.br\/wp\/#website\"},\"datePublished\":\"2020-07-08T16:00:38+00:00\",\"dateModified\":\"2020-07-08T16:03:43+00:00\",\"description\":\"O maior portal de Economia da Bahia ECONOMIA \/ POL\u00cdTICA Bahia Economica\",\"breadcrumb\":{\"@id\":\"https:\/\/bahiaeconomica.com.br\/wp\/2020\/07\/08\/prefeitura-garante-99-novos-leitos-de-uti-para-pacientes-com-covid-19\/#breadcrumb\"},\"inLanguage\":\"pt-BR\",\"potentialAction\":[{\"@type\":\"ReadAction\",\"target\":[\"https:\/\/bahiaeconomica.com.br\/wp\/2020\/07\/08\/prefeitura-garante-99-novos-leitos-de-uti-para-pacientes-com-covid-19\/\"]}]},{\"@type\":\"BreadcrumbList\",\"@id\":\"https:\/\/bahiaeconomica.com.br\/wp\/2020\/07\/08\/prefeitura-garante-99-novos-leitos-de-uti-para-pacientes-com-covid-19\/#breadcrumb\",\"itemListElement\":[{\"@type\":\"ListItem\",\"position\":1,\"name\":\"In\u00edcio\",\"item\":\"https:\/\/bahiaeconomica.com.br\/wp\/\"},{\"@type\":\"ListItem\",\"position\":2,\"name\":\"PREFEITURA GARANTE 99 NOVOS LEITOS DE UTI PARA PACIENTES COM COVID-19\"}]},{\"@type\":\"WebSite\",\"@id\":\"https:\/\/bahiaeconomica.com.br\/wp\/#website\",\"url\":\"https:\/\/bahiaeconomica.com.br\/wp\/\",\"name\":\"Bahia Economica\",\"description\":\"O maior portal de Economia da Bahia\",\"publisher\":{\"@id\":\"https:\/\/bahiaeconomica.com.br\/wp\/#organization\"},\"potentialAction\":[{\"@type\":\"SearchAction\",\"target\":{\"@type\":\"EntryPoint\",\"urlTemplate\":\"https:\/\/bahiaeconomica.com.br\/wp\/?s={search_term_string}\"},\"query-input\":\"required name=search_term_string\"}],\"inLanguage\":\"pt-BR\"},{\"@type\":\"Organization\",\"@id\":\"https:\/\/bahiaeconomica.com.br\/wp\/#organization\",\"name\":\"Bahia Econ\u00f4mica\",\"url\":\"https:\/\/bahiaeconomica.com.br\/wp\/\",\"logo\":{\"@type\":\"ImageObject\",\"inLanguage\":\"pt-BR\",\"@id\":\"https:\/\/bahiaeconomica.com.br\/wp\/#\/schema\/logo\/image\/\",\"url\":\"https:\/\/bahiaeconomica.com.br\/wp\/wp-content\/uploads\/2020\/12\/cropped-BE.png\",\"contentUrl\":\"https:\/\/bahiaeconomica.com.br\/wp\/wp-content\/uploads\/2020\/12\/cropped-BE.png\",\"width\":512,\"height\":512,\"caption\":\"Bahia Econ\u00f4mica\"},\"image\":{\"@id\":\"https:\/\/bahiaeconomica.com.br\/wp\/#\/schema\/logo\/image\/\"},\"sameAs\":[\"https:\/\/www.facebook.com\/bahiaeconomica\"]},{\"@type\":\"Person\",\"@id\":\"https:\/\/bahiaeconomica.com.br\/wp\/#\/schema\/person\/cb1ab5ba96ad3d9390805381c76284ec\",\"name\":\"admin\",\"url\":\"https:\/\/bahiaeconomica.com.br\/wp\/author\/admin\/\"}]}<\/script>\n<!-- \/ Yoast SEO plugin. -->","yoast_head_json":{"title":"PREFEITURA GARANTE 99 NOVOS LEITOS DE UTI PARA PACIENTES COM COVID-19 - Bahia Economica","description":"O maior portal de Economia da Bahia ECONOMIA \/ POL\u00cdTICA Bahia Economica","robots":{"index":"index","follow":"follow","max-snippet":"max-snippet:-1","max-image-preview":"max-image-preview:large","max-video-preview":"max-video-preview:-1"},"canonical":"https:\/\/bahiaeconomica.com.br\/wp\/2020\/07\/08\/prefeitura-garante-99-novos-leitos-de-uti-para-pacientes-com-covid-19\/","og_locale":"pt_BR","og_type":"article","og_title":"PREFEITURA GARANTE 99 NOVOS LEITOS DE UTI PARA PACIENTES COM COVID-19 - Bahia Economica","og_description":"O maior portal de Economia da Bahia ECONOMIA \/ POL\u00cdTICA Bahia Economica","og_url":"https:\/\/bahiaeconomica.com.br\/wp\/2020\/07\/08\/prefeitura-garante-99-novos-leitos-de-uti-para-pacientes-com-covid-19\/","og_site_name":"Bahia Economica","article_publisher":"https:\/\/www.facebook.com\/bahiaeconomica","article_published_time":"2020-07-08T16:00:38+00:00","article_modified_time":"2020-07-08T16:03:43+00:00","og_image":[{"width":500,"height":313,"url":"https:\/\/bahiaeconomica.com.br\/wp\/wp-content\/uploads\/2020\/04\/leo-prates-e-acm-neto-Foto-Reginaldo-Ip\u00ea-CMS.jpg","type":"image\/jpeg"}],"author":"admin","twitter_card":"summary_large_image","twitter_misc":{"Escrito por":"admin","Est. tempo de leitura":"2 minutos"},"schema":{"@context":"https:\/\/schema.org","@graph":[{"@type":"Article","@id":"https:\/\/bahiaeconomica.com.br\/wp\/2020\/07\/08\/prefeitura-garante-99-novos-leitos-de-uti-para-pacientes-com-covid-19\/#article","isPartOf":{"@id":"https:\/\/bahiaeconomica.com.br\/wp\/2020\/07\/08\/prefeitura-garante-99-novos-leitos-de-uti-para-pacientes-com-covid-19\/"},"author":{"name":"admin","@id":"https:\/\/bahiaeconomica.com.br\/wp\/#\/schema\/person\/cb1ab5ba96ad3d9390805381c76284ec"},"headline":"PREFEITURA GARANTE 99 NOVOS LEITOS DE UTI PARA PACIENTES COM COVID-19","datePublished":"2020-07-08T16:00:38+00:00","dateModified":"2020-07-08T16:03:43+00:00","mainEntityOfPage":{"@id":"https:\/\/bahiaeconomica.com.br\/wp\/2020\/07\/08\/prefeitura-garante-99-novos-leitos-de-uti-para-pacientes-com-covid-19\/"},"wordCount":425,"publisher":{"@id":"https:\/\/bahiaeconomica.com.br\/wp\/#organization"},"articleSection":["ECONOMIA \/ POL\u00cdTICA"],"inLanguage":"pt-BR"},{"@type":"WebPage","@id":"https:\/\/bahiaeconomica.com.br\/wp\/2020\/07\/08\/prefeitura-garante-99-novos-leitos-de-uti-para-pacientes-com-covid-19\/","url":"https:\/\/bahiaeconomica.com.br\/wp\/2020\/07\/08\/prefeitura-garante-99-novos-leitos-de-uti-para-pacientes-com-covid-19\/","name":"PREFEITURA GARANTE 99 NOVOS LEITOS DE UTI PARA PACIENTES COM COVID-19 - Bahia Economica","isPartOf":{"@id":"https:\/\/bahiaeconomica.com.br\/wp\/#website"},"datePublished":"2020-07-08T16:00:38+00:00","dateModified":"2020-07-08T16:03:43+00:00","description":"O maior portal de Economia da Bahia ECONOMIA \/ POL\u00cdTICA Bahia Economica","breadcrumb":{"@id":"https:\/\/bahiaeconomica.com.br\/wp\/2020\/07\/08\/prefeitura-garante-99-novos-leitos-de-uti-para-pacientes-com-covid-19\/#breadcrumb"},"inLanguage":"pt-BR","potentialAction":[{"@type":"ReadAction","target":["https:\/\/bahiaeconomica.com.br\/wp\/2020\/07\/08\/prefeitura-garante-99-novos-leitos-de-uti-para-pacientes-com-covid-19\/"]}]},{"@type":"BreadcrumbList","@id":"https:\/\/bahiaeconomica.com.br\/wp\/2020\/07\/08\/prefeitura-garante-99-novos-leitos-de-uti-para-pacientes-com-covid-19\/#breadcrumb","itemListElement":[{"@type":"ListItem","position":1,"name":"In\u00edcio","item":"https:\/\/bahiaeconomica.com.br\/wp\/"},{"@type":"ListItem","position":2,"name":"PREFEITURA GARANTE 99 NOVOS LEITOS DE UTI PARA PACIENTES COM COVID-19"}]},{"@type":"WebSite","@id":"https:\/\/bahiaeconomica.com.br\/wp\/#website","url":"https:\/\/bahiaeconomica.com.br\/wp\/","name":"Bahia Economica","description":"O maior portal de Economia da Bahia","publisher":{"@id":"https:\/\/bahiaeconomica.com.br\/wp\/#organization"},"potentialAction":[{"@type":"SearchAction","target":{"@type":"EntryPoint","urlTemplate":"https:\/\/bahiaeconomica.com.br\/wp\/?s={search_term_string}"},"query-input":"required name=search_term_string"}],"inLanguage":"pt-BR"},{"@type":"Organization","@id":"https:\/\/bahiaeconomica.com.br\/wp\/#organization","name":"Bahia Econ\u00f4mica","url":"https:\/\/bahiaeconomica.com.br\/wp\/","logo":{"@type":"ImageObject","inLanguage":"pt-BR","@id":"https:\/\/bahiaeconomica.com.br\/wp\/#\/schema\/logo\/image\/","url":"https:\/\/bahiaeconomica.com.br\/wp\/wp-content\/uploads\/2020\/12\/cropped-BE.png","contentUrl":"https:\/\/bahiaeconomica.com.br\/wp\/wp-content\/uploads\/2020\/12\/cropped-BE.png","width":512,"height":512,"caption":"Bahia Econ\u00f4mica"},"image":{"@id":"https:\/\/bahiaeconomica.com.br\/wp\/#\/schema\/logo\/image\/"},"sameAs":["https:\/\/www.facebook.com\/bahiaeconomica"]},{"@type":"Person","@id":"https:\/\/bahiaeconomica.com.br\/wp\/#\/schema\/person\/cb1ab5ba96ad3d9390805381c76284ec","name":"admin","url":"https:\/\/bahiaeconomica.com.br\/wp\/author\/admin\/"}]}},"views":2,"_links":{"self":[{"href":"https:\/\/bahiaeconomica.com.br\/wp\/wp-json\/wp\/v2\/posts\/474630"}],"collection":[{"href":"https:\/\/bahiaeconomica.com.br\/wp\/wp-json\/wp\/v2\/posts"}],"about":[{"href":"https:\/\/bahiaeconomica.com.br\/wp\/wp-json\/wp\/v2\/types\/post"}],"author":[{"embeddable":true,"href":"https:\/\/bahiaeconomica.com.br\/wp\/wp-json\/wp\/v2\/users\/1"}],"replies":[{"embeddable":true,"href":"https:\/\/bahiaeconomica.com.br\/wp\/wp-json\/wp\/v2\/comments?post=474630"}],"version-history":[{"count":1,"href":"https:\/\/bahiaeconomica.com.br\/wp\/wp-json\/wp\/v2\/posts\/474630\/revisions"}],"predecessor-version":[{"id":474632,"href":"https:\/\/bahiaeconomica.com.br\/wp\/wp-json\/wp\/v2\/posts\/474630\/revisions\/474632"}],"wp:featuredmedia":[{"embeddable":true,"href":"https:\/\/bahiaeconomica.com.br\/wp\/wp-json\/wp\/v2\/media\/454108"}],"wp:attachment":[{"href":"https:\/\/bahiaeconomica.com.br\/wp\/wp-json\/wp\/v2\/media?parent=474630"}],"wp:term":[{"taxonomy":"category","embeddable":true,"href":"https:\/\/bahiaeconomica.com.br\/wp\/wp-json\/wp\/v2\/categories?post=474630"},{"taxonomy":"post_tag","embeddable":true,"href":"https:\/\/bahiaeconomica.com.br\/wp\/wp-json\/wp\/v2\/tags?post=474630"}],"curies":[{"name":"wp","href":"https:\/\/api.w.org\/{rel}","templated":true}]}}