{"id":474202,"date":"2020-07-20T07:00:33","date_gmt":"2020-07-20T10:00:33","guid":{"rendered":"https:\/\/bahiaeconomica.com.br\/wp\/beta\/?p=474202"},"modified":"2020-07-20T07:39:50","modified_gmt":"2020-07-20T10:39:50","slug":"j-aaa-entrevista-carlos-henrique-passos-diretor-sinduscon-ba","status":"publish","type":"post","link":"https:\/\/bahiaeconomica.com.br\/wp\/2020\/07\/20\/j-aaa-entrevista-carlos-henrique-passos-diretor-sinduscon-ba\/","title":{"rendered":"ENTREVISTA &#8211; CARLOS HENRIQUE PASSOS &#8211; DIRETOR SINDUSCON-BA"},"content":{"rendered":"<p><strong>Bahia Econ\u00f4mica \u2013 O mercado imobili\u00e1rio tinha uma expectativa boa para 2020, com alguns lan\u00e7amentos j\u00e1 encaminhados. O senhor acha que o ano vai permanecer bom depois da pandemia do coronav\u00edrus?<\/strong><\/p>\n<p><strong>Carlos Henrique &#8211;<\/strong> &nbsp;De fato todos os indicadores sinalizavam que 2020 seria um ano de consolida\u00e7\u00e3o do crescimento do mercado imobili\u00e1rio. A pandemia trouxe uma brusca mudan\u00e7a nesta expectativa, refletindo nos meses de mar\u00e7o e abril, com forte redu\u00e7\u00e3o das vendas. Por\u00e9m, j\u00e1 em maio e, principalmente, em junho, passamos a observar novo movimento positivo no mercado a partir de medidas que foram oferecidas pelos incorporadores e bancos.<\/p>\n<p><strong>BE \u2013 Como o senhor avalia a posi\u00e7\u00e3o do mercado imobili\u00e1rio depois desse per\u00edodo de pandemia?<\/strong><\/p>\n<p><strong>CH-<\/strong> Ainda \u00e9 muito cedo para falarmos do &#8220;p\u00f3s-pandemia&#8221;, mas temos a impress\u00e3o de que o pior j\u00e1 passou. Nesta fase de conviv\u00eancia com a pandemia o esp\u00edrito de sobreviv\u00eancia das pessoas e empresas tem resgatado e antecipado projetos que ajudam a mitigar os riscos. Alguns exemplos que podemos citar s\u00e3o: a venda on-line de im\u00f3veis; a digitaliza\u00e7\u00e3o de documentos internos das empresas; as medidas de prote\u00e7\u00e3o ao trabalhador, etc.<\/p>\n<p><strong>BE \u2013 Existe a possibilidade de demiss\u00e3o ou n\u00e3o contrata\u00e7\u00e3o de m\u00e3o de obra depois desse per\u00edodo?<\/strong><\/p>\n<p><strong>CH-<\/strong> Sobre a quest\u00e3o do emprego, a constru\u00e7\u00e3o civil tem respondido de forma positiva, conforme atesta o Cadastro Geral de Empregados e Desempregados &#8211; CAGED dos meses de abril e maio. Se o atual n\u00edvel de atividade n\u00e3o tem sido suficiente para gerar novos empregos, temos nos apresentado como a atividade econ\u00f4mica com menor redu\u00e7\u00e3o de vagas (44.647 para um total 1.144.875). Entretanto, para o desempenho ser mantido ou melhorado, temos a clareza que s\u00e3o necess\u00e1rias novas obras. Da\u00ed a import\u00e2ncia de novos lan\u00e7amentos imobili\u00e1rios, assim como de obras de infra-estrutura ou equipamentos p\u00fablicos, com recursos privados ou p\u00fablicos.<\/p>\n<p><strong>BE \u2013 Como o senhor avalia as medidas fiscais adotada pelo governo federal para ajudar o empres\u00e1rio de todos os setores nessa quarentena?<\/strong><\/p>\n<p><strong>CH-<\/strong> O governo federal, ao meu ver, adotou no plano fiscal as medidas de diferimento e\/ou parcelamento dos encargos fiscais e previdenci\u00e1rios com vencimentos nos primeiros 90 dias da pandemia. Entretanto, temos que observar a partir de julho se as empresas ter\u00e3o resgatado a capacidade de pagar e, inclusive, em algumas situa\u00e7\u00f5es, de pagar a parte diferida.<\/p>\n<p><strong>BE \u2013 Quanto tempo a constru\u00e7\u00e3o civil vai levar para se recuperar da crise?<\/strong><\/p>\n<p><strong>CH-<\/strong> A constru\u00e7\u00e3o civil reage na mesma propor\u00e7\u00e3o do crescimento de dois indicadores: confian\u00e7a e investimentos. Na quest\u00e3o imobili\u00e1ria estamos no vi\u00e9s de alta, pois os empreendedores e compradores t\u00eam demonstrado confian\u00e7a, aproveitando a redu\u00e7\u00e3o das taxas de juros. Quanto aos investimentos privados e p\u00fablicos em setores diferentes do imobili\u00e1rio, esperamos que no final deste ano j\u00e1 retornem ao crescimento.<\/p>\n<p><strong>BE &#8211; Como o senhor avalia essas medidas adotadas pela Caixa. Qual a import\u00e2ncia delas?<\/strong><\/p>\n<p><strong>CH-<\/strong> Essas medidas anunciadas pela Caixa s\u00e3o muito positivas para o nosso mercado, pois proporciona a possibilidade de financiar as despesas de legaliza\u00e7\u00e3o, al\u00e9m de ser uma alternativa de cr\u00e9dito mais barata a aqueles que necessitem desses recursos. Outra possibilidade \u00e9 permitir que o comprador possa direcionar os recursos hoje dispon\u00edveis para outros fins como a pr\u00f3pria mob\u00edlia do im\u00f3vel a ser adquirido. No caso da medida voltada para as empresas, a import\u00e2ncia se da pela possibilidade da antecipa\u00e7\u00e3o do in\u00edcio das obras, favorecendo na pr\u00f3pria comercializa\u00e7\u00e3o do empreendimento e na garantia percebida pelos compradores pela exist\u00eancia de recursos para custear as obras.<\/p>\n<p>Foto: divulga\u00e7\u00e3o<\/p>\n","protected":false},"excerpt":{"rendered":"<p>Bahia Econ\u00f4mica \u2013 O mercado imobili\u00e1rio tinha uma expectativa boa para 2020, com alguns lan\u00e7amentos j\u00e1 encaminhados. O senhor acha que o ano vai permanecer bom depois da pandemia do coronav\u00edrus? Carlos Henrique &#8211; &nbsp;De fato todos os indicadores sinalizavam que 2020 seria um ano de consolida\u00e7\u00e3o do crescimento do mercado imobili\u00e1rio. A pandemia trouxe [&hellip;]<\/p>\n","protected":false},"author":1,"featured_media":474211,"comment_status":"closed","ping_status":"closed","sticky":false,"template":"","format":"standard","meta":[],"categories":[9],"tags":[],"acf":[],"yoast_head":"<!-- This site is optimized with the Yoast SEO plugin v20.8 - https:\/\/yoast.com\/wordpress\/plugins\/seo\/ -->\n<title>ENTREVISTA - CARLOS HENRIQUE PASSOS - DIRETOR SINDUSCON-BA - Bahia Economica<\/title>\n<meta name=\"description\" content=\"O maior portal de Economia da Bahia ENTREVISTAS Bahia Economica\" \/>\n<meta name=\"robots\" content=\"index, follow, max-snippet:-1, max-image-preview:large, max-video-preview:-1\" \/>\n<link rel=\"canonical\" href=\"https:\/\/bahiaeconomica.com.br\/wp\/2020\/07\/20\/j-aaa-entrevista-carlos-henrique-passos-diretor-sinduscon-ba\/\" \/>\n<meta property=\"og:locale\" content=\"pt_BR\" \/>\n<meta property=\"og:type\" content=\"article\" \/>\n<meta property=\"og:title\" content=\"ENTREVISTA - CARLOS HENRIQUE PASSOS - DIRETOR SINDUSCON-BA - Bahia Economica\" \/>\n<meta property=\"og:description\" content=\"O maior portal de Economia da Bahia ENTREVISTAS Bahia Economica\" \/>\n<meta property=\"og:url\" content=\"https:\/\/bahiaeconomica.com.br\/wp\/2020\/07\/20\/j-aaa-entrevista-carlos-henrique-passos-diretor-sinduscon-ba\/\" \/>\n<meta property=\"og:site_name\" content=\"Bahia Economica\" \/>\n<meta property=\"article:publisher\" content=\"https:\/\/www.facebook.com\/bahiaeconomica\" \/>\n<meta property=\"article:published_time\" content=\"2020-07-20T10:00:33+00:00\" \/>\n<meta property=\"article:modified_time\" content=\"2020-07-20T10:39:50+00:00\" \/>\n<meta property=\"og:image\" content=\"https:\/\/bahiaeconomica.com.br\/wp\/wp-content\/uploads\/2020\/01\/carlossindiuscon770500.jpg\" \/>\n\t<meta property=\"og:image:width\" content=\"500\" \/>\n\t<meta property=\"og:image:height\" content=\"300\" \/>\n\t<meta property=\"og:image:type\" content=\"image\/jpeg\" \/>\n<meta name=\"author\" content=\"admin\" \/>\n<meta name=\"twitter:card\" content=\"summary_large_image\" \/>\n<meta name=\"twitter:label1\" content=\"Escrito por\" \/>\n\t<meta name=\"twitter:data1\" content=\"admin\" \/>\n\t<meta name=\"twitter:label2\" content=\"Est. tempo de leitura\" \/>\n\t<meta name=\"twitter:data2\" content=\"3 minutos\" \/>\n<script type=\"application\/ld+json\" class=\"yoast-schema-graph\">{\"@context\":\"https:\/\/schema.org\",\"@graph\":[{\"@type\":\"Article\",\"@id\":\"https:\/\/bahiaeconomica.com.br\/wp\/2020\/07\/20\/j-aaa-entrevista-carlos-henrique-passos-diretor-sinduscon-ba\/#article\",\"isPartOf\":{\"@id\":\"https:\/\/bahiaeconomica.com.br\/wp\/2020\/07\/20\/j-aaa-entrevista-carlos-henrique-passos-diretor-sinduscon-ba\/\"},\"author\":{\"name\":\"admin\",\"@id\":\"https:\/\/bahiaeconomica.com.br\/wp\/#\/schema\/person\/cb1ab5ba96ad3d9390805381c76284ec\"},\"headline\":\"ENTREVISTA &#8211; CARLOS HENRIQUE PASSOS &#8211; DIRETOR SINDUSCON-BA\",\"datePublished\":\"2020-07-20T10:00:33+00:00\",\"dateModified\":\"2020-07-20T10:39:50+00:00\",\"mainEntityOfPage\":{\"@id\":\"https:\/\/bahiaeconomica.com.br\/wp\/2020\/07\/20\/j-aaa-entrevista-carlos-henrique-passos-diretor-sinduscon-ba\/\"},\"wordCount\":645,\"publisher\":{\"@id\":\"https:\/\/bahiaeconomica.com.br\/wp\/#organization\"},\"articleSection\":[\"ENTREVISTAS\"],\"inLanguage\":\"pt-BR\"},{\"@type\":\"WebPage\",\"@id\":\"https:\/\/bahiaeconomica.com.br\/wp\/2020\/07\/20\/j-aaa-entrevista-carlos-henrique-passos-diretor-sinduscon-ba\/\",\"url\":\"https:\/\/bahiaeconomica.com.br\/wp\/2020\/07\/20\/j-aaa-entrevista-carlos-henrique-passos-diretor-sinduscon-ba\/\",\"name\":\"ENTREVISTA - CARLOS HENRIQUE PASSOS - DIRETOR SINDUSCON-BA - Bahia Economica\",\"isPartOf\":{\"@id\":\"https:\/\/bahiaeconomica.com.br\/wp\/#website\"},\"datePublished\":\"2020-07-20T10:00:33+00:00\",\"dateModified\":\"2020-07-20T10:39:50+00:00\",\"description\":\"O maior portal de Economia da Bahia ENTREVISTAS Bahia Economica\",\"breadcrumb\":{\"@id\":\"https:\/\/bahiaeconomica.com.br\/wp\/2020\/07\/20\/j-aaa-entrevista-carlos-henrique-passos-diretor-sinduscon-ba\/#breadcrumb\"},\"inLanguage\":\"pt-BR\",\"potentialAction\":[{\"@type\":\"ReadAction\",\"target\":[\"https:\/\/bahiaeconomica.com.br\/wp\/2020\/07\/20\/j-aaa-entrevista-carlos-henrique-passos-diretor-sinduscon-ba\/\"]}]},{\"@type\":\"BreadcrumbList\",\"@id\":\"https:\/\/bahiaeconomica.com.br\/wp\/2020\/07\/20\/j-aaa-entrevista-carlos-henrique-passos-diretor-sinduscon-ba\/#breadcrumb\",\"itemListElement\":[{\"@type\":\"ListItem\",\"position\":1,\"name\":\"In\u00edcio\",\"item\":\"https:\/\/bahiaeconomica.com.br\/wp\/\"},{\"@type\":\"ListItem\",\"position\":2,\"name\":\"ENTREVISTA &#8211; CARLOS HENRIQUE PASSOS &#8211; DIRETOR SINDUSCON-BA\"}]},{\"@type\":\"WebSite\",\"@id\":\"https:\/\/bahiaeconomica.com.br\/wp\/#website\",\"url\":\"https:\/\/bahiaeconomica.com.br\/wp\/\",\"name\":\"Bahia Economica\",\"description\":\"O maior portal de Economia da Bahia\",\"publisher\":{\"@id\":\"https:\/\/bahiaeconomica.com.br\/wp\/#organization\"},\"potentialAction\":[{\"@type\":\"SearchAction\",\"target\":{\"@type\":\"EntryPoint\",\"urlTemplate\":\"https:\/\/bahiaeconomica.com.br\/wp\/?s={search_term_string}\"},\"query-input\":\"required name=search_term_string\"}],\"inLanguage\":\"pt-BR\"},{\"@type\":\"Organization\",\"@id\":\"https:\/\/bahiaeconomica.com.br\/wp\/#organization\",\"name\":\"Bahia Econ\u00f4mica\",\"url\":\"https:\/\/bahiaeconomica.com.br\/wp\/\",\"logo\":{\"@type\":\"ImageObject\",\"inLanguage\":\"pt-BR\",\"@id\":\"https:\/\/bahiaeconomica.com.br\/wp\/#\/schema\/logo\/image\/\",\"url\":\"https:\/\/bahiaeconomica.com.br\/wp\/wp-content\/uploads\/2020\/12\/cropped-BE.png\",\"contentUrl\":\"https:\/\/bahiaeconomica.com.br\/wp\/wp-content\/uploads\/2020\/12\/cropped-BE.png\",\"width\":512,\"height\":512,\"caption\":\"Bahia Econ\u00f4mica\"},\"image\":{\"@id\":\"https:\/\/bahiaeconomica.com.br\/wp\/#\/schema\/logo\/image\/\"},\"sameAs\":[\"https:\/\/www.facebook.com\/bahiaeconomica\"]},{\"@type\":\"Person\",\"@id\":\"https:\/\/bahiaeconomica.com.br\/wp\/#\/schema\/person\/cb1ab5ba96ad3d9390805381c76284ec\",\"name\":\"admin\",\"url\":\"https:\/\/bahiaeconomica.com.br\/wp\/author\/admin\/\"}]}<\/script>\n<!-- \/ Yoast SEO plugin. -->","yoast_head_json":{"title":"ENTREVISTA - CARLOS HENRIQUE PASSOS - DIRETOR SINDUSCON-BA - Bahia Economica","description":"O maior portal de Economia da Bahia ENTREVISTAS Bahia Economica","robots":{"index":"index","follow":"follow","max-snippet":"max-snippet:-1","max-image-preview":"max-image-preview:large","max-video-preview":"max-video-preview:-1"},"canonical":"https:\/\/bahiaeconomica.com.br\/wp\/2020\/07\/20\/j-aaa-entrevista-carlos-henrique-passos-diretor-sinduscon-ba\/","og_locale":"pt_BR","og_type":"article","og_title":"ENTREVISTA - CARLOS HENRIQUE PASSOS - DIRETOR SINDUSCON-BA - Bahia Economica","og_description":"O maior portal de Economia da Bahia ENTREVISTAS Bahia Economica","og_url":"https:\/\/bahiaeconomica.com.br\/wp\/2020\/07\/20\/j-aaa-entrevista-carlos-henrique-passos-diretor-sinduscon-ba\/","og_site_name":"Bahia Economica","article_publisher":"https:\/\/www.facebook.com\/bahiaeconomica","article_published_time":"2020-07-20T10:00:33+00:00","article_modified_time":"2020-07-20T10:39:50+00:00","og_image":[{"width":500,"height":300,"url":"https:\/\/bahiaeconomica.com.br\/wp\/wp-content\/uploads\/2020\/01\/carlossindiuscon770500.jpg","type":"image\/jpeg"}],"author":"admin","twitter_card":"summary_large_image","twitter_misc":{"Escrito por":"admin","Est. tempo de leitura":"3 minutos"},"schema":{"@context":"https:\/\/schema.org","@graph":[{"@type":"Article","@id":"https:\/\/bahiaeconomica.com.br\/wp\/2020\/07\/20\/j-aaa-entrevista-carlos-henrique-passos-diretor-sinduscon-ba\/#article","isPartOf":{"@id":"https:\/\/bahiaeconomica.com.br\/wp\/2020\/07\/20\/j-aaa-entrevista-carlos-henrique-passos-diretor-sinduscon-ba\/"},"author":{"name":"admin","@id":"https:\/\/bahiaeconomica.com.br\/wp\/#\/schema\/person\/cb1ab5ba96ad3d9390805381c76284ec"},"headline":"ENTREVISTA &#8211; CARLOS HENRIQUE PASSOS &#8211; DIRETOR SINDUSCON-BA","datePublished":"2020-07-20T10:00:33+00:00","dateModified":"2020-07-20T10:39:50+00:00","mainEntityOfPage":{"@id":"https:\/\/bahiaeconomica.com.br\/wp\/2020\/07\/20\/j-aaa-entrevista-carlos-henrique-passos-diretor-sinduscon-ba\/"},"wordCount":645,"publisher":{"@id":"https:\/\/bahiaeconomica.com.br\/wp\/#organization"},"articleSection":["ENTREVISTAS"],"inLanguage":"pt-BR"},{"@type":"WebPage","@id":"https:\/\/bahiaeconomica.com.br\/wp\/2020\/07\/20\/j-aaa-entrevista-carlos-henrique-passos-diretor-sinduscon-ba\/","url":"https:\/\/bahiaeconomica.com.br\/wp\/2020\/07\/20\/j-aaa-entrevista-carlos-henrique-passos-diretor-sinduscon-ba\/","name":"ENTREVISTA - CARLOS HENRIQUE PASSOS - DIRETOR SINDUSCON-BA - Bahia Economica","isPartOf":{"@id":"https:\/\/bahiaeconomica.com.br\/wp\/#website"},"datePublished":"2020-07-20T10:00:33+00:00","dateModified":"2020-07-20T10:39:50+00:00","description":"O maior portal de Economia da Bahia ENTREVISTAS Bahia Economica","breadcrumb":{"@id":"https:\/\/bahiaeconomica.com.br\/wp\/2020\/07\/20\/j-aaa-entrevista-carlos-henrique-passos-diretor-sinduscon-ba\/#breadcrumb"},"inLanguage":"pt-BR","potentialAction":[{"@type":"ReadAction","target":["https:\/\/bahiaeconomica.com.br\/wp\/2020\/07\/20\/j-aaa-entrevista-carlos-henrique-passos-diretor-sinduscon-ba\/"]}]},{"@type":"BreadcrumbList","@id":"https:\/\/bahiaeconomica.com.br\/wp\/2020\/07\/20\/j-aaa-entrevista-carlos-henrique-passos-diretor-sinduscon-ba\/#breadcrumb","itemListElement":[{"@type":"ListItem","position":1,"name":"In\u00edcio","item":"https:\/\/bahiaeconomica.com.br\/wp\/"},{"@type":"ListItem","position":2,"name":"ENTREVISTA &#8211; CARLOS HENRIQUE PASSOS &#8211; DIRETOR SINDUSCON-BA"}]},{"@type":"WebSite","@id":"https:\/\/bahiaeconomica.com.br\/wp\/#website","url":"https:\/\/bahiaeconomica.com.br\/wp\/","name":"Bahia Economica","description":"O maior portal de Economia da Bahia","publisher":{"@id":"https:\/\/bahiaeconomica.com.br\/wp\/#organization"},"potentialAction":[{"@type":"SearchAction","target":{"@type":"EntryPoint","urlTemplate":"https:\/\/bahiaeconomica.com.br\/wp\/?s={search_term_string}"},"query-input":"required name=search_term_string"}],"inLanguage":"pt-BR"},{"@type":"Organization","@id":"https:\/\/bahiaeconomica.com.br\/wp\/#organization","name":"Bahia Econ\u00f4mica","url":"https:\/\/bahiaeconomica.com.br\/wp\/","logo":{"@type":"ImageObject","inLanguage":"pt-BR","@id":"https:\/\/bahiaeconomica.com.br\/wp\/#\/schema\/logo\/image\/","url":"https:\/\/bahiaeconomica.com.br\/wp\/wp-content\/uploads\/2020\/12\/cropped-BE.png","contentUrl":"https:\/\/bahiaeconomica.com.br\/wp\/wp-content\/uploads\/2020\/12\/cropped-BE.png","width":512,"height":512,"caption":"Bahia Econ\u00f4mica"},"image":{"@id":"https:\/\/bahiaeconomica.com.br\/wp\/#\/schema\/logo\/image\/"},"sameAs":["https:\/\/www.facebook.com\/bahiaeconomica"]},{"@type":"Person","@id":"https:\/\/bahiaeconomica.com.br\/wp\/#\/schema\/person\/cb1ab5ba96ad3d9390805381c76284ec","name":"admin","url":"https:\/\/bahiaeconomica.com.br\/wp\/author\/admin\/"}]}},"views":20,"_links":{"self":[{"href":"https:\/\/bahiaeconomica.com.br\/wp\/wp-json\/wp\/v2\/posts\/474202"}],"collection":[{"href":"https:\/\/bahiaeconomica.com.br\/wp\/wp-json\/wp\/v2\/posts"}],"about":[{"href":"https:\/\/bahiaeconomica.com.br\/wp\/wp-json\/wp\/v2\/types\/post"}],"author":[{"embeddable":true,"href":"https:\/\/bahiaeconomica.com.br\/wp\/wp-json\/wp\/v2\/users\/1"}],"replies":[{"embeddable":true,"href":"https:\/\/bahiaeconomica.com.br\/wp\/wp-json\/wp\/v2\/comments?post=474202"}],"version-history":[{"count":3,"href":"https:\/\/bahiaeconomica.com.br\/wp\/wp-json\/wp\/v2\/posts\/474202\/revisions"}],"predecessor-version":[{"id":477830,"href":"https:\/\/bahiaeconomica.com.br\/wp\/wp-json\/wp\/v2\/posts\/474202\/revisions\/477830"}],"wp:featuredmedia":[{"embeddable":true,"href":"https:\/\/bahiaeconomica.com.br\/wp\/wp-json\/wp\/v2\/media\/474211"}],"wp:attachment":[{"href":"https:\/\/bahiaeconomica.com.br\/wp\/wp-json\/wp\/v2\/media?parent=474202"}],"wp:term":[{"taxonomy":"category","embeddable":true,"href":"https:\/\/bahiaeconomica.com.br\/wp\/wp-json\/wp\/v2\/categories?post=474202"},{"taxonomy":"post_tag","embeddable":true,"href":"https:\/\/bahiaeconomica.com.br\/wp\/wp-json\/wp\/v2\/tags?post=474202"}],"curies":[{"name":"wp","href":"https:\/\/api.w.org\/{rel}","templated":true}]}}