{"id":473925,"date":"2020-07-06T14:35:03","date_gmt":"2020-07-06T17:35:03","guid":{"rendered":"https:\/\/bahiaeconomica.com.br\/wp\/beta\/?p=473925"},"modified":"2020-07-06T14:44:57","modified_gmt":"2020-07-06T17:44:57","slug":"producao-de-veiculos-cai-no-1o-semestre-diz-anfavea","status":"publish","type":"post","link":"https:\/\/bahiaeconomica.com.br\/wp\/2020\/07\/06\/producao-de-veiculos-cai-no-1o-semestre-diz-anfavea\/","title":{"rendered":"PRODU\u00c7\u00c3O DE VE\u00cdCULOS CAI NO 1\u00ba SEMESTRE, DIZ ANFAVEA"},"content":{"rendered":"<p>A produ\u00e7\u00e3o de ve\u00edculos no Brasil caiu 50,5% no 1\u00ba semestre de 2020, segundo dados divulgados nesta segunda-feira (6) pela associa\u00e7\u00e3o das fabricantes, a Anfavea. A compara\u00e7\u00e3o com o <!--more-->mesmo per\u00edodo do ano passado, 2019, mostra o efeito da pandemia do coronav\u00edrus na ind\u00fastria. Foram produzidos 729.527 autom\u00f3veis, comerciais leves (picapes e furg\u00f5es), caminh\u00f5es e \u00f4nibus de janeiro a junho deste ano, contra 1.474.305 do ano passado. O desempenho \u00e9 o pior para o setor nos primeiros 6 meses do ano desde 1998. Somente em junho, foram 98.708 unidades contra 233.150 no mesmo m\u00eas do ano anterior, uma queda foi de 57,7%. Em rela\u00e7\u00e3o a maio, a produ\u00e7\u00e3o cresceu 129,1%. Os n\u00fameros, segundo o presidente da Anfavea, Luiz Carlos Moraes, j\u00e1 eram esperados, uma vez que mais montadoras voltaram a produzir em junho.<\/p>\n<p>Exporta\u00e7\u00f5es seguem baixas<\/p>\n<p>Nos seis primeiros meses do ano, as exporta\u00e7\u00f5es de ve\u00edculos ca\u00edram 46,2%. Foram 119.485, contra 222.027 em 2019. Relacionando apenas os meses de junho dos dois anos, a queda foi maior, de 52%. Por\u00e9m, junho ensaiou uma recupera\u00e7\u00e3o em rela\u00e7\u00e3o a maio, com crescimento de 401,4%. Mesmo assim, o n\u00famero ainda foi baixo: 19.405 unidades. A explica\u00e7\u00e3o para as quedas, segundo o presidente da associa\u00e7\u00e3o, \u00e9 o efeito da pandemia nos principais mercados importadores, como Chile, Col\u00f4mbia e Equador. A Argentina, al\u00e9m da quest\u00e3o da Covid-19, tamb\u00e9m j\u00e1 vinha sofrendo com uma crise econ\u00f4mica interna.<\/p>\n<p>Vendas se recuperam<\/p>\n<p>Assim como o balan\u00e7o divulgado pela Fenabrave, a Anfavea apontou para uma queda de 38,2% nas vendas de ve\u00edculos novos.<b> <\/b>Foram comercializados 808.824 no 1\u00ba semestre deste ano, contra 1.308.174 do mesmo per\u00edodo de 2019. Quando comparados os meses de junho, a redu\u00e7\u00e3o foi de 40,5%, chegando a 132.818. Em compara\u00e7\u00e3o com o m\u00eas anterior, junho teve crescimento de 113,6% nas vendas, como reflexo do relaxamento do distanciamento social em grande parte do pa\u00eds. O destaque fica para os caminh\u00f5es que, apesar de sentirem os efeitos da pandemia no semestre, foram os \u00fanicos que cresceram em rela\u00e7\u00e3o ao m\u00eas de junho do ano passado, de 16,5%. Para Gustavo Bonini, vice-presidente da Anfavea, com foco em caminh\u00f5es, s\u00e3o tr\u00eas os motivos para o crescimento: o represamento dos meses anteriores, a renegocia\u00e7\u00e3o de unidades que seriam entregues no in\u00edcio da pandemia, mas foram adiadas para o m\u00eas de junho, e a entrega de implementos.<\/p>\n<p>Foto: Divulga\u00e7\u00e3o\/Volkswagen<\/p>\n","protected":false},"excerpt":{"rendered":"<p>A produ\u00e7\u00e3o de ve\u00edculos no Brasil caiu 50,5% no 1\u00ba semestre de 2020, segundo dados divulgados nesta segunda-feira (6) pela associa\u00e7\u00e3o das fabricantes, a Anfavea. A compara\u00e7\u00e3o com o<\/p>\n","protected":false},"author":1,"featured_media":432915,"comment_status":"closed","ping_status":"closed","sticky":false,"template":"","format":"standard","meta":[],"categories":[14,3],"tags":[],"acf":[],"yoast_head":"<!-- This site is optimized with the Yoast SEO plugin v20.8 - https:\/\/yoast.com\/wordpress\/plugins\/seo\/ -->\n<title>PRODU\u00c7\u00c3O DE VE\u00cdCULOS CAI NO 1\u00ba SEMESTRE, DIZ ANFAVEA - Bahia Economica<\/title>\n<meta name=\"description\" content=\"O maior portal de Economia da Bahia DESTAQUE DO DIA, ECONOMIA \/ POL\u00cdTICA Bahia Economica\" \/>\n<meta name=\"robots\" content=\"index, follow, max-snippet:-1, max-image-preview:large, max-video-preview:-1\" \/>\n<link rel=\"canonical\" href=\"https:\/\/bahiaeconomica.com.br\/wp\/2020\/07\/06\/producao-de-veiculos-cai-no-1o-semestre-diz-anfavea\/\" \/>\n<meta property=\"og:locale\" content=\"pt_BR\" \/>\n<meta property=\"og:type\" content=\"article\" \/>\n<meta property=\"og:title\" content=\"PRODU\u00c7\u00c3O DE VE\u00cdCULOS CAI NO 1\u00ba SEMESTRE, DIZ ANFAVEA - Bahia Economica\" \/>\n<meta property=\"og:description\" content=\"O maior portal de Economia da Bahia DESTAQUE DO DIA, ECONOMIA \/ POL\u00cdTICA Bahia Economica\" \/>\n<meta property=\"og:url\" content=\"https:\/\/bahiaeconomica.com.br\/wp\/2020\/07\/06\/producao-de-veiculos-cai-no-1o-semestre-diz-anfavea\/\" \/>\n<meta property=\"og:site_name\" content=\"Bahia Economica\" \/>\n<meta property=\"article:publisher\" content=\"https:\/\/www.facebook.com\/bahiaeconomica\" \/>\n<meta property=\"article:published_time\" content=\"2020-07-06T17:35:03+00:00\" \/>\n<meta property=\"article:modified_time\" content=\"2020-07-06T17:44:57+00:00\" \/>\n<meta property=\"og:image\" content=\"https:\/\/bahiaeconomica.com.br\/wp\/wp-content\/uploads\/2020\/01\/veiculos-foto-renato-araujo-agencia-brasil.jpg\" \/>\n\t<meta property=\"og:image:width\" content=\"500\" \/>\n\t<meta property=\"og:image:height\" content=\"333\" \/>\n\t<meta property=\"og:image:type\" content=\"image\/jpeg\" \/>\n<meta name=\"author\" content=\"admin\" \/>\n<meta name=\"twitter:card\" content=\"summary_large_image\" \/>\n<meta name=\"twitter:label1\" content=\"Escrito por\" \/>\n\t<meta name=\"twitter:data1\" content=\"admin\" \/>\n\t<meta name=\"twitter:label2\" content=\"Est. tempo de leitura\" \/>\n\t<meta name=\"twitter:data2\" content=\"2 minutos\" \/>\n<script type=\"application\/ld+json\" class=\"yoast-schema-graph\">{\"@context\":\"https:\/\/schema.org\",\"@graph\":[{\"@type\":\"Article\",\"@id\":\"https:\/\/bahiaeconomica.com.br\/wp\/2020\/07\/06\/producao-de-veiculos-cai-no-1o-semestre-diz-anfavea\/#article\",\"isPartOf\":{\"@id\":\"https:\/\/bahiaeconomica.com.br\/wp\/2020\/07\/06\/producao-de-veiculos-cai-no-1o-semestre-diz-anfavea\/\"},\"author\":{\"name\":\"admin\",\"@id\":\"https:\/\/bahiaeconomica.com.br\/wp\/#\/schema\/person\/cb1ab5ba96ad3d9390805381c76284ec\"},\"headline\":\"PRODU\u00c7\u00c3O DE VE\u00cdCULOS CAI NO 1\u00ba SEMESTRE, DIZ ANFAVEA\",\"datePublished\":\"2020-07-06T17:35:03+00:00\",\"dateModified\":\"2020-07-06T17:44:57+00:00\",\"mainEntityOfPage\":{\"@id\":\"https:\/\/bahiaeconomica.com.br\/wp\/2020\/07\/06\/producao-de-veiculos-cai-no-1o-semestre-diz-anfavea\/\"},\"wordCount\":414,\"publisher\":{\"@id\":\"https:\/\/bahiaeconomica.com.br\/wp\/#organization\"},\"articleSection\":[\"DESTAQUE DO DIA\",\"ECONOMIA \/ POL\u00cdTICA\"],\"inLanguage\":\"pt-BR\"},{\"@type\":\"WebPage\",\"@id\":\"https:\/\/bahiaeconomica.com.br\/wp\/2020\/07\/06\/producao-de-veiculos-cai-no-1o-semestre-diz-anfavea\/\",\"url\":\"https:\/\/bahiaeconomica.com.br\/wp\/2020\/07\/06\/producao-de-veiculos-cai-no-1o-semestre-diz-anfavea\/\",\"name\":\"PRODU\u00c7\u00c3O DE VE\u00cdCULOS CAI NO 1\u00ba SEMESTRE, DIZ ANFAVEA - Bahia Economica\",\"isPartOf\":{\"@id\":\"https:\/\/bahiaeconomica.com.br\/wp\/#website\"},\"datePublished\":\"2020-07-06T17:35:03+00:00\",\"dateModified\":\"2020-07-06T17:44:57+00:00\",\"description\":\"O maior portal de Economia da Bahia DESTAQUE DO DIA, ECONOMIA \/ POL\u00cdTICA Bahia Economica\",\"breadcrumb\":{\"@id\":\"https:\/\/bahiaeconomica.com.br\/wp\/2020\/07\/06\/producao-de-veiculos-cai-no-1o-semestre-diz-anfavea\/#breadcrumb\"},\"inLanguage\":\"pt-BR\",\"potentialAction\":[{\"@type\":\"ReadAction\",\"target\":[\"https:\/\/bahiaeconomica.com.br\/wp\/2020\/07\/06\/producao-de-veiculos-cai-no-1o-semestre-diz-anfavea\/\"]}]},{\"@type\":\"BreadcrumbList\",\"@id\":\"https:\/\/bahiaeconomica.com.br\/wp\/2020\/07\/06\/producao-de-veiculos-cai-no-1o-semestre-diz-anfavea\/#breadcrumb\",\"itemListElement\":[{\"@type\":\"ListItem\",\"position\":1,\"name\":\"In\u00edcio\",\"item\":\"https:\/\/bahiaeconomica.com.br\/wp\/\"},{\"@type\":\"ListItem\",\"position\":2,\"name\":\"PRODU\u00c7\u00c3O DE VE\u00cdCULOS CAI NO 1\u00ba SEMESTRE, DIZ ANFAVEA\"}]},{\"@type\":\"WebSite\",\"@id\":\"https:\/\/bahiaeconomica.com.br\/wp\/#website\",\"url\":\"https:\/\/bahiaeconomica.com.br\/wp\/\",\"name\":\"Bahia Economica\",\"description\":\"O maior portal de Economia da Bahia\",\"publisher\":{\"@id\":\"https:\/\/bahiaeconomica.com.br\/wp\/#organization\"},\"potentialAction\":[{\"@type\":\"SearchAction\",\"target\":{\"@type\":\"EntryPoint\",\"urlTemplate\":\"https:\/\/bahiaeconomica.com.br\/wp\/?s={search_term_string}\"},\"query-input\":\"required name=search_term_string\"}],\"inLanguage\":\"pt-BR\"},{\"@type\":\"Organization\",\"@id\":\"https:\/\/bahiaeconomica.com.br\/wp\/#organization\",\"name\":\"Bahia Econ\u00f4mica\",\"url\":\"https:\/\/bahiaeconomica.com.br\/wp\/\",\"logo\":{\"@type\":\"ImageObject\",\"inLanguage\":\"pt-BR\",\"@id\":\"https:\/\/bahiaeconomica.com.br\/wp\/#\/schema\/logo\/image\/\",\"url\":\"https:\/\/bahiaeconomica.com.br\/wp\/wp-content\/uploads\/2020\/12\/cropped-BE.png\",\"contentUrl\":\"https:\/\/bahiaeconomica.com.br\/wp\/wp-content\/uploads\/2020\/12\/cropped-BE.png\",\"width\":512,\"height\":512,\"caption\":\"Bahia Econ\u00f4mica\"},\"image\":{\"@id\":\"https:\/\/bahiaeconomica.com.br\/wp\/#\/schema\/logo\/image\/\"},\"sameAs\":[\"https:\/\/www.facebook.com\/bahiaeconomica\"]},{\"@type\":\"Person\",\"@id\":\"https:\/\/bahiaeconomica.com.br\/wp\/#\/schema\/person\/cb1ab5ba96ad3d9390805381c76284ec\",\"name\":\"admin\",\"url\":\"https:\/\/bahiaeconomica.com.br\/wp\/author\/admin\/\"}]}<\/script>\n<!-- \/ Yoast SEO plugin. -->","yoast_head_json":{"title":"PRODU\u00c7\u00c3O DE VE\u00cdCULOS CAI NO 1\u00ba SEMESTRE, DIZ ANFAVEA - Bahia Economica","description":"O maior portal de Economia da Bahia DESTAQUE DO DIA, ECONOMIA \/ POL\u00cdTICA Bahia Economica","robots":{"index":"index","follow":"follow","max-snippet":"max-snippet:-1","max-image-preview":"max-image-preview:large","max-video-preview":"max-video-preview:-1"},"canonical":"https:\/\/bahiaeconomica.com.br\/wp\/2020\/07\/06\/producao-de-veiculos-cai-no-1o-semestre-diz-anfavea\/","og_locale":"pt_BR","og_type":"article","og_title":"PRODU\u00c7\u00c3O DE VE\u00cdCULOS CAI NO 1\u00ba SEMESTRE, DIZ ANFAVEA - Bahia Economica","og_description":"O maior portal de Economia da Bahia DESTAQUE DO DIA, ECONOMIA \/ POL\u00cdTICA Bahia Economica","og_url":"https:\/\/bahiaeconomica.com.br\/wp\/2020\/07\/06\/producao-de-veiculos-cai-no-1o-semestre-diz-anfavea\/","og_site_name":"Bahia Economica","article_publisher":"https:\/\/www.facebook.com\/bahiaeconomica","article_published_time":"2020-07-06T17:35:03+00:00","article_modified_time":"2020-07-06T17:44:57+00:00","og_image":[{"width":500,"height":333,"url":"https:\/\/bahiaeconomica.com.br\/wp\/wp-content\/uploads\/2020\/01\/veiculos-foto-renato-araujo-agencia-brasil.jpg","type":"image\/jpeg"}],"author":"admin","twitter_card":"summary_large_image","twitter_misc":{"Escrito por":"admin","Est. tempo de leitura":"2 minutos"},"schema":{"@context":"https:\/\/schema.org","@graph":[{"@type":"Article","@id":"https:\/\/bahiaeconomica.com.br\/wp\/2020\/07\/06\/producao-de-veiculos-cai-no-1o-semestre-diz-anfavea\/#article","isPartOf":{"@id":"https:\/\/bahiaeconomica.com.br\/wp\/2020\/07\/06\/producao-de-veiculos-cai-no-1o-semestre-diz-anfavea\/"},"author":{"name":"admin","@id":"https:\/\/bahiaeconomica.com.br\/wp\/#\/schema\/person\/cb1ab5ba96ad3d9390805381c76284ec"},"headline":"PRODU\u00c7\u00c3O DE VE\u00cdCULOS CAI NO 1\u00ba SEMESTRE, DIZ ANFAVEA","datePublished":"2020-07-06T17:35:03+00:00","dateModified":"2020-07-06T17:44:57+00:00","mainEntityOfPage":{"@id":"https:\/\/bahiaeconomica.com.br\/wp\/2020\/07\/06\/producao-de-veiculos-cai-no-1o-semestre-diz-anfavea\/"},"wordCount":414,"publisher":{"@id":"https:\/\/bahiaeconomica.com.br\/wp\/#organization"},"articleSection":["DESTAQUE DO DIA","ECONOMIA \/ POL\u00cdTICA"],"inLanguage":"pt-BR"},{"@type":"WebPage","@id":"https:\/\/bahiaeconomica.com.br\/wp\/2020\/07\/06\/producao-de-veiculos-cai-no-1o-semestre-diz-anfavea\/","url":"https:\/\/bahiaeconomica.com.br\/wp\/2020\/07\/06\/producao-de-veiculos-cai-no-1o-semestre-diz-anfavea\/","name":"PRODU\u00c7\u00c3O DE VE\u00cdCULOS CAI NO 1\u00ba SEMESTRE, DIZ ANFAVEA - Bahia Economica","isPartOf":{"@id":"https:\/\/bahiaeconomica.com.br\/wp\/#website"},"datePublished":"2020-07-06T17:35:03+00:00","dateModified":"2020-07-06T17:44:57+00:00","description":"O maior portal de Economia da Bahia DESTAQUE DO DIA, ECONOMIA \/ POL\u00cdTICA Bahia Economica","breadcrumb":{"@id":"https:\/\/bahiaeconomica.com.br\/wp\/2020\/07\/06\/producao-de-veiculos-cai-no-1o-semestre-diz-anfavea\/#breadcrumb"},"inLanguage":"pt-BR","potentialAction":[{"@type":"ReadAction","target":["https:\/\/bahiaeconomica.com.br\/wp\/2020\/07\/06\/producao-de-veiculos-cai-no-1o-semestre-diz-anfavea\/"]}]},{"@type":"BreadcrumbList","@id":"https:\/\/bahiaeconomica.com.br\/wp\/2020\/07\/06\/producao-de-veiculos-cai-no-1o-semestre-diz-anfavea\/#breadcrumb","itemListElement":[{"@type":"ListItem","position":1,"name":"In\u00edcio","item":"https:\/\/bahiaeconomica.com.br\/wp\/"},{"@type":"ListItem","position":2,"name":"PRODU\u00c7\u00c3O DE VE\u00cdCULOS CAI NO 1\u00ba SEMESTRE, DIZ ANFAVEA"}]},{"@type":"WebSite","@id":"https:\/\/bahiaeconomica.com.br\/wp\/#website","url":"https:\/\/bahiaeconomica.com.br\/wp\/","name":"Bahia Economica","description":"O maior portal de Economia da Bahia","publisher":{"@id":"https:\/\/bahiaeconomica.com.br\/wp\/#organization"},"potentialAction":[{"@type":"SearchAction","target":{"@type":"EntryPoint","urlTemplate":"https:\/\/bahiaeconomica.com.br\/wp\/?s={search_term_string}"},"query-input":"required name=search_term_string"}],"inLanguage":"pt-BR"},{"@type":"Organization","@id":"https:\/\/bahiaeconomica.com.br\/wp\/#organization","name":"Bahia Econ\u00f4mica","url":"https:\/\/bahiaeconomica.com.br\/wp\/","logo":{"@type":"ImageObject","inLanguage":"pt-BR","@id":"https:\/\/bahiaeconomica.com.br\/wp\/#\/schema\/logo\/image\/","url":"https:\/\/bahiaeconomica.com.br\/wp\/wp-content\/uploads\/2020\/12\/cropped-BE.png","contentUrl":"https:\/\/bahiaeconomica.com.br\/wp\/wp-content\/uploads\/2020\/12\/cropped-BE.png","width":512,"height":512,"caption":"Bahia Econ\u00f4mica"},"image":{"@id":"https:\/\/bahiaeconomica.com.br\/wp\/#\/schema\/logo\/image\/"},"sameAs":["https:\/\/www.facebook.com\/bahiaeconomica"]},{"@type":"Person","@id":"https:\/\/bahiaeconomica.com.br\/wp\/#\/schema\/person\/cb1ab5ba96ad3d9390805381c76284ec","name":"admin","url":"https:\/\/bahiaeconomica.com.br\/wp\/author\/admin\/"}]}},"views":1,"_links":{"self":[{"href":"https:\/\/bahiaeconomica.com.br\/wp\/wp-json\/wp\/v2\/posts\/473925"}],"collection":[{"href":"https:\/\/bahiaeconomica.com.br\/wp\/wp-json\/wp\/v2\/posts"}],"about":[{"href":"https:\/\/bahiaeconomica.com.br\/wp\/wp-json\/wp\/v2\/types\/post"}],"author":[{"embeddable":true,"href":"https:\/\/bahiaeconomica.com.br\/wp\/wp-json\/wp\/v2\/users\/1"}],"replies":[{"embeddable":true,"href":"https:\/\/bahiaeconomica.com.br\/wp\/wp-json\/wp\/v2\/comments?post=473925"}],"version-history":[{"count":1,"href":"https:\/\/bahiaeconomica.com.br\/wp\/wp-json\/wp\/v2\/posts\/473925\/revisions"}],"predecessor-version":[{"id":473927,"href":"https:\/\/bahiaeconomica.com.br\/wp\/wp-json\/wp\/v2\/posts\/473925\/revisions\/473927"}],"wp:featuredmedia":[{"embeddable":true,"href":"https:\/\/bahiaeconomica.com.br\/wp\/wp-json\/wp\/v2\/media\/432915"}],"wp:attachment":[{"href":"https:\/\/bahiaeconomica.com.br\/wp\/wp-json\/wp\/v2\/media?parent=473925"}],"wp:term":[{"taxonomy":"category","embeddable":true,"href":"https:\/\/bahiaeconomica.com.br\/wp\/wp-json\/wp\/v2\/categories?post=473925"},{"taxonomy":"post_tag","embeddable":true,"href":"https:\/\/bahiaeconomica.com.br\/wp\/wp-json\/wp\/v2\/tags?post=473925"}],"curies":[{"name":"wp","href":"https:\/\/api.w.org\/{rel}","templated":true}]}}