{"id":473055,"date":"2020-07-01T15:52:09","date_gmt":"2020-07-01T18:52:09","guid":{"rendered":"https:\/\/bahiaeconomica.com.br\/wp\/beta\/?p=473055"},"modified":"2020-07-01T15:56:21","modified_gmt":"2020-07-01T18:56:21","slug":"aras-avalia-enquadrar-eduardo-bolsonaro-na-lei-de-seguranca-nacional","status":"publish","type":"post","link":"https:\/\/bahiaeconomica.com.br\/wp\/2020\/07\/01\/aras-avalia-enquadrar-eduardo-bolsonaro-na-lei-de-seguranca-nacional\/","title":{"rendered":"ARAS AVALIA ENQUADRAR EDUARDO NA LEI DE SEGURAN\u00c7A NACIONAL"},"content":{"rendered":"<p>O procurador-geral da Rep\u00fablica, Augusto Aras, comunicou ao ministro Celso de Mello do Supremo Tribunal Federal &#8211; STF, <!--more-->que instaurou uma \u201cnot\u00edcia de fato\u201d sobre a fala do deputado federal Eduardo Bolsonaro. O filho do presidente Jair Bolsonaro cobrava &#8220;medidas en\u00e9rgicas&#8221; contra outros poderes da Rep\u00fablica.<\/p>\n<p>Ap\u00f3s a declara\u00e7\u00e3o, um advogado pediu ao Supremo a abertura de investiga\u00e7\u00e3o sobre poss\u00edvel cometimento de crimes previstos na Lei de Seguran\u00e7a Nacional. Sorteado relator, Celso de Mello pediu um parecer da Procuradoria Geral da Rep\u00fablica. Na resposta, enviada ontem, Aras disse que instaurou a not\u00edcia de fato como procedimento para \u201caverigua\u00e7\u00e3o preliminar dos fatos relatados\u201d.<\/p>\n<p>&nbsp;<\/p>\n<p>&nbsp;<\/p>\n<p>Foto: REUTERS\/Amanda Perobelli<\/p>\n","protected":false},"excerpt":{"rendered":"<p>O procurador-geral da Rep\u00fablica, Augusto Aras, comunicou ao ministro Celso de Mello do Supremo Tribunal Federal &#8211; STF,<\/p>\n","protected":false},"author":1,"featured_media":419811,"comment_status":"closed","ping_status":"closed","sticky":false,"template":"","format":"standard","meta":[],"categories":[14,3],"tags":[],"acf":[],"yoast_head":"<!-- This site is optimized with the Yoast SEO plugin v20.8 - https:\/\/yoast.com\/wordpress\/plugins\/seo\/ -->\n<title>ARAS AVALIA ENQUADRAR EDUARDO NA LEI DE SEGURAN\u00c7A NACIONAL - Bahia Economica<\/title>\n<meta name=\"description\" content=\"O maior portal de Economia da Bahia DESTAQUE DO DIA, ECONOMIA \/ POL\u00cdTICA Bahia Economica\" \/>\n<meta name=\"robots\" content=\"index, follow, max-snippet:-1, max-image-preview:large, max-video-preview:-1\" \/>\n<link rel=\"canonical\" href=\"https:\/\/bahiaeconomica.com.br\/wp\/2020\/07\/01\/aras-avalia-enquadrar-eduardo-bolsonaro-na-lei-de-seguranca-nacional\/\" \/>\n<meta property=\"og:locale\" content=\"pt_BR\" \/>\n<meta property=\"og:type\" content=\"article\" \/>\n<meta property=\"og:title\" content=\"ARAS AVALIA ENQUADRAR EDUARDO NA LEI DE SEGURAN\u00c7A NACIONAL - Bahia Economica\" \/>\n<meta property=\"og:description\" content=\"O maior portal de Economia da Bahia DESTAQUE DO DIA, ECONOMIA \/ POL\u00cdTICA Bahia Economica\" \/>\n<meta property=\"og:url\" content=\"https:\/\/bahiaeconomica.com.br\/wp\/2020\/07\/01\/aras-avalia-enquadrar-eduardo-bolsonaro-na-lei-de-seguranca-nacional\/\" \/>\n<meta property=\"og:site_name\" content=\"Bahia Economica\" \/>\n<meta property=\"article:publisher\" content=\"https:\/\/www.facebook.com\/bahiaeconomica\" \/>\n<meta property=\"article:published_time\" content=\"2020-07-01T18:52:09+00:00\" \/>\n<meta property=\"article:modified_time\" content=\"2020-07-01T18:56:21+00:00\" \/>\n<meta property=\"og:image\" content=\"https:\/\/bahiaeconomica.com.br\/wp\/wp-content\/uploads\/2019\/11\/eduardo-bolsonaro-2-e1574714374586.jpg\" \/>\n\t<meta property=\"og:image:width\" content=\"500\" \/>\n\t<meta property=\"og:image:height\" content=\"266\" \/>\n\t<meta property=\"og:image:type\" content=\"image\/jpeg\" \/>\n<meta name=\"author\" content=\"admin\" \/>\n<meta name=\"twitter:card\" content=\"summary_large_image\" \/>\n<meta name=\"twitter:label1\" content=\"Escrito por\" \/>\n\t<meta name=\"twitter:data1\" content=\"admin\" \/>\n\t<meta name=\"twitter:label2\" content=\"Est. tempo de leitura\" \/>\n\t<meta name=\"twitter:data2\" content=\"1 minuto\" \/>\n<script type=\"application\/ld+json\" class=\"yoast-schema-graph\">{\"@context\":\"https:\/\/schema.org\",\"@graph\":[{\"@type\":\"Article\",\"@id\":\"https:\/\/bahiaeconomica.com.br\/wp\/2020\/07\/01\/aras-avalia-enquadrar-eduardo-bolsonaro-na-lei-de-seguranca-nacional\/#article\",\"isPartOf\":{\"@id\":\"https:\/\/bahiaeconomica.com.br\/wp\/2020\/07\/01\/aras-avalia-enquadrar-eduardo-bolsonaro-na-lei-de-seguranca-nacional\/\"},\"author\":{\"name\":\"admin\",\"@id\":\"https:\/\/bahiaeconomica.com.br\/wp\/#\/schema\/person\/cb1ab5ba96ad3d9390805381c76284ec\"},\"headline\":\"ARAS AVALIA ENQUADRAR EDUARDO NA LEI DE SEGURAN\u00c7A NACIONAL\",\"datePublished\":\"2020-07-01T18:52:09+00:00\",\"dateModified\":\"2020-07-01T18:56:21+00:00\",\"mainEntityOfPage\":{\"@id\":\"https:\/\/bahiaeconomica.com.br\/wp\/2020\/07\/01\/aras-avalia-enquadrar-eduardo-bolsonaro-na-lei-de-seguranca-nacional\/\"},\"wordCount\":130,\"publisher\":{\"@id\":\"https:\/\/bahiaeconomica.com.br\/wp\/#organization\"},\"articleSection\":[\"DESTAQUE DO DIA\",\"ECONOMIA \/ POL\u00cdTICA\"],\"inLanguage\":\"pt-BR\"},{\"@type\":\"WebPage\",\"@id\":\"https:\/\/bahiaeconomica.com.br\/wp\/2020\/07\/01\/aras-avalia-enquadrar-eduardo-bolsonaro-na-lei-de-seguranca-nacional\/\",\"url\":\"https:\/\/bahiaeconomica.com.br\/wp\/2020\/07\/01\/aras-avalia-enquadrar-eduardo-bolsonaro-na-lei-de-seguranca-nacional\/\",\"name\":\"ARAS AVALIA ENQUADRAR EDUARDO NA LEI DE SEGURAN\u00c7A NACIONAL - Bahia Economica\",\"isPartOf\":{\"@id\":\"https:\/\/bahiaeconomica.com.br\/wp\/#website\"},\"datePublished\":\"2020-07-01T18:52:09+00:00\",\"dateModified\":\"2020-07-01T18:56:21+00:00\",\"description\":\"O maior portal de Economia da Bahia DESTAQUE DO DIA, ECONOMIA \/ POL\u00cdTICA Bahia Economica\",\"breadcrumb\":{\"@id\":\"https:\/\/bahiaeconomica.com.br\/wp\/2020\/07\/01\/aras-avalia-enquadrar-eduardo-bolsonaro-na-lei-de-seguranca-nacional\/#breadcrumb\"},\"inLanguage\":\"pt-BR\",\"potentialAction\":[{\"@type\":\"ReadAction\",\"target\":[\"https:\/\/bahiaeconomica.com.br\/wp\/2020\/07\/01\/aras-avalia-enquadrar-eduardo-bolsonaro-na-lei-de-seguranca-nacional\/\"]}]},{\"@type\":\"BreadcrumbList\",\"@id\":\"https:\/\/bahiaeconomica.com.br\/wp\/2020\/07\/01\/aras-avalia-enquadrar-eduardo-bolsonaro-na-lei-de-seguranca-nacional\/#breadcrumb\",\"itemListElement\":[{\"@type\":\"ListItem\",\"position\":1,\"name\":\"In\u00edcio\",\"item\":\"https:\/\/bahiaeconomica.com.br\/wp\/\"},{\"@type\":\"ListItem\",\"position\":2,\"name\":\"ARAS AVALIA ENQUADRAR EDUARDO NA LEI DE SEGURAN\u00c7A NACIONAL\"}]},{\"@type\":\"WebSite\",\"@id\":\"https:\/\/bahiaeconomica.com.br\/wp\/#website\",\"url\":\"https:\/\/bahiaeconomica.com.br\/wp\/\",\"name\":\"Bahia Economica\",\"description\":\"O maior portal de Economia da Bahia\",\"publisher\":{\"@id\":\"https:\/\/bahiaeconomica.com.br\/wp\/#organization\"},\"potentialAction\":[{\"@type\":\"SearchAction\",\"target\":{\"@type\":\"EntryPoint\",\"urlTemplate\":\"https:\/\/bahiaeconomica.com.br\/wp\/?s={search_term_string}\"},\"query-input\":\"required name=search_term_string\"}],\"inLanguage\":\"pt-BR\"},{\"@type\":\"Organization\",\"@id\":\"https:\/\/bahiaeconomica.com.br\/wp\/#organization\",\"name\":\"Bahia Econ\u00f4mica\",\"url\":\"https:\/\/bahiaeconomica.com.br\/wp\/\",\"logo\":{\"@type\":\"ImageObject\",\"inLanguage\":\"pt-BR\",\"@id\":\"https:\/\/bahiaeconomica.com.br\/wp\/#\/schema\/logo\/image\/\",\"url\":\"https:\/\/bahiaeconomica.com.br\/wp\/wp-content\/uploads\/2020\/12\/cropped-BE.png\",\"contentUrl\":\"https:\/\/bahiaeconomica.com.br\/wp\/wp-content\/uploads\/2020\/12\/cropped-BE.png\",\"width\":512,\"height\":512,\"caption\":\"Bahia Econ\u00f4mica\"},\"image\":{\"@id\":\"https:\/\/bahiaeconomica.com.br\/wp\/#\/schema\/logo\/image\/\"},\"sameAs\":[\"https:\/\/www.facebook.com\/bahiaeconomica\"]},{\"@type\":\"Person\",\"@id\":\"https:\/\/bahiaeconomica.com.br\/wp\/#\/schema\/person\/cb1ab5ba96ad3d9390805381c76284ec\",\"name\":\"admin\",\"url\":\"https:\/\/bahiaeconomica.com.br\/wp\/author\/admin\/\"}]}<\/script>\n<!-- \/ Yoast SEO plugin. -->","yoast_head_json":{"title":"ARAS AVALIA ENQUADRAR EDUARDO NA LEI DE SEGURAN\u00c7A NACIONAL - Bahia Economica","description":"O maior portal de Economia da Bahia DESTAQUE DO DIA, ECONOMIA \/ POL\u00cdTICA Bahia Economica","robots":{"index":"index","follow":"follow","max-snippet":"max-snippet:-1","max-image-preview":"max-image-preview:large","max-video-preview":"max-video-preview:-1"},"canonical":"https:\/\/bahiaeconomica.com.br\/wp\/2020\/07\/01\/aras-avalia-enquadrar-eduardo-bolsonaro-na-lei-de-seguranca-nacional\/","og_locale":"pt_BR","og_type":"article","og_title":"ARAS AVALIA ENQUADRAR EDUARDO NA LEI DE SEGURAN\u00c7A NACIONAL - Bahia Economica","og_description":"O maior portal de Economia da Bahia DESTAQUE DO DIA, ECONOMIA \/ POL\u00cdTICA Bahia Economica","og_url":"https:\/\/bahiaeconomica.com.br\/wp\/2020\/07\/01\/aras-avalia-enquadrar-eduardo-bolsonaro-na-lei-de-seguranca-nacional\/","og_site_name":"Bahia Economica","article_publisher":"https:\/\/www.facebook.com\/bahiaeconomica","article_published_time":"2020-07-01T18:52:09+00:00","article_modified_time":"2020-07-01T18:56:21+00:00","og_image":[{"width":500,"height":266,"url":"https:\/\/bahiaeconomica.com.br\/wp\/wp-content\/uploads\/2019\/11\/eduardo-bolsonaro-2-e1574714374586.jpg","type":"image\/jpeg"}],"author":"admin","twitter_card":"summary_large_image","twitter_misc":{"Escrito por":"admin","Est. tempo de leitura":"1 minuto"},"schema":{"@context":"https:\/\/schema.org","@graph":[{"@type":"Article","@id":"https:\/\/bahiaeconomica.com.br\/wp\/2020\/07\/01\/aras-avalia-enquadrar-eduardo-bolsonaro-na-lei-de-seguranca-nacional\/#article","isPartOf":{"@id":"https:\/\/bahiaeconomica.com.br\/wp\/2020\/07\/01\/aras-avalia-enquadrar-eduardo-bolsonaro-na-lei-de-seguranca-nacional\/"},"author":{"name":"admin","@id":"https:\/\/bahiaeconomica.com.br\/wp\/#\/schema\/person\/cb1ab5ba96ad3d9390805381c76284ec"},"headline":"ARAS AVALIA ENQUADRAR EDUARDO NA LEI DE SEGURAN\u00c7A NACIONAL","datePublished":"2020-07-01T18:52:09+00:00","dateModified":"2020-07-01T18:56:21+00:00","mainEntityOfPage":{"@id":"https:\/\/bahiaeconomica.com.br\/wp\/2020\/07\/01\/aras-avalia-enquadrar-eduardo-bolsonaro-na-lei-de-seguranca-nacional\/"},"wordCount":130,"publisher":{"@id":"https:\/\/bahiaeconomica.com.br\/wp\/#organization"},"articleSection":["DESTAQUE DO DIA","ECONOMIA \/ POL\u00cdTICA"],"inLanguage":"pt-BR"},{"@type":"WebPage","@id":"https:\/\/bahiaeconomica.com.br\/wp\/2020\/07\/01\/aras-avalia-enquadrar-eduardo-bolsonaro-na-lei-de-seguranca-nacional\/","url":"https:\/\/bahiaeconomica.com.br\/wp\/2020\/07\/01\/aras-avalia-enquadrar-eduardo-bolsonaro-na-lei-de-seguranca-nacional\/","name":"ARAS AVALIA ENQUADRAR EDUARDO NA LEI DE SEGURAN\u00c7A NACIONAL - Bahia Economica","isPartOf":{"@id":"https:\/\/bahiaeconomica.com.br\/wp\/#website"},"datePublished":"2020-07-01T18:52:09+00:00","dateModified":"2020-07-01T18:56:21+00:00","description":"O maior portal de Economia da Bahia DESTAQUE DO DIA, ECONOMIA \/ POL\u00cdTICA Bahia Economica","breadcrumb":{"@id":"https:\/\/bahiaeconomica.com.br\/wp\/2020\/07\/01\/aras-avalia-enquadrar-eduardo-bolsonaro-na-lei-de-seguranca-nacional\/#breadcrumb"},"inLanguage":"pt-BR","potentialAction":[{"@type":"ReadAction","target":["https:\/\/bahiaeconomica.com.br\/wp\/2020\/07\/01\/aras-avalia-enquadrar-eduardo-bolsonaro-na-lei-de-seguranca-nacional\/"]}]},{"@type":"BreadcrumbList","@id":"https:\/\/bahiaeconomica.com.br\/wp\/2020\/07\/01\/aras-avalia-enquadrar-eduardo-bolsonaro-na-lei-de-seguranca-nacional\/#breadcrumb","itemListElement":[{"@type":"ListItem","position":1,"name":"In\u00edcio","item":"https:\/\/bahiaeconomica.com.br\/wp\/"},{"@type":"ListItem","position":2,"name":"ARAS AVALIA ENQUADRAR EDUARDO NA LEI DE SEGURAN\u00c7A NACIONAL"}]},{"@type":"WebSite","@id":"https:\/\/bahiaeconomica.com.br\/wp\/#website","url":"https:\/\/bahiaeconomica.com.br\/wp\/","name":"Bahia Economica","description":"O maior portal de Economia da Bahia","publisher":{"@id":"https:\/\/bahiaeconomica.com.br\/wp\/#organization"},"potentialAction":[{"@type":"SearchAction","target":{"@type":"EntryPoint","urlTemplate":"https:\/\/bahiaeconomica.com.br\/wp\/?s={search_term_string}"},"query-input":"required name=search_term_string"}],"inLanguage":"pt-BR"},{"@type":"Organization","@id":"https:\/\/bahiaeconomica.com.br\/wp\/#organization","name":"Bahia Econ\u00f4mica","url":"https:\/\/bahiaeconomica.com.br\/wp\/","logo":{"@type":"ImageObject","inLanguage":"pt-BR","@id":"https:\/\/bahiaeconomica.com.br\/wp\/#\/schema\/logo\/image\/","url":"https:\/\/bahiaeconomica.com.br\/wp\/wp-content\/uploads\/2020\/12\/cropped-BE.png","contentUrl":"https:\/\/bahiaeconomica.com.br\/wp\/wp-content\/uploads\/2020\/12\/cropped-BE.png","width":512,"height":512,"caption":"Bahia Econ\u00f4mica"},"image":{"@id":"https:\/\/bahiaeconomica.com.br\/wp\/#\/schema\/logo\/image\/"},"sameAs":["https:\/\/www.facebook.com\/bahiaeconomica"]},{"@type":"Person","@id":"https:\/\/bahiaeconomica.com.br\/wp\/#\/schema\/person\/cb1ab5ba96ad3d9390805381c76284ec","name":"admin","url":"https:\/\/bahiaeconomica.com.br\/wp\/author\/admin\/"}]}},"views":5,"_links":{"self":[{"href":"https:\/\/bahiaeconomica.com.br\/wp\/wp-json\/wp\/v2\/posts\/473055"}],"collection":[{"href":"https:\/\/bahiaeconomica.com.br\/wp\/wp-json\/wp\/v2\/posts"}],"about":[{"href":"https:\/\/bahiaeconomica.com.br\/wp\/wp-json\/wp\/v2\/types\/post"}],"author":[{"embeddable":true,"href":"https:\/\/bahiaeconomica.com.br\/wp\/wp-json\/wp\/v2\/users\/1"}],"replies":[{"embeddable":true,"href":"https:\/\/bahiaeconomica.com.br\/wp\/wp-json\/wp\/v2\/comments?post=473055"}],"version-history":[{"count":2,"href":"https:\/\/bahiaeconomica.com.br\/wp\/wp-json\/wp\/v2\/posts\/473055\/revisions"}],"predecessor-version":[{"id":473058,"href":"https:\/\/bahiaeconomica.com.br\/wp\/wp-json\/wp\/v2\/posts\/473055\/revisions\/473058"}],"wp:featuredmedia":[{"embeddable":true,"href":"https:\/\/bahiaeconomica.com.br\/wp\/wp-json\/wp\/v2\/media\/419811"}],"wp:attachment":[{"href":"https:\/\/bahiaeconomica.com.br\/wp\/wp-json\/wp\/v2\/media?parent=473055"}],"wp:term":[{"taxonomy":"category","embeddable":true,"href":"https:\/\/bahiaeconomica.com.br\/wp\/wp-json\/wp\/v2\/categories?post=473055"},{"taxonomy":"post_tag","embeddable":true,"href":"https:\/\/bahiaeconomica.com.br\/wp\/wp-json\/wp\/v2\/tags?post=473055"}],"curies":[{"name":"wp","href":"https:\/\/api.w.org\/{rel}","templated":true}]}}